{"id":758,"date":"2021-12-16T09:20:00","date_gmt":"2021-12-16T08:20:00","guid":{"rendered":"http:\/\/getquipu.com\/blog\/?p=758"},"modified":"2026-02-26T13:47:07","modified_gmt":"2026-02-26T12:47:07","slug":"que-modelos-debo-presentar-como-autonomo","status":"publish","type":"post","link":"https:\/\/getquipu.com\/blog\/que-modelos-debo-presentar-como-autonomo\/","title":{"rendered":"Impuestos en 2026: \u00bfqu\u00e9 modelos debo presentar como aut\u00f3nomo?"},"content":{"rendered":"\n<p>\u00bfEres aut\u00f3nomo? Si est\u00e1s dado de alta en el RETA, necesitas conocer con detalle c\u00f3mo funcionan algunos de los<strong> impuestos principales en 2026<\/strong>. Ten en cuenta que algunos de estos tributos son de presentaci\u00f3n anual y otros de presentaci\u00f3n trimestral. Distinguirlos es un requisito esencial para evitar errores en tu tributaci\u00f3n y, por lo tanto, problemas con la Administraci\u00f3n.<\/p>\n\n\n\n<p><strong>En este art\u00edculo aprender\u00e1s<\/strong>:<\/p>\n\n\n\n<ul class=\"wp-block-list\">\n<li><a href=\"#impuestos-trimestrales-autonomos\">Impuestos trimestrales para aut\u00f3nomos 2026<\/a>\n<ul class=\"wp-block-list\">\n<li><a href=\"#Modelo-303-IVA\">El Modelo 303 de IVA<\/a><\/li>\n\n\n\n<li><a href=\"#Modelo-130-IRPF\">El Modelo 130 IRPF, estimaci\u00f3n directa<\/a><\/li>\n\n\n\n<li><a href=\"#Modelo-131-IRPF\">El Modelo 131 IRPF, estimaci\u00f3n objetiva o por m\u00f3dulos<\/a><\/li>\n\n\n\n<li><a href=\"#Modelo-111\">El Modelo 111<\/a><\/li>\n\n\n\n<li><a href=\"#Modelo-115\">El Modelo 115&nbsp;<\/a><\/li>\n\n\n\n<li><a href=\"#Modelo-349\">El Modelo 349&nbsp;&nbsp;<\/a><\/li>\n<\/ul>\n<\/li>\n\n\n\n<li><a href=\"#declaraciones-anuales-autonomos\">Declaraciones anuales para aut\u00f3nomos 2026&nbsp;&nbsp;<\/a>\n<ul class=\"wp-block-list\">\n<li><a href=\"#modelo-100\">El Modelo 100<\/a><\/li>\n\n\n\n<li><a href=\"#Modelo-390\">El Modelo 390<\/a><\/li>\n\n\n\n<li><a href=\"#Modelo-190\">El Modelo 190<\/a><\/li>\n\n\n\n<li><a href=\"#Modelo-180\">El Modelo 180<\/a><\/li>\n\n\n\n<li><a href=\"#Modelo-347\">El Modelo 347<\/a><\/li>\n<\/ul>\n<\/li>\n\n\n\n<li><a href=\"#tablas-resumen-impuestos-autonomos\">Tablas resumen de los impuestos para aut\u00f3nomos en 2026&nbsp;<\/a><\/li>\n<\/ul>\n\n\n\n<div class=\"wp-block-group has-background\" style=\"background-color:#fef9f5\"><div class=\"wp-block-group__inner-container is-layout-flow wp-block-group-is-layout-flow\">\n<p class=\"has-text-align-center has-medium-font-size\"><strong>\u00bfQu\u00e9 impuestos paga un aut\u00f3nomo?<\/strong><\/p>\n\n\n\n<p>\ud83d\udcf9 <strong>V\u00eddeo explicativo: <\/strong>En el siguiente v\u00eddeo te mostramos c\u00f3mo respondiendo a una simple pregunta puedes saber qu\u00e9 impuestos debes pagar como aut\u00f3nomo.<\/p>\n\n\n\n<div class=\"iframe-container\">\n\n<iframe class=\"responsive-iframe\" title=\"YouTube video player\" src=\"https:\/\/www.youtube.com\/embed\/dIntI7na598\" frameborder=\"0\" allowfullscreen=\"allowfullscreen\"><\/iframe>\n\n<\/div>\n\n\n\n<div style=\"height:20px\" aria-hidden=\"true\" class=\"wp-block-spacer\"><\/div>\n\n\n\n<div class=\"btn-div-destacado\"><a href=\"https:\/\/getquipu.com\/es\/cuentas\/registro\" class=\"btn-destacado\" target=\"_blank\" rel=\"noreferrer noopener\">Prueba Quipu Gratis<\/a><\/div>\n\n\n\n<div style=\"height:15px\" aria-hidden=\"true\" class=\"wp-block-spacer\"><\/div>\n\n\n\n<p class=\"has-text-align-center has-small-font-size\">Prueba gratuita de 15 d\u00edas. Sin permanencia. Sin introducir tu tarjeta.<\/p>\n<\/div><\/div>\n\n\n\n<h2 class=\"wp-block-heading\" id=\"impuestos-trimestrales-autonomos\">Impuestos trimestrales para aut\u00f3nomos 2026<\/h2>\n\n\n\n<p>Como aut\u00f3nomo, debes incluir en tu calendario de tributaci\u00f3n <strong>los modelos de impuestos que se presentan de manera trimestral<\/strong> a la Agencia Tributaria. Entre los m\u00e1s importantes, destacan los modelos 303, 349, 130, 131, 111 y 115, que tienen que hacerse llegar a la Administraci\u00f3n peri\u00f3dicamente desde el mes de Enero.<\/p>\n\n\n\n<p>Antes de entrar en materia, hay que recordar que para estos casos es muy \u00fatil utilizar un <a href=\"https:\/\/getquipu.com\/blog\/mejores-software-para-autorrellenado-impuestos\/\">software de rellenado de impuestos<\/a>. Con este tipo de programas, el usuario puede generar los modelos tributarios de forma autom\u00e1tica a partir de sus facturas de ingresos y gasto.<\/p>\n\n\n\n<h3 class=\"wp-block-heading\" id=\"Modelo-303-IVA\">El modelo 303 de IVA<\/h3>\n\n\n\n<p>El <a href=\"https:\/\/getquipu.com\/blog\/modelo-303-de-iva\/\">modelo 303 de IVA<\/a> te permite ingresar la diferencia entre el IVA repercutido (facturas de ingreso) y el IVA soportado (facturas de gasto) que el aut\u00f3nomo haya tenido en el trimestre. Es necesario que lo presenten todos los profesionales que realicen una actividad econ\u00f3mica, independientemente de cu\u00e1l sea el resultado de la declaraci\u00f3n de este impuesto.<\/p>\n\n\n\n<h3 class=\"wp-block-heading\" id=\"Modelo-130-IRPF\">El modelo 130 IRPF<\/h3>\n\n\n\n<p>En el <a href=\"https:\/\/getquipu.com\/blog\/modelo-130-irpf\/\">modelo 130 de IRPF<\/a> se realiza la <strong>liquidaci\u00f3n del pago fraccionado del IRPF<\/strong>, que deben realizar todos aquellos que tributen como aut\u00f3nomos en estimaci\u00f3n directa, normal o simplificada. Se calcula con la aplicaci\u00f3n de un porcentaje <strong>del 20%<\/strong> sobre el rendimiento obtenido a la fecha de presentaci\u00f3n del impuesto y se descontar\u00e1n las retenciones aplicadas en las facturas emitidas en el caso en el que se est\u00e9 obligado a retener.<\/p>\n\n\n\n<p class=\"has-background\" style=\"background-color:#e3f3f3\">\u2757\ufe0f <strong>DATO CLAVE<\/strong>: Los aut\u00f3nomos profesionales deben aplicar una retenci\u00f3n en las facturas de los servicios a empresas o profesionales. No es obligatorio la presentaci\u00f3n del modelo cuando se haya retenido en m\u00e1s del 70% de la facturaci\u00f3n.<\/p>\n\n\n\n<h3 class=\"wp-block-heading\" id=\"Modelo-131-IRPF\">El modelo 131 IRPF<\/h3>\n\n\n\n<p>En el <a href=\"https:\/\/getquipu.com\/blog\/modelo-131-aeat\/\">modelo 131 de IRPF<\/a> se realiza la liquidaci\u00f3n del pago fraccionado del IRPF para aquellos aut\u00f3nomos que tributen en <a href=\"https:\/\/getquipu.com\/blog\/regimen-de-estimacion-objetiva\/\">estimaci\u00f3n objetiva o por m\u00f3dulos<\/a>.<\/p>\n\n\n\n<h3 class=\"wp-block-heading\" id=\"Modelo-111\">El modelo 111<\/h3>\n\n\n\n<p>El <a href=\"https:\/\/getquipu.com\/blog\/modelo-111-aeat\/\">modelo 111<\/a> se usa para liquidar trimestralmente las <strong>retenciones de IRPF que se hayan hecho a trabajadores o profesionales. <\/strong>Es de obligada presentaci\u00f3n para todos aquellos que reciban facturas de otros profesionales o paguen n\u00f3minas por tener empleados.<\/p>\n\n\n\n<h3 class=\"wp-block-heading\" id=\"Modelo-115\">El modelo 115<\/h3>\n\n\n\n<p>El <a href=\"https:\/\/getquipu.com\/blog\/modelo-115-aeat\/\">modelo 115<\/a> representa una liquidaci\u00f3n trimestral de las <strong>retenciones de IRPF (actualmente del 19%) efectuadas en el pago del alquiler de tu espacio de trabajo.<\/strong> Hay que tener en cuenta que la factura del arrendamiento del local del negocio debe incluir la retenci\u00f3n a excepci\u00f3n de que el arrendador cumpla los requisitos y solicite la exoneraci\u00f3n.<\/p>\n\n\n\n<h3 class=\"wp-block-heading\" id=\"Modelo-349\">El modelo 349<\/h3>\n\n\n\n<p>El <a href=\"https:\/\/getquipu.com\/blog\/modelo-349-operaciones-intracomunitarias\/\">modelo 349<\/a> se usa para detallar las <strong>operaciones de compraventa que se realizan con empresas de la Uni\u00f3n Europea<\/strong>. La presentaci\u00f3n de este modelo 349 es obligatoria, pero solamente se trata de una declaraci\u00f3n informativa, no representa ning\u00fan pago.<\/p>\n\n\n\n<p class=\"has-background\" style=\"background-color:#e7f5ff\">\ud83d\udd17 <strong>Ampliar informaci\u00f3n:<\/strong> Si quieres saber m\u00e1s sobre<a href=\"https:\/\/getquipu.com\/blog\/declaracion-trimestral-de-los-autonomos\/\"> las declaraciones trimestrales de los aut\u00f3nomos<\/a> te recomendamos que leas nuestro art\u00edculo espec\u00edfico.<\/p>\n\n\n\n<h2 class=\"wp-block-heading\" id=\"declaraciones-anuales-autonomos\">Declaraciones anuales para aut\u00f3nomos 2026<\/h2>\n\n\n\n<p>Entre las obligaciones fiscales de los aut\u00f3nomos con periodicidad anual se incluyen:<\/p>\n\n\n\n<ul class=\"wp-block-list\">\n<li>El modelo 100, con plazo de presentaci\u00f3n desde el 1 de Abril hasta el 30 de Junio de 2026, con car\u00e1cter general.<\/li>\n\n\n\n<li>Los modelos 390, 180 y 190, que se presentan <strong>del 1 al 31 de Enero<\/strong>.<\/li>\n\n\n\n<li>El modelo 347, <strong>del 1 al 28 de Febrero<\/strong>.<\/li>\n<\/ul>\n\n\n\n<h3 class=\"wp-block-heading\" id=\"modelo-100\">El modelo 100<\/h3>\n\n\n\n<p>El modelo 100 se usa para presentar la <a href=\"https:\/\/getquipu.com\/blog\/modelo-349-operaciones-intracomunitarias\/\">declaraci\u00f3n de la renta<\/a> y, por lo tanto, para que se pueda llevar a cabo el ingreso o devoluci\u00f3n del IRPF correspondiente.<\/p>\n\n\n\n<h3 class=\"wp-block-heading\" id=\"Modelo-390\">El modelo 390<\/h3>\n\n\n\n<p>El <a href=\"https:\/\/getquipu.com\/blog\/modelo-390-aeat\/\">modelo 390<\/a> es la<strong> declaraci\u00f3n informativa del resumen del IVA anual.<\/strong> Su presentaci\u00f3n es obligatoria, por parte de todos aquellos empresarios y aut\u00f3nomos con actividad econ\u00f3mica que realizan las autoliquidaciones trimestrales con el modelo 303, a excepci\u00f3n de:<\/p>\n\n\n\n<ul class=\"wp-block-list\">\n<li>Sujetos pasivos con periodicidad trimestral que, .tributando solamente en territorio com\u00fan, realicen actividades en r\u00e9gimen simplificado de IVA y\/o cuya actividad consista en operaciones de arrendamiento de bienes inmuebles urbanos.<\/li>\n\n\n\n<li>Contribuyentes incluidos en el SII.<\/li>\n<\/ul>\n\n\n\n<h3 class=\"wp-block-heading\" id=\"Modelo-190\">El Modelo 190<\/h3>\n\n\n\n<p>El <a href=\"https:\/\/getquipu.com\/blog\/modelo-190-aeat\/\">modelo 190<\/a> representa la declaraci\u00f3n anual de lo presentado trimestralmente a trav\u00e9s del modelo 111. Sirve para <strong>informar de las liquidaciones de las retenciones de IRPF<\/strong> en facturas de profesionales y en las n\u00f3minas de los trabajadores.<\/p>\n\n\n\n<h3 class=\"wp-block-heading\" id=\"Modelo-180\">El modelo 180<\/h3>\n\n\n\n<p>El <a href=\"https:\/\/getquipu.com\/blog\/modelo-180-aeat\/\">modelo 180<\/a> es la recopilaci\u00f3n anual de las declaraciones trimestrales presentadas con el modelo 115. Deben presentarlo tanto las empresas como los aut\u00f3nomos que tienen alquilado un espacio de trabajo para llevar a cabo su actividad laboral. Su objetivo es <strong>declarar a la Administraci\u00f3n las retenciones de IRPF que se han llevado a cabo en el pago del arrendamiento. <\/strong>Se trata de un modelo <strong>informativo<\/strong>, pero su presentaci\u00f3n es obligatoria.<\/p>\n\n\n\n<h3 class=\"wp-block-heading\" id=\"Modelo-347\">El modelo 347<\/h3>\n\n\n\n<p>El <a href=\"https:\/\/getquipu.com\/blog\/modelo-347-operaciones-con-terceros\/\">modelo 347<\/a> es una <strong>declaraci\u00f3n informativa<\/strong> de las operaciones hechas con clientes o proveedores por un importe <strong>superior a 3.005,06 euros<\/strong>. Recoge las compras y ventas anuales llevadas a cabo con cada uno de ellos, y se presenta para que la Agencia Tributaria pueda comprobar la informaci\u00f3n reflejada haciendo los correspondientes <strong>cruces de datos. <\/strong>Hay que tener en cuenta que ambas partes deben presentar este modelo.<\/p>\n\n\n\n<h2 class=\"wp-block-heading\" id=\"tablas-resumen-impuestos-autonomos\">Tablas resumen de los impuestos para aut\u00f3nomos en 2026<\/h2>\n\n\n\n<p><strong>Declaraciones trimestrales:<\/strong><\/p>\n\n\n\n<figure class=\"wp-block-table\"><table><thead><tr><th><strong>Modelo 303<\/strong><\/th><th><strong>Modelo 130<\/strong><\/th><th><strong>Modelo 111<\/strong><\/th><th><strong>Modelo 115<\/strong><\/th><th><strong>Modelo 349<\/strong><\/th><\/tr><\/thead><tbody><tr><td>Para declarar la diferencia entre el IVA repercutido y soportado y hacer la liquidaci\u00f3n.<\/td><td>Para hacer la liquidaci\u00f3n de pago fraccionado del IRPF.<\/td><td>Para la liquidaci\u00f3n de retenciones de IRPF de empleados y profesionales.<\/td><td>Para liquidar retenciones de IRPF en el pago del alquiler del espacio de trabajo.<\/td><td>Para informar de las operaciones de compraventa con empresas de la UE.<\/td><\/tr><\/tbody><\/table><\/figure>\n\n\n\n<p><strong>Declaraciones anuales:<\/strong><\/p>\n\n\n\n<figure class=\"wp-block-table\"><table><thead><tr><th><strong>Modelo 100<\/strong><\/th><th><strong>Modelo 390<\/strong><\/th><th><strong>Modelo 190<\/strong><\/th><th><strong>Modelo 180<\/strong><\/th><th><strong>Modelo 347<\/strong><\/th><\/tr><\/thead><tbody><tr><td>Para la realizaci\u00f3n de la Declaraci\u00f3n de la Renta anual.<\/td><td>Resumen anual de las autoliquidaciones trimestrales del IVA.<\/td><td>Resumen anual de las retenciones de IRPF en facturas de profesionales y n\u00f3minas de trabajadores.<\/td><td>Resumen anual de las retenciones de IRPF en el pago del alquiler del lugar de trabajo.<\/td><td>Declaraci\u00f3n informativa de operaciones con clientes y proveedores superiores a 3.005,06 euros.<\/td><\/tr><\/tbody><\/table><\/figure>\n\n\n\n<p class=\"has-background\" style=\"background-color:#e7f5ff\">\ud83d\udd17 <strong>Ampliar informaci\u00f3n:<\/strong> Si quieres saber m\u00e1s sobre <a href=\"https:\/\/getquipu.com\/blog\/impuestos-que-debe-pagar-un-autonomo-en-espana\/\">los impuestos que paga un aut\u00f3nomo en Espa\u00f1a <\/a>te recomendamos que leas nuestro art\u00edculo espec\u00edfico.<\/p>\n\n\n\n<p>Cumplir con este calendario de <strong>impuestos en 2026<\/strong> para aut\u00f3nomos no es f\u00e1cil para muchos emprendedores. Si necesitas una visi\u00f3n m\u00e1s global, consulta las <a href=\"https:\/\/getquipu.com\/blog\/obligaciones-fiscales-de-los-autonomos\/\">obligaciones fiscales de los aut\u00f3nomos<\/a>.<\/p>\n\n\n\n<p>La ayuda del <a href=\"https:\/\/getquipu.com\/\">software de Quipu<\/a> te ayudar\u00e1 a controlar toda la documentaci\u00f3n necesaria y a planificar tus obligaciones fiscales con la mayor eficiencia y sin errores. De esta manera, se reducir\u00e1 el riesgo de que tengas problemas con la Administraci\u00f3n.<\/p>\n","protected":false},"excerpt":{"rendered":"<p>\u00bfEres aut\u00f3nomo? Si est\u00e1s dado de alta en el RETA, necesitas conocer con detalle c\u00f3mo funcionan algunos de los impuestos principales en 2026. Ten en cuenta que algunos de estos<\/p>\n","protected":false},"author":50,"featured_media":35591,"comment_status":"closed","ping_status":"closed","sticky":false,"template":"","format":"standard","meta":{"footnotes":""},"categories":[465],"tags":[],"class_list":["post-758","post","type-post","status-publish","format-standard","has-post-thumbnail","hentry","category-modelos-tributarios","generate-columns","tablet-grid-50","mobile-grid-100","grid-parent","grid-50","resize-featured-image"],"yoast_head":"<!-- This site is optimized with the Yoast SEO plugin v23.9 - https:\/\/yoast.com\/wordpress\/plugins\/seo\/ -->\n<title>\u00bfQu\u00e9 modelos debo presentar como aut\u00f3nomo? (2026)<\/title>\n<meta name=\"description\" content=\"Conoce todos los impuestos que tienes que declarar como aut\u00f3nomo paso por paso, y una nueva forma de rellenarlos. \u00a1Entra uy desc\u00fabrelo!\" \/>\n<meta name=\"robots\" content=\"index, follow, max-snippet:-1, max-image-preview:large, max-video-preview:-1\" \/>\n<link rel=\"canonical\" href=\"https:\/\/getquipu.com\/blog\/que-modelos-debo-presentar-como-autonomo\/\" \/>\n<meta property=\"og:locale\" content=\"es_ES\" \/>\n<meta property=\"og:type\" content=\"article\" \/>\n<meta property=\"og:title\" content=\"\u00bfQu\u00e9 modelos debo presentar como aut\u00f3nomo? (2026)\" \/>\n<meta property=\"og:description\" content=\"Conoce todos los impuestos que tienes que declarar como aut\u00f3nomo paso por paso, y una nueva forma de rellenarlos. \u00a1Entra uy desc\u00fabrelo!\" \/>\n<meta property=\"og:url\" content=\"https:\/\/getquipu.com\/blog\/que-modelos-debo-presentar-como-autonomo\/\" \/>\n<meta property=\"og:site_name\" content=\"Aut\u00f3nomos, empresas y asesor\u00edas\" \/>\n<meta property=\"article:published_time\" content=\"2021-12-16T08:20:00+00:00\" \/>\n<meta property=\"article:modified_time\" content=\"2026-02-26T12:47:07+00:00\" \/>\n<meta property=\"og:image\" content=\"https:\/\/getquipu.com\/wp-content\/uploads\/2021\/12\/27133853\/portada-modelos-presentar-autonomos.png\" \/>\n\t<meta property=\"og:image:width\" content=\"768\" \/>\n\t<meta property=\"og:image:height\" content=\"295\" \/>\n\t<meta property=\"og:image:type\" content=\"image\/png\" \/>\n<meta name=\"author\" content=\"Inmaculada Romero - Contasult\" \/>\n<meta name=\"twitter:card\" content=\"summary_large_image\" \/>\n<meta name=\"twitter:label1\" content=\"Escrito por\" \/>\n\t<meta name=\"twitter:data1\" content=\"Inmaculada Romero - Contasult\" \/>\n\t<meta name=\"twitter:label2\" content=\"Tiempo de lectura\" \/>\n\t<meta name=\"twitter:data2\" content=\"6 minutos\" \/>\n<script type=\"application\/ld+json\" class=\"yoast-schema-graph\">{\"@context\":\"https:\/\/schema.org\",\"@graph\":[{\"@type\":\"Article\",\"@id\":\"https:\/\/getquipu.com\/blog\/que-modelos-debo-presentar-como-autonomo\/#article\",\"isPartOf\":{\"@id\":\"https:\/\/getquipu.com\/blog\/que-modelos-debo-presentar-como-autonomo\/\"},\"author\":{\"name\":\"Inmaculada Romero - Contasult\",\"@id\":\"https:\/\/getquipu.com\/blog\/#\/schema\/person\/2c86c6c04464638e1a470d628a16eab2\"},\"headline\":\"Impuestos en 2026: \u00bfqu\u00e9 modelos debo presentar como aut\u00f3nomo?\",\"datePublished\":\"2021-12-16T08:20:00+00:00\",\"dateModified\":\"2026-02-26T12:47:07+00:00\",\"mainEntityOfPage\":{\"@id\":\"https:\/\/getquipu.com\/blog\/que-modelos-debo-presentar-como-autonomo\/\"},\"wordCount\":1285,\"publisher\":{\"@id\":\"https:\/\/getquipu.com\/blog\/#organization\"},\"image\":{\"@id\":\"https:\/\/getquipu.com\/blog\/que-modelos-debo-presentar-como-autonomo\/#primaryimage\"},\"thumbnailUrl\":\"https:\/\/getquipu.com\/wp-content\/uploads\/2021\/12\/27133853\/portada-modelos-presentar-autonomos.png\",\"articleSection\":[\"Modelos Tributarios\"],\"inLanguage\":\"es\"},{\"@type\":\"WebPage\",\"@id\":\"https:\/\/getquipu.com\/blog\/que-modelos-debo-presentar-como-autonomo\/\",\"url\":\"https:\/\/getquipu.com\/blog\/que-modelos-debo-presentar-como-autonomo\/\",\"name\":\"\u00bfQu\u00e9 modelos debo presentar como aut\u00f3nomo? (2026)\",\"isPartOf\":{\"@id\":\"https:\/\/getquipu.com\/blog\/#website\"},\"primaryImageOfPage\":{\"@id\":\"https:\/\/getquipu.com\/blog\/que-modelos-debo-presentar-como-autonomo\/#primaryimage\"},\"image\":{\"@id\":\"https:\/\/getquipu.com\/blog\/que-modelos-debo-presentar-como-autonomo\/#primaryimage\"},\"thumbnailUrl\":\"https:\/\/getquipu.com\/wp-content\/uploads\/2021\/12\/27133853\/portada-modelos-presentar-autonomos.png\",\"datePublished\":\"2021-12-16T08:20:00+00:00\",\"dateModified\":\"2026-02-26T12:47:07+00:00\",\"description\":\"Conoce todos los impuestos que tienes que declarar como aut\u00f3nomo paso por paso, y una nueva forma de rellenarlos. \u00a1Entra uy desc\u00fabrelo!\",\"breadcrumb\":{\"@id\":\"https:\/\/getquipu.com\/blog\/que-modelos-debo-presentar-como-autonomo\/#breadcrumb\"},\"inLanguage\":\"es\",\"potentialAction\":[{\"@type\":\"ReadAction\",\"target\":[\"https:\/\/getquipu.com\/blog\/que-modelos-debo-presentar-como-autonomo\/\"]}]},{\"@type\":\"ImageObject\",\"inLanguage\":\"es\",\"@id\":\"https:\/\/getquipu.com\/blog\/que-modelos-debo-presentar-como-autonomo\/#primaryimage\",\"url\":\"https:\/\/getquipu.com\/wp-content\/uploads\/2021\/12\/27133853\/portada-modelos-presentar-autonomos.png\",\"contentUrl\":\"https:\/\/getquipu.com\/wp-content\/uploads\/2021\/12\/27133853\/portada-modelos-presentar-autonomos.png\",\"width\":768,\"height\":295},{\"@type\":\"BreadcrumbList\",\"@id\":\"https:\/\/getquipu.com\/blog\/que-modelos-debo-presentar-como-autonomo\/#breadcrumb\",\"itemListElement\":[{\"@type\":\"ListItem\",\"position\":1,\"name\":\"Blog\",\"item\":\"https:\/\/getquipu.com\/blog\/\"},{\"@type\":\"ListItem\",\"position\":2,\"name\":\"Modelos Tributarios\",\"item\":\"https:\/\/getquipu.com\/blog\/category\/modelos-tributarios\/\"},{\"@type\":\"ListItem\",\"position\":3,\"name\":\"Impuestos en 2026: \u00bfqu\u00e9 modelos debo presentar como aut\u00f3nomo?\"}]},{\"@type\":\"WebSite\",\"@id\":\"https:\/\/getquipu.com\/blog\/#website\",\"url\":\"https:\/\/getquipu.com\/blog\/\",\"name\":\"Aut\u00f3nomos, empresas y asesor\u00edas\",\"description\":\"Informaci\u00f3n \u00fatil sobre fiscalidad y eficiencia administrativa en negocios como el tuyo.\",\"publisher\":{\"@id\":\"https:\/\/getquipu.com\/blog\/#organization\"},\"potentialAction\":[{\"@type\":\"SearchAction\",\"target\":{\"@type\":\"EntryPoint\",\"urlTemplate\":\"https:\/\/getquipu.com\/blog\/?s={search_term_string}\"},\"query-input\":{\"@type\":\"PropertyValueSpecification\",\"valueRequired\":true,\"valueName\":\"search_term_string\"}}],\"inLanguage\":\"es\"},{\"@type\":\"Organization\",\"@id\":\"https:\/\/getquipu.com\/blog\/#organization\",\"name\":\"Quipu\",\"url\":\"https:\/\/getquipu.com\/blog\/\",\"logo\":{\"@type\":\"ImageObject\",\"inLanguage\":\"es\",\"@id\":\"https:\/\/getquipu.com\/blog\/#\/schema\/logo\/image\/\",\"url\":\"https:\/\/getquipu.com\/wp-content\/uploads\/2022\/06\/20105810\/logo-quipu.png\",\"contentUrl\":\"https:\/\/getquipu.com\/wp-content\/uploads\/2022\/06\/20105810\/logo-quipu.png\",\"width\":399,\"height\":399,\"caption\":\"Quipu\"},\"image\":{\"@id\":\"https:\/\/getquipu.com\/blog\/#\/schema\/logo\/image\/\"}},{\"@type\":\"Person\",\"@id\":\"https:\/\/getquipu.com\/blog\/#\/schema\/person\/2c86c6c04464638e1a470d628a16eab2\",\"name\":\"Inmaculada Romero - Contasult\",\"image\":{\"@type\":\"ImageObject\",\"inLanguage\":\"es\",\"@id\":\"https:\/\/getquipu.com\/blog\/#\/schema\/person\/image\/\",\"url\":\"https:\/\/secure.gravatar.com\/avatar\/5431a8bd373708daf1a72683aa53b5ed?s=96&d=mm&r=g\",\"contentUrl\":\"https:\/\/secure.gravatar.com\/avatar\/5431a8bd373708daf1a72683aa53b5ed?s=96&d=mm&r=g\",\"caption\":\"Inmaculada Romero - Contasult\"},\"description\":\"Inmaculada es directora del departamento fiscal y contable de Contasult en su oficina de Algeciras. Graduada en Administraci\u00f3n y Direcci\u00f3n de Empresas por la Universidad de C\u00e1diz con obtenci\u00f3n del Premio Extraordinario y M\u00e1ster en Contabilidad y Auditor\u00eda.\",\"url\":\"https:\/\/getquipu.com\/blog\/author\/inmaculada\/\"}]}<\/script>\n<!-- \/ Yoast SEO plugin. -->","yoast_head_json":{"title":"\u00bfQu\u00e9 modelos debo presentar como aut\u00f3nomo? (2026)","description":"Conoce todos los impuestos que tienes que declarar como aut\u00f3nomo paso por paso, y una nueva forma de rellenarlos. \u00a1Entra uy desc\u00fabrelo!","robots":{"index":"index","follow":"follow","max-snippet":"max-snippet:-1","max-image-preview":"max-image-preview:large","max-video-preview":"max-video-preview:-1"},"canonical":"https:\/\/getquipu.com\/blog\/que-modelos-debo-presentar-como-autonomo\/","og_locale":"es_ES","og_type":"article","og_title":"\u00bfQu\u00e9 modelos debo presentar como aut\u00f3nomo? (2026)","og_description":"Conoce todos los impuestos que tienes que declarar como aut\u00f3nomo paso por paso, y una nueva forma de rellenarlos. \u00a1Entra uy desc\u00fabrelo!","og_url":"https:\/\/getquipu.com\/blog\/que-modelos-debo-presentar-como-autonomo\/","og_site_name":"Aut\u00f3nomos, empresas y asesor\u00edas","article_published_time":"2021-12-16T08:20:00+00:00","article_modified_time":"2026-02-26T12:47:07+00:00","og_image":[{"width":768,"height":295,"url":"https:\/\/getquipu.com\/wp-content\/uploads\/2021\/12\/27133853\/portada-modelos-presentar-autonomos.png","type":"image\/png"}],"author":"Inmaculada Romero - Contasult","twitter_card":"summary_large_image","twitter_misc":{"Escrito por":"Inmaculada Romero - Contasult","Tiempo de lectura":"6 minutos"},"schema":{"@context":"https:\/\/schema.org","@graph":[{"@type":"Article","@id":"https:\/\/getquipu.com\/blog\/que-modelos-debo-presentar-como-autonomo\/#article","isPartOf":{"@id":"https:\/\/getquipu.com\/blog\/que-modelos-debo-presentar-como-autonomo\/"},"author":{"name":"Inmaculada Romero - Contasult","@id":"https:\/\/getquipu.com\/blog\/#\/schema\/person\/2c86c6c04464638e1a470d628a16eab2"},"headline":"Impuestos en 2026: \u00bfqu\u00e9 modelos debo presentar como aut\u00f3nomo?","datePublished":"2021-12-16T08:20:00+00:00","dateModified":"2026-02-26T12:47:07+00:00","mainEntityOfPage":{"@id":"https:\/\/getquipu.com\/blog\/que-modelos-debo-presentar-como-autonomo\/"},"wordCount":1285,"publisher":{"@id":"https:\/\/getquipu.com\/blog\/#organization"},"image":{"@id":"https:\/\/getquipu.com\/blog\/que-modelos-debo-presentar-como-autonomo\/#primaryimage"},"thumbnailUrl":"https:\/\/getquipu.com\/wp-content\/uploads\/2021\/12\/27133853\/portada-modelos-presentar-autonomos.png","articleSection":["Modelos Tributarios"],"inLanguage":"es"},{"@type":"WebPage","@id":"https:\/\/getquipu.com\/blog\/que-modelos-debo-presentar-como-autonomo\/","url":"https:\/\/getquipu.com\/blog\/que-modelos-debo-presentar-como-autonomo\/","name":"\u00bfQu\u00e9 modelos debo presentar como aut\u00f3nomo? (2026)","isPartOf":{"@id":"https:\/\/getquipu.com\/blog\/#website"},"primaryImageOfPage":{"@id":"https:\/\/getquipu.com\/blog\/que-modelos-debo-presentar-como-autonomo\/#primaryimage"},"image":{"@id":"https:\/\/getquipu.com\/blog\/que-modelos-debo-presentar-como-autonomo\/#primaryimage"},"thumbnailUrl":"https:\/\/getquipu.com\/wp-content\/uploads\/2021\/12\/27133853\/portada-modelos-presentar-autonomos.png","datePublished":"2021-12-16T08:20:00+00:00","dateModified":"2026-02-26T12:47:07+00:00","description":"Conoce todos los impuestos que tienes que declarar como aut\u00f3nomo paso por paso, y una nueva forma de rellenarlos. \u00a1Entra uy desc\u00fabrelo!","breadcrumb":{"@id":"https:\/\/getquipu.com\/blog\/que-modelos-debo-presentar-como-autonomo\/#breadcrumb"},"inLanguage":"es","potentialAction":[{"@type":"ReadAction","target":["https:\/\/getquipu.com\/blog\/que-modelos-debo-presentar-como-autonomo\/"]}]},{"@type":"ImageObject","inLanguage":"es","@id":"https:\/\/getquipu.com\/blog\/que-modelos-debo-presentar-como-autonomo\/#primaryimage","url":"https:\/\/getquipu.com\/wp-content\/uploads\/2021\/12\/27133853\/portada-modelos-presentar-autonomos.png","contentUrl":"https:\/\/getquipu.com\/wp-content\/uploads\/2021\/12\/27133853\/portada-modelos-presentar-autonomos.png","width":768,"height":295},{"@type":"BreadcrumbList","@id":"https:\/\/getquipu.com\/blog\/que-modelos-debo-presentar-como-autonomo\/#breadcrumb","itemListElement":[{"@type":"ListItem","position":1,"name":"Blog","item":"https:\/\/getquipu.com\/blog\/"},{"@type":"ListItem","position":2,"name":"Modelos Tributarios","item":"https:\/\/getquipu.com\/blog\/category\/modelos-tributarios\/"},{"@type":"ListItem","position":3,"name":"Impuestos en 2026: \u00bfqu\u00e9 modelos debo presentar como aut\u00f3nomo?"}]},{"@type":"WebSite","@id":"https:\/\/getquipu.com\/blog\/#website","url":"https:\/\/getquipu.com\/blog\/","name":"Aut\u00f3nomos, empresas y asesor\u00edas","description":"Informaci\u00f3n \u00fatil sobre fiscalidad y eficiencia administrativa en negocios como el tuyo.","publisher":{"@id":"https:\/\/getquipu.com\/blog\/#organization"},"potentialAction":[{"@type":"SearchAction","target":{"@type":"EntryPoint","urlTemplate":"https:\/\/getquipu.com\/blog\/?s={search_term_string}"},"query-input":{"@type":"PropertyValueSpecification","valueRequired":true,"valueName":"search_term_string"}}],"inLanguage":"es"},{"@type":"Organization","@id":"https:\/\/getquipu.com\/blog\/#organization","name":"Quipu","url":"https:\/\/getquipu.com\/blog\/","logo":{"@type":"ImageObject","inLanguage":"es","@id":"https:\/\/getquipu.com\/blog\/#\/schema\/logo\/image\/","url":"https:\/\/getquipu.com\/wp-content\/uploads\/2022\/06\/20105810\/logo-quipu.png","contentUrl":"https:\/\/getquipu.com\/wp-content\/uploads\/2022\/06\/20105810\/logo-quipu.png","width":399,"height":399,"caption":"Quipu"},"image":{"@id":"https:\/\/getquipu.com\/blog\/#\/schema\/logo\/image\/"}},{"@type":"Person","@id":"https:\/\/getquipu.com\/blog\/#\/schema\/person\/2c86c6c04464638e1a470d628a16eab2","name":"Inmaculada Romero - Contasult","image":{"@type":"ImageObject","inLanguage":"es","@id":"https:\/\/getquipu.com\/blog\/#\/schema\/person\/image\/","url":"https:\/\/secure.gravatar.com\/avatar\/5431a8bd373708daf1a72683aa53b5ed?s=96&d=mm&r=g","contentUrl":"https:\/\/secure.gravatar.com\/avatar\/5431a8bd373708daf1a72683aa53b5ed?s=96&d=mm&r=g","caption":"Inmaculada Romero - Contasult"},"description":"Inmaculada es directora del departamento fiscal y contable de Contasult en su oficina de Algeciras. Graduada en Administraci\u00f3n y Direcci\u00f3n de Empresas por la Universidad de C\u00e1diz con obtenci\u00f3n del Premio Extraordinario y M\u00e1ster en Contabilidad y Auditor\u00eda.","url":"https:\/\/getquipu.com\/blog\/author\/inmaculada\/"}]}},"_links":{"self":[{"href":"https:\/\/getquipu.com\/blog\/wp-json\/wp\/v2\/posts\/758","targetHints":{"allow":["GET"]}}],"collection":[{"href":"https:\/\/getquipu.com\/blog\/wp-json\/wp\/v2\/posts"}],"about":[{"href":"https:\/\/getquipu.com\/blog\/wp-json\/wp\/v2\/types\/post"}],"author":[{"embeddable":true,"href":"https:\/\/getquipu.com\/blog\/wp-json\/wp\/v2\/users\/50"}],"replies":[{"embeddable":true,"href":"https:\/\/getquipu.com\/blog\/wp-json\/wp\/v2\/comments?post=758"}],"version-history":[{"count":123,"href":"https:\/\/getquipu.com\/blog\/wp-json\/wp\/v2\/posts\/758\/revisions"}],"predecessor-version":[{"id":53265,"href":"https:\/\/getquipu.com\/blog\/wp-json\/wp\/v2\/posts\/758\/revisions\/53265"}],"wp:featuredmedia":[{"embeddable":true,"href":"https:\/\/getquipu.com\/blog\/wp-json\/wp\/v2\/media\/35591"}],"wp:attachment":[{"href":"https:\/\/getquipu.com\/blog\/wp-json\/wp\/v2\/media?parent=758"}],"wp:term":[{"taxonomy":"category","embeddable":true,"href":"https:\/\/getquipu.com\/blog\/wp-json\/wp\/v2\/categories?post=758"},{"taxonomy":"post_tag","embeddable":true,"href":"https:\/\/getquipu.com\/blog\/wp-json\/wp\/v2\/tags?post=758"}],"curies":[{"name":"wp","href":"https:\/\/api.w.org\/{rel}","templated":true}]}}