{"id":7323,"date":"2017-02-23T11:43:21","date_gmt":"2017-02-23T10:43:21","guid":{"rendered":"https:\/\/getquipu.com\/blog\/?p=7323"},"modified":"2024-09-25T11:45:05","modified_gmt":"2024-09-25T09:45:05","slug":"plan-general-contable-para-pymes-cuadro-de-cuentas","status":"publish","type":"post","link":"https:\/\/getquipu.com\/blog\/plan-general-contable-para-pymes-cuadro-de-cuentas\/","title":{"rendered":"Plan general contable para pymes: qu\u00e9 es y estructura"},"content":{"rendered":"\n<p>Vamos a establecer una peque\u00f1a gu\u00eda del Plan General Contable para que todas las PYMES puedan aclarar c\u00f3mo deben llevar la contabilidad seg\u00fan establece el Plan de Contabilidad. Tambi\u00e9n analizaremos las principales diferencias entre el Plan General Contable y el Plan General Contable para Pymes.<\/p>\n\n\n\n<p><strong>En este art\u00edculo aprender\u00e1s:<\/strong><\/p>\n\n\n\n<ul class=\"wp-block-list\">\n<li><a href=\"#que-es-pgc\">\u00bfQu\u00e9 es el Plan General Contable (PGC)?<\/a><\/li>\n\n\n\n<li><a href=\"#estructura-pgc\">Estructura del Plan General Contable<\/a><\/li>\n\n\n\n<li><a href=\"#pgc-vs-pgc-pymes\">Plan General Contable vs. Plan General de Contabilidad de Pymes<\/a><\/li>\n\n\n\n<li><a href=\"#ambito-pgc-pymes\">\u00c1mbito de aplicaci\u00f3n del Plan General de Contabilidad para PYMES<\/a><\/li>\n\n\n\n<li><a href=\"#estructura-pgc-pymes\">Estructura del Plan General Contable para Pymes<\/a><\/li>\n<\/ul>\n\n\n\n<h2 class=\"wp-block-heading\" id=\"que-es-pgc\">\u00bfQu\u00e9 es el Plan General Contable (PGC)?<\/h2>\n\n\n\n<p>El Plan General Contable es el documento legal que regula la normativa contable que las empresas espa\u00f1olas deben aplicar, con base a las directivas de la Uni\u00f3n Europea.<\/p>\n\n\n\n<p>Se aprob\u00f3 en el Real Decreto 1514\/2007 de 16 de noviembre, y tiene como objetivo armonizar toda la informaci\u00f3n econ\u00f3mica-financiera de cada corporaci\u00f3n, en l\u00ednea con las Directivas Contables Europeas y de esta forma alcanzar una uniformidad en la aplicaci\u00f3n de los sistemas contables.<\/p>\n\n\n\n<p>Posteriormente y de acuerdo con la Disposici\u00f3n Final primera de la Ley 16\/2007, de 4 de julio, el Gobierno aprob\u00f3 el Plan General de Contabilidad de Pymes, como norma complementaria.<\/p>\n\n\n\n<p>Esta reforma se aprob\u00f3 para que las peque\u00f1as y medianas empresas puedan contar con un Plan contable espec\u00edfico, y presenta una estructura similar al Plan General de Contabilidad.<\/p>\n\n\n\n<p>El organismo encargado de emitir la normativa contable en Espa\u00f1a y que toda empresa debe cumplir es el Instituto de Contabilidad y Auditor\u00eda de Cuentas.<\/p>\n\n\n\n<h2 class=\"wp-block-heading\" id=\"estructura-pgc\">Estructura del Plan General Contable<\/h2>\n\n\n\n<p>El PGC se estructura de la siguiente forma:<\/p>\n\n\n\n<ul class=\"wp-block-list\">\n<li> <strong>Introducci\u00f3n<\/strong>: explica el motivo de la reforma y las diferencias con la normativa anterior.<\/li>\n\n\n\n<li> <strong>Marco Conceptual<\/strong>: Recoge los principios contables: mostrar una imagen fiel, requisitos a tener en cuenta as\u00ed como los principios de una empresa en funcionamiento (devengo, uniformidad, prudencia, no compensaci\u00f3n as\u00ed como la importancia relativa).<\/li>\n\n\n\n<li> <strong>Normas de Registro y Valoraci\u00f3n<\/strong>: En este apartado se incluyen las reglas y los criterios aplicables a las distintas operaciones.<\/li>\n\n\n\n<li> <strong>Cuentas anuales<\/strong>: Establece las normas que se deben seguir de forma obligatoria para elaborar y presentar las Cuentas Anuales.<\/li>\n\n\n\n<li> <strong>Cuadro de Cuentas<\/strong>: Son todos los elementos que forman parte de la contabilidad, ordenados en el cuadro de cuentas.<\/li>\n\n\n\n<li><strong>Definiciones y Relaciones Contables<\/strong>: Desarrolla de forma detallada el cuadro de cuentas. Esta parte no es obligatoria para las empresas.<\/li>\n<\/ul>\n\n\n\n<h2 class=\"wp-block-heading\" id=\"pgc-vs-pgc-pymes\">Plan General Contable vs. Plan General de Contabilidad de Pymes<\/h2>\n\n\n\n<p>El Plan General Contable lo deben aplicar de forma obligatoria todas las empresas, sea cual sea su <a href=\"https:\/\/getquipu.com\/blog\/forma-juridica-empresa\/\">forma jur\u00eddica<\/a>, individual o societaria.<\/p>\n\n\n\n<p>Por su parte, con la reforma del PGC en 2007 <strong>se estableci\u00f3 un plan de contabilidad espec\u00edfico para Pymes<\/strong>, el Plan General de Contabilidad de Pymes, quedando establecidas el conjunto de normas que se aplican a determinadas empresas.<\/p>\n\n\n\n<h2 class=\"wp-block-heading\" id=\"ambito-pgc-pymes\">\u00c1mbito de aplicaci\u00f3n del Plan General de Contabilidad para Peque\u00f1as y Medianas Empresas<\/h2>\n\n\n\n<p>Para poder acogerse a este plan de contabilidad, <strong>las pymes deben cumplir durante dos ejercicios consecutivos, al menos dos de los requisitos siguientes<\/strong>:<\/p>\n\n\n\n<ol class=\"wp-block-list\">\n<li>Que el total de las partidas del activo no superen los cuatro millones de euros.<\/li>\n\n\n\n<li>Que el importe neto de la cifra anual de negocios no supere los ocho millones de euros.<\/li>\n\n\n\n<li>Que el n\u00famero medio de trabajadores empleados durante el ejercicio no supere los 50 trabajadores.<\/li>\n<\/ol>\n\n\n\n<p>Podr\u00e1n perder la posibilidad de aplicar dicho reglamento aquellas empresas que durante dos ejercicios consecutivos dejen de reunir dos de los requisitos enumerados aqu\u00ed. Hay que tener muy en cuenta que la empresa que quiera aplicar este plan de contabilidad &#8211; siempre que cumpla los requisitos &#8211; deber\u00e1 aplicarlo de forma completa.<\/p>\n\n\n\n<p>En el caso que, al inicio del primer ejercicio una empresa deje de aplicar el Plan General de Contabilidad de pymes, se aplicar\u00e1 con car\u00e1cter retroactivo el Plan General de Contabilidad. En este caso, la empresa tendr\u00e1 que registrar todos los activos y pasivos reconocidos en el Plan General de Contabilidad.<\/p>\n\n\n\n<p class=\"has-background\" style=\"background-color:#e3f3f3\">\ud83d\udd17 <strong>Ampliar informaci\u00f3n:<\/strong> Si quieres saber m\u00e1s sobre <a href=\"https:\/\/getquipu.com\/blog\/como-llevar-la-contabilidad-de-mi-empresa\/\">c\u00f3mo llevar la contabilidad de tu empresa<\/a> te recomendamos que leas nuestro art\u00edculo.<\/p>\n\n\n\n<h2 class=\"wp-block-heading\" id=\"estructura-pgc-pymes\">Estructura del Plan General Contable para Pymes<\/h2>\n\n\n\n<p><strong>Este plan se estructura en 5 partes<\/strong> en las que se explican las caracter\u00edsticas principales de c\u00f3mo debe elaborarse:<\/p>\n\n\n\n<p><strong>Introducci\u00f3n<\/strong>: Se explican las caracter\u00edsticas del texto y las diferencias que hay respecto al PGC.<\/p>\n\n\n\n<ul class=\"wp-block-list\">\n<li><strong>Primera parte<\/strong>: Marco conceptual de la contabilidad.<\/li>\n<\/ul>\n\n\n\n<p>En esta primera parte se recogen los documentos que integran las cuentas anuales de la pyme, es decir, el balance, la cuenta de p\u00e9rdidas y ganancias, el <a href=\"https:\/\/getquipu.com\/blog\/estado-cambios-patrimonio-neto\/\">estado de cambios en el patrimonio neto<\/a> y la memoria.<\/p>\n\n\n\n<ul class=\"wp-block-list\">\n<li><strong>Segunda parte<\/strong>: Normas de registro y valoraci\u00f3n para Peque\u00f1as y Medianas Empresas<\/li>\n<\/ul>\n\n\n\n<p>Esta segunda parte recoge todos los principios contables que las empresas deben aplicar. En caso contrario, es decir, en caso que una pyme realice una operaci\u00f3n que no se contempla en este texto, tendr\u00e1 que remitirse a las normas de registro recogidas en el Plan General de Contabilidad.<\/p>\n\n\n\n<ul class=\"wp-block-list\">\n<li><strong>Tercera parte<\/strong>: Cuentas anuales<\/li>\n<\/ul>\n\n\n\n<p>Contiene las normas de elaboraci\u00f3n, y los modelos de las cuentas anuales para las pymes.<\/p>\n\n\n\n<p>Por cuentas anuales se entienden: el balance, la cuenta de p\u00e9rdidas y ganancias, el estado de cambios en el patrimonio neto y la <a href=\"https:\/\/getquipu.com\/blog\/que-es-memoria-contable-y-como-hacerla\/\">memoria<\/a> de una pyme.<\/p>\n\n\n\n<p>Es decir, que se recoge c\u00f3mo deben ser redactadas seg\u00fan lo dispuesto en el C\u00f3digo de Comercio, en el Texto Refundido de la Ley de Sociedades An\u00f3nimas, en la Ley de Sociedades de Responsabilidad Limitada y en este Plan General de Contabilidad de Peque\u00f1as y Medianas Empresas. Las cuentas anuales se elaborar\u00e1n con una periodicidad de doce meses y sus valores se expresar\u00e1n en euros.<\/p>\n\n\n\n<ul class=\"wp-block-list\">\n<li><strong>Cuarta parte<\/strong>: Cuadro de cuentas y <strong>Quinta parte<\/strong>: Definiciones y relaciones contables<\/li>\n<\/ul>\n\n\n\n<p>Incluye los grupos y subgrupos necesarios para poder reflejar contablemente las operaciones contenidas en la segunda parte del Plan General de Contabilidad de Pymes, as\u00ed como las definiciones, relaciones contables y los movimientos que dar\u00e1n origen a los motivos de cargo y <strong>abono<\/strong>.<\/p>\n\n\n\n<p>El cuadro de cuentas del PGC ordena las cuentas en 7 grupos:<\/p>\n\n\n\n<ul class=\"wp-block-list\">\n<li><b><\/b> Grupo 1: Financiaci\u00f3n B\u00e1sica.<\/li>\n\n\n\n<li><b><\/b> Grupo 2: Inmovilizado.<\/li>\n\n\n\n<li><b><\/b> Grupo 3: Existencias.<\/li>\n\n\n\n<li><b><\/b> Grupo 4: Acreedores y Deudores por operaciones de tr\u00e1fico.<\/li>\n\n\n\n<li><b><\/b> Grupo 5: Cuentas Financieras.<\/li>\n\n\n\n<li><b><\/b> Grupo 6: Compras y Gastos.<\/li>\n\n\n\n<li><b><\/b> Grupo 7: Ventas e Ingresos.<\/li>\n<\/ul>\n","protected":false},"excerpt":{"rendered":"<p>Vamos a establecer una peque\u00f1a gu\u00eda del Plan General Contable para que todas las PYMES puedan aclarar c\u00f3mo deben llevar la contabilidad seg\u00fan establece el Plan de Contabilidad. Tambi\u00e9n analizaremos<\/p>\n","protected":false},"author":3,"featured_media":26092,"comment_status":"closed","ping_status":"closed","sticky":false,"template":"","format":"standard","meta":{"footnotes":""},"categories":[485],"tags":[],"class_list":["post-7323","post","type-post","status-publish","format-standard","has-post-thumbnail","hentry","category-libros-contables","generate-columns","tablet-grid-50","mobile-grid-100","grid-parent","grid-50","resize-featured-image"],"yoast_head":"<!-- This site is optimized with the Yoast SEO plugin v23.9 - https:\/\/yoast.com\/wordpress\/plugins\/seo\/ -->\n<title>Plan general contable y plan general de contabilidad para pymes<\/title>\n<meta name=\"description\" content=\"El Plan General de Contabilidad para Pymes es un documento legal espec\u00edfico para peque\u00f1as y medianas empresas que regula las normas contables\" \/>\n<meta name=\"robots\" content=\"index, follow, max-snippet:-1, max-image-preview:large, max-video-preview:-1\" \/>\n<link rel=\"canonical\" href=\"https:\/\/getquipu.com\/blog\/plan-general-contable-para-pymes-cuadro-de-cuentas\/\" \/>\n<meta property=\"og:locale\" content=\"es_ES\" \/>\n<meta property=\"og:type\" content=\"article\" \/>\n<meta property=\"og:title\" content=\"Plan general contable y plan general de contabilidad para pymes\" \/>\n<meta property=\"og:description\" content=\"El Plan General de Contabilidad para Pymes es un documento legal espec\u00edfico para peque\u00f1as y medianas empresas que regula las normas contables\" \/>\n<meta property=\"og:url\" content=\"https:\/\/getquipu.com\/blog\/plan-general-contable-para-pymes-cuadro-de-cuentas\/\" \/>\n<meta property=\"og:site_name\" content=\"Aut\u00f3nomos, empresas y asesor\u00edas\" \/>\n<meta property=\"article:published_time\" content=\"2017-02-23T10:43:21+00:00\" \/>\n<meta property=\"article:modified_time\" content=\"2024-09-25T09:45:05+00:00\" \/>\n<meta property=\"og:image\" content=\"https:\/\/getquipu.com\/wp-content\/uploads\/2022\/03\/09170758\/plan-general-contable-cuadro-cuentas.png\" \/>\n\t<meta property=\"og:image:width\" content=\"768\" \/>\n\t<meta property=\"og:image:height\" content=\"295\" \/>\n\t<meta property=\"og:image:type\" content=\"image\/png\" \/>\n<meta name=\"author\" content=\"Roger Doba\u00f1o - CEO Quipu\" \/>\n<meta name=\"twitter:card\" content=\"summary_large_image\" \/>\n<meta name=\"twitter:creator\" content=\"@rogerdobano\" \/>\n<meta name=\"twitter:label1\" content=\"Escrito por\" \/>\n\t<meta name=\"twitter:data1\" content=\"Roger Doba\u00f1o - CEO Quipu\" \/>\n\t<meta name=\"twitter:label2\" content=\"Tiempo de lectura\" \/>\n\t<meta name=\"twitter:data2\" content=\"5 minutos\" \/>\n<script type=\"application\/ld+json\" class=\"yoast-schema-graph\">{\"@context\":\"https:\/\/schema.org\",\"@graph\":[{\"@type\":\"Article\",\"@id\":\"https:\/\/getquipu.com\/blog\/plan-general-contable-para-pymes-cuadro-de-cuentas\/#article\",\"isPartOf\":{\"@id\":\"https:\/\/getquipu.com\/blog\/plan-general-contable-para-pymes-cuadro-de-cuentas\/\"},\"author\":{\"name\":\"Roger Doba\u00f1o - CEO Quipu\",\"@id\":\"https:\/\/getquipu.com\/blog\/#\/schema\/person\/373ccc5d513d88aea29fc8135422fa2e\"},\"headline\":\"Plan general contable para pymes: qu\u00e9 es y estructura\",\"datePublished\":\"2017-02-23T10:43:21+00:00\",\"dateModified\":\"2024-09-25T09:45:05+00:00\",\"mainEntityOfPage\":{\"@id\":\"https:\/\/getquipu.com\/blog\/plan-general-contable-para-pymes-cuadro-de-cuentas\/\"},\"wordCount\":1070,\"publisher\":{\"@id\":\"https:\/\/getquipu.com\/blog\/#organization\"},\"image\":{\"@id\":\"https:\/\/getquipu.com\/blog\/plan-general-contable-para-pymes-cuadro-de-cuentas\/#primaryimage\"},\"thumbnailUrl\":\"https:\/\/getquipu.com\/wp-content\/uploads\/2022\/03\/09170758\/plan-general-contable-cuadro-cuentas.png\",\"articleSection\":[\"Libros Contables\"],\"inLanguage\":\"es\"},{\"@type\":\"WebPage\",\"@id\":\"https:\/\/getquipu.com\/blog\/plan-general-contable-para-pymes-cuadro-de-cuentas\/\",\"url\":\"https:\/\/getquipu.com\/blog\/plan-general-contable-para-pymes-cuadro-de-cuentas\/\",\"name\":\"Plan general contable y plan general de contabilidad para pymes\",\"isPartOf\":{\"@id\":\"https:\/\/getquipu.com\/blog\/#website\"},\"primaryImageOfPage\":{\"@id\":\"https:\/\/getquipu.com\/blog\/plan-general-contable-para-pymes-cuadro-de-cuentas\/#primaryimage\"},\"image\":{\"@id\":\"https:\/\/getquipu.com\/blog\/plan-general-contable-para-pymes-cuadro-de-cuentas\/#primaryimage\"},\"thumbnailUrl\":\"https:\/\/getquipu.com\/wp-content\/uploads\/2022\/03\/09170758\/plan-general-contable-cuadro-cuentas.png\",\"datePublished\":\"2017-02-23T10:43:21+00:00\",\"dateModified\":\"2024-09-25T09:45:05+00:00\",\"description\":\"El Plan General de Contabilidad para Pymes es un documento legal espec\u00edfico para peque\u00f1as y medianas empresas que regula las normas contables\",\"breadcrumb\":{\"@id\":\"https:\/\/getquipu.com\/blog\/plan-general-contable-para-pymes-cuadro-de-cuentas\/#breadcrumb\"},\"inLanguage\":\"es\",\"potentialAction\":[{\"@type\":\"ReadAction\",\"target\":[\"https:\/\/getquipu.com\/blog\/plan-general-contable-para-pymes-cuadro-de-cuentas\/\"]}]},{\"@type\":\"ImageObject\",\"inLanguage\":\"es\",\"@id\":\"https:\/\/getquipu.com\/blog\/plan-general-contable-para-pymes-cuadro-de-cuentas\/#primaryimage\",\"url\":\"https:\/\/getquipu.com\/wp-content\/uploads\/2022\/03\/09170758\/plan-general-contable-cuadro-cuentas.png\",\"contentUrl\":\"https:\/\/getquipu.com\/wp-content\/uploads\/2022\/03\/09170758\/plan-general-contable-cuadro-cuentas.png\",\"width\":768,\"height\":295,\"caption\":\"plan general contable para pymes, el cuadro de cuentas\"},{\"@type\":\"BreadcrumbList\",\"@id\":\"https:\/\/getquipu.com\/blog\/plan-general-contable-para-pymes-cuadro-de-cuentas\/#breadcrumb\",\"itemListElement\":[{\"@type\":\"ListItem\",\"position\":1,\"name\":\"Blog\",\"item\":\"https:\/\/getquipu.com\/blog\/\"},{\"@type\":\"ListItem\",\"position\":2,\"name\":\"Libros Contables\",\"item\":\"https:\/\/getquipu.com\/blog\/category\/libros-contables\/\"},{\"@type\":\"ListItem\",\"position\":3,\"name\":\"Plan general contable para pymes: qu\u00e9 es y estructura\"}]},{\"@type\":\"WebSite\",\"@id\":\"https:\/\/getquipu.com\/blog\/#website\",\"url\":\"https:\/\/getquipu.com\/blog\/\",\"name\":\"Aut\u00f3nomos, empresas y asesor\u00edas\",\"description\":\"Informaci\u00f3n \u00fatil sobre fiscalidad y eficiencia administrativa en negocios como el tuyo.\",\"publisher\":{\"@id\":\"https:\/\/getquipu.com\/blog\/#organization\"},\"potentialAction\":[{\"@type\":\"SearchAction\",\"target\":{\"@type\":\"EntryPoint\",\"urlTemplate\":\"https:\/\/getquipu.com\/blog\/?s={search_term_string}\"},\"query-input\":{\"@type\":\"PropertyValueSpecification\",\"valueRequired\":true,\"valueName\":\"search_term_string\"}}],\"inLanguage\":\"es\"},{\"@type\":\"Organization\",\"@id\":\"https:\/\/getquipu.com\/blog\/#organization\",\"name\":\"Quipu\",\"url\":\"https:\/\/getquipu.com\/blog\/\",\"logo\":{\"@type\":\"ImageObject\",\"inLanguage\":\"es\",\"@id\":\"https:\/\/getquipu.com\/blog\/#\/schema\/logo\/image\/\",\"url\":\"https:\/\/getquipu.com\/wp-content\/uploads\/2022\/06\/20105810\/logo-quipu.png\",\"contentUrl\":\"https:\/\/getquipu.com\/wp-content\/uploads\/2022\/06\/20105810\/logo-quipu.png\",\"width\":399,\"height\":399,\"caption\":\"Quipu\"},\"image\":{\"@id\":\"https:\/\/getquipu.com\/blog\/#\/schema\/logo\/image\/\"}},{\"@type\":\"Person\",\"@id\":\"https:\/\/getquipu.com\/blog\/#\/schema\/person\/373ccc5d513d88aea29fc8135422fa2e\",\"name\":\"Roger Doba\u00f1o - CEO Quipu\",\"image\":{\"@type\":\"ImageObject\",\"inLanguage\":\"es\",\"@id\":\"https:\/\/getquipu.com\/blog\/#\/schema\/person\/image\/\",\"url\":\"https:\/\/secure.gravatar.com\/avatar\/34af94bfd8e5677657b0a2d961dc4974?s=96&d=mm&r=g\",\"contentUrl\":\"https:\/\/secure.gravatar.com\/avatar\/34af94bfd8e5677657b0a2d961dc4974?s=96&d=mm&r=g\",\"caption\":\"Roger Doba\u00f1o - CEO Quipu\"},\"description\":\"Roger es CEO y Fundador de Quipu, un software en la nube que lleva +10 a\u00f1os ayudando a aut\u00f3nomos, pymes y asesor\u00edas a digitalizar su operativa precontable. A ra\u00edz de una mala experiencia como aut\u00f3nomo, Roger se propuso crear un programa que acompa\u00f1ara a los empresarios a lidiar con la administraci\u00f3n.\",\"sameAs\":[\"https:\/\/getquipu.com\",\"https:\/\/www.linkedin.com\/in\/rogerdobano\/\",\"https:\/\/x.com\/@rogerdobano\"],\"url\":\"https:\/\/getquipu.com\/blog\/author\/roger\/\"}]}<\/script>\n<!-- \/ Yoast SEO plugin. -->","yoast_head_json":{"title":"Plan general contable y plan general de contabilidad para pymes","description":"El Plan General de Contabilidad para Pymes es un documento legal espec\u00edfico para peque\u00f1as y medianas empresas que regula las normas contables","robots":{"index":"index","follow":"follow","max-snippet":"max-snippet:-1","max-image-preview":"max-image-preview:large","max-video-preview":"max-video-preview:-1"},"canonical":"https:\/\/getquipu.com\/blog\/plan-general-contable-para-pymes-cuadro-de-cuentas\/","og_locale":"es_ES","og_type":"article","og_title":"Plan general contable y plan general de contabilidad para pymes","og_description":"El Plan General de Contabilidad para Pymes es un documento legal espec\u00edfico para peque\u00f1as y medianas empresas que regula las normas contables","og_url":"https:\/\/getquipu.com\/blog\/plan-general-contable-para-pymes-cuadro-de-cuentas\/","og_site_name":"Aut\u00f3nomos, empresas y asesor\u00edas","article_published_time":"2017-02-23T10:43:21+00:00","article_modified_time":"2024-09-25T09:45:05+00:00","og_image":[{"width":768,"height":295,"url":"https:\/\/getquipu.com\/wp-content\/uploads\/2022\/03\/09170758\/plan-general-contable-cuadro-cuentas.png","type":"image\/png"}],"author":"Roger Doba\u00f1o - CEO Quipu","twitter_card":"summary_large_image","twitter_creator":"@rogerdobano","twitter_misc":{"Escrito por":"Roger Doba\u00f1o - CEO Quipu","Tiempo de lectura":"5 minutos"},"schema":{"@context":"https:\/\/schema.org","@graph":[{"@type":"Article","@id":"https:\/\/getquipu.com\/blog\/plan-general-contable-para-pymes-cuadro-de-cuentas\/#article","isPartOf":{"@id":"https:\/\/getquipu.com\/blog\/plan-general-contable-para-pymes-cuadro-de-cuentas\/"},"author":{"name":"Roger Doba\u00f1o - CEO Quipu","@id":"https:\/\/getquipu.com\/blog\/#\/schema\/person\/373ccc5d513d88aea29fc8135422fa2e"},"headline":"Plan general contable para pymes: qu\u00e9 es y estructura","datePublished":"2017-02-23T10:43:21+00:00","dateModified":"2024-09-25T09:45:05+00:00","mainEntityOfPage":{"@id":"https:\/\/getquipu.com\/blog\/plan-general-contable-para-pymes-cuadro-de-cuentas\/"},"wordCount":1070,"publisher":{"@id":"https:\/\/getquipu.com\/blog\/#organization"},"image":{"@id":"https:\/\/getquipu.com\/blog\/plan-general-contable-para-pymes-cuadro-de-cuentas\/#primaryimage"},"thumbnailUrl":"https:\/\/getquipu.com\/wp-content\/uploads\/2022\/03\/09170758\/plan-general-contable-cuadro-cuentas.png","articleSection":["Libros Contables"],"inLanguage":"es"},{"@type":"WebPage","@id":"https:\/\/getquipu.com\/blog\/plan-general-contable-para-pymes-cuadro-de-cuentas\/","url":"https:\/\/getquipu.com\/blog\/plan-general-contable-para-pymes-cuadro-de-cuentas\/","name":"Plan general contable y plan general de contabilidad para pymes","isPartOf":{"@id":"https:\/\/getquipu.com\/blog\/#website"},"primaryImageOfPage":{"@id":"https:\/\/getquipu.com\/blog\/plan-general-contable-para-pymes-cuadro-de-cuentas\/#primaryimage"},"image":{"@id":"https:\/\/getquipu.com\/blog\/plan-general-contable-para-pymes-cuadro-de-cuentas\/#primaryimage"},"thumbnailUrl":"https:\/\/getquipu.com\/wp-content\/uploads\/2022\/03\/09170758\/plan-general-contable-cuadro-cuentas.png","datePublished":"2017-02-23T10:43:21+00:00","dateModified":"2024-09-25T09:45:05+00:00","description":"El Plan General de Contabilidad para Pymes es un documento legal espec\u00edfico para peque\u00f1as y medianas empresas que regula las normas contables","breadcrumb":{"@id":"https:\/\/getquipu.com\/blog\/plan-general-contable-para-pymes-cuadro-de-cuentas\/#breadcrumb"},"inLanguage":"es","potentialAction":[{"@type":"ReadAction","target":["https:\/\/getquipu.com\/blog\/plan-general-contable-para-pymes-cuadro-de-cuentas\/"]}]},{"@type":"ImageObject","inLanguage":"es","@id":"https:\/\/getquipu.com\/blog\/plan-general-contable-para-pymes-cuadro-de-cuentas\/#primaryimage","url":"https:\/\/getquipu.com\/wp-content\/uploads\/2022\/03\/09170758\/plan-general-contable-cuadro-cuentas.png","contentUrl":"https:\/\/getquipu.com\/wp-content\/uploads\/2022\/03\/09170758\/plan-general-contable-cuadro-cuentas.png","width":768,"height":295,"caption":"plan general contable para pymes, el cuadro de cuentas"},{"@type":"BreadcrumbList","@id":"https:\/\/getquipu.com\/blog\/plan-general-contable-para-pymes-cuadro-de-cuentas\/#breadcrumb","itemListElement":[{"@type":"ListItem","position":1,"name":"Blog","item":"https:\/\/getquipu.com\/blog\/"},{"@type":"ListItem","position":2,"name":"Libros Contables","item":"https:\/\/getquipu.com\/blog\/category\/libros-contables\/"},{"@type":"ListItem","position":3,"name":"Plan general contable para pymes: qu\u00e9 es y estructura"}]},{"@type":"WebSite","@id":"https:\/\/getquipu.com\/blog\/#website","url":"https:\/\/getquipu.com\/blog\/","name":"Aut\u00f3nomos, empresas y asesor\u00edas","description":"Informaci\u00f3n \u00fatil sobre fiscalidad y eficiencia administrativa en negocios como el tuyo.","publisher":{"@id":"https:\/\/getquipu.com\/blog\/#organization"},"potentialAction":[{"@type":"SearchAction","target":{"@type":"EntryPoint","urlTemplate":"https:\/\/getquipu.com\/blog\/?s={search_term_string}"},"query-input":{"@type":"PropertyValueSpecification","valueRequired":true,"valueName":"search_term_string"}}],"inLanguage":"es"},{"@type":"Organization","@id":"https:\/\/getquipu.com\/blog\/#organization","name":"Quipu","url":"https:\/\/getquipu.com\/blog\/","logo":{"@type":"ImageObject","inLanguage":"es","@id":"https:\/\/getquipu.com\/blog\/#\/schema\/logo\/image\/","url":"https:\/\/getquipu.com\/wp-content\/uploads\/2022\/06\/20105810\/logo-quipu.png","contentUrl":"https:\/\/getquipu.com\/wp-content\/uploads\/2022\/06\/20105810\/logo-quipu.png","width":399,"height":399,"caption":"Quipu"},"image":{"@id":"https:\/\/getquipu.com\/blog\/#\/schema\/logo\/image\/"}},{"@type":"Person","@id":"https:\/\/getquipu.com\/blog\/#\/schema\/person\/373ccc5d513d88aea29fc8135422fa2e","name":"Roger Doba\u00f1o - CEO Quipu","image":{"@type":"ImageObject","inLanguage":"es","@id":"https:\/\/getquipu.com\/blog\/#\/schema\/person\/image\/","url":"https:\/\/secure.gravatar.com\/avatar\/34af94bfd8e5677657b0a2d961dc4974?s=96&d=mm&r=g","contentUrl":"https:\/\/secure.gravatar.com\/avatar\/34af94bfd8e5677657b0a2d961dc4974?s=96&d=mm&r=g","caption":"Roger Doba\u00f1o - CEO Quipu"},"description":"Roger es CEO y Fundador de Quipu, un software en la nube que lleva +10 a\u00f1os ayudando a aut\u00f3nomos, pymes y asesor\u00edas a digitalizar su operativa precontable. A ra\u00edz de una mala experiencia como aut\u00f3nomo, Roger se propuso crear un programa que acompa\u00f1ara a los empresarios a lidiar con la administraci\u00f3n.","sameAs":["https:\/\/getquipu.com","https:\/\/www.linkedin.com\/in\/rogerdobano\/","https:\/\/x.com\/@rogerdobano"],"url":"https:\/\/getquipu.com\/blog\/author\/roger\/"}]}},"_links":{"self":[{"href":"https:\/\/getquipu.com\/blog\/wp-json\/wp\/v2\/posts\/7323","targetHints":{"allow":["GET"]}}],"collection":[{"href":"https:\/\/getquipu.com\/blog\/wp-json\/wp\/v2\/posts"}],"about":[{"href":"https:\/\/getquipu.com\/blog\/wp-json\/wp\/v2\/types\/post"}],"author":[{"embeddable":true,"href":"https:\/\/getquipu.com\/blog\/wp-json\/wp\/v2\/users\/3"}],"replies":[{"embeddable":true,"href":"https:\/\/getquipu.com\/blog\/wp-json\/wp\/v2\/comments?post=7323"}],"version-history":[{"count":22,"href":"https:\/\/getquipu.com\/blog\/wp-json\/wp\/v2\/posts\/7323\/revisions"}],"predecessor-version":[{"id":48856,"href":"https:\/\/getquipu.com\/blog\/wp-json\/wp\/v2\/posts\/7323\/revisions\/48856"}],"wp:featuredmedia":[{"embeddable":true,"href":"https:\/\/getquipu.com\/blog\/wp-json\/wp\/v2\/media\/26092"}],"wp:attachment":[{"href":"https:\/\/getquipu.com\/blog\/wp-json\/wp\/v2\/media?parent=7323"}],"wp:term":[{"taxonomy":"category","embeddable":true,"href":"https:\/\/getquipu.com\/blog\/wp-json\/wp\/v2\/categories?post=7323"},{"taxonomy":"post_tag","embeddable":true,"href":"https:\/\/getquipu.com\/blog\/wp-json\/wp\/v2\/tags?post=7323"}],"curies":[{"name":"wp","href":"https:\/\/api.w.org\/{rel}","templated":true}]}}