{"id":54016,"date":"2026-09-01T17:10:26","date_gmt":"2026-09-01T15:10:26","guid":{"rendered":"https:\/\/getquipu.com\/blog\/?p=54016"},"modified":"2026-09-01T17:14:11","modified_gmt":"2026-09-01T15:14:11","slug":"cuota-reducida-80-euros-5-anos","status":"publish","type":"post","link":"https:\/\/getquipu.com\/blog\/cuota-reducida-80-euros-5-anos\/","title":{"rendered":"Los aut\u00f3nomos que ganen menos del SMI podr\u00e1n seguir pagando la cuota reducida de 80 euros hasta 5 a\u00f1os"},"content":{"rendered":"<p><em>\u00abLa tarifa plana dura un a\u00f1o y despu\u00e9s, a pagar como todos.\u00bb Es la frase que escucha cualquier aut\u00f3nomo que empieza. Pues bien: es incompleta. Y la parte que falta puede suponer miles de euros de ahorro en cotizaciones si tu negocio todav\u00eda factura poco.<\/em><\/p>\n<div class=\"wp-block-group box-sintesis has-background\" style=\"background-color:#BFE4F5\">\n<div class=\"wp-block-group__inner-container is-layout-flow wp-block-group-is-layout-flow\">\n<h2 class=\"wp-block-heading\">S\u00edntesis del art\u00edculo<\/h2>\n<p>La cuota reducida de 80 euros al mes \u2014la conocida tarifa plana del art\u00edculo 38 ter de la Ley 20\/2007\u2014 no termina necesariamente al a\u00f1o: los nuevos aut\u00f3nomos cuyos rendimientos netos queden por debajo del SMI (17.094 euros anuales en 2026) pueden prorrogarla 12 meses m\u00e1s, hasta completar 2 a\u00f1os. Y para los aut\u00f3nomos con una discapacidad igual o superior al 33%, las v\u00edctimas de violencia de g\u00e9nero y las v\u00edctimas de terrorismo los periodos se ampl\u00edan a 24+36 meses: hasta 5 a\u00f1os pagando 80 euros. La pr\u00f3rroga debe solicitarse a la Seguridad Social antes de agotar el periodo inicial, con una declaraci\u00f3n de ingresos previstos, y si despu\u00e9s se supera el SMI, los meses afectados se regularizan.<\/p>\n<p><strong>Roger Doba\u00f1o \u00b7 CEO de Quipu<\/strong><\/p>\n<\/div>\n<\/div>\n<h2 class=\"wp-block-heading\"><strong>La letra peque\u00f1a de la tarifa plana que casi nadie conoce<\/strong><\/h2>\n<p>Cuando se habla de la tarifa plana de aut\u00f3nomos, el relato habitual es simple: te das de alta, pagas 80 euros al mes durante un a\u00f1o y despu\u00e9s pasas a cotizar por tus <a href=\"https:\/\/getquipu.com\/blog\/nueva-cuota-de-autonomos\/\">tramos de rendimientos netos<\/a>. Pero esa versi\u00f3n se deja fuera lo m\u00e1s interesante.<\/p>\n<p>La cuota reducida, regulada en el <strong>art\u00edculo 38 ter de la Ley 20\/2007<\/strong> (el Estatuto del Trabajo Aut\u00f3nomo, en la redacci\u00f3n que le dio el Real Decreto-ley 13\/2022), est\u00e1 dise\u00f1ada como un colch\u00f3n para los negocios que arrancan despacio. Y por eso incluye un mecanismo de pr\u00f3rroga pensado espec\u00edficamente para quienes <strong>todav\u00eda no ganan ni el equivalente al salario m\u00ednimo<\/strong>: mientras tus rendimientos netos no alcancen el SMI, puedes seguir dentro de la cuota reducida un segundo periodo completo.<\/p>\n<p>Con car\u00e1cter general eso significa 2 a\u00f1os pagando 80 euros al mes. Pero para tres colectivos concretos, la ley ampl\u00eda los plazos hasta un total de <strong>60 meses: cinco a\u00f1os enteros de actividad con la misma cuota<\/strong>.<\/p>\n<h2 class=\"wp-block-heading\"><strong>C\u00f3mo funciona la cuota reducida: 12 meses para todos\u2026 y otros 12 si ganas menos del SMI<\/strong><\/h2>\n<p>El esquema b\u00e1sico tiene dos periodos bien diferenciados:<\/p>\n<ul class=\"wp-block-list\">\n<li><strong>Primer periodo (12 meses):<\/strong> se aplica a cualquier aut\u00f3nomo que se d\u00e9 de alta por primera vez o que no haya estado de alta en el RETA en los 2 a\u00f1os anteriores (3 a\u00f1os si ya disfrut\u00f3 de la tarifa plana en su alta anterior). Da igual lo que ingreses: durante estos 12 meses naturales completos pagas la cuota reducida s\u00ed o s\u00ed.<\/li>\n<li><strong>Segundo periodo (otros 12 meses):<\/strong> aqu\u00ed entra el requisito de ingresos. Solo pueden prorrogarla los aut\u00f3nomos cuyos <strong>rendimientos econ\u00f3micos netos anuales sean inferiores al SMI<\/strong>. En 2026, tras la subida aprobada por el Real Decreto 126\/2026, el list\u00f3n est\u00e1 en <strong>17.094 euros anuales<\/strong> (1.221 \u20ac al mes en 14 pagas).<\/li>\n<\/ul>\n<p>La pr\u00f3rroga no es autom\u00e1tica. Hay que <strong>solicitarla a la Tesorer\u00eda General de la Seguridad Social antes de que empiece el segundo periodo<\/strong> \u2014es decir, antes de que se agoten tus primeros 12 meses\u2014 acompa\u00f1ando una declaraci\u00f3n de que prev\u00e9s obtener rendimientos netos inferiores al SMI durante los a\u00f1os naturales que abarque la pr\u00f3rroga. Un detalle importante: si el segundo periodo cae a caballo entre dos a\u00f1os naturales, el requisito de ingresos debe cumplirse <em>en cada uno de ellos<\/em>.<\/p>\n<div class=\"wp-block-group has-background\" style=\"background-color:#fef9f5\">\n<div class=\"wp-block-group__inner-container is-layout-flow wp-block-group-is-layout-flow\">\n<p class=\"has-text-align-center has-medium-font-size\"><strong>\u00bfC\u00f3mo funciona la Tarifa Plana de aut\u00f3nomos?<\/strong> \ud83d\udcf9<\/p>\n<p>\ud83d\udcf9 En este v\u00eddeo te explicamos la Tarifa Plana al detalle: qui\u00e9n puede solicitarla, cu\u00e1nto dura, c\u00f3mo se pide la pr\u00f3rroga cuando tus ingresos no llegan al SMI y los errores que pueden hacer que la pierdas.<\/p>\n<div class=\"iframe-container\">\n<p><iframe class=\"responsive-iframe\" title=\"YouTube video player\" src=\"https:\/\/www.youtube.com\/embed\/QRVTMnstbSo\" frameborder=\"0\" allowfullscreen=\"allowfullscreen\"><\/iframe><\/p>\n<\/div>\n<div style=\"height:20px\" aria-hidden=\"true\" class=\"wp-block-spacer\"><\/div>\n<div class=\"btn-div-destacado\"><a href=\"https:\/\/getquipu.com\/es\/cuentas\/registro\" class=\"btn-destacado\" target=\"_blank\" rel=\"noreferrer noopener\">Prueba Quipu Gratis<\/a><\/div>\n<div style=\"height:15px\" aria-hidden=\"true\" class=\"wp-block-spacer\"><\/div>\n<p class=\"has-text-align-center has-small-font-size\">Prueba gratuita de 15 d\u00edas. Sin permanencia. Sin introducir tu tarjeta.<\/p>\n<\/div>\n<\/div>\n<h2 class=\"wp-block-heading\"><strong>El supuesto que alarga la tarifa plana hasta los 5 a\u00f1os<\/strong><\/h2>\n<p>El apartado 10 del art\u00edculo 38 ter recoge la ampliaci\u00f3n que da titularidad a esta noticia. Para tres colectivos, los periodos de 12+12 meses se convierten en <strong>24+36<\/strong>:<\/p>\n<ul class=\"wp-block-list\">\n<li>Aut\u00f3nomos con un <strong>grado de discapacidad igual o superior al 33%<\/strong>.<\/li>\n<li><strong>V\u00edctimas de violencia de g\u00e9nero<\/strong>.<\/li>\n<li><strong>V\u00edctimas de terrorismo<\/strong>.<\/li>\n<\/ul>\n<p>En estos casos, el primer periodo de cuota reducida dura <strong>24 meses naturales completos, sin requisito de ingresos<\/strong>. Y si al llegar a ese punto los rendimientos netos siguen por debajo del SMI, la pr\u00f3rroga se extiende <strong>36 meses m\u00e1s<\/strong>. En total, 60 meses \u2014los primeros cinco a\u00f1os de actividad\u2014 pagando la cuota reducida de 80 euros.<\/p>\n<figure class=\"wp-block-table\">\n<table class=\"has-fixed-layout\">\n<tbody>\n<tr>\n<td>Colectivo<\/td>\n<td>Periodo inicial<\/td>\n<td>Pr\u00f3rroga (si ingresos &lt; SMI)<\/td>\n<td>Total m\u00e1ximo<\/td>\n<\/tr>\n<tr>\n<td>Aut\u00f3nomos en general<\/td>\n<td>12 meses<\/td>\n<td>+12 meses<\/td>\n<td><strong>2 a\u00f1os<\/strong><\/td>\n<\/tr>\n<tr>\n<td>Discapacidad \u226533%, v\u00edctimas de violencia de g\u00e9nero y v\u00edctimas de terrorismo<\/td>\n<td>24 meses<\/td>\n<td>+36 meses<\/td>\n<td><strong>5 a\u00f1os<\/strong><\/td>\n<\/tr>\n<\/tbody>\n<\/table>\n<\/figure>\n<p><strong><em>Fuente:<\/em><\/strong><em> art\u00edculo 38 ter de la Ley 20\/2007, en la redacci\u00f3n dada por el Real Decreto-ley 13\/2022.<\/em><\/p>\n<h2 class=\"wp-block-heading\"><strong>\u00bfSigue siendo de 80 euros en 2026?<\/strong><\/h2>\n<p>S\u00ed. El Real Decreto-ley 13\/2022 fij\u00f3 la cuota reducida en <strong>80 euros mensuales para el periodo 2023-2025<\/strong> y encarg\u00f3 a la Ley de Presupuestos Generales del Estado de cada ejercicio fijar la cuant\u00eda a partir de 2026. Como los presupuestos siguen prorrogados, el importe se mantiene en los mismos 80 euros.<\/p>\n<p>Adem\u00e1s, la tarifa plana ha salido indemne de la \u00faltima batalla por las cotizaciones: la <a href=\"https:\/\/getquipu.com\/blog\/novedades-autonomos-2026-gobierno\/\">propuesta rectificada del Gobierno para las cuotas de 2026<\/a> congel\u00f3 los tramos de menores ingresos y no toc\u00f3 la cuota reducida de inicio de actividad, pese a que alguna asociaci\u00f3n lleg\u00f3 a proponer eliminarla para financiar otras bonificaciones.<\/p>\n<p>A esto se suman las <strong>ayudas auton\u00f3micas de \u00abcuota cero\u00bb<\/strong>: comunidades como <a href=\"https:\/\/getquipu.com\/blog\/cuota-cero-autonomos-cantabria\/\">Cantabria<\/a>, Extremadura, Canarias o Arag\u00f3n subvencionan el 100% de la cuota reducida, de modo que el coste real para el nuevo aut\u00f3nomo puede ser directamente de 0 euros durante uno o dos a\u00f1os.<\/p>\n<h2 class=\"wp-block-heading\"><strong>Ojo con pasarte del SMI: as\u00ed funciona la regularizaci\u00f3n<\/strong><\/h2>\n<p>La cuota reducida tiene una red de seguridad para la Administraci\u00f3n que conviene conocer antes de confiarse:<\/p>\n<ul class=\"wp-block-list\">\n<li><strong>Durante el primer periodo no hay regularizaci\u00f3n.<\/strong> Aunque tu a\u00f1o arranque mejor de lo previsto, los 12 (o 24) primeros meses de cuota reducida no se recalculan.<\/li>\n<li><strong>Durante la pr\u00f3rroga, s\u00ed.<\/strong> Si en alguno de los a\u00f1os que abarca el segundo periodo tus rendimientos netos acaban superando el SMI, la Seguridad Social <strong>regularizar\u00e1 la cotizaci\u00f3n de los meses afectados<\/strong> de ese a\u00f1o, tomando la parte proporcional de tus rendimientos, y te reclamar\u00e1 la diferencia respecto al tramo que realmente te correspond\u00eda.<\/li>\n<\/ul>\n<p>En otras palabras: la declaraci\u00f3n de ingresos previstos que presentas al pedir la pr\u00f3rroga no es papel mojado. Llevar un control fino de tus rendimientos netos \u2014ingresos menos gastos deducibles\u2014 deja de ser opcional, porque de esa cifra depende tanto tu derecho a la pr\u00f3rroga como el riesgo de una regularizaci\u00f3n posterior. Un <a href=\"https:\/\/getquipu.com\/es\/cuentas\/registro\">programa de facturaci\u00f3n<\/a> que te calcule en tiempo real cu\u00e1nto llevas ganado en el a\u00f1o es la forma m\u00e1s sencilla de saber si vas camino de rozar el list\u00f3n del SMI.<\/p>\n<h2 class=\"wp-block-heading\"><strong>Lo que debes valorar antes de agarrarte a los 80 euros<\/strong><\/h2>\n<p>Mantener la cuota reducida cinco a\u00f1os puede parecer un chollo, pero tiene contrapartidas que la ley deja negro sobre blanco:<\/p>\n<ul class=\"wp-block-list\">\n<li><strong>Cotizas por la base m\u00ednima.<\/strong> Las prestaciones que generes durante la tarifa plana (baja m\u00e9dica, cese de actividad, jubilaci\u00f3n) se calculan sobre la base m\u00ednima del tramo m\u00e1s bajo de la tabla general. Cinco a\u00f1os cotizando al m\u00ednimo se notan en tu carrera de cotizaci\u00f3n.<\/li>\n<li><strong>Si te das de baja, se acab\u00f3.<\/strong> El derecho se extingue con la baja en el RETA, y para volver a disfrutar de la tarifa plana en un alta futura tendr\u00e1s que esperar 3 a\u00f1os.<\/li>\n<li><strong>Puedes renunciar.<\/strong> Si tu negocio despega y prefieres cotizar por tus ingresos reales para generar mejores prestaciones, puedes renunciar expresamente, con efectos desde el mes siguiente.<\/li>\n<li><strong>No todo el mundo entra.<\/strong> Los familiares colaboradores (hasta el segundo grado) quedan expresamente excluidos. En cambio, s\u00ed pueden acogerse los socios de sociedades de capital y laborales y los socios trabajadores de cooperativas encuadrados en el RETA.<\/li>\n<li><strong>Contratar no te la quita.<\/strong> Puedes emplear a trabajadores por cuenta ajena sin perder la cuota reducida.<\/li>\n<\/ul>\n<div style=\"height:25px\" class=\"wp-block-spacer\"><\/div>\n<div class=\"lead-magnet-banner\" style=\"margin:0 auto;max-width:100%;text-align:center\">\n<div class=\"hs-cta-embed hs-cta-simple-placeholder hs-cta-embed-407458353356\"\n  style=\"max-width:100%; max-height:100%; width:100%;height:auto\" data-hubspot-wrapper-cta-id=\"407458353356\"><br \/>\n  <a href=\"https:\/\/cta-eu1.hubspot.com\/web-interactives\/public\/v1\/track\/redirect?encryptedPayload=AVxigLJU1wp80HdfWn7u1eGGZYSDHUmCPcyxAQs6%2BaH1W%2BDYVBUiaW2rhSubNkV6T6JsFjp20tpQ5gv1coC2CjpI3RsnkCDbQZ5k7eSNKAwm6tOMHi8F6x6scI6flqcyEHOBJMw8acyEP04VVxKPTx%2FLvhLUufw99UutbMLqj2F1W2ml2M3WZvR3fTkrYJiPj%2BBVasLjmqli5yF0%2F844gKl50oylcQ%3D%3D&#038;webInteractiveContentId=407458353356&#038;portalId=145818878\" target=\"_blank\" rel=\"noopener\" crossorigin=\"anonymous\"><br \/>\n    <img decoding=\"async\" alt=\"1600 x 403\" loading=\"lazy\" src=\"https:\/\/hubspot-no-cache-eu1-prod.s3.amazonaws.com\/cta\/default\/145818878\/interactive-407458353356.png\" style=\"height: 100%; width: 100%; object-fit: fill\"\n      onerror=\"this.style.display='none'\" \/><br \/>\n  <\/a>\n<\/div>\n<\/div>\n<div style=\"height:25px\" class=\"wp-block-spacer\"><\/div>\n<h2 class=\"wp-block-heading\"><strong>Conclusi\u00f3n: un bal\u00f3n de ox\u00edgeno de hasta 5 a\u00f1os, pero con contador<\/strong><\/h2>\n<p>La cuota reducida de 80 euros es mucho m\u00e1s flexible de lo que su fama de \u00abtarifa plana de un a\u00f1o\u00bb sugiere: <strong>2 a\u00f1os para cualquier aut\u00f3nomo que facture por debajo del SMI y hasta 5 para los colectivos con periodos ampliados<\/strong>. Eso s\u00ed, la pr\u00f3rroga hay que pedirla a tiempo, justificarla con una previsi\u00f3n de ingresos realista y vigilarla cada a\u00f1o natural.<\/p>\n<p>El movimiento inteligente no es solo acogerse a ella, sino saber en todo momento d\u00f3nde est\u00e1n tus rendimientos netos respecto al SMI. Porque la diferencia entre una pr\u00f3rroga tranquila y una regularizaci\u00f3n con atrasos es, literalmente, una cifra en tu contabilidad.<\/p>\n","protected":false},"excerpt":{"rendered":"<p>La tarifa plana no siempre acaba al a\u00f1o: los aut\u00f3nomos con rendimientos por debajo del SMI pueden mantener la cuota reducida de 80 euros hasta 2 a\u00f1os, y hasta 5 a\u00f1os si tienen una discapacidad del 33%, o son v\u00edctimas de violencia de g\u00e9nero o terrorismo.<\/p>\n","protected":false},"author":3,"featured_media":54021,"comment_status":"closed","ping_status":"open","sticky":false,"template":"","format":"standard","meta":{"footnotes":""},"categories":[441],"tags":[],"class_list":["post-54016","post","type-post","status-publish","format-standard","has-post-thumbnail","hentry","category-quipu","generate-columns","tablet-grid-50","mobile-grid-100","grid-parent","grid-50","resize-featured-image"],"yoast_head":"<!-- This site is optimized with the Yoast SEO plugin v23.9 - https:\/\/yoast.com\/wordpress\/plugins\/seo\/ -->\n<title>Los aut\u00f3nomos que ganen menos del SMI podr\u00e1n seguir pagando la cuota reducida de 80 euros hasta 5 a\u00f1os - Quipu<\/title>\n<meta name=\"robots\" content=\"index, follow, max-snippet:-1, max-image-preview:large, max-video-preview:-1\" \/>\n<link rel=\"canonical\" href=\"https:\/\/getquipu.com\/blog\/cuota-reducida-80-euros-5-anos\/\" \/>\n<meta property=\"og:locale\" content=\"es_ES\" \/>\n<meta property=\"og:type\" content=\"article\" \/>\n<meta property=\"og:title\" content=\"Los aut\u00f3nomos que ganen menos del SMI podr\u00e1n seguir pagando la cuota reducida de 80 euros hasta 5 a\u00f1os - Quipu\" \/>\n<meta property=\"og:description\" content=\"La tarifa plana no siempre acaba al a\u00f1o: los aut\u00f3nomos con rendimientos por debajo del SMI pueden mantener la cuota reducida de 80 euros hasta 2 a\u00f1os, y hasta 5 a\u00f1os si tienen una discapacidad del 33%, o son v\u00edctimas de violencia de g\u00e9nero o terrorismo.\" \/>\n<meta property=\"og:url\" content=\"https:\/\/getquipu.com\/blog\/cuota-reducida-80-euros-5-anos\/\" \/>\n<meta property=\"og:site_name\" content=\"TeamSystem Quipu\" \/>\n<meta property=\"article:published_time\" content=\"2026-09-01T15:10:26+00:00\" \/>\n<meta property=\"article:modified_time\" content=\"2026-09-01T15:14:11+00:00\" \/>\n<meta property=\"og:image\" content=\"https:\/\/getquipu.com\/wp-content\/uploads\/2026\/09\/01171343\/cuota-reducida-80-euros-autonomos-tarifa-plana.jpg\" \/>\n\t<meta property=\"og:image:width\" content=\"1536\" \/>\n\t<meta property=\"og:image:height\" content=\"573\" \/>\n\t<meta property=\"og:image:type\" content=\"image\/jpeg\" \/>\n<meta name=\"author\" content=\"Roger Doba\u00f1o - CEO Quipu\" \/>\n<meta name=\"twitter:card\" content=\"summary_large_image\" \/>\n<meta name=\"twitter:creator\" content=\"@rogerdobano\" \/>\n<meta name=\"twitter:label1\" content=\"Escrito por\" \/>\n\t<meta name=\"twitter:data1\" content=\"Roger Doba\u00f1o - CEO Quipu\" \/>\n\t<meta name=\"twitter:label2\" content=\"Tiempo de lectura\" \/>\n\t<meta name=\"twitter:data2\" content=\"8 minutos\" \/>\n<script type=\"application\/ld+json\" class=\"yoast-schema-graph\">{\"@context\":\"https:\/\/schema.org\",\"@graph\":[{\"@type\":\"Article\",\"@id\":\"https:\/\/getquipu.com\/blog\/cuota-reducida-80-euros-5-anos\/#article\",\"isPartOf\":{\"@id\":\"https:\/\/getquipu.com\/blog\/cuota-reducida-80-euros-5-anos\/\"},\"author\":{\"name\":\"Roger Doba\u00f1o - CEO Quipu\",\"@id\":\"https:\/\/getquipu.com\/blog\/#\/schema\/person\/373ccc5d513d88aea29fc8135422fa2e\"},\"headline\":\"Los aut\u00f3nomos que ganen menos del SMI podr\u00e1n seguir pagando la cuota reducida de 80 euros hasta 5 a\u00f1os\",\"datePublished\":\"2026-09-01T15:10:26+00:00\",\"dateModified\":\"2026-09-01T15:14:11+00:00\",\"mainEntityOfPage\":{\"@id\":\"https:\/\/getquipu.com\/blog\/cuota-reducida-80-euros-5-anos\/\"},\"wordCount\":1527,\"publisher\":{\"@id\":\"https:\/\/getquipu.com\/blog\/#organization\"},\"image\":{\"@id\":\"https:\/\/getquipu.com\/blog\/cuota-reducida-80-euros-5-anos\/#primaryimage\"},\"thumbnailUrl\":\"https:\/\/getquipu.com\/wp-content\/uploads\/2026\/09\/01171343\/cuota-reducida-80-euros-autonomos-tarifa-plana.jpg\",\"articleSection\":[\"quipu\"],\"inLanguage\":\"es\"},{\"@type\":\"WebPage\",\"@id\":\"https:\/\/getquipu.com\/blog\/cuota-reducida-80-euros-5-anos\/\",\"url\":\"https:\/\/getquipu.com\/blog\/cuota-reducida-80-euros-5-anos\/\",\"name\":\"Los aut\u00f3nomos que ganen menos del SMI podr\u00e1n seguir pagando la cuota reducida de 80 euros hasta 5 a\u00f1os - Quipu\",\"isPartOf\":{\"@id\":\"https:\/\/getquipu.com\/blog\/#website\"},\"primaryImageOfPage\":{\"@id\":\"https:\/\/getquipu.com\/blog\/cuota-reducida-80-euros-5-anos\/#primaryimage\"},\"image\":{\"@id\":\"https:\/\/getquipu.com\/blog\/cuota-reducida-80-euros-5-anos\/#primaryimage\"},\"thumbnailUrl\":\"https:\/\/getquipu.com\/wp-content\/uploads\/2026\/09\/01171343\/cuota-reducida-80-euros-autonomos-tarifa-plana.jpg\",\"datePublished\":\"2026-09-01T15:10:26+00:00\",\"dateModified\":\"2026-09-01T15:14:11+00:00\",\"breadcrumb\":{\"@id\":\"https:\/\/getquipu.com\/blog\/cuota-reducida-80-euros-5-anos\/#breadcrumb\"},\"inLanguage\":\"es\",\"potentialAction\":[{\"@type\":\"ReadAction\",\"target\":[\"https:\/\/getquipu.com\/blog\/cuota-reducida-80-euros-5-anos\/\"]}]},{\"@type\":\"ImageObject\",\"inLanguage\":\"es\",\"@id\":\"https:\/\/getquipu.com\/blog\/cuota-reducida-80-euros-5-anos\/#primaryimage\",\"url\":\"https:\/\/getquipu.com\/wp-content\/uploads\/2026\/09\/01171343\/cuota-reducida-80-euros-autonomos-tarifa-plana.jpg\",\"contentUrl\":\"https:\/\/getquipu.com\/wp-content\/uploads\/2026\/09\/01171343\/cuota-reducida-80-euros-autonomos-tarifa-plana.jpg\",\"width\":1536,\"height\":573,\"caption\":\"Aut\u00f3noma trabajando con su port\u00e1til junto a una moneda de 80 euros, s\u00edmbolo de la cuota reducida de la tarifa plana\"},{\"@type\":\"BreadcrumbList\",\"@id\":\"https:\/\/getquipu.com\/blog\/cuota-reducida-80-euros-5-anos\/#breadcrumb\",\"itemListElement\":[{\"@type\":\"ListItem\",\"position\":1,\"name\":\"Blog\",\"item\":\"https:\/\/getquipu.com\/blog\/\"},{\"@type\":\"ListItem\",\"position\":2,\"name\":\"quipu\",\"item\":\"https:\/\/getquipu.com\/blog\/category\/quipu\/\"},{\"@type\":\"ListItem\",\"position\":3,\"name\":\"Los aut\u00f3nomos que ganen menos del SMI podr\u00e1n seguir pagando la cuota reducida de 80 euros hasta 5 a\u00f1os\"}]},{\"@type\":\"WebSite\",\"@id\":\"https:\/\/getquipu.com\/blog\/#website\",\"url\":\"https:\/\/getquipu.com\/blog\/\",\"name\":\"TeamSystem Quipu\",\"description\":\"Informaci\u00f3n \u00fatil sobre fiscalidad y eficiencia administrativa en negocios como el tuyo.\",\"publisher\":{\"@id\":\"https:\/\/getquipu.com\/blog\/#organization\"},\"potentialAction\":[{\"@type\":\"SearchAction\",\"target\":{\"@type\":\"EntryPoint\",\"urlTemplate\":\"https:\/\/getquipu.com\/blog\/?s={search_term_string}\"},\"query-input\":{\"@type\":\"PropertyValueSpecification\",\"valueRequired\":true,\"valueName\":\"search_term_string\"}}],\"inLanguage\":\"es\"},{\"@type\":\"Organization\",\"@id\":\"https:\/\/getquipu.com\/blog\/#organization\",\"name\":\"Quipu\",\"url\":\"https:\/\/getquipu.com\/blog\/\",\"logo\":{\"@type\":\"ImageObject\",\"inLanguage\":\"es\",\"@id\":\"https:\/\/getquipu.com\/blog\/#\/schema\/logo\/image\/\",\"url\":\"https:\/\/getquipu.com\/wp-content\/uploads\/2022\/06\/20105810\/logo-quipu.png\",\"contentUrl\":\"https:\/\/getquipu.com\/wp-content\/uploads\/2022\/06\/20105810\/logo-quipu.png\",\"width\":399,\"height\":399,\"caption\":\"Quipu\"},\"image\":{\"@id\":\"https:\/\/getquipu.com\/blog\/#\/schema\/logo\/image\/\"}},{\"@type\":\"Person\",\"@id\":\"https:\/\/getquipu.com\/blog\/#\/schema\/person\/373ccc5d513d88aea29fc8135422fa2e\",\"name\":\"Roger Doba\u00f1o - CEO Quipu\",\"image\":{\"@type\":\"ImageObject\",\"inLanguage\":\"es\",\"@id\":\"https:\/\/getquipu.com\/blog\/#\/schema\/person\/image\/\",\"url\":\"https:\/\/secure.gravatar.com\/avatar\/34af94bfd8e5677657b0a2d961dc4974?s=96&d=mm&r=g\",\"contentUrl\":\"https:\/\/secure.gravatar.com\/avatar\/34af94bfd8e5677657b0a2d961dc4974?s=96&d=mm&r=g\",\"caption\":\"Roger Doba\u00f1o - CEO Quipu\"},\"description\":\"Roger es CEO y Fundador de Quipu, un software en la nube que lleva +10 a\u00f1os ayudando a aut\u00f3nomos, pymes y asesor\u00edas a digitalizar su operativa precontable. A ra\u00edz de una mala experiencia como aut\u00f3nomo, Roger se propuso crear un programa que acompa\u00f1ara a los empresarios a lidiar con la administraci\u00f3n.\",\"sameAs\":[\"https:\/\/getquipu.com\",\"https:\/\/www.linkedin.com\/in\/rogerdobano\/\",\"https:\/\/x.com\/@rogerdobano\"],\"url\":\"https:\/\/getquipu.com\/blog\/author\/roger\/\"}]}<\/script>\n<!-- \/ Yoast SEO plugin. -->","yoast_head_json":{"title":"Los aut\u00f3nomos que ganen menos del SMI podr\u00e1n seguir pagando la cuota reducida de 80 euros hasta 5 a\u00f1os - Quipu","robots":{"index":"index","follow":"follow","max-snippet":"max-snippet:-1","max-image-preview":"max-image-preview:large","max-video-preview":"max-video-preview:-1"},"canonical":"https:\/\/getquipu.com\/blog\/cuota-reducida-80-euros-5-anos\/","og_locale":"es_ES","og_type":"article","og_title":"Los aut\u00f3nomos que ganen menos del SMI podr\u00e1n seguir pagando la cuota reducida de 80 euros hasta 5 a\u00f1os - Quipu","og_description":"La tarifa plana no siempre acaba al a\u00f1o: los aut\u00f3nomos con rendimientos por debajo del SMI pueden mantener la cuota reducida de 80 euros hasta 2 a\u00f1os, y hasta 5 a\u00f1os si tienen una discapacidad del 33%, o son v\u00edctimas de violencia de g\u00e9nero o terrorismo.","og_url":"https:\/\/getquipu.com\/blog\/cuota-reducida-80-euros-5-anos\/","og_site_name":"TeamSystem Quipu","article_published_time":"2026-09-01T15:10:26+00:00","article_modified_time":"2026-09-01T15:14:11+00:00","og_image":[{"width":1536,"height":573,"url":"https:\/\/getquipu.com\/wp-content\/uploads\/2026\/09\/01171343\/cuota-reducida-80-euros-autonomos-tarifa-plana.jpg","type":"image\/jpeg"}],"author":"Roger Doba\u00f1o - CEO Quipu","twitter_card":"summary_large_image","twitter_creator":"@rogerdobano","twitter_misc":{"Escrito por":"Roger Doba\u00f1o - CEO Quipu","Tiempo de lectura":"8 minutos"},"schema":{"@context":"https:\/\/schema.org","@graph":[{"@type":"Article","@id":"https:\/\/getquipu.com\/blog\/cuota-reducida-80-euros-5-anos\/#article","isPartOf":{"@id":"https:\/\/getquipu.com\/blog\/cuota-reducida-80-euros-5-anos\/"},"author":{"name":"Roger Doba\u00f1o - CEO Quipu","@id":"https:\/\/getquipu.com\/blog\/#\/schema\/person\/373ccc5d513d88aea29fc8135422fa2e"},"headline":"Los aut\u00f3nomos que ganen menos del SMI podr\u00e1n seguir pagando la cuota reducida de 80 euros hasta 5 a\u00f1os","datePublished":"2026-09-01T15:10:26+00:00","dateModified":"2026-09-01T15:14:11+00:00","mainEntityOfPage":{"@id":"https:\/\/getquipu.com\/blog\/cuota-reducida-80-euros-5-anos\/"},"wordCount":1527,"publisher":{"@id":"https:\/\/getquipu.com\/blog\/#organization"},"image":{"@id":"https:\/\/getquipu.com\/blog\/cuota-reducida-80-euros-5-anos\/#primaryimage"},"thumbnailUrl":"https:\/\/getquipu.com\/wp-content\/uploads\/2026\/09\/01171343\/cuota-reducida-80-euros-autonomos-tarifa-plana.jpg","articleSection":["quipu"],"inLanguage":"es"},{"@type":"WebPage","@id":"https:\/\/getquipu.com\/blog\/cuota-reducida-80-euros-5-anos\/","url":"https:\/\/getquipu.com\/blog\/cuota-reducida-80-euros-5-anos\/","name":"Los aut\u00f3nomos que ganen menos del SMI podr\u00e1n seguir pagando la cuota reducida de 80 euros hasta 5 a\u00f1os - Quipu","isPartOf":{"@id":"https:\/\/getquipu.com\/blog\/#website"},"primaryImageOfPage":{"@id":"https:\/\/getquipu.com\/blog\/cuota-reducida-80-euros-5-anos\/#primaryimage"},"image":{"@id":"https:\/\/getquipu.com\/blog\/cuota-reducida-80-euros-5-anos\/#primaryimage"},"thumbnailUrl":"https:\/\/getquipu.com\/wp-content\/uploads\/2026\/09\/01171343\/cuota-reducida-80-euros-autonomos-tarifa-plana.jpg","datePublished":"2026-09-01T15:10:26+00:00","dateModified":"2026-09-01T15:14:11+00:00","breadcrumb":{"@id":"https:\/\/getquipu.com\/blog\/cuota-reducida-80-euros-5-anos\/#breadcrumb"},"inLanguage":"es","potentialAction":[{"@type":"ReadAction","target":["https:\/\/getquipu.com\/blog\/cuota-reducida-80-euros-5-anos\/"]}]},{"@type":"ImageObject","inLanguage":"es","@id":"https:\/\/getquipu.com\/blog\/cuota-reducida-80-euros-5-anos\/#primaryimage","url":"https:\/\/getquipu.com\/wp-content\/uploads\/2026\/09\/01171343\/cuota-reducida-80-euros-autonomos-tarifa-plana.jpg","contentUrl":"https:\/\/getquipu.com\/wp-content\/uploads\/2026\/09\/01171343\/cuota-reducida-80-euros-autonomos-tarifa-plana.jpg","width":1536,"height":573,"caption":"Aut\u00f3noma trabajando con su port\u00e1til junto a una moneda de 80 euros, s\u00edmbolo de la cuota reducida de la tarifa plana"},{"@type":"BreadcrumbList","@id":"https:\/\/getquipu.com\/blog\/cuota-reducida-80-euros-5-anos\/#breadcrumb","itemListElement":[{"@type":"ListItem","position":1,"name":"Blog","item":"https:\/\/getquipu.com\/blog\/"},{"@type":"ListItem","position":2,"name":"quipu","item":"https:\/\/getquipu.com\/blog\/category\/quipu\/"},{"@type":"ListItem","position":3,"name":"Los aut\u00f3nomos que ganen menos del SMI podr\u00e1n seguir pagando la cuota reducida de 80 euros hasta 5 a\u00f1os"}]},{"@type":"WebSite","@id":"https:\/\/getquipu.com\/blog\/#website","url":"https:\/\/getquipu.com\/blog\/","name":"TeamSystem Quipu","description":"Informaci\u00f3n \u00fatil sobre fiscalidad y eficiencia administrativa en negocios como el tuyo.","publisher":{"@id":"https:\/\/getquipu.com\/blog\/#organization"},"potentialAction":[{"@type":"SearchAction","target":{"@type":"EntryPoint","urlTemplate":"https:\/\/getquipu.com\/blog\/?s={search_term_string}"},"query-input":{"@type":"PropertyValueSpecification","valueRequired":true,"valueName":"search_term_string"}}],"inLanguage":"es"},{"@type":"Organization","@id":"https:\/\/getquipu.com\/blog\/#organization","name":"Quipu","url":"https:\/\/getquipu.com\/blog\/","logo":{"@type":"ImageObject","inLanguage":"es","@id":"https:\/\/getquipu.com\/blog\/#\/schema\/logo\/image\/","url":"https:\/\/getquipu.com\/wp-content\/uploads\/2022\/06\/20105810\/logo-quipu.png","contentUrl":"https:\/\/getquipu.com\/wp-content\/uploads\/2022\/06\/20105810\/logo-quipu.png","width":399,"height":399,"caption":"Quipu"},"image":{"@id":"https:\/\/getquipu.com\/blog\/#\/schema\/logo\/image\/"}},{"@type":"Person","@id":"https:\/\/getquipu.com\/blog\/#\/schema\/person\/373ccc5d513d88aea29fc8135422fa2e","name":"Roger Doba\u00f1o - CEO Quipu","image":{"@type":"ImageObject","inLanguage":"es","@id":"https:\/\/getquipu.com\/blog\/#\/schema\/person\/image\/","url":"https:\/\/secure.gravatar.com\/avatar\/34af94bfd8e5677657b0a2d961dc4974?s=96&d=mm&r=g","contentUrl":"https:\/\/secure.gravatar.com\/avatar\/34af94bfd8e5677657b0a2d961dc4974?s=96&d=mm&r=g","caption":"Roger Doba\u00f1o - CEO Quipu"},"description":"Roger es CEO y Fundador de Quipu, un software en la nube que lleva +10 a\u00f1os ayudando a aut\u00f3nomos, pymes y asesor\u00edas a digitalizar su operativa precontable. A ra\u00edz de una mala experiencia como aut\u00f3nomo, Roger se propuso crear un programa que acompa\u00f1ara a los empresarios a lidiar con la administraci\u00f3n.","sameAs":["https:\/\/getquipu.com","https:\/\/www.linkedin.com\/in\/rogerdobano\/","https:\/\/x.com\/@rogerdobano"],"url":"https:\/\/getquipu.com\/blog\/author\/roger\/"}]}},"_links":{"self":[{"href":"https:\/\/getquipu.com\/blog\/wp-json\/wp\/v2\/posts\/54016","targetHints":{"allow":["GET"]}}],"collection":[{"href":"https:\/\/getquipu.com\/blog\/wp-json\/wp\/v2\/posts"}],"about":[{"href":"https:\/\/getquipu.com\/blog\/wp-json\/wp\/v2\/types\/post"}],"author":[{"embeddable":true,"href":"https:\/\/getquipu.com\/blog\/wp-json\/wp\/v2\/users\/3"}],"replies":[{"embeddable":true,"href":"https:\/\/getquipu.com\/blog\/wp-json\/wp\/v2\/comments?post=54016"}],"version-history":[{"count":3,"href":"https:\/\/getquipu.com\/blog\/wp-json\/wp\/v2\/posts\/54016\/revisions"}],"predecessor-version":[{"id":54020,"href":"https:\/\/getquipu.com\/blog\/wp-json\/wp\/v2\/posts\/54016\/revisions\/54020"}],"wp:featuredmedia":[{"embeddable":true,"href":"https:\/\/getquipu.com\/blog\/wp-json\/wp\/v2\/media\/54021"}],"wp:attachment":[{"href":"https:\/\/getquipu.com\/blog\/wp-json\/wp\/v2\/media?parent=54016"}],"wp:term":[{"taxonomy":"category","embeddable":true,"href":"https:\/\/getquipu.com\/blog\/wp-json\/wp\/v2\/categories?post=54016"},{"taxonomy":"post_tag","embeddable":true,"href":"https:\/\/getquipu.com\/blog\/wp-json\/wp\/v2\/tags?post=54016"}],"curies":[{"name":"wp","href":"https:\/\/api.w.org\/{rel}","templated":true}]}}