{"id":51082,"date":"2025-02-03T13:16:15","date_gmt":"2025-02-03T12:16:15","guid":{"rendered":"https:\/\/getquipu.com\/blog\/?p=51082"},"modified":"2025-12-17T17:41:54","modified_gmt":"2025-12-17T16:41:54","slug":"verifactu-vs-factura-electronica","status":"publish","type":"post","link":"https:\/\/getquipu.com\/blog\/verifactu-vs-factura-electronica\/","title":{"rendered":"Verifactu vs factura electr\u00f3nica: \u00bfcu\u00e1les son las diferencias?"},"content":{"rendered":"\n<p>Comienza la cuenta atr\u00e1s (otra vez). Entre 2025 y 2027 entran en juego dos \u201cpiezas\u201d distintas que afectan a c\u00f3mo se factura en Espa\u00f1a:<\/p>\n\n\n\n<p><strong>Factura electr\u00f3nica obligatoria (B2B)<\/strong>: nace de la <strong>Ley 18\/2022 (Ley Crea y Crece)<\/strong>, pero sigue pendiente de que se apruebe y publique el <strong>reglamento t\u00e9cnico<\/strong>. <\/p>\n\n\n\n<p><strong>VeriFactu \/ requisitos de los sistemas inform\u00e1ticos de facturaci\u00f3n (SIF)<\/strong>: nacen del <strong>RD 1007\/2023<\/strong> y se han actualizado plazos por el <strong>RDL 15\/2025<\/strong>. <\/p>\n\n\n\n<p>Si todav\u00eda no sabes qu\u00e9 es Verifactu, qu\u00e9 es la factura electr\u00f3nica y cu\u00e1les son sus diferencias, sigue leyendo. <\/p>\n\n\n\n<p><strong>En este art\u00edculo aprender\u00e1s: <\/strong><\/p>\n\n\n\n<ul class=\"wp-block-list\">\n<li><a href=\"#que-es-verifactu\">\u00bfQu\u00e9 es Verifactu?<\/a><\/li>\n\n\n\n<li><a href=\"#que-es-factura\">\u00bfQu\u00e9 es la factura electr\u00f3nica?<\/a><\/li>\n\n\n\n<li><a href=\"#diferencias\">Principales diferencias entre Verifactu y la factura electr\u00f3nica<\/a><\/li>\n\n\n\n<li><a href=\"#tabla-comparativa\">Tabla comparativa entre Verifactu y factura electr\u00f3nica<\/a><\/li>\n<\/ul>\n\n\n\n<div class=\"wp-block-group has-background\" style=\"background-color:#fef9f5\"><div class=\"wp-block-group__inner-container is-layout-flow wp-block-group-is-layout-flow\">\n<h2 class=\"wp-block-heading has-text-align-center\">VERIFACTU vs Factura Electr\u00f3nica<\/h2>\n\n\n\n<p>\ud83d\udcf9 <strong>V\u00eddeo explicativo: <\/strong>Conoce c\u00f3mo la Ley Crea y Crece y la Ley Antifraude cambiar\u00e1n la manera de facturar en tu negocio. Te explicamos en detalle las diferencias entre ambas leyes, c\u00f3mo la factura electr\u00f3nica obligatoria impactar\u00e1 a empresarios y aut\u00f3nomos, los objetivos de estas leyes, y las obligaciones que deber\u00e1s cumplir&#8230;<\/p>\n\n\n\n<div class=\"iframe-container\">\n\n<iframe class=\"responsive-iframe\" title=\"YouTube video player\" src=\"https:\/\/www.youtube.com\/embed\/OhiR24be-F0\" frameborder=\"0\" allowfullscreen=\"allowfullscreen\"><\/iframe>\n\n<\/div>\n\n\n\n<div style=\"height:20px\" aria-hidden=\"true\" class=\"wp-block-spacer\"><\/div>\n\n\n\n<div class=\"btn-div-destacado\"><a href=\"https:\/\/getquipu.com\/es\/cuentas\/registro\" class=\"btn-destacado\" target=\"_blank\" rel=\"noreferrer noopener\">Prueba Quipu Gratis<\/a><\/div>\n\n\n\n<div style=\"height:15px\" aria-hidden=\"true\" class=\"wp-block-spacer\"><\/div>\n\n\n\n<p class=\"has-text-align-center has-small-font-size\">Prueba gratuita de 15 d\u00edas. Sin permanencia. Sin introducir tu tarjeta.<\/p>\n<\/div><\/div>\n\n\n\n<h2 class=\"wp-block-heading\" id=\"que-es-verifactu\">\u00bfQu\u00e9 es Verifactu?<\/h2>\n\n\n\n<p>En la pr\u00e1ctica, cuando la gente dice \u201c<a href=\"https:\/\/getquipu.com\/es\/sistema-verifactu\">VeriFactu<\/a>\u201d suele estar metiendo en el mismo saco dos cosas relacionadas:<\/p>\n\n\n\n<h3 class=\"wp-block-heading\">1) Requisitos para los programas\/sistemas que emiten facturas (SIF)<\/h3>\n\n\n\n<p>El <strong>Reglamento de sistemas inform\u00e1ticos de facturaci\u00f3n (RD 1007\/2023)<\/strong> obliga a que los sistemas que soportan la facturaci\u00f3n cumplan requisitos de integridad, trazabilidad, conservaci\u00f3n, etc. <\/p>\n\n\n\n<p>Adem\u00e1s, introduce cambios visibles en la factura: <strong>c\u00f3digo QR<\/strong> (y, solo en ciertos casos, una leyenda espec\u00edfica). La propia AEAT lo explica as\u00ed: QR siempre \u201cen este \u00e1mbito\u201d, y la leyenda <strong>solo si optas por la modalidad VERI*FACTU<\/strong>. <\/p>\n\n\n\n<h3 class=\"wp-block-heading\">2) La \u201cmodalidad VERI*FACTU\u201d (remisi\u00f3n a la AEAT)<\/h3>\n\n\n\n<p>Dentro del marco anterior, existe la opci\u00f3n de funcionar en <strong>modalidad VERI*FACTU<\/strong>, que permite <strong>remitir registros de facturaci\u00f3n a la AEAT<\/strong>.<\/p>\n\n\n\n<p>Importante: lo que suele ser \u201cvoluntario\u201d para el usuario final es <strong>optar por VERI*FACTU<\/strong> (remitir). Lo que s\u00ed es obligatorio es <strong>adaptarse a los requisitos del reglamento<\/strong> cuando te sea exigible.<\/p>\n\n\n\n<h3 class=\"wp-block-heading\">Fechas oficiales <\/h3>\n\n\n\n<p>Tras el <strong>Real Decreto-ley 15\/2025<\/strong>, los plazos de adaptaci\u00f3n quedan as\u00ed:<\/p>\n\n\n\n<ul class=\"wp-block-list\">\n<li><strong>Antes del 1 de enero de 2027<\/strong>: obligados del art. 3.1.a (en t\u00e9rminos pr\u00e1cticos, gran parte de quienes presentan <strong>Impuesto sobre Sociedades<\/strong>). <\/li>\n\n\n\n<li><strong>Antes del 1 de julio de 2027<\/strong>: <strong>resto de obligados<\/strong> del art. 3.1 (aqu\u00ed entra mucha casu\u00edstica de aut\u00f3nomos y empresas). <\/li>\n<\/ul>\n\n\n\n<p>Y detalle extra: el BOE tambi\u00e9n mantiene la referencia a los <strong>productores\/comercializadores de software<\/strong> (plazo de 9 meses desde la orden ministerial), pero <strong>sin poder ir m\u00e1s all\u00e1<\/strong> de esas fechas l\u00edmite. <\/p>\n\n\n\n<h3 class=\"wp-block-heading\">\u00bfSolo se puede con software privado?<\/h3>\n\n\n\n<p>No. La AEAT tiene una <strong>aplicaci\u00f3n gratuita VERI*FACTU<\/strong> orientada a quienes emiten un volumen reducido de facturas, con gu\u00edas y v\u00eddeos de uso.<\/p>\n\n\n\n<div class=\"wp-block-group box-destacada has-background\" style=\"background:linear-gradient(135deg,rgb(219,239,212) 0%,rgb(194,237,218) 53%,rgb(187,236,223) 100%)\"><div class=\"wp-block-group__inner-container is-layout-flow wp-block-group-is-layout-flow\">\n<p class=\"has-text-align-center\" style=\"font-size:22px\"><strong>Descubre la NUEVA operativa VeriFactu en Quipu<\/strong><\/p>\n\n\n\n<p>\ud83d\udcf9 <strong>V\u00eddeo explicativo: <\/strong>En el siguiente v\u00eddeo te mostramos c\u00f3mo funciona el sistema VERIFACTU en Quipu y la importancia de adaptarse durante este 2026.<\/p>\n\n\n\n<div class=\"iframe-container\">\n\n<iframe class=\"responsive-iframe\" title=\"YouTube video player\" src=\"https:\/\/www.youtube.com\/embed\/9fpYw6bS308?rel=0\" frameborder=\"0\" allowfullscreen=\"allowfullscreen\"><\/iframe>\n\n<\/div>\n\n\n\n<div style=\"height:25px\" aria-hidden=\"true\" class=\"wp-block-spacer\"><\/div>\n\n\n\n<div class=\"btn-div-destacado\"><a href=\"https:\/\/getquipu.com\/es\/cuentas\/registro\" class=\"btn-destacado\" target=\"_blank\" rel=\"noreferrer noopener\">Prueba Quipu Gratis<\/a><\/div>\n\n\n\n<div style=\"height:20px\" aria-hidden=\"true\" class=\"wp-block-spacer\"><\/div>\n\n\n\n<p class=\"has-text-align-center has-small-font-size\"><em>Prueba gratuita de 15 d\u00edas. Sin permanencia. Sin introducir tu tarjeta.<\/em><\/p>\n<\/div><\/div>\n\n\n\n<h2 class=\"wp-block-heading\" id=\"que-es-factura\">\u00bfQu\u00e9 es la factura electr\u00f3nica?<\/h2>\n\n\n\n<p>La <strong><a href=\"https:\/\/getquipu.com\/blog\/que-es-factura-electronica-como-hacer\/\">factura electr\u00f3nica<\/a><\/strong> es una factura en formato digital con validez legal, siempre que garantice autenticidad, integridad y legibilidad.<\/p>\n\n\n\n<p>Lo relevante aqu\u00ed no es que \u201cexista\u201d (existe desde hace a\u00f1os), sino la <strong>obligaci\u00f3n B2B en el sector privado<\/strong> impulsada por la <strong>Ley 18\/2022 (Crea y Crece)<\/strong>: extender el uso de la factura electr\u00f3nica a <strong>empresarios y profesionales en sus relaciones comerciales<\/strong>. <\/p>\n\n\n\n<h3 class=\"wp-block-heading\">\u00bfCu\u00e1ndo ser\u00e1 obligatoria?<\/h3>\n\n\n\n<p>La clave es esta: <strong>la obligaci\u00f3n pr\u00e1ctica depende del reglamento<\/strong> (requisitos t\u00e9cnicos, formatos, plataforma\/soluci\u00f3n p\u00fablica, estados de factura, etc.). Ese desarrollo normativo <strong>a\u00fan no est\u00e1 publicado como reglamento definitivo en BOE<\/strong>.<\/p>\n\n\n\n<p>Lo que s\u00ed existe es el <strong>proyecto\/borrador<\/strong> de Real Decreto (documentaci\u00f3n de participaci\u00f3n p\u00fablica), que describe requisitos t\u00e9cnicos y el esquema del sistema. <a href=\"https:\/\/portal.mineco.gob.es\/RecursosArticulo\/mineco\/ministerio\/participacion_publica\/audiencia\/ficheros\/ECO_Pol_AP2_RD_factura_electronica.pdf?utm_source=chatgpt.com\" target=\"_blank\" rel=\"noreferrer noopener\">portal.mineco.gob.es<\/a><\/p>\n\n\n\n<p>Por eso, cualquier fecha cerrada hoy para factura electr\u00f3nica B2B debe tratarse como <strong>\u201cpendiente del reglamento\u201d<\/strong>.<\/p>\n\n\n\n<p class=\"has-background\" style=\"background-color:#e7f5ff\">\ud83d\udd17 <strong>Ampliar informaci\u00f3n: <\/strong>Si quieres saber m\u00e1s sobre<a href=\"https:\/\/getquipu.com\/blog\/ley-crea-y-crece-y-factura-electronica\/\"> la Ley Crea y Crece y la factura electr\u00f3nica<\/a> te recomendamos que leas nuestro art\u00edculo espec\u00edfico.<\/p>\n\n\n\n<h2 class=\"wp-block-heading\" id=\"diferencias\">Principales diferencias entre Verifactu y la factura electr\u00f3nica<\/h2>\n\n\n\n<p>Aunque se parezcan por fuera (digitalizaci\u00f3n, software, control), <strong>no son lo mismo<\/strong>:<\/p>\n\n\n\n<h3 class=\"wp-block-heading\">1) Origen normativo y objetivo<\/h3>\n\n\n\n<ul class=\"wp-block-list\">\n<li><strong>VeriFactu \/ SIF (RD 1007\/2023)<\/strong>: busca asegurar que los sistemas de facturaci\u00f3n generen registros trazables y verificables (y, si se opta, remitirlos). <\/li>\n\n\n\n<li><strong>Factura electr\u00f3nica B2B (Ley 18\/2022)<\/strong>: busca digitalizar la facturaci\u00f3n <strong>entre empresas y aut\u00f3nomos<\/strong> y estandarizar el intercambio (cuando el reglamento lo concrete). <\/li>\n<\/ul>\n\n\n\n<h3 class=\"wp-block-heading\">2) Fechas<\/h3>\n\n\n\n<ul class=\"wp-block-list\">\n<li><strong>VeriFactu\/SIF<\/strong>: tiene <strong>fechas oficiales<\/strong> ya fijadas en BOE (2027). <\/li>\n\n\n\n<li><strong>Factura electr\u00f3nica<\/strong>: <strong>sin fecha definitiva<\/strong> hasta publicaci\u00f3n del reglamento (a d\u00eda de hoy). <\/li>\n<\/ul>\n\n\n\n<h3 class=\"wp-block-heading\">3) \u201cQR\u201d y leyendas en las facturas<\/h3>\n\n\n\n<ul class=\"wp-block-list\">\n<li>En el \u00e1mbito de SIF, la AEAT explica que se incorpora <strong>c\u00f3digo QR<\/strong> y, <strong>en su caso<\/strong>, las expresiones <strong>\u201cVERI*FACTU\u201d<\/strong> o <strong>\u201cFactura verificable en la sede electr\u00f3nica de la AEAT\u201d<\/strong>; estas expresiones son obligatorias <strong>solo si optas por VERI*FACTU<\/strong>. <a href=\"https:\/\/sede.agenciatributaria.gob.es\/Sede\/iva\/sistemas-informaticos-facturacion-verifactu\/preguntas-frecuentes\/posibilidad-remision-informacion-factura-parte-receptor.html?utm_source=chatgpt.com\" target=\"_blank\" rel=\"noreferrer noopener\">Agencia Tributaria+1<\/a><\/li>\n<\/ul>\n\n\n\n<h3 class=\"wp-block-heading\">4) Herramientas disponibles<\/h3>\n\n\n\n<p>Factura electr\u00f3nica B2B: el <strong>borrador<\/strong> del reglamento contempla arquitectura y requisitos t\u00e9cnicos del sistema (y una soluci\u00f3n p\u00fablica), pero hasta que sea definitivo, conviene no darlo por cerrado. <\/p>\n\n\n\n<p>VeriFactu\/SIF: puede cumplirse con <strong>software privado<\/strong> o con la <strong>app gratuita de la AEAT<\/strong> (seg\u00fan caso). <\/p>\n\n\n\n<h2 class=\"wp-block-heading\" id=\"tabla-comparativa\">Tabla comparativa entre Verifactu y factura electr\u00f3nica<\/h2>\n\n\n\n<p>A continuaci\u00f3n se presenta una tabla para resumir las diferencias clave entre Verifactu y la factura electr\u00f3nica:<\/p>\n\n\n\n<figure class=\"wp-block-table\"><table class=\"has-fixed-layout\"><thead><tr><th>Caracter\u00edstica<\/th><th>VeriFactu \/ SIF (RD 1007\/2023)<\/th><th>Factura electr\u00f3nica B2B (Ley 18\/2022)<\/th><\/tr><\/thead><tbody><tr><td>Normativa de origen<\/td><td>RD 1007\/2023 (y cambios por RDL 15\/2025) <\/td><td>Ley 18\/2022 (Crea y Crece) <\/td><\/tr><tr><td>Qu\u00e9 regula<\/td><td>Requisitos del sistema que emite facturas + (opcional) remisi\u00f3n VERI*FACTU <\/td><td>Obligaci\u00f3n de emitir\/intercambiar factura electr\u00f3nica entre empresarios\/profesionales (B2B), pendiente de reglamento <\/td><\/tr><tr><td>Obligatoriedad (fechas)<\/td><td>Adaptaci\u00f3n: <strong>1\/01\/2027<\/strong> y <strong>1\/07\/2027<\/strong> seg\u00fan tipo de obligado<\/td><td><strong>Pendiente de reglamento<\/strong> para fijar calendario definitivo <\/td><\/tr><tr><td>Env\u00edo a la AEAT<\/td><td>VERI*FACTU (remisi\u00f3n) es una <strong>modalidad<\/strong>; las leyendas solo si optas <\/td><td>No es \u201cenviar a AEAT\u201d, sino intercambio B2B bajo requisitos del sistema (seg\u00fan reglamento) <\/td><\/tr><tr><td>Elementos visibles en factura<\/td><td><strong>QR<\/strong> y, en su caso, \u201cVERI*FACTU\u201d \/ \u201cFactura verificable\u2026\u201d <\/td><td>Reglas t\u00e9cnicas por concretar definitivamente en el reglamento <\/td><\/tr><tr><td>Herramientas<\/td><td>Software privado + <strong>app gratuita AEAT<\/strong> <\/td><td>Sistema por concretar en el reglamento (borrador disponible) <\/td><\/tr><\/tbody><\/table><\/figure>\n\n\n\n<p>En resumen (sin mezclar conceptos)<\/p>\n\n\n\n<p><strong>Factura electr\u00f3nica B2B<\/strong>: es \u201cc\u00f3mo deben intercambiarse facturas electr\u00f3nicas entre empresas y aut\u00f3nomos\u201d, pero su despliegue depende del <strong>reglamento<\/strong> (a\u00fan no definitivo a 17\/12\/2025). <\/p>\n\n\n\n<p><strong>VeriFactu\/SIF<\/strong>: es \u201cc\u00f3mo debe funcionar el sistema que emite facturas\u201d, con fechas oficiales ya fijadas en <strong>2027<\/strong>. <\/p>\n\n\n\n<div class=\"wp-block-group has-background\" style=\"background-color:#fef9f5\"><div class=\"wp-block-group__inner-container is-layout-flow wp-block-group-is-layout-flow\">\n<h2 class=\"wp-block-heading has-text-align-center\">Mejores programas VERIFACTU<\/h2>\n\n\n\n<p>\ud83d\udcf9 <strong>V\u00eddeo explicativo: <\/strong>En este v\u00eddeo encontrar\u00e1s una comparativa completa de los mejores softwares para Verifactu: ventajas, limitaciones y para qu\u00e9 tipo de negocio encajan mejor.<\/p>\n\n\n\n<div class=\"iframe-container\">\n\n<iframe class=\"responsive-iframe\" title=\"YouTube video player\" src=\"https:\/\/www.youtube.com\/embed\/E-N8YJ9GjY8\" frameborder=\"0\" allowfullscreen=\"allowfullscreen\"><\/iframe>\n\n<\/div>\n\n\n\n<div style=\"height:20px\" aria-hidden=\"true\" class=\"wp-block-spacer\"><\/div>\n\n\n\n<div class=\"btn-div-destacado\"><a href=\"https:\/\/getquipu.com\/es\/cuentas\/registro\" class=\"btn-destacado\" target=\"_blank\" rel=\"noreferrer noopener\">Prueba Quipu Gratis<\/a><\/div>\n\n\n\n<div style=\"height:15px\" aria-hidden=\"true\" class=\"wp-block-spacer\"><\/div>\n\n\n\n<p class=\"has-text-align-center has-small-font-size\">Prueba gratuita de 15 d\u00edas. Sin permanencia. Sin introducir tu tarjeta.<\/p>\n<\/div><\/div>\n","protected":false},"excerpt":{"rendered":"<p>Comienza la cuenta atr\u00e1s (otra vez). Entre 2025 y 2027 entran en juego dos \u201cpiezas\u201d distintas que afectan a c\u00f3mo se factura en Espa\u00f1a: Factura electr\u00f3nica obligatoria (B2B): nace de<\/p>\n","protected":false},"author":3,"featured_media":51143,"comment_status":"closed","ping_status":"open","sticky":false,"template":"","format":"standard","meta":{"footnotes":""},"categories":[479],"tags":[],"class_list":["post-51082","post","type-post","status-publish","format-standard","has-post-thumbnail","hentry","category-e-factura","generate-columns","tablet-grid-50","mobile-grid-100","grid-parent","grid-50","resize-featured-image"],"yoast_head":"<!-- This site is optimized with the Yoast SEO plugin v23.9 - https:\/\/yoast.com\/wordpress\/plugins\/seo\/ -->\n<title>Verifactu vs factura electr\u00f3nica: \u00bfcu\u00e1les son las diferencias? - Quipu<\/title>\n<meta name=\"robots\" content=\"index, follow, max-snippet:-1, max-image-preview:large, max-video-preview:-1\" \/>\n<link rel=\"canonical\" href=\"https:\/\/getquipu.com\/blog\/verifactu-vs-factura-electronica\/\" \/>\n<meta property=\"og:locale\" content=\"es_ES\" \/>\n<meta property=\"og:type\" content=\"article\" \/>\n<meta property=\"og:title\" content=\"Verifactu vs factura electr\u00f3nica: \u00bfcu\u00e1les son las diferencias? - Quipu\" \/>\n<meta property=\"og:description\" content=\"Comienza la cuenta atr\u00e1s (otra vez). Entre 2025 y 2027 entran en juego dos \u201cpiezas\u201d distintas que afectan a c\u00f3mo se factura en Espa\u00f1a: Factura electr\u00f3nica obligatoria (B2B): nace de\" \/>\n<meta property=\"og:url\" content=\"https:\/\/getquipu.com\/blog\/verifactu-vs-factura-electronica\/\" \/>\n<meta property=\"og:site_name\" content=\"Aut\u00f3nomos, empresas y asesor\u00edas\" \/>\n<meta property=\"article:published_time\" content=\"2025-02-03T12:16:15+00:00\" \/>\n<meta property=\"article:modified_time\" content=\"2025-12-17T16:41:54+00:00\" \/>\n<meta property=\"og:image\" content=\"https:\/\/getquipu.com\/wp-content\/uploads\/2025\/02\/03131543\/verifactu-vs-factura-electronica.png\" \/>\n\t<meta property=\"og:image:width\" content=\"768\" \/>\n\t<meta property=\"og:image:height\" content=\"295\" \/>\n\t<meta property=\"og:image:type\" content=\"image\/png\" \/>\n<meta name=\"author\" content=\"Roger Doba\u00f1o - CEO Quipu\" \/>\n<meta name=\"twitter:card\" content=\"summary_large_image\" \/>\n<meta name=\"twitter:creator\" content=\"@rogerdobano\" \/>\n<meta name=\"twitter:label1\" content=\"Escrito por\" \/>\n\t<meta name=\"twitter:data1\" content=\"Roger Doba\u00f1o - CEO Quipu\" \/>\n\t<meta name=\"twitter:label2\" content=\"Tiempo de lectura\" \/>\n\t<meta name=\"twitter:data2\" content=\"7 minutos\" \/>\n<script type=\"application\/ld+json\" class=\"yoast-schema-graph\">{\"@context\":\"https:\/\/schema.org\",\"@graph\":[{\"@type\":\"Article\",\"@id\":\"https:\/\/getquipu.com\/blog\/verifactu-vs-factura-electronica\/#article\",\"isPartOf\":{\"@id\":\"https:\/\/getquipu.com\/blog\/verifactu-vs-factura-electronica\/\"},\"author\":{\"name\":\"Roger Doba\u00f1o - CEO Quipu\",\"@id\":\"https:\/\/getquipu.com\/blog\/#\/schema\/person\/373ccc5d513d88aea29fc8135422fa2e\"},\"headline\":\"Verifactu vs factura electr\u00f3nica: \u00bfcu\u00e1les son las diferencias?\",\"datePublished\":\"2025-02-03T12:16:15+00:00\",\"dateModified\":\"2025-12-17T16:41:54+00:00\",\"mainEntityOfPage\":{\"@id\":\"https:\/\/getquipu.com\/blog\/verifactu-vs-factura-electronica\/\"},\"wordCount\":1205,\"publisher\":{\"@id\":\"https:\/\/getquipu.com\/blog\/#organization\"},\"image\":{\"@id\":\"https:\/\/getquipu.com\/blog\/verifactu-vs-factura-electronica\/#primaryimage\"},\"thumbnailUrl\":\"https:\/\/getquipu.com\/wp-content\/uploads\/2025\/02\/03131543\/verifactu-vs-factura-electronica.png\",\"articleSection\":[\"E-factura\"],\"inLanguage\":\"es\"},{\"@type\":\"WebPage\",\"@id\":\"https:\/\/getquipu.com\/blog\/verifactu-vs-factura-electronica\/\",\"url\":\"https:\/\/getquipu.com\/blog\/verifactu-vs-factura-electronica\/\",\"name\":\"Verifactu vs factura electr\u00f3nica: \u00bfcu\u00e1les son las diferencias? - Quipu\",\"isPartOf\":{\"@id\":\"https:\/\/getquipu.com\/blog\/#website\"},\"primaryImageOfPage\":{\"@id\":\"https:\/\/getquipu.com\/blog\/verifactu-vs-factura-electronica\/#primaryimage\"},\"image\":{\"@id\":\"https:\/\/getquipu.com\/blog\/verifactu-vs-factura-electronica\/#primaryimage\"},\"thumbnailUrl\":\"https:\/\/getquipu.com\/wp-content\/uploads\/2025\/02\/03131543\/verifactu-vs-factura-electronica.png\",\"datePublished\":\"2025-02-03T12:16:15+00:00\",\"dateModified\":\"2025-12-17T16:41:54+00:00\",\"breadcrumb\":{\"@id\":\"https:\/\/getquipu.com\/blog\/verifactu-vs-factura-electronica\/#breadcrumb\"},\"inLanguage\":\"es\",\"potentialAction\":[{\"@type\":\"ReadAction\",\"target\":[\"https:\/\/getquipu.com\/blog\/verifactu-vs-factura-electronica\/\"]}]},{\"@type\":\"ImageObject\",\"inLanguage\":\"es\",\"@id\":\"https:\/\/getquipu.com\/blog\/verifactu-vs-factura-electronica\/#primaryimage\",\"url\":\"https:\/\/getquipu.com\/wp-content\/uploads\/2025\/02\/03131543\/verifactu-vs-factura-electronica.png\",\"contentUrl\":\"https:\/\/getquipu.com\/wp-content\/uploads\/2025\/02\/03131543\/verifactu-vs-factura-electronica.png\",\"width\":768,\"height\":295,\"caption\":\"aut\u00f3nomo viendo las diferencias entre el verifactu y la factura electr\u00f3nica\"},{\"@type\":\"BreadcrumbList\",\"@id\":\"https:\/\/getquipu.com\/blog\/verifactu-vs-factura-electronica\/#breadcrumb\",\"itemListElement\":[{\"@type\":\"ListItem\",\"position\":1,\"name\":\"Blog\",\"item\":\"https:\/\/getquipu.com\/blog\/\"},{\"@type\":\"ListItem\",\"position\":2,\"name\":\"E-factura\",\"item\":\"https:\/\/getquipu.com\/blog\/category\/e-factura\/\"},{\"@type\":\"ListItem\",\"position\":3,\"name\":\"Verifactu vs factura electr\u00f3nica: \u00bfcu\u00e1les son las diferencias?\"}]},{\"@type\":\"WebSite\",\"@id\":\"https:\/\/getquipu.com\/blog\/#website\",\"url\":\"https:\/\/getquipu.com\/blog\/\",\"name\":\"Aut\u00f3nomos, empresas y asesor\u00edas\",\"description\":\"Informaci\u00f3n \u00fatil sobre fiscalidad y eficiencia administrativa en negocios como el tuyo.\",\"publisher\":{\"@id\":\"https:\/\/getquipu.com\/blog\/#organization\"},\"potentialAction\":[{\"@type\":\"SearchAction\",\"target\":{\"@type\":\"EntryPoint\",\"urlTemplate\":\"https:\/\/getquipu.com\/blog\/?s={search_term_string}\"},\"query-input\":{\"@type\":\"PropertyValueSpecification\",\"valueRequired\":true,\"valueName\":\"search_term_string\"}}],\"inLanguage\":\"es\"},{\"@type\":\"Organization\",\"@id\":\"https:\/\/getquipu.com\/blog\/#organization\",\"name\":\"Quipu\",\"url\":\"https:\/\/getquipu.com\/blog\/\",\"logo\":{\"@type\":\"ImageObject\",\"inLanguage\":\"es\",\"@id\":\"https:\/\/getquipu.com\/blog\/#\/schema\/logo\/image\/\",\"url\":\"https:\/\/getquipu.com\/wp-content\/uploads\/2022\/06\/20105810\/logo-quipu.png\",\"contentUrl\":\"https:\/\/getquipu.com\/wp-content\/uploads\/2022\/06\/20105810\/logo-quipu.png\",\"width\":399,\"height\":399,\"caption\":\"Quipu\"},\"image\":{\"@id\":\"https:\/\/getquipu.com\/blog\/#\/schema\/logo\/image\/\"}},{\"@type\":\"Person\",\"@id\":\"https:\/\/getquipu.com\/blog\/#\/schema\/person\/373ccc5d513d88aea29fc8135422fa2e\",\"name\":\"Roger Doba\u00f1o - CEO Quipu\",\"image\":{\"@type\":\"ImageObject\",\"inLanguage\":\"es\",\"@id\":\"https:\/\/getquipu.com\/blog\/#\/schema\/person\/image\/\",\"url\":\"https:\/\/secure.gravatar.com\/avatar\/34af94bfd8e5677657b0a2d961dc4974?s=96&d=mm&r=g\",\"contentUrl\":\"https:\/\/secure.gravatar.com\/avatar\/34af94bfd8e5677657b0a2d961dc4974?s=96&d=mm&r=g\",\"caption\":\"Roger Doba\u00f1o - CEO Quipu\"},\"description\":\"Roger es CEO y Fundador de Quipu, un software en la nube que lleva +10 a\u00f1os ayudando a aut\u00f3nomos, pymes y asesor\u00edas a digitalizar su operativa precontable. A ra\u00edz de una mala experiencia como aut\u00f3nomo, Roger se propuso crear un programa que acompa\u00f1ara a los empresarios a lidiar con la administraci\u00f3n.\",\"sameAs\":[\"https:\/\/getquipu.com\",\"https:\/\/www.linkedin.com\/in\/rogerdobano\/\",\"https:\/\/x.com\/@rogerdobano\"],\"url\":\"https:\/\/getquipu.com\/blog\/author\/roger\/\"}]}<\/script>\n<!-- \/ Yoast SEO plugin. -->","yoast_head_json":{"title":"Verifactu vs factura electr\u00f3nica: \u00bfcu\u00e1les son las diferencias? - Quipu","robots":{"index":"index","follow":"follow","max-snippet":"max-snippet:-1","max-image-preview":"max-image-preview:large","max-video-preview":"max-video-preview:-1"},"canonical":"https:\/\/getquipu.com\/blog\/verifactu-vs-factura-electronica\/","og_locale":"es_ES","og_type":"article","og_title":"Verifactu vs factura electr\u00f3nica: \u00bfcu\u00e1les son las diferencias? - Quipu","og_description":"Comienza la cuenta atr\u00e1s (otra vez). Entre 2025 y 2027 entran en juego dos \u201cpiezas\u201d distintas que afectan a c\u00f3mo se factura en Espa\u00f1a: Factura electr\u00f3nica obligatoria (B2B): nace de","og_url":"https:\/\/getquipu.com\/blog\/verifactu-vs-factura-electronica\/","og_site_name":"Aut\u00f3nomos, empresas y asesor\u00edas","article_published_time":"2025-02-03T12:16:15+00:00","article_modified_time":"2025-12-17T16:41:54+00:00","og_image":[{"width":768,"height":295,"url":"https:\/\/getquipu.com\/wp-content\/uploads\/2025\/02\/03131543\/verifactu-vs-factura-electronica.png","type":"image\/png"}],"author":"Roger Doba\u00f1o - CEO Quipu","twitter_card":"summary_large_image","twitter_creator":"@rogerdobano","twitter_misc":{"Escrito por":"Roger Doba\u00f1o - CEO Quipu","Tiempo de lectura":"7 minutos"},"schema":{"@context":"https:\/\/schema.org","@graph":[{"@type":"Article","@id":"https:\/\/getquipu.com\/blog\/verifactu-vs-factura-electronica\/#article","isPartOf":{"@id":"https:\/\/getquipu.com\/blog\/verifactu-vs-factura-electronica\/"},"author":{"name":"Roger Doba\u00f1o - CEO Quipu","@id":"https:\/\/getquipu.com\/blog\/#\/schema\/person\/373ccc5d513d88aea29fc8135422fa2e"},"headline":"Verifactu vs factura electr\u00f3nica: \u00bfcu\u00e1les son las diferencias?","datePublished":"2025-02-03T12:16:15+00:00","dateModified":"2025-12-17T16:41:54+00:00","mainEntityOfPage":{"@id":"https:\/\/getquipu.com\/blog\/verifactu-vs-factura-electronica\/"},"wordCount":1205,"publisher":{"@id":"https:\/\/getquipu.com\/blog\/#organization"},"image":{"@id":"https:\/\/getquipu.com\/blog\/verifactu-vs-factura-electronica\/#primaryimage"},"thumbnailUrl":"https:\/\/getquipu.com\/wp-content\/uploads\/2025\/02\/03131543\/verifactu-vs-factura-electronica.png","articleSection":["E-factura"],"inLanguage":"es"},{"@type":"WebPage","@id":"https:\/\/getquipu.com\/blog\/verifactu-vs-factura-electronica\/","url":"https:\/\/getquipu.com\/blog\/verifactu-vs-factura-electronica\/","name":"Verifactu vs factura electr\u00f3nica: \u00bfcu\u00e1les son las diferencias? - Quipu","isPartOf":{"@id":"https:\/\/getquipu.com\/blog\/#website"},"primaryImageOfPage":{"@id":"https:\/\/getquipu.com\/blog\/verifactu-vs-factura-electronica\/#primaryimage"},"image":{"@id":"https:\/\/getquipu.com\/blog\/verifactu-vs-factura-electronica\/#primaryimage"},"thumbnailUrl":"https:\/\/getquipu.com\/wp-content\/uploads\/2025\/02\/03131543\/verifactu-vs-factura-electronica.png","datePublished":"2025-02-03T12:16:15+00:00","dateModified":"2025-12-17T16:41:54+00:00","breadcrumb":{"@id":"https:\/\/getquipu.com\/blog\/verifactu-vs-factura-electronica\/#breadcrumb"},"inLanguage":"es","potentialAction":[{"@type":"ReadAction","target":["https:\/\/getquipu.com\/blog\/verifactu-vs-factura-electronica\/"]}]},{"@type":"ImageObject","inLanguage":"es","@id":"https:\/\/getquipu.com\/blog\/verifactu-vs-factura-electronica\/#primaryimage","url":"https:\/\/getquipu.com\/wp-content\/uploads\/2025\/02\/03131543\/verifactu-vs-factura-electronica.png","contentUrl":"https:\/\/getquipu.com\/wp-content\/uploads\/2025\/02\/03131543\/verifactu-vs-factura-electronica.png","width":768,"height":295,"caption":"aut\u00f3nomo viendo las diferencias entre el verifactu y la factura electr\u00f3nica"},{"@type":"BreadcrumbList","@id":"https:\/\/getquipu.com\/blog\/verifactu-vs-factura-electronica\/#breadcrumb","itemListElement":[{"@type":"ListItem","position":1,"name":"Blog","item":"https:\/\/getquipu.com\/blog\/"},{"@type":"ListItem","position":2,"name":"E-factura","item":"https:\/\/getquipu.com\/blog\/category\/e-factura\/"},{"@type":"ListItem","position":3,"name":"Verifactu vs factura electr\u00f3nica: \u00bfcu\u00e1les son las diferencias?"}]},{"@type":"WebSite","@id":"https:\/\/getquipu.com\/blog\/#website","url":"https:\/\/getquipu.com\/blog\/","name":"Aut\u00f3nomos, empresas y asesor\u00edas","description":"Informaci\u00f3n \u00fatil sobre fiscalidad y eficiencia administrativa en negocios como el tuyo.","publisher":{"@id":"https:\/\/getquipu.com\/blog\/#organization"},"potentialAction":[{"@type":"SearchAction","target":{"@type":"EntryPoint","urlTemplate":"https:\/\/getquipu.com\/blog\/?s={search_term_string}"},"query-input":{"@type":"PropertyValueSpecification","valueRequired":true,"valueName":"search_term_string"}}],"inLanguage":"es"},{"@type":"Organization","@id":"https:\/\/getquipu.com\/blog\/#organization","name":"Quipu","url":"https:\/\/getquipu.com\/blog\/","logo":{"@type":"ImageObject","inLanguage":"es","@id":"https:\/\/getquipu.com\/blog\/#\/schema\/logo\/image\/","url":"https:\/\/getquipu.com\/wp-content\/uploads\/2022\/06\/20105810\/logo-quipu.png","contentUrl":"https:\/\/getquipu.com\/wp-content\/uploads\/2022\/06\/20105810\/logo-quipu.png","width":399,"height":399,"caption":"Quipu"},"image":{"@id":"https:\/\/getquipu.com\/blog\/#\/schema\/logo\/image\/"}},{"@type":"Person","@id":"https:\/\/getquipu.com\/blog\/#\/schema\/person\/373ccc5d513d88aea29fc8135422fa2e","name":"Roger Doba\u00f1o - CEO Quipu","image":{"@type":"ImageObject","inLanguage":"es","@id":"https:\/\/getquipu.com\/blog\/#\/schema\/person\/image\/","url":"https:\/\/secure.gravatar.com\/avatar\/34af94bfd8e5677657b0a2d961dc4974?s=96&d=mm&r=g","contentUrl":"https:\/\/secure.gravatar.com\/avatar\/34af94bfd8e5677657b0a2d961dc4974?s=96&d=mm&r=g","caption":"Roger Doba\u00f1o - CEO Quipu"},"description":"Roger es CEO y Fundador de Quipu, un software en la nube que lleva +10 a\u00f1os ayudando a aut\u00f3nomos, pymes y asesor\u00edas a digitalizar su operativa precontable. A ra\u00edz de una mala experiencia como aut\u00f3nomo, Roger se propuso crear un programa que acompa\u00f1ara a los empresarios a lidiar con la administraci\u00f3n.","sameAs":["https:\/\/getquipu.com","https:\/\/www.linkedin.com\/in\/rogerdobano\/","https:\/\/x.com\/@rogerdobano"],"url":"https:\/\/getquipu.com\/blog\/author\/roger\/"}]}},"_links":{"self":[{"href":"https:\/\/getquipu.com\/blog\/wp-json\/wp\/v2\/posts\/51082","targetHints":{"allow":["GET"]}}],"collection":[{"href":"https:\/\/getquipu.com\/blog\/wp-json\/wp\/v2\/posts"}],"about":[{"href":"https:\/\/getquipu.com\/blog\/wp-json\/wp\/v2\/types\/post"}],"author":[{"embeddable":true,"href":"https:\/\/getquipu.com\/blog\/wp-json\/wp\/v2\/users\/3"}],"replies":[{"embeddable":true,"href":"https:\/\/getquipu.com\/blog\/wp-json\/wp\/v2\/comments?post=51082"}],"version-history":[{"count":15,"href":"https:\/\/getquipu.com\/blog\/wp-json\/wp\/v2\/posts\/51082\/revisions"}],"predecessor-version":[{"id":52754,"href":"https:\/\/getquipu.com\/blog\/wp-json\/wp\/v2\/posts\/51082\/revisions\/52754"}],"wp:featuredmedia":[{"embeddable":true,"href":"https:\/\/getquipu.com\/blog\/wp-json\/wp\/v2\/media\/51143"}],"wp:attachment":[{"href":"https:\/\/getquipu.com\/blog\/wp-json\/wp\/v2\/media?parent=51082"}],"wp:term":[{"taxonomy":"category","embeddable":true,"href":"https:\/\/getquipu.com\/blog\/wp-json\/wp\/v2\/categories?post=51082"},{"taxonomy":"post_tag","embeddable":true,"href":"https:\/\/getquipu.com\/blog\/wp-json\/wp\/v2\/tags?post=51082"}],"curies":[{"name":"wp","href":"https:\/\/api.w.org\/{rel}","templated":true}]}}