{"id":46660,"date":"2024-03-07T11:54:58","date_gmt":"2024-03-07T10:54:58","guid":{"rendered":"https:\/\/getquipu.com\/blog\/?p=46660"},"modified":"2024-10-23T13:57:11","modified_gmt":"2024-10-23T11:57:11","slug":"como-contabilizar-existencias","status":"publish","type":"post","link":"https:\/\/getquipu.com\/blog\/como-contabilizar-existencias\/","title":{"rendered":"\u00bfC\u00f3mo contabilizar existencias?"},"content":{"rendered":"\n<p>En el mundo empresarial, contabilizar correctamente las existencias representa <strong>un pilar fundamental para el mantenimiento de una salud financiera \u00f3ptima<\/strong> y la toma de decisiones estrat\u00e9gicas informadas. Dada su importancia capital en el ciclo operativo de cualquier negocio, resulta fundamental para los contables y gestores financieros dominar las t\u00e9cnicas y principios contables que rigen su correcta valoraci\u00f3n y registro.<\/p>\n\n\n\n<p><strong>En este art\u00edculo aprender\u00e1s:<\/strong><\/p>\n\n\n\n<ul class=\"wp-block-list\">\n<li><a href=\"#que-son-las-existencias\">\u00bfQu\u00e9 son las existencias dentro de una empresa?<\/a><\/li>\n\n\n\n<li><a href=\"#aspectos-previos-a-tener-en-cuenta\">Aspectos previos a considerar a la hora de contabilizar existencias<\/a><\/li>\n\n\n\n<li><a href=\"#cuentas-contables-existencias\">Cuentas contables relacionadas con las existencias<\/a><\/li>\n\n\n\n<li><a href=\"#asientos-contables-existencias\">Asientos contables relacionados con las existencias<\/a><\/li>\n\n\n\n<li><a href=\"#ejemplo-contabilizaci\u00f3n-existencias\">Ejemplo de contabilizaci\u00f3n de existencias<\/a><\/li>\n<\/ul>\n\n\n\n<h2 class=\"wp-block-heading\" id=\"que-son-las-existencias\">\u00bfQu\u00e9 son las existencias dentro de una empresa?<\/h2>\n\n\n\n<p>Las existencias, un concepto contable al que tambi\u00e9n se le conoce con el nombre de inventario, <strong>representan uno de los activos m\u00e1s importantes para cualquier empresa<\/strong>, especialmente para aquellas que se dedican a la venta de productos. <\/p>\n\n\n\n<p>Son todos aquellos bienes y materiales que posee una empresa para su venta en el curso ordinario del negocio, la producci\u00f3n para dicha venta, o bienes en proceso de producci\u00f3n para tal venta o materiales a ser consumidos en el proceso de producci\u00f3n o en la prestaci\u00f3n de servicios. <\/p>\n\n\n\n<h2 class=\"wp-block-heading\" id=\"aspectos-previos-a-tener-en-cuenta\">Aspectos previos a considerar a la hora de contabilizar existencias<\/h2>\n\n\n\n<p>Antes de contabilizar las existencias, es esencial entender algunos aspectos claves para asegurar una valoraci\u00f3n adecuada y precisa:<\/p>\n\n\n\n<ul class=\"wp-block-list\">\n<li>Inicialmente, existen dos formas de valorar las existencias:\n<ul class=\"wp-block-list\">\n<li>Por su <strong>precio de adquisici\u00f3n<\/strong>, si las adquieres a un tercero. Aqu\u00ed se incluyen el importe facturado una vez deducido cualquier descuento, intereses incluidos en el nominal de los d\u00e9bitos, el coste de transportes, aranceles, seguros y otros gastos.<\/li>\n\n\n\n<li>Por el <strong>coste de producci\u00f3n<\/strong>, si se produce dentro de la empresa. Aqu\u00ed se incluye el coste de la materia prima, los gastos de producci\u00f3n y una imputaci\u00f3n de costes indirectos.<\/li>\n<\/ul>\n<\/li>\n\n\n\n<li><strong>M\u00e9todos de valoraci\u00f3n de existencias<\/strong>: los m\u00e1s comunes son el FIFO (First In, First Out), LIFO (Last In, First Out) y el coste promedio. La elecci\u00f3n del m\u00e9todo afecta el costo de los bienes vendidos y, por ende, el resultado neto del ejercicio.<\/li>\n\n\n\n<li><strong>Control de Inventario<\/strong>: es fundamental  implementar sistemas de control eficientes permite un seguimiento preciso de las existencias, minimizando las diferencias por mermas, robos o errores en el registro.<\/li>\n\n\n\n<li><strong>Reconocimiento de obsolescencia<\/strong>: las empresas deben estar atentas a la posibilidad de que algunos de sus inventarios se vuelvan obsoletos o pierdan valor, y deben ajustar su valoraci\u00f3n en consecuencia.<\/li>\n<\/ul>\n\n\n<div class=\"gb-container gb-container-b2fecea6 new-banner\">\n<div class=\"gb-grid-wrapper gb-grid-wrapper-0fc70046\">\n<div class=\"gb-grid-column gb-grid-column-6f7203a6\"><div class=\"gb-container gb-container-6f7203a6 text-div\">\n\n<p class=\"title-banner has-text-color\" style=\"color:#003829;font-size:19px\">Tu negocio controlado y ordenado<\/p>\n\n\n\n<p class=\"text-banner\">Con Quipu, la gesti\u00f3n de tu facturaci\u00f3n es m\u00e1s f\u00e1cil y simple que nunca.<\/p>\n\n\n\n<p class=\"btn-p-banner\"><a href=\"https:\/\/getquipu.com\/es\/programa-facturacion\" data-type=\"URL\" data-id=\"https:\/\/getquipu.com\/es\/programa-facturacion\">Ver m\u00e1s<\/a><\/p>\n\n<\/div><\/div>\n\n<div class=\"gb-grid-column gb-grid-column-c144d8bb\"><div class=\"gb-container gb-container-c144d8bb img-banner\">\n\n<figure class=\"wp-block-image size-full\"><img decoding=\"async\" width=\"1024\" height=\"573\" src=\"https:\/\/getquipu.com\/wp-content\/uploads\/2023\/05\/16174555\/Frame-26-1-1.webp\" alt=\"\" class=\"wp-image-38570\" srcset=\"https:\/\/getquipu.com\/wp-content\/uploads\/2023\/05\/16174555\/Frame-26-1-1.webp 1024w, https:\/\/getquipu.com\/wp-content\/uploads\/2023\/05\/16174555\/Frame-26-1-1-300x168.webp 300w, https:\/\/getquipu.com\/wp-content\/uploads\/2023\/05\/16174555\/Frame-26-1-1-768x430.webp 768w\" sizes=\"(max-width: 1024px) 100vw, 1024px\" \/><\/figure>\n\n<\/div><\/div>\n<\/div>\n<\/div>\n\n\n<h2 class=\"wp-block-heading\" id=\"cuentas-contables-existencias\">Cuentas contables relacionadas con las existencias<\/h2>\n\n\n\n<p>Las existencias se encuentran encuadradas dentro del grupo 3 del Plan General Contable espa\u00f1ol. Dentro de ellas se encuentran los siguientes subgrupos:<\/p>\n\n\n\n<ul class=\"wp-block-list\">\n<li>300\/309 &#8211; <strong>Mercader\u00edas<\/strong>: productos adquiridos por las empresas y destinadas a la venta sin transformaci\u00f3n.<\/li>\n\n\n\n<li>326 &#8211; <strong>Embalajes<\/strong>: cubiertas o envolturas, que generalmente tienen car\u00e1cter irrecuperable, destinadas a resguardar los productos y mercader\u00edas que tienen que transportarse.<\/li>\n\n\n\n<li>327 &#8211; <strong>Envases<\/strong>: recipientes o vasijas que generalmente se destinan a la venta conjuntamente con el producto que contienen.<\/li>\n\n\n\n<li>310\/319 &#8211; <strong>Materias primas<\/strong>: son elementos destinados a formar parte de los productos fabricados por la empresa.<\/li>\n\n\n\n<li>320 &#8211; <strong>Elementos y conjuntos incorporables<\/strong>: los fabricados normalmente fuera de la empresa y adquiridos por \u00e9sta para incorporarlos a su producci\u00f3n sin someterlos a fabricaci\u00f3n.<\/li>\n\n\n\n<li>321 &#8211; <strong>Combustibles<\/strong>: materias energ\u00e9ticas susceptibles de ser almacenadas.<\/li>\n\n\n\n<li>322 &#8211; <strong>Repuestos<\/strong>: piezas destinadas a ser montadas en instalaciones, equipos o m\u00e1quinas en sustituci\u00f3n de otras semejantes.<\/li>\n\n\n\n<li>325 &#8211; <strong>Materiales diversos<\/strong>: son otras materias de consumo que no se han de incorporar al producto fabricado.<\/li>\n\n\n\n<li>328 &#8211; <strong>Material de oficina<\/strong>: destinado a la finalidad que indica su denominaci\u00f3n, salvo que la empresa considere que el material de oficina adquirido durante el ejercicio es objeto de consumo en el mismo.<\/li>\n\n\n\n<li>330\/339 &#8211; <strong>Productos en curso<\/strong>: los que se encuentran en fase de formaci\u00f3n o transformaci\u00f3n en un centro de actividad (como una f\u00e1brica) a cierre de ejercicio y que no deben registrarse como productos semiterminados.<\/li>\n\n\n\n<li>340\/349 &#8211; <strong>Productos semiterminados<\/strong>: fabricados por la empresa y no destinados a la venta hasta que no sean objeto de elaboraci\u00f3n, incorporaci\u00f3n o transformaci\u00f3n posterior.<\/li>\n\n\n\n<li>350\/359 &#8211; <strong>Productos terminados<\/strong>: fabricados por la empresa y destinados a su consumo final o a la utilizaci\u00f3n por otras empresas.<\/li>\n\n\n\n<li>360\/361 &#8211; <strong>Subproductos<\/strong>: que tienen car\u00e1cter secundario o accesorio de la fabricaci\u00f3n principal.<\/li>\n\n\n\n<li>365\/366 &#8211; <strong>Residuos<\/strong>: obtenidos de manera inevitable y al mismo tiempo que los productos o subproductos con un valor intr\u00ednseco, y puedan ser utilizados o vendidos.<\/li>\n\n\n\n<li>368\/369 &#8211; <strong>Materiales recuperados<\/strong>: no tienen valor intr\u00ednseco y, en consecuencia, entran al almac\u00e9n despu\u00e9s de haberse utilizado en el proceso productivo.<\/li>\n<\/ul>\n\n\n\n<h2 class=\"wp-block-heading\" id=\"asientos-contables-existencias\">Asientos contables relacionados con las existencias<\/h2>\n\n\n\n<p>De acuerdo al Plan General de Contabilidad, las cuentas de existencias \u00fanicamente se reflejan en las cuentas de contrapartida del grupo 6 (\u00abCompras de&#8230;\u00bb) y del grupo 7 (\u00abVentas de&#8230;\u00bb).<\/p>\n\n\n\n<p>Por tanto, los asientos que se contabilizar\u00e1n como parte de las existencias ser\u00e1n los siguientes:<\/p>\n\n\n\n<h3 class=\"wp-block-heading\">Asiento de apertura de ejercicio<\/h3>\n\n\n\n<p>En el asiento de apertura del ejercicio, se har\u00e1 un cargo en el debe por las existencias iniciales conjuntamente con el resto de cuentas de activo.<\/p>\n\n\n\n<h3 class=\"wp-block-heading\">En la apertura del ejercicio<\/h3>\n\n\n\n<p>En caso de existencias correspondientes a los subgrupos 30,31 y 31, se har\u00e1n los siguientes asientos contables por el importe de las existencias iniciales:<\/p>\n\n\n\n<figure class=\"wp-block-table\"><table><tbody><tr><td><strong>Cuenta contable<\/strong><\/td><td class=\"has-text-align-center\" data-align=\"center\"><strong>Debe<\/strong><\/td><td class=\"has-text-align-center\" data-align=\"center\"><strong>Haber<\/strong><\/td><\/tr><tr><td>610. Variaci\u00f3n de existencias de mercader\u00edas<\/td><td class=\"has-text-align-center\" data-align=\"center\">XXX<\/td><td class=\"has-text-align-center\" data-align=\"center\"><\/td><\/tr><tr><td>300\/309. Mercader\u00edas<\/td><td class=\"has-text-align-center\" data-align=\"center\"><\/td><td class=\"has-text-align-center\" data-align=\"center\">XXX<\/td><\/tr><\/tbody><\/table><\/figure>\n\n\n\n<figure class=\"wp-block-table\"><table><tbody><tr><td><strong>Cuenta contable<\/strong><\/td><td class=\"has-text-align-center\" data-align=\"center\"><strong>Debe<\/strong><\/td><td class=\"has-text-align-center\" data-align=\"center\"><strong>Haber<\/strong><\/td><\/tr><tr><td>611. Variaci\u00f3n de existencias de materias primas<\/td><td class=\"has-text-align-center\" data-align=\"center\">XXX<\/td><td class=\"has-text-align-center\" data-align=\"center\">\ufeff<\/td><\/tr><tr><td>310\/319. Materias primas<\/td><td class=\"has-text-align-center\" data-align=\"center\">\ufeff<\/td><td class=\"has-text-align-center\" data-align=\"center\">XXX<\/td><\/tr><\/tbody><\/table><\/figure>\n\n\n\n<figure class=\"wp-block-table\"><table><tbody><tr><td><strong>Cuenta contable<\/strong><\/td><td class=\"has-text-align-center\" data-align=\"center\"><strong>Debe<\/strong><\/td><td class=\"has-text-align-center\" data-align=\"center\"><strong>Haber<\/strong><\/td><\/tr><tr><td>612. Variaci\u00f3n de existencias de otros aprovisionamientos<\/td><td class=\"has-text-align-center\" data-align=\"center\">a+b+c+d+e+f+g<\/td><td class=\"has-text-align-center\" data-align=\"center\">\ufeff<\/td><\/tr><tr><td>320. Elementos y conjuntos incorporables<\/td><td class=\"has-text-align-center\" data-align=\"center\">\ufeff<\/td><td class=\"has-text-align-center\" data-align=\"center\">a<\/td><\/tr><tr><td>321. Combustibles<\/td><td class=\"has-text-align-center\" data-align=\"center\"><\/td><td class=\"has-text-align-center\" data-align=\"center\">b<\/td><\/tr><tr><td>322. Repuestos<\/td><td class=\"has-text-align-center\" data-align=\"center\"><\/td><td class=\"has-text-align-center\" data-align=\"center\">c<\/td><\/tr><tr><td>325. Materiales diversos<\/td><td class=\"has-text-align-center\" data-align=\"center\"><\/td><td class=\"has-text-align-center\" data-align=\"center\">d<\/td><\/tr><tr><td>326. Embalajes<\/td><td class=\"has-text-align-center\" data-align=\"center\"><\/td><td class=\"has-text-align-center\" data-align=\"center\">e<\/td><\/tr><tr><td>327. Envases<\/td><td class=\"has-text-align-center\" data-align=\"center\"><\/td><td class=\"has-text-align-center\" data-align=\"center\">f<\/td><\/tr><tr><td>328. Material de oficina<\/td><td class=\"has-text-align-center\" data-align=\"center\"><\/td><td class=\"has-text-align-center\" data-align=\"center\">g<\/td><\/tr><\/tbody><\/table><\/figure>\n\n\n\n<p>En caso de existencias de los subgrupos 33, 34, 35 y 36, se har\u00e1n registros en cuentas de ingresos:<\/p>\n\n\n\n<figure class=\"wp-block-table\"><table><tbody><tr><td><strong>Cuenta contable<\/strong><\/td><td class=\"has-text-align-center\" data-align=\"center\"><strong>Debe<\/strong><\/td><td class=\"has-text-align-center\" data-align=\"center\"><strong>Haber<\/strong><\/td><\/tr><tr><td>330\/339. Productos en curso<\/td><td class=\"has-text-align-center\" data-align=\"center\">XXX<\/td><td class=\"has-text-align-center\" data-align=\"center\">\ufeff<\/td><\/tr><tr><td>710. Variaci\u00f3n de existencias de productos en curso<\/td><td class=\"has-text-align-center\" data-align=\"center\">\ufeff<\/td><td class=\"has-text-align-center\" data-align=\"center\">XXX<\/td><\/tr><\/tbody><\/table><\/figure>\n\n\n\n<figure class=\"wp-block-table\"><table><tbody><tr><td><strong>Cuenta contable<\/strong><\/td><td class=\"has-text-align-center\" data-align=\"center\"><strong>Debe<\/strong><\/td><td class=\"has-text-align-center\" data-align=\"center\"><strong>Haber<\/strong><\/td><\/tr><tr><td>340\/349. Productos semiterminados<\/td><td class=\"has-text-align-center\" data-align=\"center\">XXX<\/td><td class=\"has-text-align-center\" data-align=\"center\">\ufeff<\/td><\/tr><tr><td>711. Variaci\u00f3n de existencias de productos semiterminados<\/td><td class=\"has-text-align-center\" data-align=\"center\">\ufeff<\/td><td class=\"has-text-align-center\" data-align=\"center\">XXX<\/td><\/tr><\/tbody><\/table><\/figure>\n\n\n\n<figure class=\"wp-block-table\"><table><tbody><tr><td><strong>Cuenta contable<\/strong><\/td><td><strong>Debe<\/strong><\/td><td><strong>Haber<\/strong><\/td><\/tr><tr><td>350\/359. Productos terminados<\/td><td>XXX<\/td><td>\ufeff<\/td><\/tr><tr><td>712. Variaci\u00f3n de existencias de productos terminados<\/td><td>\ufeff<\/td><td>XXX<\/td><\/tr><\/tbody><\/table><\/figure>\n\n\n\n<figure class=\"wp-block-table\"><table><tbody><tr><td><strong>Cuenta contable<\/strong><\/td><td><strong>Debe<\/strong><\/td><td class=\"has-text-align-center\" data-align=\"center\"><strong>Haber<\/strong><\/td><\/tr><tr><td>360\/361. Subproductos<\/td><td>XXX<\/td><td class=\"has-text-align-center\" data-align=\"center\">\ufeff<\/td><\/tr><tr><td>365\/366. Residuos<\/td><td>YYY<\/td><td class=\"has-text-align-center\" data-align=\"center\"><\/td><\/tr><tr><td>368\/369. Materiales recuperados<\/td><td>ZZZ<\/td><td class=\"has-text-align-center\" data-align=\"center\"><\/td><\/tr><tr><td>713. Variaci\u00f3n de existencias de subproductos, residuos y materiales recuperados<\/td><td>\ufeff<\/td><td class=\"has-text-align-center\" data-align=\"center\">XXX + YYY + ZZZ<\/td><\/tr><\/tbody><\/table><\/figure>\n\n\n\n<h3 class=\"wp-block-heading\">En el cierre del ejercicio<\/h3>\n\n\n\n<p>Los asientos anteriores, tanto en la cuenta de ingresos como en la cuenta de gastos, se contabilizan al inicio del ejercicio. A final del ejercicio, el asiento contabilizado es el inverso.<\/p>\n\n\n\n<h2 class=\"wp-block-heading\" id=\"ejemplo-contabilizaci\u00f3n-existencias\">Ejemplo de contabilizaci\u00f3n de existencias<\/h2>\n\n\n\n<p>Una empresa dedicada a la producci\u00f3n de bater\u00edas registra, en su cuenta de existencias (cuenta 300, mercader\u00edas), un total de 80.000 \u20ac. Asimismo, se registra un total de 50.000 \u20ac de productos terminados. Al inicio del periodo, se registran los siguientes asientos:<\/p>\n\n\n\n<figure class=\"wp-block-table\"><table><tbody><tr><td><strong>Cuenta contable<\/strong><\/td><td class=\"has-text-align-center\" data-align=\"center\"><strong>Debe<\/strong><\/td><td class=\"has-text-align-center\" data-align=\"center\"><strong>Haber<\/strong><\/td><\/tr><tr><td>610. Variaci\u00f3n de existencias de mercader\u00edas<\/td><td class=\"has-text-align-center\" data-align=\"center\">80.000<\/td><td class=\"has-text-align-center\" data-align=\"center\">\ufeff<\/td><\/tr><tr><td>300. Mercader\u00edas<\/td><td class=\"has-text-align-center\" data-align=\"center\">\ufeff<\/td><td class=\"has-text-align-center\" data-align=\"center\">80.000<\/td><\/tr><\/tbody><\/table><\/figure>\n\n\n\n<figure class=\"wp-block-table\"><table><tbody><tr><td><strong>Cuenta contable<\/strong><\/td><td class=\"has-text-align-center\" data-align=\"center\"><strong>Debe<\/strong><\/td><td class=\"has-text-align-center\" data-align=\"center\"><strong>Haber<\/strong><\/td><\/tr><tr><td>710. Variaci\u00f3n de existencias de productos terminados<\/td><td class=\"has-text-align-center\" data-align=\"center\">50.000<\/td><td class=\"has-text-align-center\" data-align=\"center\">\ufeff<\/td><\/tr><tr><td>350. Productos terminados<\/td><td class=\"has-text-align-center\" data-align=\"center\">\ufeff<\/td><td class=\"has-text-align-center\" data-align=\"center\">50.000<\/td><\/tr><\/tbody><\/table><\/figure>\n\n\n\n<p>Dentro de su actividad, compra a 30 d\u00edas 1.000 kg del producto X a 0,40 \u20ac\/KG, que utilizar\u00e1 en su proceso productivo. Se han pagado 80 \u20ac en portes, que corren por cuenta del cliente.<\/p>\n\n\n\n<p>1000 kg X 0,40 \u20ac  = 400 \u20ac<\/p>\n\n\n\n<p>Coste total = 400 + 80 = 480 \u20ac.<\/p>\n\n\n\n<p>El asiento contable ser\u00e1 el siguiente:<\/p>\n\n\n\n<figure class=\"wp-block-table\"><table><tbody><tr><td><strong>Cuenta contable<\/strong><\/td><td class=\"has-text-align-center\" data-align=\"center\"><strong>Debe<\/strong><\/td><td class=\"has-text-align-center\" data-align=\"center\"><strong>Haber<\/strong><\/td><\/tr><tr><td>600. Compra de mercader\u00edas<\/td><td class=\"has-text-align-center\" data-align=\"center\">480 \u20ac<\/td><td class=\"has-text-align-center\" data-align=\"center\">\ufeff<\/td><\/tr><tr><td>472. Hacienda P\u00fablica. IVA Soportado<\/td><td class=\"has-text-align-center\" data-align=\"center\">100,80 \u20ac<\/td><td class=\"has-text-align-center\" data-align=\"center\"><\/td><\/tr><tr><td>400. Proveedores<\/td><td class=\"has-text-align-center\" data-align=\"center\">\ufeff<\/td><td class=\"has-text-align-center\" data-align=\"center\">580,80 \u20ac<\/td><\/tr><\/tbody><\/table><\/figure>\n\n\n\n<p>Posteriormente, vende 500 kg a 0,60 \u20ac, contabiliz\u00e1ndose el siguiente asiento:<\/p>\n\n\n\n<figure class=\"wp-block-table\"><table><tbody><tr><td><strong>Cuenta contable<\/strong><\/td><td class=\"has-text-align-center\" data-align=\"center\"><strong>Debe<\/strong><\/td><td class=\"has-text-align-center\" data-align=\"center\"><strong>Haber<\/strong><\/td><\/tr><tr><td>430. Clientes<\/td><td class=\"has-text-align-center\" data-align=\"center\">363 \u20ac<\/td><td class=\"has-text-align-center\" data-align=\"center\">\ufeff<\/td><\/tr><tr><td>477. Hacienda P\u00fablica. IVA Repercutido<\/td><td class=\"has-text-align-center\" data-align=\"center\"><\/td><td class=\"has-text-align-center\" data-align=\"center\">63 \u20ac<\/td><\/tr><tr><td>700. Ventas de mercader\u00edas<\/td><td class=\"has-text-align-center\" data-align=\"center\">\ufeff<\/td><td class=\"has-text-align-center\" data-align=\"center\">300 \u20ac<\/td><\/tr><\/tbody><\/table><\/figure>\n\n\n\n<p>Durante el ejercicio, se realizan otras compras similares. <\/p>\n\n\n\n<p>Al final del ejercicio, se realiza un nuevo recuento, acabando en que las existencias de mercader\u00edas se valoran en 100.000 \u20ac, mientras que los productos terminados lo hacen en 40.000 \u20ac. Los asientos a contabilizar son los siguientes:<\/p>\n\n\n\n<figure class=\"wp-block-table\"><table><tbody><tr><td><strong>Cuenta contable<\/strong><\/td><td class=\"has-text-align-center\" data-align=\"center\"><strong>Debe<\/strong><\/td><td class=\"has-text-align-center\" data-align=\"center\"><strong>Haber<\/strong><\/td><\/tr><tr><td>610. Variaci\u00f3n de existencias de mercader\u00edas<\/td><td class=\"has-text-align-center\" data-align=\"center\"><\/td><td class=\"has-text-align-center\" data-align=\"center\">100.000<\/td><\/tr><tr><td>300. Mercader\u00edas<\/td><td class=\"has-text-align-center\" data-align=\"center\">100.000<\/td><td class=\"has-text-align-center\" data-align=\"center\"><\/td><\/tr><\/tbody><\/table><\/figure>\n\n\n\n<figure class=\"wp-block-table\"><table><tbody><tr><td><strong>Cuenta contable<\/strong><\/td><td class=\"has-text-align-center\" data-align=\"center\"><strong>Debe<\/strong><\/td><td class=\"has-text-align-center\" data-align=\"center\"><strong>Haber<\/strong><\/td><\/tr><tr><td>710. Variaci\u00f3n de existencias de productos terminados<\/td><td class=\"has-text-align-center\" data-align=\"center\"><\/td><td class=\"has-text-align-center\" data-align=\"center\">40.000 <\/td><\/tr><tr><td>350. Productos terminados<\/td><td class=\"has-text-align-center\" data-align=\"center\">40.000<\/td><td class=\"has-text-align-center\" data-align=\"center\"><\/td><\/tr><\/tbody><\/table><\/figure>\n\n\n\n<h3 class=\"wp-block-heading\">Otros art\u00edculos relacionados<\/h3>\n\n\n\n<ul class=\"wp-block-list\">\n<li><a href=\"https:\/\/getquipu.com\/blog\/como-contabilizar-cuota-autonomos\/\">\u00bfC\u00f3mo contabilizar la cuota de aut\u00f3nomos?<\/a><\/li>\n\n\n\n<li><a href=\"https:\/\/getquipu.com\/blog\/como-contabilizar-suplido\/\">\u00bfC\u00f3mo contabilizar un suplido?<\/a><\/li>\n\n\n\n<li><a href=\"https:\/\/getquipu.com\/blog\/como-contabilizar-confirming\/\">\u00bfC\u00f3mo contabilizar un confirming?<\/a><\/li>\n<\/ul>\n","protected":false},"excerpt":{"rendered":"<p>En el mundo empresarial, contabilizar correctamente las existencias representa un pilar fundamental para el mantenimiento de una salud financiera \u00f3ptima y la toma de decisiones estrat\u00e9gicas informadas. Dada su importancia<\/p>\n","protected":false},"author":3,"featured_media":46693,"comment_status":"closed","ping_status":"open","sticky":false,"template":"","format":"standard","meta":{"footnotes":""},"categories":[469],"tags":[],"class_list":["post-46660","post","type-post","status-publish","format-standard","has-post-thumbnail","hentry","category-contabilidad","generate-columns","tablet-grid-50","mobile-grid-100","grid-parent","grid-50","resize-featured-image"],"yoast_head":"<!-- This site is optimized with the Yoast SEO plugin v23.9 - https:\/\/yoast.com\/wordpress\/plugins\/seo\/ -->\n<title>\u00bfC\u00f3mo contabilizar existencias? (2026)<\/title>\n<meta name=\"description\" content=\"\u00bfTienes dudas sobre c\u00f3mo contabilizar existencias? Te explicamos todo lo que tienes que saber sobre ello. \u00a1Entra y desc\u00fabrelo!\" \/>\n<meta name=\"robots\" content=\"index, follow, max-snippet:-1, max-image-preview:large, max-video-preview:-1\" \/>\n<link rel=\"canonical\" href=\"https:\/\/getquipu.com\/blog\/como-contabilizar-existencias\/\" \/>\n<meta property=\"og:locale\" content=\"es_ES\" \/>\n<meta property=\"og:type\" content=\"article\" \/>\n<meta property=\"og:title\" content=\"\u00bfC\u00f3mo contabilizar existencias? (2026)\" \/>\n<meta property=\"og:description\" content=\"\u00bfTienes dudas sobre c\u00f3mo contabilizar existencias? Te explicamos todo lo que tienes que saber sobre ello. \u00a1Entra y desc\u00fabrelo!\" \/>\n<meta property=\"og:url\" content=\"https:\/\/getquipu.com\/blog\/como-contabilizar-existencias\/\" \/>\n<meta property=\"og:site_name\" content=\"Aut\u00f3nomos, empresas y asesor\u00edas\" \/>\n<meta property=\"article:published_time\" content=\"2024-03-07T10:54:58+00:00\" \/>\n<meta property=\"article:modified_time\" content=\"2024-10-23T11:57:11+00:00\" \/>\n<meta property=\"og:image\" content=\"https:\/\/getquipu.com\/wp-content\/uploads\/2024\/03\/07115047\/como-contabilizar-existencias.png\" \/>\n\t<meta property=\"og:image:width\" content=\"768\" \/>\n\t<meta property=\"og:image:height\" content=\"295\" \/>\n\t<meta property=\"og:image:type\" content=\"image\/png\" \/>\n<meta name=\"author\" content=\"Roger Doba\u00f1o - CEO Quipu\" \/>\n<meta name=\"twitter:card\" content=\"summary_large_image\" \/>\n<meta name=\"twitter:creator\" content=\"@rogerdobano\" \/>\n<meta name=\"twitter:label1\" content=\"Escrito por\" \/>\n\t<meta name=\"twitter:data1\" content=\"Roger Doba\u00f1o - CEO Quipu\" \/>\n\t<meta name=\"twitter:label2\" content=\"Tiempo de lectura\" \/>\n\t<meta name=\"twitter:data2\" content=\"7 minutos\" \/>\n<script type=\"application\/ld+json\" class=\"yoast-schema-graph\">{\"@context\":\"https:\/\/schema.org\",\"@graph\":[{\"@type\":\"Article\",\"@id\":\"https:\/\/getquipu.com\/blog\/como-contabilizar-existencias\/#article\",\"isPartOf\":{\"@id\":\"https:\/\/getquipu.com\/blog\/como-contabilizar-existencias\/\"},\"author\":{\"name\":\"Roger Doba\u00f1o - CEO Quipu\",\"@id\":\"https:\/\/getquipu.com\/blog\/#\/schema\/person\/373ccc5d513d88aea29fc8135422fa2e\"},\"headline\":\"\u00bfC\u00f3mo contabilizar existencias?\",\"datePublished\":\"2024-03-07T10:54:58+00:00\",\"dateModified\":\"2024-10-23T11:57:11+00:00\",\"mainEntityOfPage\":{\"@id\":\"https:\/\/getquipu.com\/blog\/como-contabilizar-existencias\/\"},\"wordCount\":1325,\"publisher\":{\"@id\":\"https:\/\/getquipu.com\/blog\/#organization\"},\"image\":{\"@id\":\"https:\/\/getquipu.com\/blog\/como-contabilizar-existencias\/#primaryimage\"},\"thumbnailUrl\":\"https:\/\/getquipu.com\/wp-content\/uploads\/2024\/03\/07115047\/como-contabilizar-existencias.png\",\"articleSection\":[\"Contabilidad\"],\"inLanguage\":\"es\"},{\"@type\":\"WebPage\",\"@id\":\"https:\/\/getquipu.com\/blog\/como-contabilizar-existencias\/\",\"url\":\"https:\/\/getquipu.com\/blog\/como-contabilizar-existencias\/\",\"name\":\"\u00bfC\u00f3mo contabilizar existencias? (2026)\",\"isPartOf\":{\"@id\":\"https:\/\/getquipu.com\/blog\/#website\"},\"primaryImageOfPage\":{\"@id\":\"https:\/\/getquipu.com\/blog\/como-contabilizar-existencias\/#primaryimage\"},\"image\":{\"@id\":\"https:\/\/getquipu.com\/blog\/como-contabilizar-existencias\/#primaryimage\"},\"thumbnailUrl\":\"https:\/\/getquipu.com\/wp-content\/uploads\/2024\/03\/07115047\/como-contabilizar-existencias.png\",\"datePublished\":\"2024-03-07T10:54:58+00:00\",\"dateModified\":\"2024-10-23T11:57:11+00:00\",\"description\":\"\u00bfTienes dudas sobre c\u00f3mo contabilizar existencias? Te explicamos todo lo que tienes que saber sobre ello. \u00a1Entra y desc\u00fabrelo!\",\"breadcrumb\":{\"@id\":\"https:\/\/getquipu.com\/blog\/como-contabilizar-existencias\/#breadcrumb\"},\"inLanguage\":\"es\",\"potentialAction\":[{\"@type\":\"ReadAction\",\"target\":[\"https:\/\/getquipu.com\/blog\/como-contabilizar-existencias\/\"]}]},{\"@type\":\"ImageObject\",\"inLanguage\":\"es\",\"@id\":\"https:\/\/getquipu.com\/blog\/como-contabilizar-existencias\/#primaryimage\",\"url\":\"https:\/\/getquipu.com\/wp-content\/uploads\/2024\/03\/07115047\/como-contabilizar-existencias.png\",\"contentUrl\":\"https:\/\/getquipu.com\/wp-content\/uploads\/2024\/03\/07115047\/como-contabilizar-existencias.png\",\"width\":768,\"height\":295,\"caption\":\"aut\u00f3noma contabilizando existencias\"},{\"@type\":\"BreadcrumbList\",\"@id\":\"https:\/\/getquipu.com\/blog\/como-contabilizar-existencias\/#breadcrumb\",\"itemListElement\":[{\"@type\":\"ListItem\",\"position\":1,\"name\":\"Blog\",\"item\":\"https:\/\/getquipu.com\/blog\/\"},{\"@type\":\"ListItem\",\"position\":2,\"name\":\"Contabilidad\",\"item\":\"https:\/\/getquipu.com\/blog\/category\/contabilidad\/\"},{\"@type\":\"ListItem\",\"position\":3,\"name\":\"\u00bfC\u00f3mo contabilizar existencias?\"}]},{\"@type\":\"WebSite\",\"@id\":\"https:\/\/getquipu.com\/blog\/#website\",\"url\":\"https:\/\/getquipu.com\/blog\/\",\"name\":\"Aut\u00f3nomos, empresas y asesor\u00edas\",\"description\":\"Informaci\u00f3n \u00fatil sobre fiscalidad y eficiencia administrativa en negocios como el tuyo.\",\"publisher\":{\"@id\":\"https:\/\/getquipu.com\/blog\/#organization\"},\"potentialAction\":[{\"@type\":\"SearchAction\",\"target\":{\"@type\":\"EntryPoint\",\"urlTemplate\":\"https:\/\/getquipu.com\/blog\/?s={search_term_string}\"},\"query-input\":{\"@type\":\"PropertyValueSpecification\",\"valueRequired\":true,\"valueName\":\"search_term_string\"}}],\"inLanguage\":\"es\"},{\"@type\":\"Organization\",\"@id\":\"https:\/\/getquipu.com\/blog\/#organization\",\"name\":\"Quipu\",\"url\":\"https:\/\/getquipu.com\/blog\/\",\"logo\":{\"@type\":\"ImageObject\",\"inLanguage\":\"es\",\"@id\":\"https:\/\/getquipu.com\/blog\/#\/schema\/logo\/image\/\",\"url\":\"https:\/\/getquipu.com\/wp-content\/uploads\/2022\/06\/20105810\/logo-quipu.png\",\"contentUrl\":\"https:\/\/getquipu.com\/wp-content\/uploads\/2022\/06\/20105810\/logo-quipu.png\",\"width\":399,\"height\":399,\"caption\":\"Quipu\"},\"image\":{\"@id\":\"https:\/\/getquipu.com\/blog\/#\/schema\/logo\/image\/\"}},{\"@type\":\"Person\",\"@id\":\"https:\/\/getquipu.com\/blog\/#\/schema\/person\/373ccc5d513d88aea29fc8135422fa2e\",\"name\":\"Roger Doba\u00f1o - CEO Quipu\",\"image\":{\"@type\":\"ImageObject\",\"inLanguage\":\"es\",\"@id\":\"https:\/\/getquipu.com\/blog\/#\/schema\/person\/image\/\",\"url\":\"https:\/\/secure.gravatar.com\/avatar\/34af94bfd8e5677657b0a2d961dc4974?s=96&d=mm&r=g\",\"contentUrl\":\"https:\/\/secure.gravatar.com\/avatar\/34af94bfd8e5677657b0a2d961dc4974?s=96&d=mm&r=g\",\"caption\":\"Roger Doba\u00f1o - CEO Quipu\"},\"description\":\"Roger es CEO y Fundador de Quipu, un software en la nube que lleva +10 a\u00f1os ayudando a aut\u00f3nomos, pymes y asesor\u00edas a digitalizar su operativa precontable. A ra\u00edz de una mala experiencia como aut\u00f3nomo, Roger se propuso crear un programa que acompa\u00f1ara a los empresarios a lidiar con la administraci\u00f3n.\",\"sameAs\":[\"https:\/\/getquipu.com\",\"https:\/\/www.linkedin.com\/in\/rogerdobano\/\",\"https:\/\/x.com\/@rogerdobano\"],\"url\":\"https:\/\/getquipu.com\/blog\/author\/roger\/\"}]}<\/script>\n<!-- \/ Yoast SEO plugin. -->","yoast_head_json":{"title":"\u00bfC\u00f3mo contabilizar existencias? (2026)","description":"\u00bfTienes dudas sobre c\u00f3mo contabilizar existencias? Te explicamos todo lo que tienes que saber sobre ello. \u00a1Entra y desc\u00fabrelo!","robots":{"index":"index","follow":"follow","max-snippet":"max-snippet:-1","max-image-preview":"max-image-preview:large","max-video-preview":"max-video-preview:-1"},"canonical":"https:\/\/getquipu.com\/blog\/como-contabilizar-existencias\/","og_locale":"es_ES","og_type":"article","og_title":"\u00bfC\u00f3mo contabilizar existencias? (2026)","og_description":"\u00bfTienes dudas sobre c\u00f3mo contabilizar existencias? Te explicamos todo lo que tienes que saber sobre ello. \u00a1Entra y desc\u00fabrelo!","og_url":"https:\/\/getquipu.com\/blog\/como-contabilizar-existencias\/","og_site_name":"Aut\u00f3nomos, empresas y asesor\u00edas","article_published_time":"2024-03-07T10:54:58+00:00","article_modified_time":"2024-10-23T11:57:11+00:00","og_image":[{"width":768,"height":295,"url":"https:\/\/getquipu.com\/wp-content\/uploads\/2024\/03\/07115047\/como-contabilizar-existencias.png","type":"image\/png"}],"author":"Roger Doba\u00f1o - CEO Quipu","twitter_card":"summary_large_image","twitter_creator":"@rogerdobano","twitter_misc":{"Escrito por":"Roger Doba\u00f1o - CEO Quipu","Tiempo de lectura":"7 minutos"},"schema":{"@context":"https:\/\/schema.org","@graph":[{"@type":"Article","@id":"https:\/\/getquipu.com\/blog\/como-contabilizar-existencias\/#article","isPartOf":{"@id":"https:\/\/getquipu.com\/blog\/como-contabilizar-existencias\/"},"author":{"name":"Roger Doba\u00f1o - CEO Quipu","@id":"https:\/\/getquipu.com\/blog\/#\/schema\/person\/373ccc5d513d88aea29fc8135422fa2e"},"headline":"\u00bfC\u00f3mo contabilizar existencias?","datePublished":"2024-03-07T10:54:58+00:00","dateModified":"2024-10-23T11:57:11+00:00","mainEntityOfPage":{"@id":"https:\/\/getquipu.com\/blog\/como-contabilizar-existencias\/"},"wordCount":1325,"publisher":{"@id":"https:\/\/getquipu.com\/blog\/#organization"},"image":{"@id":"https:\/\/getquipu.com\/blog\/como-contabilizar-existencias\/#primaryimage"},"thumbnailUrl":"https:\/\/getquipu.com\/wp-content\/uploads\/2024\/03\/07115047\/como-contabilizar-existencias.png","articleSection":["Contabilidad"],"inLanguage":"es"},{"@type":"WebPage","@id":"https:\/\/getquipu.com\/blog\/como-contabilizar-existencias\/","url":"https:\/\/getquipu.com\/blog\/como-contabilizar-existencias\/","name":"\u00bfC\u00f3mo contabilizar existencias? (2026)","isPartOf":{"@id":"https:\/\/getquipu.com\/blog\/#website"},"primaryImageOfPage":{"@id":"https:\/\/getquipu.com\/blog\/como-contabilizar-existencias\/#primaryimage"},"image":{"@id":"https:\/\/getquipu.com\/blog\/como-contabilizar-existencias\/#primaryimage"},"thumbnailUrl":"https:\/\/getquipu.com\/wp-content\/uploads\/2024\/03\/07115047\/como-contabilizar-existencias.png","datePublished":"2024-03-07T10:54:58+00:00","dateModified":"2024-10-23T11:57:11+00:00","description":"\u00bfTienes dudas sobre c\u00f3mo contabilizar existencias? Te explicamos todo lo que tienes que saber sobre ello. \u00a1Entra y desc\u00fabrelo!","breadcrumb":{"@id":"https:\/\/getquipu.com\/blog\/como-contabilizar-existencias\/#breadcrumb"},"inLanguage":"es","potentialAction":[{"@type":"ReadAction","target":["https:\/\/getquipu.com\/blog\/como-contabilizar-existencias\/"]}]},{"@type":"ImageObject","inLanguage":"es","@id":"https:\/\/getquipu.com\/blog\/como-contabilizar-existencias\/#primaryimage","url":"https:\/\/getquipu.com\/wp-content\/uploads\/2024\/03\/07115047\/como-contabilizar-existencias.png","contentUrl":"https:\/\/getquipu.com\/wp-content\/uploads\/2024\/03\/07115047\/como-contabilizar-existencias.png","width":768,"height":295,"caption":"aut\u00f3noma contabilizando existencias"},{"@type":"BreadcrumbList","@id":"https:\/\/getquipu.com\/blog\/como-contabilizar-existencias\/#breadcrumb","itemListElement":[{"@type":"ListItem","position":1,"name":"Blog","item":"https:\/\/getquipu.com\/blog\/"},{"@type":"ListItem","position":2,"name":"Contabilidad","item":"https:\/\/getquipu.com\/blog\/category\/contabilidad\/"},{"@type":"ListItem","position":3,"name":"\u00bfC\u00f3mo contabilizar existencias?"}]},{"@type":"WebSite","@id":"https:\/\/getquipu.com\/blog\/#website","url":"https:\/\/getquipu.com\/blog\/","name":"Aut\u00f3nomos, empresas y asesor\u00edas","description":"Informaci\u00f3n \u00fatil sobre fiscalidad y eficiencia administrativa en negocios como el tuyo.","publisher":{"@id":"https:\/\/getquipu.com\/blog\/#organization"},"potentialAction":[{"@type":"SearchAction","target":{"@type":"EntryPoint","urlTemplate":"https:\/\/getquipu.com\/blog\/?s={search_term_string}"},"query-input":{"@type":"PropertyValueSpecification","valueRequired":true,"valueName":"search_term_string"}}],"inLanguage":"es"},{"@type":"Organization","@id":"https:\/\/getquipu.com\/blog\/#organization","name":"Quipu","url":"https:\/\/getquipu.com\/blog\/","logo":{"@type":"ImageObject","inLanguage":"es","@id":"https:\/\/getquipu.com\/blog\/#\/schema\/logo\/image\/","url":"https:\/\/getquipu.com\/wp-content\/uploads\/2022\/06\/20105810\/logo-quipu.png","contentUrl":"https:\/\/getquipu.com\/wp-content\/uploads\/2022\/06\/20105810\/logo-quipu.png","width":399,"height":399,"caption":"Quipu"},"image":{"@id":"https:\/\/getquipu.com\/blog\/#\/schema\/logo\/image\/"}},{"@type":"Person","@id":"https:\/\/getquipu.com\/blog\/#\/schema\/person\/373ccc5d513d88aea29fc8135422fa2e","name":"Roger Doba\u00f1o - CEO Quipu","image":{"@type":"ImageObject","inLanguage":"es","@id":"https:\/\/getquipu.com\/blog\/#\/schema\/person\/image\/","url":"https:\/\/secure.gravatar.com\/avatar\/34af94bfd8e5677657b0a2d961dc4974?s=96&d=mm&r=g","contentUrl":"https:\/\/secure.gravatar.com\/avatar\/34af94bfd8e5677657b0a2d961dc4974?s=96&d=mm&r=g","caption":"Roger Doba\u00f1o - CEO Quipu"},"description":"Roger es CEO y Fundador de Quipu, un software en la nube que lleva +10 a\u00f1os ayudando a aut\u00f3nomos, pymes y asesor\u00edas a digitalizar su operativa precontable. A ra\u00edz de una mala experiencia como aut\u00f3nomo, Roger se propuso crear un programa que acompa\u00f1ara a los empresarios a lidiar con la administraci\u00f3n.","sameAs":["https:\/\/getquipu.com","https:\/\/www.linkedin.com\/in\/rogerdobano\/","https:\/\/x.com\/@rogerdobano"],"url":"https:\/\/getquipu.com\/blog\/author\/roger\/"}]}},"_links":{"self":[{"href":"https:\/\/getquipu.com\/blog\/wp-json\/wp\/v2\/posts\/46660","targetHints":{"allow":["GET"]}}],"collection":[{"href":"https:\/\/getquipu.com\/blog\/wp-json\/wp\/v2\/posts"}],"about":[{"href":"https:\/\/getquipu.com\/blog\/wp-json\/wp\/v2\/types\/post"}],"author":[{"embeddable":true,"href":"https:\/\/getquipu.com\/blog\/wp-json\/wp\/v2\/users\/3"}],"replies":[{"embeddable":true,"href":"https:\/\/getquipu.com\/blog\/wp-json\/wp\/v2\/comments?post=46660"}],"version-history":[{"count":10,"href":"https:\/\/getquipu.com\/blog\/wp-json\/wp\/v2\/posts\/46660\/revisions"}],"predecessor-version":[{"id":49187,"href":"https:\/\/getquipu.com\/blog\/wp-json\/wp\/v2\/posts\/46660\/revisions\/49187"}],"wp:featuredmedia":[{"embeddable":true,"href":"https:\/\/getquipu.com\/blog\/wp-json\/wp\/v2\/media\/46693"}],"wp:attachment":[{"href":"https:\/\/getquipu.com\/blog\/wp-json\/wp\/v2\/media?parent=46660"}],"wp:term":[{"taxonomy":"category","embeddable":true,"href":"https:\/\/getquipu.com\/blog\/wp-json\/wp\/v2\/categories?post=46660"},{"taxonomy":"post_tag","embeddable":true,"href":"https:\/\/getquipu.com\/blog\/wp-json\/wp\/v2\/tags?post=46660"}],"curies":[{"name":"wp","href":"https:\/\/api.w.org\/{rel}","templated":true}]}}