{"id":44556,"date":"2023-12-19T16:23:59","date_gmt":"2023-12-19T15:23:59","guid":{"rendered":"https:\/\/getquipu.com\/blog\/?p=44556"},"modified":"2026-08-17T22:55:09","modified_gmt":"2026-08-17T20:55:09","slug":"gastos-deducibles-estimacion-objetiva","status":"publish","type":"post","link":"https:\/\/getquipu.com\/blog\/gastos-deducibles-estimacion-objetiva\/","title":{"rendered":"Gastos deducibles en estimaci\u00f3n objetiva: \u00bfcu\u00e1les son?"},"content":{"rendered":"\n<div class=\"wp-block-group box-sintesis has-background\" style=\"background-color:#BFE4F5\"><div class=\"wp-block-group__inner-container is-layout-flow wp-block-group-is-layout-flow\"><h2 class=\"wp-block-heading\">S\u00edntesis del art\u00edculo<\/h2><p>En estimaci\u00f3n objetiva (m\u00f3dulos) NO existen los <strong>gastos deducibles estimacion objetiva<\/strong> tradicionales (como la cuota de aut\u00f3nomo o facturas de proveedores). La \u00fanica minoraci\u00f3n permitida aplicable para el a\u00f1o 2026 es la amortizaci\u00f3n de inmovilizado material e intangible afecto a la actividad.<\/p>\n<p><strong>Roger Doba\u00f1o \u00b7 CEO de Quipu<\/strong><\/p><\/div><\/div>\n\n\n\n<p>La tributaci\u00f3n de los aut\u00f3nomos es <strong>un tema que genera dudas incluso entre quienes llevan a\u00f1os ejerciendo una actividad por cuenta propia<\/strong>. Muchas de ellas relacionadas con el <a href=\"https:\/\/getquipu.com\/blog\/regimen-de-estimacion-objetiva\/\">r\u00e9gimen de m\u00f3dulos o estimaci\u00f3n objetiva<\/a>. Por eso, en esta ocasi\u00f3n hemos querido tratar m\u00e1s a fondo la cuesti\u00f3n de los gastos deducibles en estimaci\u00f3n objetiva.<\/p>\n\n\n\n<div class=\"wp-block-group box-destacada has-background\" style=\"background-color:#fef9f5\"><div class=\"wp-block-group__inner-container is-layout-flow wp-block-group-is-layout-flow\">\n<p class=\"has-text-align-center has-medium-font-size\"><strong>\u00bfSiguen compensando los m\u00f3dulos en 2026?<\/strong><\/p>\n\n\n\n<p>\ud83d\udcf9 <strong>V\u00eddeo explicativo: <\/strong>Antes de adentrarnos en qu\u00e9 gastos puedes deducir en estimaci\u00f3n objetiva, es crucial evaluar si este r\u00e9gimen sigue siendo la mejor opci\u00f3n para tu actividad. Este v\u00eddeo de Quipu te ofrece un an\u00e1lisis actualizado sobre los m\u00f3dulos para 2026, sus l\u00edmites y cu\u00e1ndo conviene optar por la estimaci\u00f3n directa.<\/p>\n\n\n\n<div class=\"iframe-container\">\n\n<iframe class=\"responsive-iframe\" title=\"YouTube video player\" src=\"https:\/\/www.youtube.com\/embed\/sNKq2oZmYs0?rel=0\" frameborder=\"0\" allowfullscreen=\"allowfullscreen\"><\/iframe>\n\n<\/div>\n\n\n\n<div style=\"height:25px\" aria-hidden=\"true\" class=\"wp-block-spacer\"><\/div>\n\n\n\n<div class=\"btn-div-destacado\"><a href=\"https:\/\/getquipu.com\/es\/cuentas\/registro\" class=\"btn-destacado\" target=\"_blank\" rel=\"noreferrer noopener\">Prueba Quipu Gratis<\/a><\/div>\n\n\n\n<div style=\"height:20px\" aria-hidden=\"true\" class=\"wp-block-spacer\"><\/div>\n\n\n\n<p class=\"has-text-align-center has-small-font-size\"><em>Prueba gratuita de 15 d\u00edas. Sin permanencia. Sin introducir tu tarjeta.<\/em><\/p>\n<\/div><\/div>\n\n\n\n<h2 class=\"wp-block-heading\">\u00bfQu\u00e9 es y c\u00f3mo funciona el r\u00e9gimen de m\u00f3dulos frente a la estimaci\u00f3n directa?<\/h2>\n\n\n\n<p><strong>El r\u00e9gimen de m\u00f3dulos es un sistema de tributaci\u00f3n simplificado que difiere radicalmente de la <a href=\"https:\/\/getquipu.com\/blog\/regimen-de-estimacion-directa-u-objetiva-como-tributar-como-autonomo\/\">estimaci\u00f3n directa<\/a>.<\/strong> En lugar de calcular el beneficio real restando los gastos a los ingresos, el rendimiento neto se determina aplicando una serie de par\u00e1metros o \u00abm\u00f3dulos\u00bb objetivos establecidos por Hacienda (como los metros cuadrados del local, el consumo el\u00e9ctrico o el personal contratado).<\/p>\n\n\n\n<p>Esta diferencia fundamental explica por qu\u00e9 la forma en que se restan los gastos no es igual. Al tributar por m\u00f3dulos, el c\u00e1lculo ya asume una rentabilidad media sectorial, lo que hace incompatible la deducci\u00f3n ordinaria de facturas que s\u00ed es habitual en la estimaci\u00f3n directa.<\/p>\n\n\n\n<h2 class=\"wp-block-heading\">\u00bfQu\u00e9 son los gastos fiscalmente deducibles para aut\u00f3nomos?<\/h2>\n\n\n\n<div class=\"wp-block-group box-destacada has-background\" style=\"background-color:#fef9f5\"><div class=\"wp-block-group__inner-container is-layout-flow wp-block-group-is-layout-flow\">\n<p class=\"has-text-align-center has-medium-font-size\"><strong>\u00bfQu\u00e9 gastos puede deducir un aut\u00f3nomo?<\/strong><\/p>\n\n\n\n<p>\ud83d\udcf9 <strong>V\u00eddeo explicativo: <\/strong>Para entender por qu\u00e9 la estimaci\u00f3n objetiva es tan restrictiva, primero es fundamental conocer qu\u00e9 gastos se consideran deducibles bajo el r\u00e9gimen general de Hacienda.<\/p>\n\n\n\n<div class=\"iframe-container\"><iframe class=\"responsive-iframe\" title=\"YouTube video player\" src=\"https:\/\/www.youtube.com\/embed\/kMhDPR6bsjs?rel=0\" frameborder=\"0\" allowfullscreen=\"allowfullscreen\"><\/iframe><\/div>\n\n\n\n<div class=\"btn-div-destacado\"><a href=\"https:\/\/getquipu.com\/es\/cuentas\/registro\" class=\"btn-destacado\" target=\"_blank\" rel=\"noreferrer noopener\">Prueba Quipu Gratis<\/a><\/div>\n<\/div><\/div>\n\n\n\n\n\n<p>Toda actividad econ\u00f3mica ejercida por cuenta propia por una persona f\u00edsica es susceptible de generar ganancias, pero, para ello, <strong>primero requiere una inversi\u00f3n y asumir una serie de gastos<\/strong>. Por ejemplo, el pago de las cuotas del RETA (R\u00e9gimen Especial de Trabajadores Aut\u00f3nomos), el pago de la renta de alquiler de una oficina para trabajar, o la compra de equipos inform\u00e1ticos o herramientas.<\/p>\n\n\n\n<p>La regla general cuando se trata de tributar por el Impuesto sobre la Renta de las Personas F\u00edsicas (IRPF), es que el impuesto <strong>se paga sobre los rendimientos netos<\/strong>. Y los rendimientos netos son el resultado de restarle a los ingresos los gastos asociados a la actividad. Son estos gastos que se pueden descontar, los que reciben la calificaci\u00f3n de <a href=\"https:\/\/getquipu.com\/blog\/gastos-deducibles\/\">gastos fiscalmente deducibles<\/a>.<\/p>\n\n\n\n<p>Es decir, <strong>son cantidades que el aut\u00f3nomo ha gastado para poder ejercer su profesi\u00f3n<\/strong> y qu\u00e9, por tanto, se pueden descontar de los ingresos que ha producido su actividad, para conocer la verdadera rentabilidad de la misma.<\/p>\n\n\n\n<div class=\"hs-cta-embed hs-cta-simple-placeholder hs-cta-embed-413981442257\"\n  style=\"max-width:100%; max-height:100%; width:1600px;height:764px\" data-hubspot-wrapper-cta-id=\"413981442257\">\n  <a href=\"https:\/\/cta-eu1.hubspot.com\/web-interactives\/public\/v1\/track\/redirect?encryptedPayload=AVxigLJH4AuibQnXrkEtSVFgFaNVgOtpaV8JZrlVIoJzIt0VGpjgQwqSVhTGs1ldx%2B2fCc3UXUmbUucpdAjJxeM7N101YKWlv57u5FqPUzdbLN1OHhn6IbAvGMNTK6an1vvCPXUeVk6RcH0gInBHvoHXYxYP2EVtHNGRhQ%2FO1DqQKC5k4Et5xGs5KQ%2FSwyLtxQJsZxB1b4Qjwy8s3Anl7K4OgMdk%2FzRk9sYGdM9lhnRQ0OZfxrvyhkCqyrABQbtjccuf%2Fs90qOKrCaypJ9AeX%2FR0afzYV31KIi1bEgdqBcWm5xHdSexhqS%2BpgDOWTpKHlBSMzRL%2BO8yIg4KyEA%3D%3D&#038;webInteractiveContentId=413981442257&#038;portalId=145818878\" target=\"_blank\" rel=\"noopener\" crossorigin=\"anonymous\">\n    <img decoding=\"async\" alt=\"1600 x 419\" loading=\"lazy\" src=\"https:\/\/hubspot-no-cache-eu1-prod.s3.amazonaws.com\/cta\/default\/145818878\/interactive-413981442257.png\" style=\"height: 100%; width: 100%; object-fit: fill\"\n      onerror=\"this.style.display='none'\" \/>\n  <\/a>\n<\/div>\n\n\n\n<h2 class=\"wp-block-heading\">Requisitos de los gastos deducibles en m\u00f3dulos (Estimaci\u00f3n Objetiva)<\/h2>\n\n\n\n<p>El r\u00e9gimen de estimaci\u00f3n objetiva o sistema de m\u00f3dulos es un m\u00e9todo simplificado para tributar por el IRPF. Su principal se\u00f1a de identidad es que los contribuyentes tributan <strong>aplicando una serie de \u00edndices objetivos preestablecidos por Hacienda<\/strong>, en funci\u00f3n de diferentes par\u00e1metros como la superficie del local, los ingresos obtenidos o el n\u00famero de empleados que tiene el aut\u00f3nomo.<\/p>\n\n\n\n<p>En el r\u00e9gimen de estimaci\u00f3n directa (normal y simplificada), los gastos son deducibles si cumplen tres requisitos:<\/p>\n\n\n\n<ul class=\"wp-block-list\"><li>Est\u00e1n afectos a la actividad.<\/li><li>Est\u00e1n justificados documentalmente.<\/li><li>Constan en la contabilidad o libros registro de llevanza obligatoria.<\/li><\/ul>\n\n\n\n<p>Pero con la estimaci\u00f3n objetiva esto no sucede. Cuando un contribuyente accede a este m\u00e9todo, <strong>renuncia a la posibilidad de aplicar deducciones vinculadas con su actividad econ\u00f3mica<\/strong>. Porque en este caso la tributaci\u00f3n se realiza siguiendo los \u00edndices y m\u00f3dulos que determina la normativa fiscal.<\/p>\n\n\n\n<p>En su <strong><a href=\"https:\/\/getquipu.com\/blog\/consulta-vinculante-hacienda\/\">Consulta Vinculante V1251-22<\/a><\/strong>, de 6 de junio de 2022, la <strong>Direcci\u00f3n General de Tributos<\/strong> destaca expresamente que en ning\u00fan caso se pueden deducir del IRPF en estimaci\u00f3n objetiva ni el gasto de las cuotas a la Seguridad Social del aut\u00f3nomo, ni ning\u00fan otro gasto afecto a la actividad. Solo se permite la amortizaci\u00f3n de inmovilizado material e intangible.<\/p>\n\n\n<div class=\"gb-container gb-container-b2fecea6 new-banner\">\n<div class=\"gb-grid-wrapper gb-grid-wrapper-0fc70046\">\n<div class=\"gb-grid-column gb-grid-column-6f7203a6\"><div class=\"gb-container gb-container-6f7203a6 text-div\">\n\n<p class=\"title-banner has-text-color\" style=\"color:#003829;font-size:19px\">Digitaliza y deduce todos tus gastos<\/p>\n\n\n\n<p class=\"text-banner\">Con Quipu, no tendr\u00e1s excusa para presentar todas tus facturas y tickets.<\/p>\n\n\n\n<p class=\"btn-p-banner\"><a href=\"https:\/\/getquipu.com\/es\/digitalizacion-facturas\" data-type=\"URL\" data-id=\"https:\/\/getquipu.com\/es\/digitalizacion-facturas\">Ver m\u00e1s<\/a><\/p>\n\n<\/div><\/div>\n\n<div class=\"gb-grid-column gb-grid-column-c144d8bb\"><div class=\"gb-container gb-container-c144d8bb img-banner\">\n\n<figure class=\"wp-block-image size-full\"><img decoding=\"async\" width=\"1024\" height=\"573\" src=\"https:\/\/getquipu.com\/wp-content\/uploads\/2023\/05\/18143241\/ocr-gasto-1.webp\" alt=\"\" class=\"wp-image-38683\" srcset=\"https:\/\/getquipu.com\/wp-content\/uploads\/2023\/05\/18143241\/ocr-gasto-1.webp 1024w, https:\/\/getquipu.com\/wp-content\/uploads\/2023\/05\/18143241\/ocr-gasto-1-300x168.webp 300w, https:\/\/getquipu.com\/wp-content\/uploads\/2023\/05\/18143241\/ocr-gasto-1-768x430.webp 768w\" sizes=\"(max-width: 1024px) 100vw, 1024px\" \/><\/figure>\n\n<\/div><\/div>\n<\/div>\n<\/div>\n\n\n<h2 class=\"wp-block-heading\">Amortizaciones: El \u00fanico &#8216;gasto deducible&#8217; en estimaci\u00f3n objetiva (2026)<\/h2>\n\n\n\n<p>No est\u00e1n admitidos los gastos deducibles en estimaci\u00f3n objetiva. Pero s\u00ed se permite aplicar <strong>minoraciones por la <a href=\"https:\/\/getquipu.com\/blog\/como-amortizo-los-bienes-de-inversion\/\">amortizaci\u00f3n de inmovilizado material e intangible<\/a> afecto a la actividad<\/strong>, que corresponda a la depreciaci\u00f3n efectiva que sufran dichos elementos por su utilizaci\u00f3n, funcionamiento, disfrute u obsolescencia. Con la excepci\u00f3n de las actividades de car\u00e1cter forestal, que ni tan siquiera tienen derecho a aplicar esta amortizaci\u00f3n.<\/p>\n\n\n\n<p>El resto, pueden aplicar las amortizaciones siguiendo la <strong>tabla recogida en la Orden HFP\/1315\/2021<\/strong>, de 1 de diciembre. Que establece cuant\u00edas como un 5% de minoraci\u00f3n por amortizaci\u00f3n de edificios y otras construcciones durante un per\u00edodo m\u00e1ximo de 40 a\u00f1os, o un 25% de elementos de transporte por un per\u00edodo de ocho a\u00f1os.<\/p>\n\n\n\n<p>Si has optado por el sistema de m\u00f3dulos, tu tributaci\u00f3n se simplifica pero, a cambio, pierdes algunas ventajas. Porque, tal y como has comprobado, no es posible aplicar gastos deducibles en estimaci\u00f3n objetiva. Tenlo muy en cuenta.<\/p>\n\n\n\n<h2 class=\"wp-block-heading\">Obligaciones fiscales y documentales en estimaci\u00f3n objetiva<\/h2>\n\n\n\n<p><strong>Aunque no haya gastos deducibles convencionales en m\u00f3dulos, las amortizaciones permitidas exigen justificaci\u00f3n documental.<\/strong> Esto significa que el aut\u00f3nomo no est\u00e1 exento de guardar los documentos que acreditan la compra de inmovilizado.<\/p>\n\n\n\n<p>Para poder aplicar las minoraciones por amortizaci\u00f3n, es obligatorio conservar las facturas originales de adquisici\u00f3n de dichos bienes y mantener al d\u00eda el libro registro de bienes de inversi\u00f3n. Solo con esta documentaci\u00f3n en regla se podr\u00e1n justificar legalmente estos importes ante posibles comprobaciones de la Agencia Tributaria.<\/p>\n\n\n\n<h2 class=\"wp-block-heading\">Preguntas frecuentes<\/h2>\n\n\n\n<h3 class=\"wp-block-heading\">\u00bfQu\u00e9 gastos son considerados deducibles?<\/h3>\n\n\n\n<p><strong>Por norma general, son aquellos vinculados a la actividad, justificados documentalmente y contabilizados.<\/strong> Sin embargo, es fundamental recalcar inmediatamente que esta regla general NO aplica en estimaci\u00f3n objetiva, dado que este r\u00e9gimen prescinde de la resta convencional de gastos.<\/p>\n\n\n\n<h3 class=\"wp-block-heading\">\u00bfCu\u00e1l es el coeficiente de gastos de dif\u00edcil justificaci\u00f3n para 2026?<\/h3>\n\n\n\n<p><strong>El coeficiente de gastos de dif\u00edcil justificaci\u00f3n (habitualmente del 5% con un tope de 2.000 euros) aplica SOLO en estimaci\u00f3n directa simplificada.<\/strong> Esta es una de las principales confusiones de los aut\u00f3nomos en m\u00f3dulos, quienes bajo ninguna circunstancia tienen derecho a aplicarlo en sus declaraciones.<\/p>\n\n\n\n<h3 class=\"wp-block-heading\">\u00bfQu\u00e9 requisitos deben cumplir los gastos para ser deducibles?<\/h3>\n\n\n\n<p><strong>En t\u00e9rminos generales, Hacienda exige que los gastos est\u00e9n afectos a la actividad, justificados con factura y anotados en los libros registro.<\/strong> Pero al contrastarlo con la tributaci\u00f3n por m\u00f3dulos, estos requisitos convencionales se sustituyen exclusivamente por las reglas y tablas de amortizaci\u00f3n de inmovilizado admitidas para este r\u00e9gimen.<\/p>\n\n\n\n<h2 class=\"wp-block-heading\">Otros art\u00edculos relacionados<\/h2>\n\n\n\n<ul class=\"wp-block-list\"><li><a href=\"https:\/\/getquipu.com\/blog\/gastos-deducibles-estimacion-directa\/\">Gastos deducibles en estimaci\u00f3n directa: \u00bfcu\u00e1les son?<\/a><\/li><li><a href=\"https:\/\/getquipu.com\/blog\/gastos-deducibles-estimacion-directa-simplificada\/\">Gastos deducibles en estimaci\u00f3n directa simplificada<\/a><\/li><\/ul>\n","protected":false},"excerpt":{"rendered":"<p>S\u00edntesis del art\u00edculo En estimaci\u00f3n objetiva (m\u00f3dulos) NO existen los gastos deducibles estimacion objetiva tradicionales (como la cuota de aut\u00f3nomo o facturas de proveedores). La \u00fanica minoraci\u00f3n permitida aplicable para<\/p>\n","protected":false},"author":3,"featured_media":44605,"comment_status":"closed","ping_status":"open","sticky":false,"template":"","format":"standard","meta":{"footnotes":""},"categories":[487],"tags":[],"class_list":["post-44556","post","type-post","status-publish","format-standard","has-post-thumbnail","hentry","category-deducir","generate-columns","tablet-grid-50","mobile-grid-100","grid-parent","grid-50","resize-featured-image"],"yoast_head":"<!-- This site is optimized with the Yoast SEO plugin v23.9 - https:\/\/yoast.com\/wordpress\/plugins\/seo\/ -->\n<title>Gastos deducibles en estimaci\u00f3n objetiva: \u00bfcu\u00e1les son?<\/title>\n<meta name=\"description\" content=\"\u00bfTienes dudas sobre los gastos deducibles en estimaci\u00f3n objetiva? Te contamos todo lo que tienes que saber sobre ellos. \u00a1Entra y desc\u00fabrelo!\" \/>\n<meta name=\"robots\" content=\"index, follow, max-snippet:-1, max-image-preview:large, max-video-preview:-1\" \/>\n<link rel=\"canonical\" href=\"https:\/\/getquipu.com\/blog\/gastos-deducibles-estimacion-objetiva\/\" \/>\n<meta property=\"og:locale\" content=\"es_ES\" \/>\n<meta property=\"og:type\" content=\"article\" \/>\n<meta property=\"og:title\" content=\"Gastos deducibles en estimaci\u00f3n objetiva: \u00bfcu\u00e1les son?\" \/>\n<meta property=\"og:description\" content=\"\u00bfTienes dudas sobre los gastos deducibles en estimaci\u00f3n objetiva? Te contamos todo lo que tienes que saber sobre ellos. \u00a1Entra y desc\u00fabrelo!\" \/>\n<meta property=\"og:url\" content=\"https:\/\/getquipu.com\/blog\/gastos-deducibles-estimacion-objetiva\/\" \/>\n<meta property=\"og:site_name\" content=\"TeamSystem Quipu\" \/>\n<meta property=\"article:published_time\" content=\"2023-12-19T15:23:59+00:00\" \/>\n<meta property=\"article:modified_time\" content=\"2026-08-17T20:55:09+00:00\" \/>\n<meta property=\"og:image\" content=\"https:\/\/getquipu.com\/wp-content\/uploads\/2023\/12\/19162120\/gastos-deducibles-estimacion-objetiva.png\" \/>\n\t<meta property=\"og:image:width\" content=\"768\" \/>\n\t<meta property=\"og:image:height\" content=\"295\" \/>\n\t<meta property=\"og:image:type\" content=\"image\/png\" \/>\n<meta name=\"author\" content=\"Roger Doba\u00f1o - CEO Quipu\" \/>\n<meta name=\"twitter:card\" content=\"summary_large_image\" \/>\n<meta name=\"twitter:creator\" content=\"@rogerdobano\" \/>\n<meta name=\"twitter:label1\" content=\"Escrito por\" \/>\n\t<meta name=\"twitter:data1\" content=\"Roger Doba\u00f1o - CEO Quipu\" \/>\n\t<meta name=\"twitter:label2\" content=\"Tiempo de lectura\" \/>\n\t<meta name=\"twitter:data2\" content=\"4 minutos\" \/>\n<script type=\"application\/ld+json\" class=\"yoast-schema-graph\">{\"@context\":\"https:\/\/schema.org\",\"@graph\":[{\"@type\":\"Article\",\"@id\":\"https:\/\/getquipu.com\/blog\/gastos-deducibles-estimacion-objetiva\/#article\",\"isPartOf\":{\"@id\":\"https:\/\/getquipu.com\/blog\/gastos-deducibles-estimacion-objetiva\/\"},\"author\":{\"name\":\"Roger Doba\u00f1o - CEO Quipu\",\"@id\":\"https:\/\/getquipu.com\/blog\/#\/schema\/person\/373ccc5d513d88aea29fc8135422fa2e\"},\"headline\":\"Gastos deducibles en estimaci\u00f3n objetiva: \u00bfcu\u00e1les son?\",\"datePublished\":\"2023-12-19T15:23:59+00:00\",\"dateModified\":\"2026-08-17T20:55:09+00:00\",\"mainEntityOfPage\":{\"@id\":\"https:\/\/getquipu.com\/blog\/gastos-deducibles-estimacion-objetiva\/\"},\"wordCount\":1267,\"publisher\":{\"@id\":\"https:\/\/getquipu.com\/blog\/#organization\"},\"image\":{\"@id\":\"https:\/\/getquipu.com\/blog\/gastos-deducibles-estimacion-objetiva\/#primaryimage\"},\"thumbnailUrl\":\"https:\/\/getquipu.com\/wp-content\/uploads\/2023\/12\/19162120\/gastos-deducibles-estimacion-objetiva.png\",\"articleSection\":[\"Deducir\"],\"inLanguage\":\"es\"},{\"@type\":\"WebPage\",\"@id\":\"https:\/\/getquipu.com\/blog\/gastos-deducibles-estimacion-objetiva\/\",\"url\":\"https:\/\/getquipu.com\/blog\/gastos-deducibles-estimacion-objetiva\/\",\"name\":\"Gastos deducibles en estimaci\u00f3n objetiva: \u00bfcu\u00e1les son?\",\"isPartOf\":{\"@id\":\"https:\/\/getquipu.com\/blog\/#website\"},\"primaryImageOfPage\":{\"@id\":\"https:\/\/getquipu.com\/blog\/gastos-deducibles-estimacion-objetiva\/#primaryimage\"},\"image\":{\"@id\":\"https:\/\/getquipu.com\/blog\/gastos-deducibles-estimacion-objetiva\/#primaryimage\"},\"thumbnailUrl\":\"https:\/\/getquipu.com\/wp-content\/uploads\/2023\/12\/19162120\/gastos-deducibles-estimacion-objetiva.png\",\"datePublished\":\"2023-12-19T15:23:59+00:00\",\"dateModified\":\"2026-08-17T20:55:09+00:00\",\"description\":\"\u00bfTienes dudas sobre los gastos deducibles en estimaci\u00f3n objetiva? Te contamos todo lo que tienes que saber sobre ellos. \u00a1Entra y desc\u00fabrelo!\",\"breadcrumb\":{\"@id\":\"https:\/\/getquipu.com\/blog\/gastos-deducibles-estimacion-objetiva\/#breadcrumb\"},\"inLanguage\":\"es\",\"potentialAction\":[{\"@type\":\"ReadAction\",\"target\":[\"https:\/\/getquipu.com\/blog\/gastos-deducibles-estimacion-objetiva\/\"]}]},{\"@type\":\"ImageObject\",\"inLanguage\":\"es\",\"@id\":\"https:\/\/getquipu.com\/blog\/gastos-deducibles-estimacion-objetiva\/#primaryimage\",\"url\":\"https:\/\/getquipu.com\/wp-content\/uploads\/2023\/12\/19162120\/gastos-deducibles-estimacion-objetiva.png\",\"contentUrl\":\"https:\/\/getquipu.com\/wp-content\/uploads\/2023\/12\/19162120\/gastos-deducibles-estimacion-objetiva.png\",\"width\":768,\"height\":295,\"caption\":\"aut\u00f3nomo revisando los gastos deducibles en estimaci\u00f3n objetiva\"},{\"@type\":\"BreadcrumbList\",\"@id\":\"https:\/\/getquipu.com\/blog\/gastos-deducibles-estimacion-objetiva\/#breadcrumb\",\"itemListElement\":[{\"@type\":\"ListItem\",\"position\":1,\"name\":\"Blog\",\"item\":\"https:\/\/getquipu.com\/blog\/\"},{\"@type\":\"ListItem\",\"position\":2,\"name\":\"Deducir\",\"item\":\"https:\/\/getquipu.com\/blog\/category\/deducir\/\"},{\"@type\":\"ListItem\",\"position\":3,\"name\":\"Gastos deducibles en estimaci\u00f3n objetiva: \u00bfcu\u00e1les son?\"}]},{\"@type\":\"WebSite\",\"@id\":\"https:\/\/getquipu.com\/blog\/#website\",\"url\":\"https:\/\/getquipu.com\/blog\/\",\"name\":\"TeamSystem Quipu\",\"description\":\"Informaci\u00f3n \u00fatil sobre fiscalidad y eficiencia administrativa en negocios como el tuyo.\",\"publisher\":{\"@id\":\"https:\/\/getquipu.com\/blog\/#organization\"},\"potentialAction\":[{\"@type\":\"SearchAction\",\"target\":{\"@type\":\"EntryPoint\",\"urlTemplate\":\"https:\/\/getquipu.com\/blog\/?s={search_term_string}\"},\"query-input\":{\"@type\":\"PropertyValueSpecification\",\"valueRequired\":true,\"valueName\":\"search_term_string\"}}],\"inLanguage\":\"es\"},{\"@type\":\"Organization\",\"@id\":\"https:\/\/getquipu.com\/blog\/#organization\",\"name\":\"Quipu\",\"url\":\"https:\/\/getquipu.com\/blog\/\",\"logo\":{\"@type\":\"ImageObject\",\"inLanguage\":\"es\",\"@id\":\"https:\/\/getquipu.com\/blog\/#\/schema\/logo\/image\/\",\"url\":\"https:\/\/getquipu.com\/wp-content\/uploads\/2022\/06\/20105810\/logo-quipu.png\",\"contentUrl\":\"https:\/\/getquipu.com\/wp-content\/uploads\/2022\/06\/20105810\/logo-quipu.png\",\"width\":399,\"height\":399,\"caption\":\"Quipu\"},\"image\":{\"@id\":\"https:\/\/getquipu.com\/blog\/#\/schema\/logo\/image\/\"}},{\"@type\":\"Person\",\"@id\":\"https:\/\/getquipu.com\/blog\/#\/schema\/person\/373ccc5d513d88aea29fc8135422fa2e\",\"name\":\"Roger Doba\u00f1o - CEO Quipu\",\"image\":{\"@type\":\"ImageObject\",\"inLanguage\":\"es\",\"@id\":\"https:\/\/getquipu.com\/blog\/#\/schema\/person\/image\/\",\"url\":\"https:\/\/secure.gravatar.com\/avatar\/34af94bfd8e5677657b0a2d961dc4974?s=96&d=mm&r=g\",\"contentUrl\":\"https:\/\/secure.gravatar.com\/avatar\/34af94bfd8e5677657b0a2d961dc4974?s=96&d=mm&r=g\",\"caption\":\"Roger Doba\u00f1o - CEO Quipu\"},\"description\":\"Roger es CEO y Fundador de Quipu, un software en la nube que lleva +10 a\u00f1os ayudando a aut\u00f3nomos, pymes y asesor\u00edas a digitalizar su operativa precontable. A ra\u00edz de una mala experiencia como aut\u00f3nomo, Roger se propuso crear un programa que acompa\u00f1ara a los empresarios a lidiar con la administraci\u00f3n.\",\"sameAs\":[\"https:\/\/getquipu.com\",\"https:\/\/www.linkedin.com\/in\/rogerdobano\/\",\"https:\/\/x.com\/@rogerdobano\"],\"url\":\"https:\/\/getquipu.com\/blog\/author\/roger\/\"}]}<\/script>\n<!-- \/ Yoast SEO plugin. -->","yoast_head_json":{"title":"Gastos deducibles en estimaci\u00f3n objetiva: \u00bfcu\u00e1les son?","description":"\u00bfTienes dudas sobre los gastos deducibles en estimaci\u00f3n objetiva? Te contamos todo lo que tienes que saber sobre ellos. \u00a1Entra y desc\u00fabrelo!","robots":{"index":"index","follow":"follow","max-snippet":"max-snippet:-1","max-image-preview":"max-image-preview:large","max-video-preview":"max-video-preview:-1"},"canonical":"https:\/\/getquipu.com\/blog\/gastos-deducibles-estimacion-objetiva\/","og_locale":"es_ES","og_type":"article","og_title":"Gastos deducibles en estimaci\u00f3n objetiva: \u00bfcu\u00e1les son?","og_description":"\u00bfTienes dudas sobre los gastos deducibles en estimaci\u00f3n objetiva? Te contamos todo lo que tienes que saber sobre ellos. \u00a1Entra y desc\u00fabrelo!","og_url":"https:\/\/getquipu.com\/blog\/gastos-deducibles-estimacion-objetiva\/","og_site_name":"TeamSystem Quipu","article_published_time":"2023-12-19T15:23:59+00:00","article_modified_time":"2026-08-17T20:55:09+00:00","og_image":[{"width":768,"height":295,"url":"https:\/\/getquipu.com\/wp-content\/uploads\/2023\/12\/19162120\/gastos-deducibles-estimacion-objetiva.png","type":"image\/png"}],"author":"Roger Doba\u00f1o - CEO Quipu","twitter_card":"summary_large_image","twitter_creator":"@rogerdobano","twitter_misc":{"Escrito por":"Roger Doba\u00f1o - CEO Quipu","Tiempo de lectura":"4 minutos"},"schema":{"@context":"https:\/\/schema.org","@graph":[{"@type":"Article","@id":"https:\/\/getquipu.com\/blog\/gastos-deducibles-estimacion-objetiva\/#article","isPartOf":{"@id":"https:\/\/getquipu.com\/blog\/gastos-deducibles-estimacion-objetiva\/"},"author":{"name":"Roger Doba\u00f1o - CEO Quipu","@id":"https:\/\/getquipu.com\/blog\/#\/schema\/person\/373ccc5d513d88aea29fc8135422fa2e"},"headline":"Gastos deducibles en estimaci\u00f3n objetiva: \u00bfcu\u00e1les son?","datePublished":"2023-12-19T15:23:59+00:00","dateModified":"2026-08-17T20:55:09+00:00","mainEntityOfPage":{"@id":"https:\/\/getquipu.com\/blog\/gastos-deducibles-estimacion-objetiva\/"},"wordCount":1267,"publisher":{"@id":"https:\/\/getquipu.com\/blog\/#organization"},"image":{"@id":"https:\/\/getquipu.com\/blog\/gastos-deducibles-estimacion-objetiva\/#primaryimage"},"thumbnailUrl":"https:\/\/getquipu.com\/wp-content\/uploads\/2023\/12\/19162120\/gastos-deducibles-estimacion-objetiva.png","articleSection":["Deducir"],"inLanguage":"es"},{"@type":"WebPage","@id":"https:\/\/getquipu.com\/blog\/gastos-deducibles-estimacion-objetiva\/","url":"https:\/\/getquipu.com\/blog\/gastos-deducibles-estimacion-objetiva\/","name":"Gastos deducibles en estimaci\u00f3n objetiva: \u00bfcu\u00e1les son?","isPartOf":{"@id":"https:\/\/getquipu.com\/blog\/#website"},"primaryImageOfPage":{"@id":"https:\/\/getquipu.com\/blog\/gastos-deducibles-estimacion-objetiva\/#primaryimage"},"image":{"@id":"https:\/\/getquipu.com\/blog\/gastos-deducibles-estimacion-objetiva\/#primaryimage"},"thumbnailUrl":"https:\/\/getquipu.com\/wp-content\/uploads\/2023\/12\/19162120\/gastos-deducibles-estimacion-objetiva.png","datePublished":"2023-12-19T15:23:59+00:00","dateModified":"2026-08-17T20:55:09+00:00","description":"\u00bfTienes dudas sobre los gastos deducibles en estimaci\u00f3n objetiva? Te contamos todo lo que tienes que saber sobre ellos. \u00a1Entra y desc\u00fabrelo!","breadcrumb":{"@id":"https:\/\/getquipu.com\/blog\/gastos-deducibles-estimacion-objetiva\/#breadcrumb"},"inLanguage":"es","potentialAction":[{"@type":"ReadAction","target":["https:\/\/getquipu.com\/blog\/gastos-deducibles-estimacion-objetiva\/"]}]},{"@type":"ImageObject","inLanguage":"es","@id":"https:\/\/getquipu.com\/blog\/gastos-deducibles-estimacion-objetiva\/#primaryimage","url":"https:\/\/getquipu.com\/wp-content\/uploads\/2023\/12\/19162120\/gastos-deducibles-estimacion-objetiva.png","contentUrl":"https:\/\/getquipu.com\/wp-content\/uploads\/2023\/12\/19162120\/gastos-deducibles-estimacion-objetiva.png","width":768,"height":295,"caption":"aut\u00f3nomo revisando los gastos deducibles en estimaci\u00f3n objetiva"},{"@type":"BreadcrumbList","@id":"https:\/\/getquipu.com\/blog\/gastos-deducibles-estimacion-objetiva\/#breadcrumb","itemListElement":[{"@type":"ListItem","position":1,"name":"Blog","item":"https:\/\/getquipu.com\/blog\/"},{"@type":"ListItem","position":2,"name":"Deducir","item":"https:\/\/getquipu.com\/blog\/category\/deducir\/"},{"@type":"ListItem","position":3,"name":"Gastos deducibles en estimaci\u00f3n objetiva: \u00bfcu\u00e1les son?"}]},{"@type":"WebSite","@id":"https:\/\/getquipu.com\/blog\/#website","url":"https:\/\/getquipu.com\/blog\/","name":"TeamSystem Quipu","description":"Informaci\u00f3n \u00fatil sobre fiscalidad y eficiencia administrativa en negocios como el tuyo.","publisher":{"@id":"https:\/\/getquipu.com\/blog\/#organization"},"potentialAction":[{"@type":"SearchAction","target":{"@type":"EntryPoint","urlTemplate":"https:\/\/getquipu.com\/blog\/?s={search_term_string}"},"query-input":{"@type":"PropertyValueSpecification","valueRequired":true,"valueName":"search_term_string"}}],"inLanguage":"es"},{"@type":"Organization","@id":"https:\/\/getquipu.com\/blog\/#organization","name":"Quipu","url":"https:\/\/getquipu.com\/blog\/","logo":{"@type":"ImageObject","inLanguage":"es","@id":"https:\/\/getquipu.com\/blog\/#\/schema\/logo\/image\/","url":"https:\/\/getquipu.com\/wp-content\/uploads\/2022\/06\/20105810\/logo-quipu.png","contentUrl":"https:\/\/getquipu.com\/wp-content\/uploads\/2022\/06\/20105810\/logo-quipu.png","width":399,"height":399,"caption":"Quipu"},"image":{"@id":"https:\/\/getquipu.com\/blog\/#\/schema\/logo\/image\/"}},{"@type":"Person","@id":"https:\/\/getquipu.com\/blog\/#\/schema\/person\/373ccc5d513d88aea29fc8135422fa2e","name":"Roger Doba\u00f1o - CEO Quipu","image":{"@type":"ImageObject","inLanguage":"es","@id":"https:\/\/getquipu.com\/blog\/#\/schema\/person\/image\/","url":"https:\/\/secure.gravatar.com\/avatar\/34af94bfd8e5677657b0a2d961dc4974?s=96&d=mm&r=g","contentUrl":"https:\/\/secure.gravatar.com\/avatar\/34af94bfd8e5677657b0a2d961dc4974?s=96&d=mm&r=g","caption":"Roger Doba\u00f1o - CEO Quipu"},"description":"Roger es CEO y Fundador de Quipu, un software en la nube que lleva +10 a\u00f1os ayudando a aut\u00f3nomos, pymes y asesor\u00edas a digitalizar su operativa precontable. A ra\u00edz de una mala experiencia como aut\u00f3nomo, Roger se propuso crear un programa que acompa\u00f1ara a los empresarios a lidiar con la administraci\u00f3n.","sameAs":["https:\/\/getquipu.com","https:\/\/www.linkedin.com\/in\/rogerdobano\/","https:\/\/x.com\/@rogerdobano"],"url":"https:\/\/getquipu.com\/blog\/author\/roger\/"}]}},"_links":{"self":[{"href":"https:\/\/getquipu.com\/blog\/wp-json\/wp\/v2\/posts\/44556","targetHints":{"allow":["GET"]}}],"collection":[{"href":"https:\/\/getquipu.com\/blog\/wp-json\/wp\/v2\/posts"}],"about":[{"href":"https:\/\/getquipu.com\/blog\/wp-json\/wp\/v2\/types\/post"}],"author":[{"embeddable":true,"href":"https:\/\/getquipu.com\/blog\/wp-json\/wp\/v2\/users\/3"}],"replies":[{"embeddable":true,"href":"https:\/\/getquipu.com\/blog\/wp-json\/wp\/v2\/comments?post=44556"}],"version-history":[{"count":9,"href":"https:\/\/getquipu.com\/blog\/wp-json\/wp\/v2\/posts\/44556\/revisions"}],"predecessor-version":[{"id":53988,"href":"https:\/\/getquipu.com\/blog\/wp-json\/wp\/v2\/posts\/44556\/revisions\/53988"}],"wp:featuredmedia":[{"embeddable":true,"href":"https:\/\/getquipu.com\/blog\/wp-json\/wp\/v2\/media\/44605"}],"wp:attachment":[{"href":"https:\/\/getquipu.com\/blog\/wp-json\/wp\/v2\/media?parent=44556"}],"wp:term":[{"taxonomy":"category","embeddable":true,"href":"https:\/\/getquipu.com\/blog\/wp-json\/wp\/v2\/categories?post=44556"},{"taxonomy":"post_tag","embeddable":true,"href":"https:\/\/getquipu.com\/blog\/wp-json\/wp\/v2\/tags?post=44556"}],"curies":[{"name":"wp","href":"https:\/\/api.w.org\/{rel}","templated":true}]}}