{"id":43705,"date":"2023-11-20T15:22:06","date_gmt":"2023-11-20T14:22:06","guid":{"rendered":"https:\/\/getquipu.com\/blog\/?p=43705"},"modified":"2025-03-24T17:58:08","modified_gmt":"2025-03-24T16:58:08","slug":"como-calcular-el-paro-de-los-autonomos","status":"publish","type":"post","link":"https:\/\/getquipu.com\/blog\/como-calcular-el-paro-de-los-autonomos\/","title":{"rendered":"\u00bfC\u00f3mo calcular el paro de los aut\u00f3nomos?"},"content":{"rendered":"\n<p>\u00bfSab\u00edas que los aut\u00f3nomos tambi\u00e9n tienen derecho a paro? El cese de actividad, m\u00e1s conocido como paro de los aut\u00f3nomos, permite a los trabajadores por cuenta propi <strong>cobrar una prestaci\u00f3n de hasta 1.350 euros al mes<\/strong> si su negocio deja de funcionar o se ven afectados por un concurso de acreedores, un embargo o hasta un divorcio.<\/p>\n\n\n\n<p>Muchos aut\u00f3nomos se preguntan <strong>cu\u00e1nto cobrar\u00edan de paro<\/strong> si un d\u00eda tuvieran que cerrar su negocio. Esta prestaci\u00f3n depende de muchos factores, pero los m\u00e1s importantes son las causas por las que se ha accedido al cese de actividad y las bases de cotizaci\u00f3n del aut\u00f3nomo. <\/p>\n\n\n\n<p><strong>En este art\u00edculo aprender\u00e1s:<\/strong><\/p>\n\n\n\n<ul class=\"wp-block-list\">\n<li><a href=\"#significado-paro-autonomos\">\u00bfQu\u00e9 es el paro de los aut\u00f3nomos?<\/a><\/li>\n\n\n\n<li><a href=\"#elementos-paro-autonomos\">Elementos que influyen para calcular el paro de los aut\u00f3nomos<\/a><\/li>\n\n\n\n<li><a href=\"#calcular-paro-autonomos\">Pasos para calcular el paro de los aut\u00f3nomos<\/a><\/li>\n\n\n\n<li><a href=\"#maximo-minimo-paro\">Cuant\u00eda m\u00e1xima y m\u00ednima del paro de los aut\u00f3nomos<\/a><\/li>\n<\/ul>\n\n\n\n<div class=\"wp-block-group box-destacada has-background\" style=\"background-color:#fef9f5\"><div class=\"wp-block-group__inner-container is-layout-flow wp-block-group-is-layout-flow\">\n<p class=\"has-text-align-center has-medium-font-size\"><strong>\u00bfLos aut\u00f3nomos tiene paro?<\/strong><\/p>\n\n\n\n<p>\ud83d\udcf9 <strong>V\u00eddeo explicativo: <\/strong>En el siguiente v\u00eddeo explicamos todo lo que tienes que saber sobre el paro de los aut\u00f3nomos, tambi\u00e9n llamado cese de actividad:<\/p>\n\n\n\n<div class=\"iframe-container\">\r\n\r\n<iframe class=\"responsive-iframe\" title=\"YouTube video player\" src=\"https:\/\/www.youtube.com\/embed\/wUad5Mbioh4?rel=0\" frameborder=\"0\" allowfullscreen=\"allowfullscreen\"><\/iframe>\r\n\r\n<\/div>\n\n\n\n<div style=\"height:25px\" aria-hidden=\"true\" class=\"wp-block-spacer\"><\/div>\n\n\n\n<div class=\"btn-div-destacado\"><a href=\"https:\/\/getquipu.com\/es\/cuentas\/registro\" class=\"btn-destacado\" target=\"_blank\" rel=\"noreferrer noopener\">Prueba Quipu Gratis<\/a><\/div>\n\n\n\n<div style=\"height:20px\" aria-hidden=\"true\" class=\"wp-block-spacer\"><\/div>\n\n\n\n<p class=\"has-text-align-center has-small-font-size\"><em>Prueba gratuita de 15 d\u00edas. Sin permanencia. Sin introducir tu tarjeta.<\/em><\/p>\n<\/div><\/div>\n\n\n\n<h2 class=\"wp-block-heading\" id=\"significado-paro-autonomos\">\u00bfQu\u00e9 es el paro de los aut\u00f3nomos?<\/h2>\n\n\n\n<p>Los aut\u00f3nomos, al igual que los asalariados, <strong>tienen derecho a cobrar una prestaci\u00f3n<\/strong> si se ven obligados a cerrar su negocio por distintas causas, como puede ser registrar p\u00e9rdidas de forma continuada o estar inmerso en un concurso de acreedores, entre otros muchos motivos.<\/p>\n\n\n\n<p>El <a href=\"https:\/\/getquipu.com\/blog\/prestacion-por-cese-de-actividad-de-los-autonomos\/\">cese de actividad<\/a>, m\u00e1s conocido como \u00ab<a href=\"https:\/\/getquipu.com\/blog\/como-pedir-el-paro-siendo-autonomo\/\">paro de los aut\u00f3nomos<\/a>\u00bb es una prestaci\u00f3n similar al desempleo de los asalariados y se regul\u00f3 por primera vez en la<a href=\"https:\/\/www.boe.es\/buscar\/act.php?id=BOE-A-2010-12616\" target=\"_blank\" rel=\"noreferrer noopener\"> Ley 32\/2010, de 5 de agosto<\/a>, por la que se establece un sistema espec\u00edfico de protecci\u00f3n por cese de actividad de los trabajadores aut\u00f3nomos.<\/p>\n\n\n\n<p>Al igual que sucede con el desempleo de los asalariados, los aut\u00f3nomos tienen que cumplir algunas condiciones para acceder al cese de actividad. Por ejemplo, no basta con que los aut\u00f3nomos cierren su negocio para acceder al paro, ya que primero tienen que <strong>acreditar alguna de las causas previstas <\/strong>por Ley.<\/p>\n\n\n\n<p>Adem\u00e1s, como sucede con el desempleo, para acceder al paro de los aut\u00f3nomos, los trabajadores por cuenta propia tienen que <strong>haber cotizado un m\u00ednimo de doce meses<\/strong> a la Seguridad Social .<\/p>\n\n\n\n<p>Estos dos factores, la causa de acceso al cese de actividad y el periodo de cotizaci\u00f3n, no s\u00f3lo van a determinar el<strong> derecho de acceder a esta prestaci\u00f3n<\/strong> sino que tambi\u00e9n son un elemento determinante para <strong>calcular cu\u00e1nto van a cobrar<\/strong> de paro los aut\u00f3nomos.<\/p>\n\n\n\n<h2 class=\"wp-block-heading\" id=\"elementos-paro-autonomos\">Elementos que influyen para calcular el paro de los aut\u00f3nomos<\/h2>\n\n\n\n<p>El paro de los aut\u00f3nomos es una <strong>prestaci\u00f3n contributiva<\/strong> como puede ser la Incapacidad Temporal -la baja por enfermedad-, la jubilaci\u00f3n o incluso la baja por maternidad o paternidad. Tanto es as\u00ed que, dentro de la cuota que pagan todos los meses los aut\u00f3nomos a la Seguridad Social, hay un <strong>concepto que se denomina \u00abcese de actividad\u00bb.<\/strong><\/p>\n\n\n\n<p>Desde 2019, a partir de la entrada en vigor del <a href=\"https:\/\/www.boe.es\/buscar\/act.php?id=BOE-A-2019-3244\" target=\"_blank\" rel=\"noreferrer noopener\">Real Decreto-ley 6\/2019<\/a>, de 1 de marzo, todos los aut\u00f3nomos est\u00e1n<strong> obligados a cotizar por cese de actividad. <\/strong><\/p>\n\n\n\n<p>Por supuesto, con la entrada en vigor de esta norma, naci\u00f3 tambi\u00e9n el<strong> derecho para todos los aut\u00f3nomos <\/strong>de cobrar esta prestaci\u00f3n, siempre que se cumplan algunos requisitos como haber cotizado lo suficiente.<\/p>\n\n\n\n<p>Al ser una prestaci\u00f3n contributiva, el cese de actividad o paro de los aut\u00f3nomos depende fundamentalmente de dos elementos: <strong>durante cu\u00e1nto tiempo se ha cotizado <\/strong>a la Seguridad Social y la cuant\u00eda de las bases por las que se ha cotizado.<\/p>\n\n\n\n<p>A esto se a\u00f1ade un tercer elemento, que es<strong> el porcentaje aplicable.<\/strong> Cada prestaci\u00f3n tiene su porcentaje aplicable a la base de cotizaci\u00f3n. Por ejemplo, con la jubilaci\u00f3n se puede cobrar el 100% de la base mientras que con la Incapacidad Temporal s\u00f3lo se puede cobrar un 60%.<\/p>\n\n\n\n<p>En el caso del paro de los aut\u00f3nomos,<strong> el porcentaje depender\u00e1 del tipo de cese de actividad <\/strong>al que se acceda, pudiendo ir <strong>del 50% <\/strong>de la base media<strong> hasta el 70%<\/strong>. <\/p>\n\n\n\n<p>En resumen, para calcular cu\u00e1nto cobrar\u00e1 un aut\u00f3nomo por el paro, hay que tener en cuenta tres elementos: <\/p>\n\n\n\n<ul class=\"wp-block-list\">\n<li><strong>Base de cotizaci\u00f3n:<\/strong> es el elemento m\u00e1s importante para determinar cu\u00e1nto cobrar\u00e1 un aut\u00f3nomo de paro. Si ha cotizado por la base m\u00ednima durante los dos \u00faltimos a\u00f1os, l\u00f3gicamente cobrar\u00e1 lo m\u00ednimo de paro. Si ha cotizado por bases superiores, su prestaci\u00f3n ser\u00e1 mayor.<\/li>\n\n\n\n<li><strong>Tipo de cese de actividad:<\/strong> a d\u00eda de hoy hay casi una decena de causas para acceder al cese de actividad, como p\u00e9rdidas, concurso de acreedores y hasta divorcio: Dependiendo del tipo de paro al que se acceda, el porcentaje aplicable a la base oscilar\u00e1 entre el 50% y el 70%.<\/li>\n\n\n\n<li><strong>Tiempo cotizado:<\/strong> el periodo cotizado no influye en el c\u00e1lculo del cese pero s\u00ed en el derecho del aut\u00f3nomo a acceder al paro. Con menos de doce meses cotizados, ning\u00fan aut\u00f3nomo puede cobrar esta prestaci\u00f3n.<\/li>\n<\/ul>\n\n\n<div class=\"gb-container gb-container-b2fecea6 new-banner\">\n<div class=\"gb-grid-wrapper gb-grid-wrapper-0fc70046\">\n<div class=\"gb-grid-column gb-grid-column-6f7203a6\"><div class=\"gb-container gb-container-6f7203a6 text-div\">\n\n<p class=\"title-banner has-text-color\" style=\"color:#003829;font-size:19px\">Tu negocio controlado y ordenado<\/p>\n\n\n\n<p class=\"text-banner\">Con Quipu, la gesti\u00f3n de tu facturaci\u00f3n es m\u00e1s f\u00e1cil y simple que nunca.<\/p>\n\n\n\n<p class=\"btn-p-banner\"><a href=\"https:\/\/getquipu.com\/es\/programa-facturacion\" data-type=\"URL\" data-id=\"https:\/\/getquipu.com\/es\/programa-facturacion\">Ver m\u00e1s<\/a><\/p>\n\n<\/div><\/div>\n\n<div class=\"gb-grid-column gb-grid-column-c144d8bb\"><div class=\"gb-container gb-container-c144d8bb img-banner\">\n\n<figure class=\"wp-block-image size-full\"><img decoding=\"async\" width=\"1024\" height=\"573\" src=\"https:\/\/getquipu.com\/wp-content\/uploads\/2023\/05\/16174555\/Frame-26-1-1.webp\" alt=\"\" class=\"wp-image-38570\" srcset=\"https:\/\/getquipu.com\/wp-content\/uploads\/2023\/05\/16174555\/Frame-26-1-1.webp 1024w, https:\/\/getquipu.com\/wp-content\/uploads\/2023\/05\/16174555\/Frame-26-1-1-300x168.webp 300w, https:\/\/getquipu.com\/wp-content\/uploads\/2023\/05\/16174555\/Frame-26-1-1-768x430.webp 768w\" sizes=\"(max-width: 1024px) 100vw, 1024px\" \/><\/figure>\n\n<\/div><\/div>\n<\/div>\n<\/div>\n\n\n<h2 class=\"wp-block-heading\" id=\"calcular-paro-autonomos\">Pasos para calcular el paro de los aut\u00f3nomos<\/h2>\n\n\n\n<p>Una vez que el aut\u00f3nomo ya tiene en cuenta la importancia de estos tres elementos, s\u00f3lo tiene que seguir unos sencillos pasos para calcular cu\u00e1nto cobrar\u00e1 con el cese de actividad.<\/p>\n\n\n\n<p>Todas estas fases se podr\u00edan resumir en<strong> cuatro pasos<\/strong> para calcular el paro: <\/p>\n\n\n\n<h3 class=\"wp-block-heading\" id=\"consultar-bases-cotizacion\">1. Consultar las bases de cotizaci\u00f3n<\/h3>\n\n\n\n<p>El cese de actividad depende fundamentalmente de las bases por las que haya cotizado el aut\u00f3nomo. De hecho, la cuant\u00eda de esta prestaci\u00f3n se calcula en funci\u00f3n de la <strong>media de las \u00faltimas doce bases de cotizaci\u00f3n<\/strong> que ha tenido el trabajador por cuenta propia antes de solicitar el paro.<\/p>\n\n\n\n<p>Por lo tanto, el primer paso para calcular el paro de los aut\u00f3nomos es<strong> consultar las doce \u00faltimas bases <\/strong>de cotizaci\u00f3n que ha tenido el aut\u00f3nomo antes del momento de la solicitud.<\/p>\n\n\n\n<p>Las bases de cotizaci\u00f3n del aut\u00f3nomo se pueden consular en el portal de la Seguridad Social, a trav\u00e9s de<a href=\"https:\/\/portal.seg-social.gob.es\/wps\/portal\/importass\/importass\/Categorias\/Vida+laboral+e+informes\/Informes+de+tus+cotizaciones\/Informe+de+bases+de+cotizacion\" target=\"_blank\" rel=\"noreferrer noopener\"> este enlace<\/a>. Para <strong>acceder y descargar este informe<\/strong>, el trabajador por cuenta propia deber\u00e1 autentificarse a trav\u00e9s de uno de los m\u00e9todos oficiales, que pueden ser <strong>Cl@ve PIN o certificado <\/strong>electr\u00f3nico.<\/p>\n\n\n\n<h3 class=\"wp-block-heading\" id=\"calcular-media-bases\">2. Calcular la media de las bases de cotizaci\u00f3n<\/h3>\n\n\n\n<p>Una vez que el aut\u00f3nomo ya ha consultado sus doce \u00faltimas bases de cotizaci\u00f3n, tendr\u00e1 que <strong>sumar cada una de ellas y dividirlas por doce<\/strong> para hacer la media.<\/p>\n\n\n\n<p>Si este aut\u00f3nomo tuvo durante los doce meses la <strong>misma base de cotizaci\u00f3n<\/strong>, el c\u00e1lculo ser\u00e1 <strong>muy sencillo <\/strong>ya que <a href=\"https:\/\/getquipu.com\/blog\/que-es-la-base-reguladora-y-como-funciona\/\">la base regulador<\/a>a ser\u00e1 la misma que la de cotizaci\u00f3n. Sin embargo, si se ha modificado la base en el \u00faltimo a\u00f1o, el c\u00e1lculo ser\u00e1 algo m\u00e1s complejo. <\/p>\n\n\n\n<p>Si<strong> por ejemplo<\/strong>, el aut\u00f3nomo cotizaba por la base m\u00ednima de 960,6 euros entre noviembre de 2022 y abril de 2023, y a partir de mayo subi\u00f3 su base a 1.300 euros al mes, su media de cotizaci\u00f3n ser\u00eda el resultado de multiplicar por seis meses la base de 960,6 y por otros seis meses la de 1.300 euros.<\/p>\n\n\n\n<p>La suma de las bases de los seis primeros meses ser\u00edan 5.763,6 y la de los otros seis meses ser\u00eda 7.800, lo que dar\u00eda como resultado 13.563. Esta cifra dividida para doce es exactamente 1.130,25 euros, que ser\u00eda la base reguladora de este aut\u00f3nomo.<\/p>\n\n\n\n<p>Esta <strong>base reguladora <\/strong>es la que <strong>va a servir para calcular la cuant\u00eda <\/strong>que le corresponde de paro al aut\u00f3nomo.<\/p>\n\n\n\n<h3 class=\"wp-block-heading\">3.Consultar el porcentaje a aplicar seg\u00fan el tipo de cese de actividad<\/h3>\n\n\n\n<p>Tras haber hallado la base reguladora, al aut\u00f3nomo<strong> s\u00f3lo le quedar\u00e1 saber qu\u00e9 porcentaje <\/strong>de su base reguladora<strong> le va a corresponder <\/strong>al cobrar el paro. <\/p>\n\n\n\n<p>Cada tipo de cese de actividad tiene un porcentaje asignado. Por ejemplo, <strong>los antiguos motivos<\/strong> de acceso al paro (p\u00e9rdidas continuadas, ejecuci\u00f3n judicial, concurso de acreedores, fuerza mayor, divorcio&#8230;) tienen <strong>asignado normalmente un porcentaje del 70%.<\/strong><\/p>\n\n\n\n<p>Sin embargo, las <strong>nuevas causas <\/strong>que entraron en vigor con la reforma del sistema de cotizaci\u00f3n por ingresos reales tienen un<strong> porcentaje asignado m\u00e1s bajo.<\/strong> Por ejemplo, los aut\u00f3nomos sin empleados pueden acceder a un nuevo cese si est\u00e1n endeudados y sus beneficios est\u00e1n por debajo del SMI. Tambi\u00e9n los aut\u00f3nomos con empleados pueden acceder al paro en una nueva modalidad si tienen a la mayor parte de su plantilla con la jornada suspendida o reducida a trav\u00e9s del <a href=\"https:\/\/getquipu.com\/blog\/erte\/\">ERTE<\/a>.<\/p>\n\n\n\n<p>En ambos casos, con estas nuevas causas<strong> corresponder\u00eda s\u00f3lo un 50%<\/strong> de la base reguladora para la prestaci\u00f3n por cese de actividad.<\/p>\n\n\n\n<h3 class=\"wp-block-heading\" id=\"aplicar-porcentaje-base\">4. Aplicar el porcentaje a la base media de cotizaci\u00f3n<\/h3>\n\n\n\n<p>Una vez que el aut\u00f3nomo haya identificado el motivo por el que accedi\u00f3 al cese de actividad y ya haya calculado su base reguladora, <strong>es el momento de aplicar el porcentaje <\/strong>que corresponda a esta base. <\/p>\n\n\n\n<p>Para calcular el paro <strong>s\u00f3lo ser\u00e1 necesario aplicar un 50%<\/strong> -si se accedi\u00f3 al cese por las nuevas causas- <strong>o un 70<\/strong> -si se opt\u00f3 a alguna de las antiguas modalidades-<strong> a la base media<\/strong> de los \u00faltimos doce meses.<\/p>\n\n\n\n<p>Siguiendo el anterior ejemplo, este aut\u00f3nomo que cotiz\u00f3 por bases de 960,6 euros y luego de 1.300, tendr\u00eda<strong> una base reguladora de 1.130,25<\/strong>. Por lo tanto, el paro que cobrar\u00e1 ser\u00e1: <\/p>\n\n\n\n<ul class=\"wp-block-list\">\n<li>Si accedi\u00f3 a las nuevas modalidades de paro: le corresponder\u00e1 un 50% de su base y cobrar\u00e1 <strong>565  euros al mes <\/strong>de cese de actividad.<\/li>\n\n\n\n<li>Si accedi\u00f3 a las antiguas modalidades de paro: le corresponder\u00e1 un 70% de su base y cobrar\u00e1  <strong>791 euros al mes<\/strong> de cese de actividad.<\/li>\n<\/ul>\n\n\n\n<h2 class=\"wp-block-heading\" id=\"maximo-minimo-paro\">Cuant\u00eda m\u00e1xima y m\u00ednima del paro de los aut\u00f3nomos<\/h2>\n\n\n\n<p>Tras haber calculado la cuant\u00eda de su prestaci\u00f3n, el aut\u00f3nomo tendr\u00e1 que<strong> comprobar los l\u00edmites m\u00ednimos y m\u00e1ximos<\/strong> establecidos por Ley para el cese de actividad.<\/p>\n\n\n\n<p>Seg\u00fan la Seguridad Social, la <strong>cuant\u00eda m\u00e1xima<\/strong> del cese de actividad es el <strong>175%<\/strong> del&nbsp;<a href=\"https:\/\/www.seg-social.es\/wps\/portal\/wss\/internet\/Trabajadores\/CotizacionRecaudacionTrabajadores\/10721\/10957\/9932\/730\" target=\"_blank\" rel=\"noreferrer noopener\">Indicador P\u00fablico de Renta de Efectos M\u00faltiples (IPREM)<\/a> &#8211; en 2025 este indicador es de 600 euros al mes-, salvo cuando el trabajador tenga<strong> uno o m\u00e1s hijos<\/strong> a su cargo, en cuyo caso la cuant\u00eda ser\u00e1 respectivamente, del<strong> 200% o del 225%<\/strong> de dicho indicador.<\/p>\n\n\n\n<p>Por otro lado, la <strong>cuant\u00eda m\u00ednima variar\u00e1 entre el 107% y el 80%<\/strong> del IPREM, dependiendo de si el trabajador aut\u00f3nomo tiene hijos a su cargo, o no.<\/p>\n\n\n\n<p>Por lo tanto, independientemente de cu\u00e1nto le corresponda de prestaci\u00f3n, el aut\u00f3nomo no podr\u00e1 cobrar m\u00e1s de: <\/p>\n\n\n\n<ul class=\"wp-block-list\">\n<li><strong>1.050 euros <\/strong>al mes si <strong>no tiene hijos<\/strong> a su cargo<\/li>\n\n\n\n<li><strong>1.200 euros <\/strong>al mes si tiene <strong>un hijo <\/strong>a su cargo<\/li>\n\n\n\n<li><strong>1.350 euros<\/strong> al mes si tiene <strong>dos o m\u00e1s hijos<\/strong> a su cargo<\/li>\n<\/ul>\n\n\n\n<p>Por otro lado, independientemente de cu\u00e1nto le corresponda de prestaci\u00f3n, el aut\u00f3nomo no podr\u00e1 cobrar menos de: <\/p>\n\n\n\n<ul class=\"wp-block-list\">\n<li><strong>480 euros<\/strong> al mes si <strong>no tiene hijos<\/strong> a su cargo<\/li>\n\n\n\n<li><strong>642 euros <\/strong>al mes si<strong> tiene hijos<\/strong> a su cargo<\/li>\n<\/ul>\n\n\n\n<p>Estos l\u00edmites m\u00ednimos y m\u00e1ximos s\u00f3lo ser\u00e1n de aplicaci\u00f3n para las antiguas modalidades de cese de actividad -por p\u00e9rdidas, ejecuci\u00f3n judicial, etc- pero<strong> no se aplicar\u00e1n ni a la alza ni a la baja para los nuevos ceses<\/strong> de los ep\u00edgrafes 4.\u00ba y 5.\u00ba del art\u00edculo 331.1.a) del TRLGSS ni a los ceses debidos a fuerza mayor temporal parcial.<\/p>\n\n\n\n<p class=\"has-background\" style=\"background-color:#e7f5ff\">\ud83d\udd17 <strong>Ampliar informaci\u00f3n: <\/strong>Si quieres saber m\u00e1s sobre cu\u00e1l es <a href=\"https:\/\/getquipu.com\/blog\/pension-minima-y-maxima-autonomos\/\">la pensi\u00f3n de jubilaci\u00f3n m\u00ednima y m\u00e1xima de los aut\u00f3nomos<\/a> te recomendamos que leas nuestro art\u00edculo espec\u00edfico.<\/p>\n","protected":false},"excerpt":{"rendered":"<p>\u00bfSab\u00edas que los aut\u00f3nomos tambi\u00e9n tienen derecho a paro? El cese de actividad, m\u00e1s conocido como paro de los aut\u00f3nomos, permite a los trabajadores por cuenta propi cobrar una prestaci\u00f3n<\/p>\n","protected":false},"author":3,"featured_media":43742,"comment_status":"closed","ping_status":"open","sticky":false,"template":"","format":"standard","meta":{"footnotes":""},"categories":[473],"tags":[],"class_list":["post-43705","post","type-post","status-publish","format-standard","has-post-thumbnail","hentry","category-laboral","generate-columns","tablet-grid-50","mobile-grid-100","grid-parent","grid-50","resize-featured-image"],"yoast_head":"<!-- This site is optimized with the Yoast SEO plugin v23.9 - https:\/\/yoast.com\/wordpress\/plugins\/seo\/ -->\n<title>\u00bfC\u00f3mo calcular el paro de los aut\u00f3nomos? (Actualizado 2026)<\/title>\n<meta name=\"description\" content=\"\u00bfNo sabes c\u00f3mo calcular el paro que le corresponde a los aut\u00f3nomos? Te explicamos todo lo que debes de saber. \u00a1Entra y desc\u00fabrelo!\" \/>\n<meta name=\"robots\" content=\"index, follow, max-snippet:-1, max-image-preview:large, max-video-preview:-1\" \/>\n<link rel=\"canonical\" href=\"https:\/\/getquipu.com\/blog\/como-calcular-el-paro-de-los-autonomos\/\" \/>\n<meta property=\"og:locale\" content=\"es_ES\" \/>\n<meta property=\"og:type\" content=\"article\" \/>\n<meta property=\"og:title\" content=\"\u00bfC\u00f3mo calcular el paro de los aut\u00f3nomos? (Actualizado 2026)\" \/>\n<meta property=\"og:description\" content=\"\u00bfNo sabes c\u00f3mo calcular el paro que le corresponde a los aut\u00f3nomos? Te explicamos todo lo que debes de saber. \u00a1Entra y desc\u00fabrelo!\" \/>\n<meta property=\"og:url\" content=\"https:\/\/getquipu.com\/blog\/como-calcular-el-paro-de-los-autonomos\/\" \/>\n<meta property=\"og:site_name\" content=\"Aut\u00f3nomos, empresas y asesor\u00edas\" \/>\n<meta property=\"article:published_time\" content=\"2023-11-20T14:22:06+00:00\" \/>\n<meta property=\"article:modified_time\" content=\"2025-03-24T16:58:08+00:00\" \/>\n<meta property=\"og:image\" content=\"https:\/\/getquipu.com\/wp-content\/uploads\/2023\/11\/20131706\/como-calcular-paro-autonomos.png\" \/>\n\t<meta property=\"og:image:width\" content=\"768\" \/>\n\t<meta property=\"og:image:height\" content=\"295\" \/>\n\t<meta property=\"og:image:type\" content=\"image\/png\" \/>\n<meta name=\"author\" content=\"Roger Doba\u00f1o - CEO Quipu\" \/>\n<meta name=\"twitter:card\" content=\"summary_large_image\" \/>\n<meta name=\"twitter:creator\" content=\"@rogerdobano\" \/>\n<meta name=\"twitter:label1\" content=\"Escrito por\" \/>\n\t<meta name=\"twitter:data1\" content=\"Roger Doba\u00f1o - CEO Quipu\" \/>\n\t<meta name=\"twitter:label2\" content=\"Tiempo de lectura\" \/>\n\t<meta name=\"twitter:data2\" content=\"9 minutos\" \/>\n<script type=\"application\/ld+json\" class=\"yoast-schema-graph\">{\"@context\":\"https:\/\/schema.org\",\"@graph\":[{\"@type\":\"Article\",\"@id\":\"https:\/\/getquipu.com\/blog\/como-calcular-el-paro-de-los-autonomos\/#article\",\"isPartOf\":{\"@id\":\"https:\/\/getquipu.com\/blog\/como-calcular-el-paro-de-los-autonomos\/\"},\"author\":{\"name\":\"Roger Doba\u00f1o - CEO Quipu\",\"@id\":\"https:\/\/getquipu.com\/blog\/#\/schema\/person\/373ccc5d513d88aea29fc8135422fa2e\"},\"headline\":\"\u00bfC\u00f3mo calcular el paro de los aut\u00f3nomos?\",\"datePublished\":\"2023-11-20T14:22:06+00:00\",\"dateModified\":\"2025-03-24T16:58:08+00:00\",\"mainEntityOfPage\":{\"@id\":\"https:\/\/getquipu.com\/blog\/como-calcular-el-paro-de-los-autonomos\/\"},\"wordCount\":2010,\"publisher\":{\"@id\":\"https:\/\/getquipu.com\/blog\/#organization\"},\"image\":{\"@id\":\"https:\/\/getquipu.com\/blog\/como-calcular-el-paro-de-los-autonomos\/#primaryimage\"},\"thumbnailUrl\":\"https:\/\/getquipu.com\/wp-content\/uploads\/2023\/11\/20131706\/como-calcular-paro-autonomos.png\",\"articleSection\":[\"Laboral\"],\"inLanguage\":\"es\"},{\"@type\":\"WebPage\",\"@id\":\"https:\/\/getquipu.com\/blog\/como-calcular-el-paro-de-los-autonomos\/\",\"url\":\"https:\/\/getquipu.com\/blog\/como-calcular-el-paro-de-los-autonomos\/\",\"name\":\"\u00bfC\u00f3mo calcular el paro de los aut\u00f3nomos? (Actualizado 2026)\",\"isPartOf\":{\"@id\":\"https:\/\/getquipu.com\/blog\/#website\"},\"primaryImageOfPage\":{\"@id\":\"https:\/\/getquipu.com\/blog\/como-calcular-el-paro-de-los-autonomos\/#primaryimage\"},\"image\":{\"@id\":\"https:\/\/getquipu.com\/blog\/como-calcular-el-paro-de-los-autonomos\/#primaryimage\"},\"thumbnailUrl\":\"https:\/\/getquipu.com\/wp-content\/uploads\/2023\/11\/20131706\/como-calcular-paro-autonomos.png\",\"datePublished\":\"2023-11-20T14:22:06+00:00\",\"dateModified\":\"2025-03-24T16:58:08+00:00\",\"description\":\"\u00bfNo sabes c\u00f3mo calcular el paro que le corresponde a los aut\u00f3nomos? Te explicamos todo lo que debes de saber. \u00a1Entra y desc\u00fabrelo!\",\"breadcrumb\":{\"@id\":\"https:\/\/getquipu.com\/blog\/como-calcular-el-paro-de-los-autonomos\/#breadcrumb\"},\"inLanguage\":\"es\",\"potentialAction\":[{\"@type\":\"ReadAction\",\"target\":[\"https:\/\/getquipu.com\/blog\/como-calcular-el-paro-de-los-autonomos\/\"]}]},{\"@type\":\"ImageObject\",\"inLanguage\":\"es\",\"@id\":\"https:\/\/getquipu.com\/blog\/como-calcular-el-paro-de-los-autonomos\/#primaryimage\",\"url\":\"https:\/\/getquipu.com\/wp-content\/uploads\/2023\/11\/20131706\/como-calcular-paro-autonomos.png\",\"contentUrl\":\"https:\/\/getquipu.com\/wp-content\/uploads\/2023\/11\/20131706\/como-calcular-paro-autonomos.png\",\"width\":768,\"height\":295,\"caption\":\"aut\u00f3noma calculando el paro que le corresponde\"},{\"@type\":\"BreadcrumbList\",\"@id\":\"https:\/\/getquipu.com\/blog\/como-calcular-el-paro-de-los-autonomos\/#breadcrumb\",\"itemListElement\":[{\"@type\":\"ListItem\",\"position\":1,\"name\":\"Blog\",\"item\":\"https:\/\/getquipu.com\/blog\/\"},{\"@type\":\"ListItem\",\"position\":2,\"name\":\"Laboral\",\"item\":\"https:\/\/getquipu.com\/blog\/category\/laboral\/\"},{\"@type\":\"ListItem\",\"position\":3,\"name\":\"\u00bfC\u00f3mo calcular el paro de los aut\u00f3nomos?\"}]},{\"@type\":\"WebSite\",\"@id\":\"https:\/\/getquipu.com\/blog\/#website\",\"url\":\"https:\/\/getquipu.com\/blog\/\",\"name\":\"Aut\u00f3nomos, empresas y asesor\u00edas\",\"description\":\"Informaci\u00f3n \u00fatil sobre fiscalidad y eficiencia administrativa en negocios como el tuyo.\",\"publisher\":{\"@id\":\"https:\/\/getquipu.com\/blog\/#organization\"},\"potentialAction\":[{\"@type\":\"SearchAction\",\"target\":{\"@type\":\"EntryPoint\",\"urlTemplate\":\"https:\/\/getquipu.com\/blog\/?s={search_term_string}\"},\"query-input\":{\"@type\":\"PropertyValueSpecification\",\"valueRequired\":true,\"valueName\":\"search_term_string\"}}],\"inLanguage\":\"es\"},{\"@type\":\"Organization\",\"@id\":\"https:\/\/getquipu.com\/blog\/#organization\",\"name\":\"Quipu\",\"url\":\"https:\/\/getquipu.com\/blog\/\",\"logo\":{\"@type\":\"ImageObject\",\"inLanguage\":\"es\",\"@id\":\"https:\/\/getquipu.com\/blog\/#\/schema\/logo\/image\/\",\"url\":\"https:\/\/getquipu.com\/wp-content\/uploads\/2022\/06\/20105810\/logo-quipu.png\",\"contentUrl\":\"https:\/\/getquipu.com\/wp-content\/uploads\/2022\/06\/20105810\/logo-quipu.png\",\"width\":399,\"height\":399,\"caption\":\"Quipu\"},\"image\":{\"@id\":\"https:\/\/getquipu.com\/blog\/#\/schema\/logo\/image\/\"}},{\"@type\":\"Person\",\"@id\":\"https:\/\/getquipu.com\/blog\/#\/schema\/person\/373ccc5d513d88aea29fc8135422fa2e\",\"name\":\"Roger Doba\u00f1o - CEO Quipu\",\"image\":{\"@type\":\"ImageObject\",\"inLanguage\":\"es\",\"@id\":\"https:\/\/getquipu.com\/blog\/#\/schema\/person\/image\/\",\"url\":\"https:\/\/secure.gravatar.com\/avatar\/34af94bfd8e5677657b0a2d961dc4974?s=96&d=mm&r=g\",\"contentUrl\":\"https:\/\/secure.gravatar.com\/avatar\/34af94bfd8e5677657b0a2d961dc4974?s=96&d=mm&r=g\",\"caption\":\"Roger Doba\u00f1o - CEO Quipu\"},\"description\":\"Roger es CEO y Fundador de Quipu, un software en la nube que lleva +10 a\u00f1os ayudando a aut\u00f3nomos, pymes y asesor\u00edas a digitalizar su operativa precontable. A ra\u00edz de una mala experiencia como aut\u00f3nomo, Roger se propuso crear un programa que acompa\u00f1ara a los empresarios a lidiar con la administraci\u00f3n.\",\"sameAs\":[\"https:\/\/getquipu.com\",\"https:\/\/www.linkedin.com\/in\/rogerdobano\/\",\"https:\/\/x.com\/@rogerdobano\"],\"url\":\"https:\/\/getquipu.com\/blog\/author\/roger\/\"}]}<\/script>\n<!-- \/ Yoast SEO plugin. -->","yoast_head_json":{"title":"\u00bfC\u00f3mo calcular el paro de los aut\u00f3nomos? (Actualizado 2026)","description":"\u00bfNo sabes c\u00f3mo calcular el paro que le corresponde a los aut\u00f3nomos? Te explicamos todo lo que debes de saber. \u00a1Entra y desc\u00fabrelo!","robots":{"index":"index","follow":"follow","max-snippet":"max-snippet:-1","max-image-preview":"max-image-preview:large","max-video-preview":"max-video-preview:-1"},"canonical":"https:\/\/getquipu.com\/blog\/como-calcular-el-paro-de-los-autonomos\/","og_locale":"es_ES","og_type":"article","og_title":"\u00bfC\u00f3mo calcular el paro de los aut\u00f3nomos? (Actualizado 2026)","og_description":"\u00bfNo sabes c\u00f3mo calcular el paro que le corresponde a los aut\u00f3nomos? Te explicamos todo lo que debes de saber. \u00a1Entra y desc\u00fabrelo!","og_url":"https:\/\/getquipu.com\/blog\/como-calcular-el-paro-de-los-autonomos\/","og_site_name":"Aut\u00f3nomos, empresas y asesor\u00edas","article_published_time":"2023-11-20T14:22:06+00:00","article_modified_time":"2025-03-24T16:58:08+00:00","og_image":[{"width":768,"height":295,"url":"https:\/\/getquipu.com\/wp-content\/uploads\/2023\/11\/20131706\/como-calcular-paro-autonomos.png","type":"image\/png"}],"author":"Roger Doba\u00f1o - CEO Quipu","twitter_card":"summary_large_image","twitter_creator":"@rogerdobano","twitter_misc":{"Escrito por":"Roger Doba\u00f1o - CEO Quipu","Tiempo de lectura":"9 minutos"},"schema":{"@context":"https:\/\/schema.org","@graph":[{"@type":"Article","@id":"https:\/\/getquipu.com\/blog\/como-calcular-el-paro-de-los-autonomos\/#article","isPartOf":{"@id":"https:\/\/getquipu.com\/blog\/como-calcular-el-paro-de-los-autonomos\/"},"author":{"name":"Roger Doba\u00f1o - CEO Quipu","@id":"https:\/\/getquipu.com\/blog\/#\/schema\/person\/373ccc5d513d88aea29fc8135422fa2e"},"headline":"\u00bfC\u00f3mo calcular el paro de los aut\u00f3nomos?","datePublished":"2023-11-20T14:22:06+00:00","dateModified":"2025-03-24T16:58:08+00:00","mainEntityOfPage":{"@id":"https:\/\/getquipu.com\/blog\/como-calcular-el-paro-de-los-autonomos\/"},"wordCount":2010,"publisher":{"@id":"https:\/\/getquipu.com\/blog\/#organization"},"image":{"@id":"https:\/\/getquipu.com\/blog\/como-calcular-el-paro-de-los-autonomos\/#primaryimage"},"thumbnailUrl":"https:\/\/getquipu.com\/wp-content\/uploads\/2023\/11\/20131706\/como-calcular-paro-autonomos.png","articleSection":["Laboral"],"inLanguage":"es"},{"@type":"WebPage","@id":"https:\/\/getquipu.com\/blog\/como-calcular-el-paro-de-los-autonomos\/","url":"https:\/\/getquipu.com\/blog\/como-calcular-el-paro-de-los-autonomos\/","name":"\u00bfC\u00f3mo calcular el paro de los aut\u00f3nomos? (Actualizado 2026)","isPartOf":{"@id":"https:\/\/getquipu.com\/blog\/#website"},"primaryImageOfPage":{"@id":"https:\/\/getquipu.com\/blog\/como-calcular-el-paro-de-los-autonomos\/#primaryimage"},"image":{"@id":"https:\/\/getquipu.com\/blog\/como-calcular-el-paro-de-los-autonomos\/#primaryimage"},"thumbnailUrl":"https:\/\/getquipu.com\/wp-content\/uploads\/2023\/11\/20131706\/como-calcular-paro-autonomos.png","datePublished":"2023-11-20T14:22:06+00:00","dateModified":"2025-03-24T16:58:08+00:00","description":"\u00bfNo sabes c\u00f3mo calcular el paro que le corresponde a los aut\u00f3nomos? Te explicamos todo lo que debes de saber. \u00a1Entra y desc\u00fabrelo!","breadcrumb":{"@id":"https:\/\/getquipu.com\/blog\/como-calcular-el-paro-de-los-autonomos\/#breadcrumb"},"inLanguage":"es","potentialAction":[{"@type":"ReadAction","target":["https:\/\/getquipu.com\/blog\/como-calcular-el-paro-de-los-autonomos\/"]}]},{"@type":"ImageObject","inLanguage":"es","@id":"https:\/\/getquipu.com\/blog\/como-calcular-el-paro-de-los-autonomos\/#primaryimage","url":"https:\/\/getquipu.com\/wp-content\/uploads\/2023\/11\/20131706\/como-calcular-paro-autonomos.png","contentUrl":"https:\/\/getquipu.com\/wp-content\/uploads\/2023\/11\/20131706\/como-calcular-paro-autonomos.png","width":768,"height":295,"caption":"aut\u00f3noma calculando el paro que le corresponde"},{"@type":"BreadcrumbList","@id":"https:\/\/getquipu.com\/blog\/como-calcular-el-paro-de-los-autonomos\/#breadcrumb","itemListElement":[{"@type":"ListItem","position":1,"name":"Blog","item":"https:\/\/getquipu.com\/blog\/"},{"@type":"ListItem","position":2,"name":"Laboral","item":"https:\/\/getquipu.com\/blog\/category\/laboral\/"},{"@type":"ListItem","position":3,"name":"\u00bfC\u00f3mo calcular el paro de los aut\u00f3nomos?"}]},{"@type":"WebSite","@id":"https:\/\/getquipu.com\/blog\/#website","url":"https:\/\/getquipu.com\/blog\/","name":"Aut\u00f3nomos, empresas y asesor\u00edas","description":"Informaci\u00f3n \u00fatil sobre fiscalidad y eficiencia administrativa en negocios como el tuyo.","publisher":{"@id":"https:\/\/getquipu.com\/blog\/#organization"},"potentialAction":[{"@type":"SearchAction","target":{"@type":"EntryPoint","urlTemplate":"https:\/\/getquipu.com\/blog\/?s={search_term_string}"},"query-input":{"@type":"PropertyValueSpecification","valueRequired":true,"valueName":"search_term_string"}}],"inLanguage":"es"},{"@type":"Organization","@id":"https:\/\/getquipu.com\/blog\/#organization","name":"Quipu","url":"https:\/\/getquipu.com\/blog\/","logo":{"@type":"ImageObject","inLanguage":"es","@id":"https:\/\/getquipu.com\/blog\/#\/schema\/logo\/image\/","url":"https:\/\/getquipu.com\/wp-content\/uploads\/2022\/06\/20105810\/logo-quipu.png","contentUrl":"https:\/\/getquipu.com\/wp-content\/uploads\/2022\/06\/20105810\/logo-quipu.png","width":399,"height":399,"caption":"Quipu"},"image":{"@id":"https:\/\/getquipu.com\/blog\/#\/schema\/logo\/image\/"}},{"@type":"Person","@id":"https:\/\/getquipu.com\/blog\/#\/schema\/person\/373ccc5d513d88aea29fc8135422fa2e","name":"Roger Doba\u00f1o - CEO Quipu","image":{"@type":"ImageObject","inLanguage":"es","@id":"https:\/\/getquipu.com\/blog\/#\/schema\/person\/image\/","url":"https:\/\/secure.gravatar.com\/avatar\/34af94bfd8e5677657b0a2d961dc4974?s=96&d=mm&r=g","contentUrl":"https:\/\/secure.gravatar.com\/avatar\/34af94bfd8e5677657b0a2d961dc4974?s=96&d=mm&r=g","caption":"Roger Doba\u00f1o - CEO Quipu"},"description":"Roger es CEO y Fundador de Quipu, un software en la nube que lleva +10 a\u00f1os ayudando a aut\u00f3nomos, pymes y asesor\u00edas a digitalizar su operativa precontable. A ra\u00edz de una mala experiencia como aut\u00f3nomo, Roger se propuso crear un programa que acompa\u00f1ara a los empresarios a lidiar con la administraci\u00f3n.","sameAs":["https:\/\/getquipu.com","https:\/\/www.linkedin.com\/in\/rogerdobano\/","https:\/\/x.com\/@rogerdobano"],"url":"https:\/\/getquipu.com\/blog\/author\/roger\/"}]}},"_links":{"self":[{"href":"https:\/\/getquipu.com\/blog\/wp-json\/wp\/v2\/posts\/43705","targetHints":{"allow":["GET"]}}],"collection":[{"href":"https:\/\/getquipu.com\/blog\/wp-json\/wp\/v2\/posts"}],"about":[{"href":"https:\/\/getquipu.com\/blog\/wp-json\/wp\/v2\/types\/post"}],"author":[{"embeddable":true,"href":"https:\/\/getquipu.com\/blog\/wp-json\/wp\/v2\/users\/3"}],"replies":[{"embeddable":true,"href":"https:\/\/getquipu.com\/blog\/wp-json\/wp\/v2\/comments?post=43705"}],"version-history":[{"count":20,"href":"https:\/\/getquipu.com\/blog\/wp-json\/wp\/v2\/posts\/43705\/revisions"}],"predecessor-version":[{"id":51794,"href":"https:\/\/getquipu.com\/blog\/wp-json\/wp\/v2\/posts\/43705\/revisions\/51794"}],"wp:featuredmedia":[{"embeddable":true,"href":"https:\/\/getquipu.com\/blog\/wp-json\/wp\/v2\/media\/43742"}],"wp:attachment":[{"href":"https:\/\/getquipu.com\/blog\/wp-json\/wp\/v2\/media?parent=43705"}],"wp:term":[{"taxonomy":"category","embeddable":true,"href":"https:\/\/getquipu.com\/blog\/wp-json\/wp\/v2\/categories?post=43705"},{"taxonomy":"post_tag","embeddable":true,"href":"https:\/\/getquipu.com\/blog\/wp-json\/wp\/v2\/tags?post=43705"}],"curies":[{"name":"wp","href":"https:\/\/api.w.org\/{rel}","templated":true}]}}