{"id":41983,"date":"2023-09-21T12:40:48","date_gmt":"2023-09-21T10:40:48","guid":{"rendered":"https:\/\/getquipu.com\/blog\/?p=41983"},"modified":"2025-12-13T13:38:37","modified_gmt":"2025-12-13T12:38:37","slug":"tramos-irpf-autonomos","status":"publish","type":"post","link":"https:\/\/getquipu.com\/blog\/tramos-irpf-autonomos\/","title":{"rendered":"Tramos de IRPF de aut\u00f3nomos 2026: \u00bfcu\u00e1les son?"},"content":{"rendered":"\n<p>Estar al tanto de los tramos de IRPF de aut\u00f3nomos es <strong>esencial para afrontar de la mejor forma posible la obligaci\u00f3n de tributar<\/strong> por el Impuesto sobre la Renta de las Personas F\u00edsicas. Porque lo que se ha de pagar de IRPF va a depender del tramo en el que se encuentre el obligado tributario en funci\u00f3n de las rentas que obtenga.<\/p>\n\n\n\n<p><strong>En este art\u00edculo aprender\u00e1s:<\/strong><\/p>\n\n\n\n<ul class=\"wp-block-list\">\n<li><a href=\"#queson\">\u00bfQu\u00e9 son los tramos de IRPF de los aut\u00f3nomos?<\/a><\/li>\n\n\n\n<li><a href=\"#tramos\">Tramos y tablas de IRPF de aut\u00f3nomos en 2026<\/a><\/li>\n\n\n\n<li><a href=\"#como\">\u00bfC\u00f3mo funcionan las tablas de IRPF de aut\u00f3nomos?<\/a><\/li>\n\n\n\n<li><a href=\"#ejemplo\">Ejemplo de aplicar los tramos de IRPF a un aut\u00f3nomo<\/a><\/li>\n<\/ul>\n\n\n\n<h2 class=\"wp-block-heading\" id=\"queson\">\u00bfQu\u00e9 son los tramos de IRPF de los aut\u00f3nomos?<\/h2>\n\n\n\n<p>El art\u00edculo 31 de la Constituci\u00f3n establece que <strong>todos debemos contribuir al sostenimiento del gasto p\u00fablico<\/strong> en funci\u00f3n de nuestra capacidad econ\u00f3mica. Algo que hacemos a trav\u00e9s de un sistema tributario que est\u00e1 basado, entre otros, en el principio de progresividad.<\/p>\n\n\n\n<p>Si atendemos a las caracter\u00edsticas del IRPF tal y como viene regulado en su ley de desarrollo, vemos que este se define como <strong>un impuesto de car\u00e1cter personal y directo<\/strong>, que grava la obtenci\u00f3n de renta por parte de las personas f\u00edsicas. Lo que hace en base a los principios de igualdad, generalidad y progresividad.<\/p>\n\n\n\n<p>Tanto la Constituci\u00f3n como la Ley del Impuesto sobre la Renta de las Personas F\u00edsicas hacen referencia al concepto de progresividad, y es por ello que debemos hablar de los tramos cuando analizamos este tributo.<\/p>\n\n\n\n<p>Que un impuesto sea progresivo, quiere decir que <strong>el obligado tributario va a pagar m\u00e1s cuanto mayor sea su capacidad econ\u00f3mica<\/strong>. En el caso concreto del IRPF, cuanto mayor sea el volumen de rentas obtenidas dentro del ejercicio fiscal, m\u00e1s nos vas a corresponder pagar a Hacienda.<\/p>\n\n\n\n<p>A fin de asegurar que el impuesto sea progresivo y se aplique igual para todo el mundo, lo que ha hecho nuestra legislaci\u00f3n es establecer una serie de tramos. En funci\u00f3n de en qu\u00e9 tramo nos encontremos por nuestro nivel de ingresos,<strong> se nos va a aplicar un tipo impositivo u otro<\/strong>. Y, como es l\u00f3gico, cuanto mayor sea el nivel de renta, mayor es el tipo de gravamen a aplicar.<\/p>\n\n\n\n<p>En definitiva, los tramos del IRPF de los aut\u00f3nomos son los <strong>niveles de ingresos a los que se aplican determinadas tasas impositivas.<\/strong> A fin de calcular los impuestos debe pagar una persona.<\/p>\n\n\n\n<h2 class=\"wp-block-heading\" id=\"tramos\">Tramos y tablas de IRPF de aut\u00f3nomos en 2026<\/h2>\n\n\n\n<p>Antes de nada, una aclaraci\u00f3n importante: <strong>no existe una \u201ctabla \u00fanica oficial\u201d de tipos totales v\u00e1lida para toda Espa\u00f1a<\/strong>. El IRPF se compone de <strong>dos mitades<\/strong>: una <strong>estatal<\/strong> (fijada por la <a href=\"https:\/\/www.boe.es\/diario_boe\/txt.php?id=BOE-A-2006-20764\">Ley 35\/2006, art. 63<\/a>) y otra <strong>auton\u00f3mica<\/strong> (que aprueba cada Comunidad). El <strong>tipo marginal total<\/strong> es la <strong>suma<\/strong> de ambas mitades y, por tanto, <strong>var\u00eda por territorio<\/strong>.<\/p>\n\n\n\n<p>Esta tabla refleja la <strong>escala de referencia m\u00e1s usada en divulgaci\u00f3n<\/strong> (suma orientativa estatal + auton\u00f3mica) y te sirve para <strong>entender el funcionamiento por tramos<\/strong>. Recuerda: <strong>tu tipo real puede cambiar seg\u00fan tu Comunidad Aut\u00f3noma<\/strong>.<\/p>\n\n\n\n<figure class=\"wp-block-table\"><table><tbody><tr><td class=\"has-text-align-center\" data-align=\"center\"><strong>Rentas Obtenidas<\/strong><\/td><td class=\"has-text-align-center\" data-align=\"center\"><strong>Retenci\u00f3n aplicable<\/strong><\/td><\/tr><tr><td class=\"has-text-align-center\" data-align=\"center\">Hasta 12.450 euros<\/td><td class=\"has-text-align-center\" data-align=\"center\">19%<\/td><\/tr><tr><td class=\"has-text-align-center\" data-align=\"center\">Desde 12.450 euros hasta 20.200 euros<\/td><td class=\"has-text-align-center\" data-align=\"center\">24%<\/td><\/tr><tr><td class=\"has-text-align-center\" data-align=\"center\">Desde 20.200 hasta 35.200 euros<\/td><td class=\"has-text-align-center\" data-align=\"center\">30%<\/td><\/tr><tr><td class=\"has-text-align-center\" data-align=\"center\">Desde 35.200 hasta 60.000 euros<\/td><td class=\"has-text-align-center\" data-align=\"center\">37%<\/td><\/tr><tr><td class=\"has-text-align-center\" data-align=\"center\">Desde 60.000 hasta 300.000<\/td><td class=\"has-text-align-center\" data-align=\"center\">45%<\/td><\/tr><tr><td class=\"has-text-align-center\" data-align=\"center\">M\u00e1s de 300.000 euros<\/td><td class=\"has-text-align-center\" data-align=\"center\">47%<\/td><\/tr><\/tbody><\/table><figcaption class=\"wp-element-caption\">Tabla elaborada con datos oficiales de la Agencia Tributaria (2026)<\/figcaption><\/figure>\n\n\n\n<p><strong>Advertencia para la Renta 2026: <\/strong>Aunque la tabla anterior muestra la escala estatal de referencia, muchas Comunidades Aut\u00f3nomas (Madrid, Andaluc\u00eda, Comunidad Valenciana, etc.) han aprobado medidas de deflactaci\u00f3n del IRPF. Esto significa que han ampliado los tramos para ajustar el impuesto a la inflaci\u00f3n. Por tanto, es muy probable que los l\u00edmites de tu comunidad sean diferentes a los estatales.<\/p>\n\n\n\n<h2 class=\"wp-block-heading\" id=\"como\">\u00bfC\u00f3mo funcionan las tablas de IRPF de aut\u00f3nomos?<\/h2>\n\n\n\n<p>Supongamos que tenemos un aut\u00f3nomo cuya base liquidable del IRPF (base imponible menos las correspondientes reducciones previstas legalmente) es de 70.000 euros. Mirando la tabla anterior, y si no sabemos mucho sobre c\u00f3mo funcionan los tramos, podemos caer en el error de pensar que tiene que pagar a Hacienda el 45% de sus ingresos, pero esto no es as\u00ed.<\/p>\n\n\n\n<p>Como hemos estado viendo, el impuesto es progresivo, as\u00ed que<strong> iremos saltando de tramo en tramo en funci\u00f3n del volumen de ingresos. <\/strong><\/p>\n\n\n\n<p><strong>Ejemplo pr\u00e1ctico:<\/strong><strong><br><\/strong>Aut\u00f3nomo con <strong>base liquidable<\/strong> (ya tras reducciones) de <strong>70.000 \u20ac<\/strong>. Con la <strong>escala total de referencia<\/strong> de la tabla anterior:<\/p>\n\n\n\n<ul class=\"wp-block-list\">\n<li>Primer tramo: 12.450 \u20ac \u00d7 19% = 2.365,50 \u20ac<\/li>\n\n\n\n<li>Segundo tramo: 7.750 \u20ac \u00d7 24% = 1.860,00 \u20ac<\/li>\n\n\n\n<li>Tercer tramo: 15.000 \u20ac \u00d7 30% = 4.500,00 \u20ac<\/li>\n\n\n\n<li>Cuarto tramo: 24.800 \u20ac \u00d7 37% = 9.176,00 \u20ac<\/li>\n\n\n\n<li>Quinto tramo: 10.000 \u20ac \u00d7 45% = 4.500,00 \u20ac<\/li>\n<\/ul>\n\n\n\n<p><strong>Cuota total aproximada:<\/strong> 22.401,50 \u20ac \u2192 <strong>tipo efectivo \u2248 32,0%<\/strong> sobre esa base (antes de m\u00ednimos personales\/familiares, deducciones y dem\u00e1s ajustes).<\/p>\n\n\n\n<p><\/p>\n\n\n<div class=\"gb-container gb-container-b2fecea6 new-banner\">\n<div class=\"gb-grid-wrapper gb-grid-wrapper-0fc70046\">\n<div class=\"gb-grid-column gb-grid-column-6f7203a6\"><div class=\"gb-container gb-container-6f7203a6 text-div\">\n\n<p class=\"title-banner has-text-color\" style=\"color:#003829;font-size:19px\">Tu negocio controlado y ordenado<\/p>\n\n\n\n<p class=\"text-banner\">Con Quipu, la gesti\u00f3n de tu facturaci\u00f3n es m\u00e1s f\u00e1cil y simple que nunca.<\/p>\n\n\n\n<p class=\"btn-p-banner\"><a href=\"https:\/\/getquipu.com\/es\/programa-facturacion\" data-type=\"URL\" data-id=\"https:\/\/getquipu.com\/es\/programa-facturacion\">Ver m\u00e1s<\/a><\/p>\n\n<\/div><\/div>\n\n<div class=\"gb-grid-column gb-grid-column-c144d8bb\"><div class=\"gb-container gb-container-c144d8bb img-banner\">\n\n<figure class=\"wp-block-image size-full\"><img decoding=\"async\" width=\"1024\" height=\"573\" src=\"https:\/\/getquipu.com\/wp-content\/uploads\/2023\/05\/16174555\/Frame-26-1-1.webp\" alt=\"\" class=\"wp-image-38570\" srcset=\"https:\/\/getquipu.com\/wp-content\/uploads\/2023\/05\/16174555\/Frame-26-1-1.webp 1024w, https:\/\/getquipu.com\/wp-content\/uploads\/2023\/05\/16174555\/Frame-26-1-1-300x168.webp 300w, https:\/\/getquipu.com\/wp-content\/uploads\/2023\/05\/16174555\/Frame-26-1-1-768x430.webp 768w\" sizes=\"(max-width: 1024px) 100vw, 1024px\" \/><\/figure>\n\n<\/div><\/div>\n<\/div>\n<\/div>\n\n\n<h2 class=\"wp-block-heading\" id=\"ejemplo\">Ejemplo de aplicar los tramos de IRPF a un aut\u00f3nomo<\/h2>\n\n\n\n<p><em>Todo lo que hemos visto hasta ahora resulta mucho m\u00e1s sencillo de entender con un caso pr\u00e1ctico.<\/em><\/p>\n\n\n\n<p><em>Ram\u00f3n es un aut\u00f3nomo dise\u00f1ador gr\u00e1fico. Su <\/em><strong><em>base liquidable es de 35.000 \u20ac<\/em><\/strong><em>. Para saber cu\u00e1nto tiene que pagar, debemos aplicar la escala al total de su base y, muy importante, <\/em><strong><em>restar la cuota correspondiente a su M\u00ednimo Personal<\/em><\/strong><em> (la parte de sus ingresos destinada a necesidades b\u00e1sicas, que son 5.550 \u20ac estatales por defecto y no tributan).<\/em><\/p>\n\n\n\n<p><strong><em>Paso 1: Calculamos la cuota sobre la base total (35.000 \u20ac)<\/em><\/strong><\/p>\n\n\n\n<ul class=\"wp-block-list\">\n<li><strong><em>Tramo 1:<\/em><\/strong><em> Primeros 12.450 \u20ac al 19% = 2.365,50 \u20ac<\/em><\/li>\n\n\n\n<li><strong><em>Tramo 2:<\/em><\/strong><em> Siguientes 7.750 \u20ac (hasta 20.200 \u20ac) al 24% = 1.860,00 \u20ac<\/em><\/li>\n\n\n\n<li><strong><em>Tramo 3:<\/em><\/strong><em> Restantes 14.800 \u20ac (hasta 35.000 \u20ac) al 30% = 4.440,00 \u20ac<\/em><\/li>\n\n\n\n<li><strong><em>Suma parcial (Cuota \u00cdntegra Previa):<\/em><\/strong><em> 8.665,50 \u20ac<\/em><\/li>\n<\/ul>\n\n\n\n<p><strong><em>Paso 2: Restamos el efecto del M\u00ednimo Personal (5.550 \u20ac)<\/em><\/strong><em> Como los primeros 5.550 \u20ac est\u00e1n exentos, calculamos cu\u00e1nto impuesto corresponde a esa cantidad (al 19%) y lo restamos.<\/em><\/p>\n\n\n\n<ul class=\"wp-block-list\">\n<li><em>5.550 \u20ac x 19% = <\/em><strong><em>1.054,50 \u20ac<\/em><\/strong><\/li>\n<\/ul>\n\n\n\n<p><strong><em>Resultado Final:<\/em><\/strong><em> El IRPF neto aproximado que corresponder\u00eda a Ram\u00f3n es la resta de ambos conceptos: 8.665,50 \u20ac &#8211; 1.054,50 \u20ac = <\/em><strong><em>7.611,00 \u20ac<\/em><\/strong><\/p>\n\n\n\n<p><em>Nota: Este c\u00e1lculo es una referencia estatal. El resultado final variar\u00e1 seg\u00fan tu Comunidad Aut\u00f3noma&nbsp;<\/em><\/p>\n","protected":false},"excerpt":{"rendered":"<p>Estar al tanto de los tramos de IRPF de aut\u00f3nomos es esencial para afrontar de la mejor forma posible la obligaci\u00f3n de tributar por el Impuesto sobre la Renta de<\/p>\n","protected":false},"author":3,"featured_media":42017,"comment_status":"closed","ping_status":"open","sticky":false,"template":"","format":"standard","meta":{"footnotes":""},"categories":[467],"tags":[],"class_list":["post-41983","post","type-post","status-publish","format-standard","has-post-thumbnail","hentry","category-irpf","generate-columns","tablet-grid-50","mobile-grid-100","grid-parent","grid-50","resize-featured-image"],"yoast_head":"<!-- This site is optimized with the Yoast SEO plugin v23.9 - https:\/\/yoast.com\/wordpress\/plugins\/seo\/ -->\n<title>Tramos de IRPF de aut\u00f3nomos (actualizado 2025)<\/title>\n<meta name=\"description\" content=\"\u00bfNo sabes c\u00f3mo afectan a los aut\u00f3nomos los tramos de IRPF? Te contamos todo lo que tienes que saber. \u00a1Entra y desc\u00fabrelo!\" \/>\n<meta name=\"robots\" content=\"index, follow, max-snippet:-1, max-image-preview:large, max-video-preview:-1\" \/>\n<link rel=\"canonical\" href=\"https:\/\/getquipu.com\/blog\/tramos-irpf-autonomos\/\" \/>\n<meta property=\"og:locale\" content=\"es_ES\" \/>\n<meta property=\"og:type\" content=\"article\" \/>\n<meta property=\"og:title\" content=\"Tramos de IRPF de aut\u00f3nomos (actualizado 2025)\" \/>\n<meta property=\"og:description\" content=\"\u00bfNo sabes c\u00f3mo afectan a los aut\u00f3nomos los tramos de IRPF? Te contamos todo lo que tienes que saber. \u00a1Entra y desc\u00fabrelo!\" \/>\n<meta property=\"og:url\" content=\"https:\/\/getquipu.com\/blog\/tramos-irpf-autonomos\/\" \/>\n<meta property=\"og:site_name\" content=\"Aut\u00f3nomos, empresas y asesor\u00edas\" \/>\n<meta property=\"article:published_time\" content=\"2023-09-21T10:40:48+00:00\" \/>\n<meta property=\"article:modified_time\" content=\"2025-12-13T12:38:37+00:00\" \/>\n<meta property=\"og:image\" content=\"https:\/\/getquipu.com\/wp-content\/uploads\/2023\/09\/21123106\/tramos-irpf-autonomos.png\" \/>\n\t<meta property=\"og:image:width\" content=\"768\" \/>\n\t<meta property=\"og:image:height\" content=\"295\" \/>\n\t<meta property=\"og:image:type\" content=\"image\/png\" \/>\n<meta name=\"author\" content=\"Roger Doba\u00f1o - CEO Quipu\" \/>\n<meta name=\"twitter:card\" content=\"summary_large_image\" \/>\n<meta name=\"twitter:creator\" content=\"@rogerdobano\" \/>\n<meta name=\"twitter:label1\" content=\"Escrito por\" \/>\n\t<meta name=\"twitter:data1\" content=\"Roger Doba\u00f1o - CEO Quipu\" \/>\n\t<meta name=\"twitter:label2\" content=\"Tiempo de lectura\" \/>\n\t<meta name=\"twitter:data2\" content=\"5 minutos\" \/>\n<script type=\"application\/ld+json\" class=\"yoast-schema-graph\">{\"@context\":\"https:\/\/schema.org\",\"@graph\":[{\"@type\":\"Article\",\"@id\":\"https:\/\/getquipu.com\/blog\/tramos-irpf-autonomos\/#article\",\"isPartOf\":{\"@id\":\"https:\/\/getquipu.com\/blog\/tramos-irpf-autonomos\/\"},\"author\":{\"name\":\"Roger Doba\u00f1o - CEO Quipu\",\"@id\":\"https:\/\/getquipu.com\/blog\/#\/schema\/person\/373ccc5d513d88aea29fc8135422fa2e\"},\"headline\":\"Tramos de IRPF de aut\u00f3nomos 2026: \u00bfcu\u00e1les son?\",\"datePublished\":\"2023-09-21T10:40:48+00:00\",\"dateModified\":\"2025-12-13T12:38:37+00:00\",\"mainEntityOfPage\":{\"@id\":\"https:\/\/getquipu.com\/blog\/tramos-irpf-autonomos\/\"},\"wordCount\":958,\"publisher\":{\"@id\":\"https:\/\/getquipu.com\/blog\/#organization\"},\"image\":{\"@id\":\"https:\/\/getquipu.com\/blog\/tramos-irpf-autonomos\/#primaryimage\"},\"thumbnailUrl\":\"https:\/\/getquipu.com\/wp-content\/uploads\/2023\/09\/21123106\/tramos-irpf-autonomos.png\",\"articleSection\":[\"IRPF\"],\"inLanguage\":\"es\"},{\"@type\":\"WebPage\",\"@id\":\"https:\/\/getquipu.com\/blog\/tramos-irpf-autonomos\/\",\"url\":\"https:\/\/getquipu.com\/blog\/tramos-irpf-autonomos\/\",\"name\":\"Tramos de IRPF de aut\u00f3nomos (actualizado 2025)\",\"isPartOf\":{\"@id\":\"https:\/\/getquipu.com\/blog\/#website\"},\"primaryImageOfPage\":{\"@id\":\"https:\/\/getquipu.com\/blog\/tramos-irpf-autonomos\/#primaryimage\"},\"image\":{\"@id\":\"https:\/\/getquipu.com\/blog\/tramos-irpf-autonomos\/#primaryimage\"},\"thumbnailUrl\":\"https:\/\/getquipu.com\/wp-content\/uploads\/2023\/09\/21123106\/tramos-irpf-autonomos.png\",\"datePublished\":\"2023-09-21T10:40:48+00:00\",\"dateModified\":\"2025-12-13T12:38:37+00:00\",\"description\":\"\u00bfNo sabes c\u00f3mo afectan a los aut\u00f3nomos los tramos de IRPF? Te contamos todo lo que tienes que saber. \u00a1Entra y desc\u00fabrelo!\",\"breadcrumb\":{\"@id\":\"https:\/\/getquipu.com\/blog\/tramos-irpf-autonomos\/#breadcrumb\"},\"inLanguage\":\"es\",\"potentialAction\":[{\"@type\":\"ReadAction\",\"target\":[\"https:\/\/getquipu.com\/blog\/tramos-irpf-autonomos\/\"]}]},{\"@type\":\"ImageObject\",\"inLanguage\":\"es\",\"@id\":\"https:\/\/getquipu.com\/blog\/tramos-irpf-autonomos\/#primaryimage\",\"url\":\"https:\/\/getquipu.com\/wp-content\/uploads\/2023\/09\/21123106\/tramos-irpf-autonomos.png\",\"contentUrl\":\"https:\/\/getquipu.com\/wp-content\/uploads\/2023\/09\/21123106\/tramos-irpf-autonomos.png\",\"width\":768,\"height\":295,\"caption\":\"aut\u00f3noma visualizando los tramos de IRPF de los aut\u00f3nomos\"},{\"@type\":\"BreadcrumbList\",\"@id\":\"https:\/\/getquipu.com\/blog\/tramos-irpf-autonomos\/#breadcrumb\",\"itemListElement\":[{\"@type\":\"ListItem\",\"position\":1,\"name\":\"Blog\",\"item\":\"https:\/\/getquipu.com\/blog\/\"},{\"@type\":\"ListItem\",\"position\":2,\"name\":\"IRPF\",\"item\":\"https:\/\/getquipu.com\/blog\/category\/irpf\/\"},{\"@type\":\"ListItem\",\"position\":3,\"name\":\"Tramos de IRPF de aut\u00f3nomos 2026: \u00bfcu\u00e1les son?\"}]},{\"@type\":\"WebSite\",\"@id\":\"https:\/\/getquipu.com\/blog\/#website\",\"url\":\"https:\/\/getquipu.com\/blog\/\",\"name\":\"Aut\u00f3nomos, empresas y asesor\u00edas\",\"description\":\"Informaci\u00f3n \u00fatil sobre fiscalidad y eficiencia administrativa en negocios como el tuyo.\",\"publisher\":{\"@id\":\"https:\/\/getquipu.com\/blog\/#organization\"},\"potentialAction\":[{\"@type\":\"SearchAction\",\"target\":{\"@type\":\"EntryPoint\",\"urlTemplate\":\"https:\/\/getquipu.com\/blog\/?s={search_term_string}\"},\"query-input\":{\"@type\":\"PropertyValueSpecification\",\"valueRequired\":true,\"valueName\":\"search_term_string\"}}],\"inLanguage\":\"es\"},{\"@type\":\"Organization\",\"@id\":\"https:\/\/getquipu.com\/blog\/#organization\",\"name\":\"Quipu\",\"url\":\"https:\/\/getquipu.com\/blog\/\",\"logo\":{\"@type\":\"ImageObject\",\"inLanguage\":\"es\",\"@id\":\"https:\/\/getquipu.com\/blog\/#\/schema\/logo\/image\/\",\"url\":\"https:\/\/getquipu.com\/wp-content\/uploads\/2022\/06\/20105810\/logo-quipu.png\",\"contentUrl\":\"https:\/\/getquipu.com\/wp-content\/uploads\/2022\/06\/20105810\/logo-quipu.png\",\"width\":399,\"height\":399,\"caption\":\"Quipu\"},\"image\":{\"@id\":\"https:\/\/getquipu.com\/blog\/#\/schema\/logo\/image\/\"}},{\"@type\":\"Person\",\"@id\":\"https:\/\/getquipu.com\/blog\/#\/schema\/person\/373ccc5d513d88aea29fc8135422fa2e\",\"name\":\"Roger Doba\u00f1o - CEO Quipu\",\"image\":{\"@type\":\"ImageObject\",\"inLanguage\":\"es\",\"@id\":\"https:\/\/getquipu.com\/blog\/#\/schema\/person\/image\/\",\"url\":\"https:\/\/secure.gravatar.com\/avatar\/34af94bfd8e5677657b0a2d961dc4974?s=96&d=mm&r=g\",\"contentUrl\":\"https:\/\/secure.gravatar.com\/avatar\/34af94bfd8e5677657b0a2d961dc4974?s=96&d=mm&r=g\",\"caption\":\"Roger Doba\u00f1o - CEO Quipu\"},\"description\":\"Roger es CEO y Fundador de Quipu, un software en la nube que lleva +10 a\u00f1os ayudando a aut\u00f3nomos, pymes y asesor\u00edas a digitalizar su operativa precontable. A ra\u00edz de una mala experiencia como aut\u00f3nomo, Roger se propuso crear un programa que acompa\u00f1ara a los empresarios a lidiar con la administraci\u00f3n.\",\"sameAs\":[\"https:\/\/getquipu.com\",\"https:\/\/www.linkedin.com\/in\/rogerdobano\/\",\"https:\/\/x.com\/@rogerdobano\"],\"url\":\"https:\/\/getquipu.com\/blog\/author\/roger\/\"}]}<\/script>\n<!-- \/ Yoast SEO plugin. -->","yoast_head_json":{"title":"Tramos de IRPF de aut\u00f3nomos (actualizado 2025)","description":"\u00bfNo sabes c\u00f3mo afectan a los aut\u00f3nomos los tramos de IRPF? Te contamos todo lo que tienes que saber. \u00a1Entra y desc\u00fabrelo!","robots":{"index":"index","follow":"follow","max-snippet":"max-snippet:-1","max-image-preview":"max-image-preview:large","max-video-preview":"max-video-preview:-1"},"canonical":"https:\/\/getquipu.com\/blog\/tramos-irpf-autonomos\/","og_locale":"es_ES","og_type":"article","og_title":"Tramos de IRPF de aut\u00f3nomos (actualizado 2025)","og_description":"\u00bfNo sabes c\u00f3mo afectan a los aut\u00f3nomos los tramos de IRPF? Te contamos todo lo que tienes que saber. \u00a1Entra y desc\u00fabrelo!","og_url":"https:\/\/getquipu.com\/blog\/tramos-irpf-autonomos\/","og_site_name":"Aut\u00f3nomos, empresas y asesor\u00edas","article_published_time":"2023-09-21T10:40:48+00:00","article_modified_time":"2025-12-13T12:38:37+00:00","og_image":[{"width":768,"height":295,"url":"https:\/\/getquipu.com\/wp-content\/uploads\/2023\/09\/21123106\/tramos-irpf-autonomos.png","type":"image\/png"}],"author":"Roger Doba\u00f1o - CEO Quipu","twitter_card":"summary_large_image","twitter_creator":"@rogerdobano","twitter_misc":{"Escrito por":"Roger Doba\u00f1o - CEO Quipu","Tiempo de lectura":"5 minutos"},"schema":{"@context":"https:\/\/schema.org","@graph":[{"@type":"Article","@id":"https:\/\/getquipu.com\/blog\/tramos-irpf-autonomos\/#article","isPartOf":{"@id":"https:\/\/getquipu.com\/blog\/tramos-irpf-autonomos\/"},"author":{"name":"Roger Doba\u00f1o - CEO Quipu","@id":"https:\/\/getquipu.com\/blog\/#\/schema\/person\/373ccc5d513d88aea29fc8135422fa2e"},"headline":"Tramos de IRPF de aut\u00f3nomos 2026: \u00bfcu\u00e1les son?","datePublished":"2023-09-21T10:40:48+00:00","dateModified":"2025-12-13T12:38:37+00:00","mainEntityOfPage":{"@id":"https:\/\/getquipu.com\/blog\/tramos-irpf-autonomos\/"},"wordCount":958,"publisher":{"@id":"https:\/\/getquipu.com\/blog\/#organization"},"image":{"@id":"https:\/\/getquipu.com\/blog\/tramos-irpf-autonomos\/#primaryimage"},"thumbnailUrl":"https:\/\/getquipu.com\/wp-content\/uploads\/2023\/09\/21123106\/tramos-irpf-autonomos.png","articleSection":["IRPF"],"inLanguage":"es"},{"@type":"WebPage","@id":"https:\/\/getquipu.com\/blog\/tramos-irpf-autonomos\/","url":"https:\/\/getquipu.com\/blog\/tramos-irpf-autonomos\/","name":"Tramos de IRPF de aut\u00f3nomos (actualizado 2025)","isPartOf":{"@id":"https:\/\/getquipu.com\/blog\/#website"},"primaryImageOfPage":{"@id":"https:\/\/getquipu.com\/blog\/tramos-irpf-autonomos\/#primaryimage"},"image":{"@id":"https:\/\/getquipu.com\/blog\/tramos-irpf-autonomos\/#primaryimage"},"thumbnailUrl":"https:\/\/getquipu.com\/wp-content\/uploads\/2023\/09\/21123106\/tramos-irpf-autonomos.png","datePublished":"2023-09-21T10:40:48+00:00","dateModified":"2025-12-13T12:38:37+00:00","description":"\u00bfNo sabes c\u00f3mo afectan a los aut\u00f3nomos los tramos de IRPF? Te contamos todo lo que tienes que saber. \u00a1Entra y desc\u00fabrelo!","breadcrumb":{"@id":"https:\/\/getquipu.com\/blog\/tramos-irpf-autonomos\/#breadcrumb"},"inLanguage":"es","potentialAction":[{"@type":"ReadAction","target":["https:\/\/getquipu.com\/blog\/tramos-irpf-autonomos\/"]}]},{"@type":"ImageObject","inLanguage":"es","@id":"https:\/\/getquipu.com\/blog\/tramos-irpf-autonomos\/#primaryimage","url":"https:\/\/getquipu.com\/wp-content\/uploads\/2023\/09\/21123106\/tramos-irpf-autonomos.png","contentUrl":"https:\/\/getquipu.com\/wp-content\/uploads\/2023\/09\/21123106\/tramos-irpf-autonomos.png","width":768,"height":295,"caption":"aut\u00f3noma visualizando los tramos de IRPF de los aut\u00f3nomos"},{"@type":"BreadcrumbList","@id":"https:\/\/getquipu.com\/blog\/tramos-irpf-autonomos\/#breadcrumb","itemListElement":[{"@type":"ListItem","position":1,"name":"Blog","item":"https:\/\/getquipu.com\/blog\/"},{"@type":"ListItem","position":2,"name":"IRPF","item":"https:\/\/getquipu.com\/blog\/category\/irpf\/"},{"@type":"ListItem","position":3,"name":"Tramos de IRPF de aut\u00f3nomos 2026: \u00bfcu\u00e1les son?"}]},{"@type":"WebSite","@id":"https:\/\/getquipu.com\/blog\/#website","url":"https:\/\/getquipu.com\/blog\/","name":"Aut\u00f3nomos, empresas y asesor\u00edas","description":"Informaci\u00f3n \u00fatil sobre fiscalidad y eficiencia administrativa en negocios como el tuyo.","publisher":{"@id":"https:\/\/getquipu.com\/blog\/#organization"},"potentialAction":[{"@type":"SearchAction","target":{"@type":"EntryPoint","urlTemplate":"https:\/\/getquipu.com\/blog\/?s={search_term_string}"},"query-input":{"@type":"PropertyValueSpecification","valueRequired":true,"valueName":"search_term_string"}}],"inLanguage":"es"},{"@type":"Organization","@id":"https:\/\/getquipu.com\/blog\/#organization","name":"Quipu","url":"https:\/\/getquipu.com\/blog\/","logo":{"@type":"ImageObject","inLanguage":"es","@id":"https:\/\/getquipu.com\/blog\/#\/schema\/logo\/image\/","url":"https:\/\/getquipu.com\/wp-content\/uploads\/2022\/06\/20105810\/logo-quipu.png","contentUrl":"https:\/\/getquipu.com\/wp-content\/uploads\/2022\/06\/20105810\/logo-quipu.png","width":399,"height":399,"caption":"Quipu"},"image":{"@id":"https:\/\/getquipu.com\/blog\/#\/schema\/logo\/image\/"}},{"@type":"Person","@id":"https:\/\/getquipu.com\/blog\/#\/schema\/person\/373ccc5d513d88aea29fc8135422fa2e","name":"Roger Doba\u00f1o - CEO Quipu","image":{"@type":"ImageObject","inLanguage":"es","@id":"https:\/\/getquipu.com\/blog\/#\/schema\/person\/image\/","url":"https:\/\/secure.gravatar.com\/avatar\/34af94bfd8e5677657b0a2d961dc4974?s=96&d=mm&r=g","contentUrl":"https:\/\/secure.gravatar.com\/avatar\/34af94bfd8e5677657b0a2d961dc4974?s=96&d=mm&r=g","caption":"Roger Doba\u00f1o - CEO Quipu"},"description":"Roger es CEO y Fundador de Quipu, un software en la nube que lleva +10 a\u00f1os ayudando a aut\u00f3nomos, pymes y asesor\u00edas a digitalizar su operativa precontable. A ra\u00edz de una mala experiencia como aut\u00f3nomo, Roger se propuso crear un programa que acompa\u00f1ara a los empresarios a lidiar con la administraci\u00f3n.","sameAs":["https:\/\/getquipu.com","https:\/\/www.linkedin.com\/in\/rogerdobano\/","https:\/\/x.com\/@rogerdobano"],"url":"https:\/\/getquipu.com\/blog\/author\/roger\/"}]}},"_links":{"self":[{"href":"https:\/\/getquipu.com\/blog\/wp-json\/wp\/v2\/posts\/41983","targetHints":{"allow":["GET"]}}],"collection":[{"href":"https:\/\/getquipu.com\/blog\/wp-json\/wp\/v2\/posts"}],"about":[{"href":"https:\/\/getquipu.com\/blog\/wp-json\/wp\/v2\/types\/post"}],"author":[{"embeddable":true,"href":"https:\/\/getquipu.com\/blog\/wp-json\/wp\/v2\/users\/3"}],"replies":[{"embeddable":true,"href":"https:\/\/getquipu.com\/blog\/wp-json\/wp\/v2\/comments?post=41983"}],"version-history":[{"count":10,"href":"https:\/\/getquipu.com\/blog\/wp-json\/wp\/v2\/posts\/41983\/revisions"}],"predecessor-version":[{"id":52737,"href":"https:\/\/getquipu.com\/blog\/wp-json\/wp\/v2\/posts\/41983\/revisions\/52737"}],"wp:featuredmedia":[{"embeddable":true,"href":"https:\/\/getquipu.com\/blog\/wp-json\/wp\/v2\/media\/42017"}],"wp:attachment":[{"href":"https:\/\/getquipu.com\/blog\/wp-json\/wp\/v2\/media?parent=41983"}],"wp:term":[{"taxonomy":"category","embeddable":true,"href":"https:\/\/getquipu.com\/blog\/wp-json\/wp\/v2\/categories?post=41983"},{"taxonomy":"post_tag","embeddable":true,"href":"https:\/\/getquipu.com\/blog\/wp-json\/wp\/v2\/tags?post=41983"}],"curies":[{"name":"wp","href":"https:\/\/api.w.org\/{rel}","templated":true}]}}