{"id":41764,"date":"2023-09-15T13:01:57","date_gmt":"2023-09-15T11:01:57","guid":{"rendered":"https:\/\/getquipu.com\/blog\/?p=41764"},"modified":"2026-03-26T18:36:58","modified_gmt":"2026-03-26T17:36:58","slug":"como-cambiar-regimen-tributacion-irpf","status":"publish","type":"post","link":"https:\/\/getquipu.com\/blog\/como-cambiar-regimen-tributacion-irpf\/","title":{"rendered":"\u00bfC\u00f3mo cambiar el r\u00e9gimen de tributaci\u00f3n del IRPF?"},"content":{"rendered":"\n<p>En el caso del aut\u00f3nomo, c\u00f3mo cambiar el IRPF es <strong>un conocimiento b\u00e1sico que puede tener importantes implicaciones<\/strong> a nivel fiscal.<\/p>\n\n\n\n<p>Cuando te das de alta en el R\u00e9gimen Especial de Trabajadores Aut\u00f3nomos (RETA), una de las primeras decisiones que has de tomar es a <strong>qu\u00e9 r\u00e9gimen de tributaci\u00f3n deseas adscribirte<\/strong>. Como trabajador por cuenta propia, puedes acogerte al sistema de estimaci\u00f3n directa (con sus variedades normal y simplificada) o al r\u00e9gimen de estimaci\u00f3n objetiva, tambi\u00e9n conocido como sistema de m\u00f3dulos.<\/p>\n\n\n\n<p>La elecci\u00f3n de uno u otro influir\u00e1 en <strong>c\u00f3mo declaras y tributas por los rendimientos de tu actividad<\/strong>, de ah\u00ed su importancia. Sin embargo, una mala elecci\u00f3n no es el fin del mundo, porque puedes pasar de un r\u00e9gimen a otro, tal y como vamos a ver en esta ocasi\u00f3n.<\/p>\n\n\n\n<h2 class=\"wp-block-heading\"><strong>\u00bfQu\u00e9 es el r\u00e9gimen de tributaci\u00f3n de los aut\u00f3nomos?<\/strong><\/h2>\n\n\n\n<p>Al trabajar por cuenta propia, lo que est\u00e1s haciendo es ejercer una actividad econ\u00f3mica y, seg\u00fan la normativa que regula el impuesto sobre la renta de las personas f\u00edsicas, las rentas que derivan de las actividades econ\u00f3micas realizadas por personas f\u00edsicas, deben tributar a trav\u00e9s del IRPF.<\/p>\n\n\n\n<p>A diferencia de lo que ocurre con los asalariados, los <strong>aut\u00f3nomos pueden elegir c\u00f3mo tributar\u00e1n por el rendimiento derivado de su actividad<\/strong>. Escogiendo entre la estimaci\u00f3n directa y la objetiva.<\/p>\n\n\n\n<p>El conjunto de normas que establecen <strong>c\u00f3mo es la fiscalidad del trabajador por cuenta propia en funci\u00f3n del sistema que ha escogido<\/strong>, es lo que se conoce como r\u00e9gimen de tributaci\u00f3n.<\/p>\n\n\n\n<h2 class=\"wp-block-heading\"><strong>Los 3 reg\u00edmenes de tributaci\u00f3n del IRPF<\/strong><\/h2>\n\n\n\n<p>Como se\u00f1al\u00e1bamos al inicio de este art\u00edculo, hay dos reg\u00edmenes b\u00e1sicos, lo que ocurre es que uno de ellos se divide a su vez en dos. De ah\u00ed que se pueda afirmar la existencia de tres reg\u00edmenes de tributaci\u00f3n del IRPF:<\/p>\n\n\n\n<ul class=\"wp-block-list\">\n<li><a href=\"https:\/\/getquipu.com\/blog\/regimen-de-estimacion-directa-normal\/\"><strong>Estimaci\u00f3n directa normal<\/strong><\/a><strong>:<\/strong> para aut\u00f3nomos que ejerzan actividades empresariales o profesionales y que facturen m\u00e1s de 600.000 euros al a\u00f1o.<\/li>\n\n\n\n<li><a href=\"https:\/\/getquipu.com\/blog\/regimen-de-estimacion-directa-simplificada\/\"><strong>Estimaci\u00f3n directa simplificada<\/strong><\/a><strong>:<\/strong> se aplica a los aut\u00f3nomos que llevan a cabo actividades empresariales o profesionales y cuyo volumen de negocios en el a\u00f1o fiscal anterior sea inferior a 600.000 euros.<\/li>\n\n\n\n<li><a href=\"https:\/\/getquipu.com\/blog\/regimen-de-estimacion-objetiva\/\"><strong>Estimaci\u00f3n objetiva o por m\u00f3dulos<\/strong><\/a><strong>:<\/strong> para aquellos aut\u00f3nomos cuyos rendimientos en el a\u00f1o anterior no superen los 250.000 euros (150.000 euros si se factura a empresas) y que lleven a cabo alguna de las actividades recogidas en una orden de Hacienda que se actualiza anualmente.<\/li>\n<\/ul>\n\n\n\n<h2 class=\"wp-block-heading\"><strong>\u00bfEstimaci\u00f3n directa o m\u00f3dulos? \u00bfCu\u00e1l elegir?<\/strong><\/h2>\n\n\n\n<p>Al plantearse c\u00f3mo tributar, es fundamental comparar las ventajas e inconvenientes de cada r\u00e9gimen para decidir cu\u00e1l resulta m\u00e1s rentable. El sistema de m\u00f3dulos ofrece una gran simplicidad administrativa y permite pagar una cuota fija trimestral, lo cual es muy beneficioso si los ingresos reales superan ampliamente la estimaci\u00f3n de Hacienda. Por el contrario, la estimaci\u00f3n directa implica una mayor carga formal, pero garantiza que solo se tribute por el beneficio real obtenido (ingresos menos gastos), siendo la opci\u00f3n m\u00e1s segura si la actividad tiene altos costes o sufre fluctuaciones de facturaci\u00f3n. Si necesitas profundizar, consulta esta gu\u00eda sobre <a href=\"https:\/\/getquipu.com\/blog\/regimen-de-estimacion-directa-u-objetiva-como-tributar-como-autonomo\/\">estimaci\u00f3n directa o m\u00f3dulos: \u00bfcu\u00e1l elegir?<\/a><\/p>\n\n\n\n<h2 class=\"wp-block-heading\" id=\"cuando\"><strong>Novedades y futuro del sistema de m\u00f3dulos para 2026<\/strong><\/h2>\n\n\n\n<p>La progresiva desaparici\u00f3n del r\u00e9gimen de estimaci\u00f3n objetiva empuja a cada vez m\u00e1s aut\u00f3nomos a cambiar de sistema. Aunque en los \u00faltimos ejercicios se han aprobado distintas pr\u00f3rrogas que han mantenido los l\u00edmites de facturaci\u00f3n y las reducciones aplicables, la intenci\u00f3n de la Administraci\u00f3n es avanzar hacia un modelo basado exclusivamente en los ingresos reales. Esta situaci\u00f3n de transitoriedad hace imprescindible revisar cada a\u00f1o las posibles modificaciones normativas y anticiparse a la eventual exclusi\u00f3n obligatoria del r\u00e9gimen de m\u00f3dulos.<\/p>\n\n\n\n<h2 class=\"wp-block-heading\"><strong>\u00bfCu\u00e1ndo se puede hacer el cambio de r\u00e9gimen de IRPF?<\/strong><\/h2>\n\n\n\n<p>En el caso del aut\u00f3nomo, c\u00f3mo cambiar de IRPF no es complicado, pero s\u00ed puede resultar algo tedioso, porque no es algo que puedes hacer cada vez que te apetece. Una vez que te has adscrito a un r\u00e9gimen, <strong>tienes que permanecer tres a\u00f1os en el mismo antes de poder cambiar<\/strong>. Precisamente por eso, es importante que antes de tomar una decisi\u00f3n te lo pienses bien.<\/p>\n\n\n\n<p>Por otro lado, ten en cuenta que <strong>la elecci\u00f3n no siempre es libre<\/strong>. Si facturas una media de 700.000 euros al a\u00f1o en tu actividad, y esta no est\u00e1 incluida dentro de las que permiten aplicar el sistema de m\u00f3dulos, no te va a quedar m\u00e1s remedio que adscribirte de forma necesaria a la estimaci\u00f3n directa normal, quieras o no.<\/p>\n\n\n\n<p>A continuaci\u00f3n, vamos a ver c\u00f3mo puedes realizar el cambio si est\u00e1s en unas condiciones que te permitan llevar este a cabo. Pero antes, debes prestar especial atenci\u00f3n a las fechas, porque no es algo que se pueda hacer en cualquier momento. Tu petici\u00f3n para pasar de un r\u00e9gimen a otro <strong>tienes que presentarla, por norma general, antes del 31 de diciembre<\/strong>, para que el nuevo sistema se te comience a aplicar a partir del 1 de enero del siguiente a\u00f1o. No obstante, para 2026 espec\u00edficamente, el plazo l\u00edmite para renunciar o revocar al sistema de m\u00f3dulos (estimaci\u00f3n objetiva) en IRPF fue ampliado de forma extraordinaria al 16 de febrero de 2026, seg\u00fan disposici\u00f3n oficial del Ministerio de Hacienda.<\/p>\n\n\n\n<p>Si has presentado tu solicitud de cambio y a \u00faltima hora decides que no quieres que se haga efectiva, puedes presentar una nueva petici\u00f3n en Hacienda para quedarte como est\u00e1s, y que el cambio no se produzca al comenzar un nuevo a\u00f1o.<\/p>\n\n\n<div class=\"gb-container gb-container-b2fecea6 new-banner\">\n<div class=\"gb-grid-wrapper gb-grid-wrapper-0fc70046\">\n<div class=\"gb-grid-column gb-grid-column-6f7203a6\"><div class=\"gb-container gb-container-6f7203a6 text-div\">\n\n<p class=\"title-banner has-text-color\" style=\"color:#003829;font-size:19px\">Facturaci\u00f3n inteligente<\/p>\n\n\n\n<p class=\"text-banner\">Quipu simplifica la gesti\u00f3n de tu negocio, automatizando tareas y agilizando todos tus procesos.<\/p>\n\n\n\n<p class=\"btn-p-banner\"><a href=\"https:\/\/getquipu.com\/es\/programa-facturacion\" data-type=\"URL\" data-id=\"https:\/\/getquipu.com\/es\/programa-facturacion\">Ver m\u00e1s<\/a><\/p>\n\n<\/div><\/div>\n\n<div class=\"gb-grid-column gb-grid-column-c144d8bb\"><div class=\"gb-container gb-container-c144d8bb img-banner\">\n\n<figure class=\"wp-block-image size-full\"><img decoding=\"async\" width=\"1024\" height=\"573\" src=\"https:\/\/getquipu.com\/wp-content\/uploads\/2023\/05\/16134604\/Group-3296.webp\" alt=\"\" class=\"wp-image-38551\" srcset=\"https:\/\/getquipu.com\/wp-content\/uploads\/2023\/05\/16134604\/Group-3296.webp 1024w, https:\/\/getquipu.com\/wp-content\/uploads\/2023\/05\/16134604\/Group-3296-300x168.webp 300w, https:\/\/getquipu.com\/wp-content\/uploads\/2023\/05\/16134604\/Group-3296-768x430.webp 768w\" sizes=\"(max-width: 1024px) 100vw, 1024px\" \/><\/figure>\n\n<\/div><\/div>\n<\/div>\n<\/div>\n\n\n<h2 class=\"wp-block-heading\" id=\"pasos\"><strong>Pasos para cambiar el r\u00e9gimen de IRPF de los aut\u00f3nomos<\/strong><\/h2>\n\n\n\n<p>\u00bfYa has decidido que quieres cambiar de r\u00e9gimen de IRPF? Te contamos todos los pasos que debes de seguir para ello:<\/p>\n\n\n\n<h3 class=\"wp-block-heading\"><strong>1- Cambio expreso de un r\u00e9gimen a otro<\/strong><\/h3>\n\n\n\n<p>Para hacerlo tienes que presentar antes del 31 de diciembre (salvo en extensiones excepcionales, como la del 16 de febrero de 2026) el <strong>modelo 036 en la Agencia Tributaria<\/strong> (lo m\u00e1s sencillo es hacerlo a trav\u00e9s de su Sede Electr\u00f3nica).<\/p>\n\n\n\n<p>Este modelo es una <strong>declaraci\u00f3n censal de alta, baja y modificaciones para empresarios, profesionales y retenedores<\/strong>. Solo tienes que indicar tu voluntad de pasar de un r\u00e9gimen a otro, seleccionando a cu\u00e1l deseas acogerte.<\/p>\n\n\n\n<p>Tal y como hemos se\u00f1alado en el apartado anterior, con independencia del momento en que presentes este modelo con tu petici\u00f3n de cambio de r\u00e9gimen de IRPF, <strong>la medida no surtir\u00e1 efecto hasta que no comience el a\u00f1o siguiente.<\/strong><\/p>\n\n\n\n<h3 class=\"wp-block-heading\"><strong>2- Renuncia t\u00e1cita al sistema de m\u00f3dulos<\/strong><\/h3>\n\n\n\n<p>Si est\u00e1s acogido al sistema objetivo o de m\u00f3dulos, quieres cambiar, y no presentaste a tiempo el modelo 036, a principio de a\u00f1o puedes hacer una renuncia t\u00e1cita y pasar al r\u00e9gimen de estimaci\u00f3n directa. Lo que tienes que hacer es <strong>presentar la autoliquidaci\u00f3n de IRPF correspondiente al primer trimestre del a\u00f1o (<\/strong><a href=\"https:\/\/getquipu.com\/blog\/modelo-130-irpf\/\"><strong>modelo 130<\/strong><\/a><strong>),<\/strong> y entonces Hacienda entender\u00e1 que renuncias al sistema de m\u00f3dulos y te acoges al de estimaci\u00f3n directa.<\/p>\n\n\n\n<h3 class=\"wp-block-heading\"><strong>3- Cambio libre pero condicionado<\/strong><\/h3>\n\n\n\n<p>Si cumples los requisitos para estar en el sistema de m\u00f3dulos, puedes pasarte al de estimaci\u00f3n directa cuando lo consideres conveniente, o volver a m\u00f3dulos si cambias de opini\u00f3n. Pero el cambio no es del todo libre, porque una vez efectuado el mismo tienes que <strong>permanecer durante tres a\u00f1os<\/strong> en el r\u00e9gimen al que te hayas adscrito de forma expresa o t\u00e1cita.<\/p>\n\n\n\n<h3 class=\"wp-block-heading\"><strong>4- Exclusi\u00f3n<\/strong><\/h3>\n\n\n\n<p>La permanencia en un sistema u otro de tributaci\u00f3n no siempre depende de la voluntad del aut\u00f3nomo. Si este deja de cumplir los requisitos para estar en uno, ser\u00e1 <strong>adscrito de oficio por Hacienda a aquel en el que mejor encaje.<\/strong><\/p>\n\n\n\n<p>Por ejemplo, si un aut\u00f3nomo est\u00e1 en el r\u00e9gimen de estimaci\u00f3n directa simplificada, pero factura este a\u00f1o m\u00e1s de 600.000 euros, al a\u00f1o siguiente pasar\u00e1 autom\u00e1ticamente al de estimaci\u00f3n directa normal.<\/p>\n\n\n\n<p>Para el aut\u00f3nomo, c\u00f3mo cambiar el IRPF, o m\u00e1s bien su r\u00e9gimen de tributaci\u00f3n, es algo sencillo y que puede hacerse en apenas un par de minutos presentando el modelo 036. Lo importante es tener claro si se est\u00e1 en condiciones de realizar ese cambio, y si este ser\u00e1 realmente beneficioso. Para entender mejor el contexto general, puedes ampliar sobre el <a href=\"https:\/\/getquipu.com\/blog\/irpf-de-los-autonomos\/\">IRPF de los aut\u00f3nomos<\/a>.<\/p>\n","protected":false},"excerpt":{"rendered":"<p>En el caso del aut\u00f3nomo, c\u00f3mo cambiar el IRPF es un conocimiento b\u00e1sico que puede tener importantes implicaciones a nivel fiscal. Cuando te das de alta en el R\u00e9gimen Especial<\/p>\n","protected":false},"author":3,"featured_media":41813,"comment_status":"closed","ping_status":"open","sticky":false,"template":"","format":"standard","meta":{"footnotes":""},"categories":[467],"tags":[],"class_list":["post-41764","post","type-post","status-publish","format-standard","has-post-thumbnail","hentry","category-irpf","generate-columns","tablet-grid-50","mobile-grid-100","grid-parent","grid-50","resize-featured-image"],"yoast_head":"<!-- This site is optimized with the Yoast SEO plugin v23.9 - https:\/\/yoast.com\/wordpress\/plugins\/seo\/ -->\n<title>\u00bfC\u00f3mo cambiar el r\u00e9gimen de tributaci\u00f3n de IRPF? (2026)<\/title>\n<meta name=\"description\" content=\"\u00bfQuieres cambiar el r\u00e9gimen de tributaci\u00f3n del IRPF y no sabes c\u00f3mo hacerlo? Te contamos todo lo que tienes que saber. \u00a1Entra y desc\u00fabrelo!\" \/>\n<meta name=\"robots\" content=\"index, follow, max-snippet:-1, max-image-preview:large, max-video-preview:-1\" \/>\n<link rel=\"canonical\" href=\"https:\/\/getquipu.com\/blog\/como-cambiar-regimen-tributacion-irpf\/\" \/>\n<meta property=\"og:locale\" content=\"es_ES\" \/>\n<meta property=\"og:type\" content=\"article\" \/>\n<meta property=\"og:title\" content=\"\u00bfC\u00f3mo cambiar el r\u00e9gimen de tributaci\u00f3n de IRPF? (2026)\" \/>\n<meta property=\"og:description\" content=\"\u00bfQuieres cambiar el r\u00e9gimen de tributaci\u00f3n del IRPF y no sabes c\u00f3mo hacerlo? Te contamos todo lo que tienes que saber. \u00a1Entra y desc\u00fabrelo!\" \/>\n<meta property=\"og:url\" content=\"https:\/\/getquipu.com\/blog\/como-cambiar-regimen-tributacion-irpf\/\" \/>\n<meta property=\"og:site_name\" content=\"Aut\u00f3nomos, empresas y asesor\u00edas\" \/>\n<meta property=\"article:published_time\" content=\"2023-09-15T11:01:57+00:00\" \/>\n<meta property=\"article:modified_time\" content=\"2026-03-26T17:36:58+00:00\" \/>\n<meta property=\"og:image\" content=\"https:\/\/getquipu.com\/wp-content\/uploads\/2023\/09\/15125859\/como-cambiar-regimen-tributacion-irpf.png\" \/>\n\t<meta property=\"og:image:width\" content=\"768\" \/>\n\t<meta property=\"og:image:height\" content=\"295\" \/>\n\t<meta property=\"og:image:type\" content=\"image\/png\" \/>\n<meta name=\"author\" content=\"Roger Doba\u00f1o - CEO Quipu\" \/>\n<meta name=\"twitter:card\" content=\"summary_large_image\" \/>\n<meta name=\"twitter:creator\" content=\"@rogerdobano\" \/>\n<meta name=\"twitter:label1\" content=\"Escrito por\" \/>\n\t<meta name=\"twitter:data1\" content=\"Roger Doba\u00f1o - CEO Quipu\" \/>\n\t<meta name=\"twitter:label2\" content=\"Tiempo de lectura\" \/>\n\t<meta name=\"twitter:data2\" content=\"13 minutos\" \/>\n<script type=\"application\/ld+json\" class=\"yoast-schema-graph\">{\"@context\":\"https:\/\/schema.org\",\"@graph\":[{\"@type\":\"Article\",\"@id\":\"https:\/\/getquipu.com\/blog\/como-cambiar-regimen-tributacion-irpf\/#article\",\"isPartOf\":{\"@id\":\"https:\/\/getquipu.com\/blog\/como-cambiar-regimen-tributacion-irpf\/\"},\"author\":{\"name\":\"Roger Doba\u00f1o - CEO Quipu\",\"@id\":\"https:\/\/getquipu.com\/blog\/#\/schema\/person\/373ccc5d513d88aea29fc8135422fa2e\"},\"headline\":\"\u00bfC\u00f3mo cambiar el r\u00e9gimen de tributaci\u00f3n del IRPF?\",\"datePublished\":\"2023-09-15T11:01:57+00:00\",\"dateModified\":\"2026-03-26T17:36:58+00:00\",\"mainEntityOfPage\":{\"@id\":\"https:\/\/getquipu.com\/blog\/como-cambiar-regimen-tributacion-irpf\/\"},\"wordCount\":1481,\"publisher\":{\"@id\":\"https:\/\/getquipu.com\/blog\/#organization\"},\"image\":{\"@id\":\"https:\/\/getquipu.com\/blog\/como-cambiar-regimen-tributacion-irpf\/#primaryimage\"},\"thumbnailUrl\":\"https:\/\/getquipu.com\/wp-content\/uploads\/2023\/09\/15125859\/como-cambiar-regimen-tributacion-irpf.png\",\"articleSection\":[\"IRPF\"],\"inLanguage\":\"es\"},{\"@type\":\"WebPage\",\"@id\":\"https:\/\/getquipu.com\/blog\/como-cambiar-regimen-tributacion-irpf\/\",\"url\":\"https:\/\/getquipu.com\/blog\/como-cambiar-regimen-tributacion-irpf\/\",\"name\":\"\u00bfC\u00f3mo cambiar el r\u00e9gimen de tributaci\u00f3n de IRPF? (2026)\",\"isPartOf\":{\"@id\":\"https:\/\/getquipu.com\/blog\/#website\"},\"primaryImageOfPage\":{\"@id\":\"https:\/\/getquipu.com\/blog\/como-cambiar-regimen-tributacion-irpf\/#primaryimage\"},\"image\":{\"@id\":\"https:\/\/getquipu.com\/blog\/como-cambiar-regimen-tributacion-irpf\/#primaryimage\"},\"thumbnailUrl\":\"https:\/\/getquipu.com\/wp-content\/uploads\/2023\/09\/15125859\/como-cambiar-regimen-tributacion-irpf.png\",\"datePublished\":\"2023-09-15T11:01:57+00:00\",\"dateModified\":\"2026-03-26T17:36:58+00:00\",\"description\":\"\u00bfQuieres cambiar el r\u00e9gimen de tributaci\u00f3n del IRPF y no sabes c\u00f3mo hacerlo? Te contamos todo lo que tienes que saber. \u00a1Entra y desc\u00fabrelo!\",\"breadcrumb\":{\"@id\":\"https:\/\/getquipu.com\/blog\/como-cambiar-regimen-tributacion-irpf\/#breadcrumb\"},\"inLanguage\":\"es\",\"potentialAction\":[{\"@type\":\"ReadAction\",\"target\":[\"https:\/\/getquipu.com\/blog\/como-cambiar-regimen-tributacion-irpf\/\"]}]},{\"@type\":\"ImageObject\",\"inLanguage\":\"es\",\"@id\":\"https:\/\/getquipu.com\/blog\/como-cambiar-regimen-tributacion-irpf\/#primaryimage\",\"url\":\"https:\/\/getquipu.com\/wp-content\/uploads\/2023\/09\/15125859\/como-cambiar-regimen-tributacion-irpf.png\",\"contentUrl\":\"https:\/\/getquipu.com\/wp-content\/uploads\/2023\/09\/15125859\/como-cambiar-regimen-tributacion-irpf.png\",\"width\":768,\"height\":295,\"caption\":\"aut\u00f3nomo cambiando su r\u00e9gimen de tributaci\u00f3n de IRPF\"},{\"@type\":\"BreadcrumbList\",\"@id\":\"https:\/\/getquipu.com\/blog\/como-cambiar-regimen-tributacion-irpf\/#breadcrumb\",\"itemListElement\":[{\"@type\":\"ListItem\",\"position\":1,\"name\":\"Blog\",\"item\":\"https:\/\/getquipu.com\/blog\/\"},{\"@type\":\"ListItem\",\"position\":2,\"name\":\"IRPF\",\"item\":\"https:\/\/getquipu.com\/blog\/category\/irpf\/\"},{\"@type\":\"ListItem\",\"position\":3,\"name\":\"\u00bfC\u00f3mo cambiar el r\u00e9gimen de tributaci\u00f3n del IRPF?\"}]},{\"@type\":\"WebSite\",\"@id\":\"https:\/\/getquipu.com\/blog\/#website\",\"url\":\"https:\/\/getquipu.com\/blog\/\",\"name\":\"Aut\u00f3nomos, empresas y asesor\u00edas\",\"description\":\"Informaci\u00f3n \u00fatil sobre fiscalidad y eficiencia administrativa en negocios como el tuyo.\",\"publisher\":{\"@id\":\"https:\/\/getquipu.com\/blog\/#organization\"},\"potentialAction\":[{\"@type\":\"SearchAction\",\"target\":{\"@type\":\"EntryPoint\",\"urlTemplate\":\"https:\/\/getquipu.com\/blog\/?s={search_term_string}\"},\"query-input\":{\"@type\":\"PropertyValueSpecification\",\"valueRequired\":true,\"valueName\":\"search_term_string\"}}],\"inLanguage\":\"es\"},{\"@type\":\"Organization\",\"@id\":\"https:\/\/getquipu.com\/blog\/#organization\",\"name\":\"Quipu\",\"url\":\"https:\/\/getquipu.com\/blog\/\",\"logo\":{\"@type\":\"ImageObject\",\"inLanguage\":\"es\",\"@id\":\"https:\/\/getquipu.com\/blog\/#\/schema\/logo\/image\/\",\"url\":\"https:\/\/getquipu.com\/wp-content\/uploads\/2022\/06\/20105810\/logo-quipu.png\",\"contentUrl\":\"https:\/\/getquipu.com\/wp-content\/uploads\/2022\/06\/20105810\/logo-quipu.png\",\"width\":399,\"height\":399,\"caption\":\"Quipu\"},\"image\":{\"@id\":\"https:\/\/getquipu.com\/blog\/#\/schema\/logo\/image\/\"}},{\"@type\":\"Person\",\"@id\":\"https:\/\/getquipu.com\/blog\/#\/schema\/person\/373ccc5d513d88aea29fc8135422fa2e\",\"name\":\"Roger Doba\u00f1o - CEO Quipu\",\"image\":{\"@type\":\"ImageObject\",\"inLanguage\":\"es\",\"@id\":\"https:\/\/getquipu.com\/blog\/#\/schema\/person\/image\/\",\"url\":\"https:\/\/secure.gravatar.com\/avatar\/34af94bfd8e5677657b0a2d961dc4974?s=96&d=mm&r=g\",\"contentUrl\":\"https:\/\/secure.gravatar.com\/avatar\/34af94bfd8e5677657b0a2d961dc4974?s=96&d=mm&r=g\",\"caption\":\"Roger Doba\u00f1o - CEO Quipu\"},\"description\":\"Roger es CEO y Fundador de Quipu, un software en la nube que lleva +10 a\u00f1os ayudando a aut\u00f3nomos, pymes y asesor\u00edas a digitalizar su operativa precontable. A ra\u00edz de una mala experiencia como aut\u00f3nomo, Roger se propuso crear un programa que acompa\u00f1ara a los empresarios a lidiar con la administraci\u00f3n.\",\"sameAs\":[\"https:\/\/getquipu.com\",\"https:\/\/www.linkedin.com\/in\/rogerdobano\/\",\"https:\/\/x.com\/@rogerdobano\"],\"url\":\"https:\/\/getquipu.com\/blog\/author\/roger\/\"}]}<\/script>\n<!-- \/ Yoast SEO plugin. -->","yoast_head_json":{"title":"\u00bfC\u00f3mo cambiar el r\u00e9gimen de tributaci\u00f3n de IRPF? (2026)","description":"\u00bfQuieres cambiar el r\u00e9gimen de tributaci\u00f3n del IRPF y no sabes c\u00f3mo hacerlo? Te contamos todo lo que tienes que saber. \u00a1Entra y desc\u00fabrelo!","robots":{"index":"index","follow":"follow","max-snippet":"max-snippet:-1","max-image-preview":"max-image-preview:large","max-video-preview":"max-video-preview:-1"},"canonical":"https:\/\/getquipu.com\/blog\/como-cambiar-regimen-tributacion-irpf\/","og_locale":"es_ES","og_type":"article","og_title":"\u00bfC\u00f3mo cambiar el r\u00e9gimen de tributaci\u00f3n de IRPF? (2026)","og_description":"\u00bfQuieres cambiar el r\u00e9gimen de tributaci\u00f3n del IRPF y no sabes c\u00f3mo hacerlo? Te contamos todo lo que tienes que saber. \u00a1Entra y desc\u00fabrelo!","og_url":"https:\/\/getquipu.com\/blog\/como-cambiar-regimen-tributacion-irpf\/","og_site_name":"Aut\u00f3nomos, empresas y asesor\u00edas","article_published_time":"2023-09-15T11:01:57+00:00","article_modified_time":"2026-03-26T17:36:58+00:00","og_image":[{"width":768,"height":295,"url":"https:\/\/getquipu.com\/wp-content\/uploads\/2023\/09\/15125859\/como-cambiar-regimen-tributacion-irpf.png","type":"image\/png"}],"author":"Roger Doba\u00f1o - CEO Quipu","twitter_card":"summary_large_image","twitter_creator":"@rogerdobano","twitter_misc":{"Escrito por":"Roger Doba\u00f1o - CEO Quipu","Tiempo de lectura":"13 minutos"},"schema":{"@context":"https:\/\/schema.org","@graph":[{"@type":"Article","@id":"https:\/\/getquipu.com\/blog\/como-cambiar-regimen-tributacion-irpf\/#article","isPartOf":{"@id":"https:\/\/getquipu.com\/blog\/como-cambiar-regimen-tributacion-irpf\/"},"author":{"name":"Roger Doba\u00f1o - CEO Quipu","@id":"https:\/\/getquipu.com\/blog\/#\/schema\/person\/373ccc5d513d88aea29fc8135422fa2e"},"headline":"\u00bfC\u00f3mo cambiar el r\u00e9gimen de tributaci\u00f3n del IRPF?","datePublished":"2023-09-15T11:01:57+00:00","dateModified":"2026-03-26T17:36:58+00:00","mainEntityOfPage":{"@id":"https:\/\/getquipu.com\/blog\/como-cambiar-regimen-tributacion-irpf\/"},"wordCount":1481,"publisher":{"@id":"https:\/\/getquipu.com\/blog\/#organization"},"image":{"@id":"https:\/\/getquipu.com\/blog\/como-cambiar-regimen-tributacion-irpf\/#primaryimage"},"thumbnailUrl":"https:\/\/getquipu.com\/wp-content\/uploads\/2023\/09\/15125859\/como-cambiar-regimen-tributacion-irpf.png","articleSection":["IRPF"],"inLanguage":"es"},{"@type":"WebPage","@id":"https:\/\/getquipu.com\/blog\/como-cambiar-regimen-tributacion-irpf\/","url":"https:\/\/getquipu.com\/blog\/como-cambiar-regimen-tributacion-irpf\/","name":"\u00bfC\u00f3mo cambiar el r\u00e9gimen de tributaci\u00f3n de IRPF? (2026)","isPartOf":{"@id":"https:\/\/getquipu.com\/blog\/#website"},"primaryImageOfPage":{"@id":"https:\/\/getquipu.com\/blog\/como-cambiar-regimen-tributacion-irpf\/#primaryimage"},"image":{"@id":"https:\/\/getquipu.com\/blog\/como-cambiar-regimen-tributacion-irpf\/#primaryimage"},"thumbnailUrl":"https:\/\/getquipu.com\/wp-content\/uploads\/2023\/09\/15125859\/como-cambiar-regimen-tributacion-irpf.png","datePublished":"2023-09-15T11:01:57+00:00","dateModified":"2026-03-26T17:36:58+00:00","description":"\u00bfQuieres cambiar el r\u00e9gimen de tributaci\u00f3n del IRPF y no sabes c\u00f3mo hacerlo? Te contamos todo lo que tienes que saber. \u00a1Entra y desc\u00fabrelo!","breadcrumb":{"@id":"https:\/\/getquipu.com\/blog\/como-cambiar-regimen-tributacion-irpf\/#breadcrumb"},"inLanguage":"es","potentialAction":[{"@type":"ReadAction","target":["https:\/\/getquipu.com\/blog\/como-cambiar-regimen-tributacion-irpf\/"]}]},{"@type":"ImageObject","inLanguage":"es","@id":"https:\/\/getquipu.com\/blog\/como-cambiar-regimen-tributacion-irpf\/#primaryimage","url":"https:\/\/getquipu.com\/wp-content\/uploads\/2023\/09\/15125859\/como-cambiar-regimen-tributacion-irpf.png","contentUrl":"https:\/\/getquipu.com\/wp-content\/uploads\/2023\/09\/15125859\/como-cambiar-regimen-tributacion-irpf.png","width":768,"height":295,"caption":"aut\u00f3nomo cambiando su r\u00e9gimen de tributaci\u00f3n de IRPF"},{"@type":"BreadcrumbList","@id":"https:\/\/getquipu.com\/blog\/como-cambiar-regimen-tributacion-irpf\/#breadcrumb","itemListElement":[{"@type":"ListItem","position":1,"name":"Blog","item":"https:\/\/getquipu.com\/blog\/"},{"@type":"ListItem","position":2,"name":"IRPF","item":"https:\/\/getquipu.com\/blog\/category\/irpf\/"},{"@type":"ListItem","position":3,"name":"\u00bfC\u00f3mo cambiar el r\u00e9gimen de tributaci\u00f3n del IRPF?"}]},{"@type":"WebSite","@id":"https:\/\/getquipu.com\/blog\/#website","url":"https:\/\/getquipu.com\/blog\/","name":"Aut\u00f3nomos, empresas y asesor\u00edas","description":"Informaci\u00f3n \u00fatil sobre fiscalidad y eficiencia administrativa en negocios como el tuyo.","publisher":{"@id":"https:\/\/getquipu.com\/blog\/#organization"},"potentialAction":[{"@type":"SearchAction","target":{"@type":"EntryPoint","urlTemplate":"https:\/\/getquipu.com\/blog\/?s={search_term_string}"},"query-input":{"@type":"PropertyValueSpecification","valueRequired":true,"valueName":"search_term_string"}}],"inLanguage":"es"},{"@type":"Organization","@id":"https:\/\/getquipu.com\/blog\/#organization","name":"Quipu","url":"https:\/\/getquipu.com\/blog\/","logo":{"@type":"ImageObject","inLanguage":"es","@id":"https:\/\/getquipu.com\/blog\/#\/schema\/logo\/image\/","url":"https:\/\/getquipu.com\/wp-content\/uploads\/2022\/06\/20105810\/logo-quipu.png","contentUrl":"https:\/\/getquipu.com\/wp-content\/uploads\/2022\/06\/20105810\/logo-quipu.png","width":399,"height":399,"caption":"Quipu"},"image":{"@id":"https:\/\/getquipu.com\/blog\/#\/schema\/logo\/image\/"}},{"@type":"Person","@id":"https:\/\/getquipu.com\/blog\/#\/schema\/person\/373ccc5d513d88aea29fc8135422fa2e","name":"Roger Doba\u00f1o - CEO Quipu","image":{"@type":"ImageObject","inLanguage":"es","@id":"https:\/\/getquipu.com\/blog\/#\/schema\/person\/image\/","url":"https:\/\/secure.gravatar.com\/avatar\/34af94bfd8e5677657b0a2d961dc4974?s=96&d=mm&r=g","contentUrl":"https:\/\/secure.gravatar.com\/avatar\/34af94bfd8e5677657b0a2d961dc4974?s=96&d=mm&r=g","caption":"Roger Doba\u00f1o - CEO Quipu"},"description":"Roger es CEO y Fundador de Quipu, un software en la nube que lleva +10 a\u00f1os ayudando a aut\u00f3nomos, pymes y asesor\u00edas a digitalizar su operativa precontable. A ra\u00edz de una mala experiencia como aut\u00f3nomo, Roger se propuso crear un programa que acompa\u00f1ara a los empresarios a lidiar con la administraci\u00f3n.","sameAs":["https:\/\/getquipu.com","https:\/\/www.linkedin.com\/in\/rogerdobano\/","https:\/\/x.com\/@rogerdobano"],"url":"https:\/\/getquipu.com\/blog\/author\/roger\/"}]}},"_links":{"self":[{"href":"https:\/\/getquipu.com\/blog\/wp-json\/wp\/v2\/posts\/41764","targetHints":{"allow":["GET"]}}],"collection":[{"href":"https:\/\/getquipu.com\/blog\/wp-json\/wp\/v2\/posts"}],"about":[{"href":"https:\/\/getquipu.com\/blog\/wp-json\/wp\/v2\/types\/post"}],"author":[{"embeddable":true,"href":"https:\/\/getquipu.com\/blog\/wp-json\/wp\/v2\/users\/3"}],"replies":[{"embeddable":true,"href":"https:\/\/getquipu.com\/blog\/wp-json\/wp\/v2\/comments?post=41764"}],"version-history":[{"count":7,"href":"https:\/\/getquipu.com\/blog\/wp-json\/wp\/v2\/posts\/41764\/revisions"}],"predecessor-version":[{"id":53387,"href":"https:\/\/getquipu.com\/blog\/wp-json\/wp\/v2\/posts\/41764\/revisions\/53387"}],"wp:featuredmedia":[{"embeddable":true,"href":"https:\/\/getquipu.com\/blog\/wp-json\/wp\/v2\/media\/41813"}],"wp:attachment":[{"href":"https:\/\/getquipu.com\/blog\/wp-json\/wp\/v2\/media?parent=41764"}],"wp:term":[{"taxonomy":"category","embeddable":true,"href":"https:\/\/getquipu.com\/blog\/wp-json\/wp\/v2\/categories?post=41764"},{"taxonomy":"post_tag","embeddable":true,"href":"https:\/\/getquipu.com\/blog\/wp-json\/wp\/v2\/tags?post=41764"}],"curies":[{"name":"wp","href":"https:\/\/api.w.org\/{rel}","templated":true}]}}