{"id":40535,"date":"2023-08-08T12:06:56","date_gmt":"2023-08-08T10:06:56","guid":{"rendered":"https:\/\/getquipu.com\/blog\/?p=40535"},"modified":"2024-11-13T13:52:48","modified_gmt":"2024-11-13T12:52:48","slug":"sanciones-no-presentar-las-cuentas-anuales","status":"publish","type":"post","link":"https:\/\/getquipu.com\/blog\/sanciones-no-presentar-las-cuentas-anuales\/","title":{"rendered":"Sanciones para las empresas por no presentar las cuentas anuales"},"content":{"rendered":"\n<p>Las cuentas anuales son <strong>una de las principales obligaciones para casi todas las empresas<\/strong> espa\u00f1olas.  Cada a\u00f1o, los negocios tienen hasta julio para presentar sus principales documentos contables en el Registro Mercantil. <\/p>\n\n\n\n<p>En 2023, ya ha terminado el plazo que ten\u00edan las empresas para depositar estas cuentas anuales. Pero, \u00bfqu\u00e9 sucede si no lo han hecho? <strong>Multas de hasta 60.000 euros<\/strong>, revocaci\u00f3n del NIF o la imposibilidad de solicitar un pr\u00e9stamo son s\u00f3lo algunas de las consecuencias de incumplir esta obligaci\u00f3n.<\/p>\n\n\n\n<p>Si tienes una empresa y todav\u00eda no conoces <strong>las sanciones econ\u00f3micas, administrativas y hasta financieras<\/strong> por no presentar las cuentas anuales, sigue leyendo.<\/p>\n\n\n\n<p><strong>En este art\u00edculo descubrir\u00e1s:<\/strong><\/p>\n\n\n\n<ul class=\"wp-block-list\">\n<li><a href=\"#obligacion-presentar-cuentas\">Obligaci\u00f3n de presentar las cuentas anuales: qu\u00e9 es y a qu\u00e9 empresas afecta<\/a><\/li>\n\n\n\n<li><a href=\"#sanciones-economicas\">Sanciones econ\u00f3micas por no presentar las cuentas anuales<\/a><\/li>\n\n\n\n<li><a href=\"#responsabilidad-administrador-cuentas\">Responsabilidad del administrador por no depositar las cuentas anuales<\/a><\/li>\n\n\n\n<li><a href=\"#revocacion-nif-cuentas\">Consecuencias fiscales de no presentar las cuentas anuales<\/a><\/li>\n\n\n\n<li><a href=\"#sanciones-mercantiles-cuentas\">Sanciones mercantiles por no presentar las cuentas anuales<\/a><\/li>\n\n\n\n<li><a href=\"#otras-consecuencias-cuentas\">Otras consecuencias de no haber presentado las cuentas anuales<\/a><\/li>\n<\/ul>\n\n\n\n<h2 class=\"wp-block-heading\" id=\"obligacion-presentar-cuentas\">Obligaci\u00f3n de presentar las cuentas anuales: qu\u00e9 es y a qu\u00e9 empresas afecta<\/h2>\n\n\n\n<p>La presentaci\u00f3n de la contabilidad es una de las principales obligaciones que afectan a las empresas desde el momento en el que se ponen en marcha.  <\/p>\n\n\n\n<p>Cada a\u00f1o, los negocios de cualquier tama\u00f1o<strong> tienen que depositar en el Registro Mercantil las cuentas anuales<\/strong>, un documento que unifica los principales <a href=\"https:\/\/getquipu.com\/blog\/libros-contables-obligatorios\/\">libros contables obligatorios<\/a> como por ejemplo, el libro de p\u00e9rdidas y ganancias o el propio balance de la empresa.<\/p>\n\n\n\n<p>Estas <a href=\"https:\/\/getquipu.com\/blog\/cuentas-anuales-de-las-empresas\/\">cuentas anuales<\/a> reflejan la<strong> situaci\u00f3n econ\u00f3mica y financiera de la empresa<\/strong> que cualquier cliente, proveedor o entidad puede consultar ya que, desde el momento en el que se depositan, la contabilidad del negocio pasa a ser p\u00fablica.<\/p>\n\n\n\n<p>Las empresas deben elaborar y presentar el formulario en los primeros siete meses de cada a\u00f1o. Seg\u00fan la Ley de Sociedades de Capital &nbsp;todas las sociedades mercantiles -incluidas las Sociedades Limitadas o An\u00f3nimas, que son la mayor\u00eda-  tienen hasta el 31 de Abril para elaborar y legalizar sus libros contables ,<strong> hasta el 30 de Junio para aprobarlos <\/strong>y un mes despu\u00e9s -es decir, como tarde el 30 de julio- <a href=\"https:\/\/getquipu.com\/blog\/cuentas-anuales-de-las-empresas\/\">deber\u00e1n depositar toda esa documentaci\u00f3n <\/a>en el Registro Mercantil.<\/p>\n\n\n\n<p>Adem\u00e1s, la misma Ley de Sociedades de Capital se\u00f1ala tambi\u00e9n las entidades que est\u00e1n obligadas a depositar estas cuentas. Los <strong>principales tipos de sociedades que deben presentar su contabilidad<\/strong> en el Registro Mercantil m\u00e1s cercano a su domicilio&nbsp;son:<\/p>\n\n\n\n<ul class=\"wp-block-list\">\n<li>Sociedades an\u00f3nimas (<strong>S.A<\/strong>)<\/li>\n\n\n\n<li>Sociedades de responsabilidad limitada (<strong>SL<\/strong>)<\/li>\n\n\n\n<li>Sociedades comanditarias por acciones<\/li>\n\n\n\n<li>Sociedades de garant\u00eda rec\u00edproca<\/li>\n<\/ul>\n\n\n\n<p>Para todas ellas, depositar las cuentas anuales es un ejercicio de transparencia hacia los clientes y la sociedad en general, ya que&nbsp;<strong>esta informaci\u00f3n contable va a ser p\u00fablica y accesible<\/strong>&nbsp;para cualquier persona.<\/p>\n\n\n\n<h2 class=\"wp-block-heading\" id=\"sanciones-economicas\">Sanciones econ\u00f3micas por no presentar las cuentas anuales<\/h2>\n\n\n\n<p>Sin embargo, tambi\u00e9n son una obligaci\u00f3n cuyo incumplimiento acarrea distintas sanciones y consecuencias econ\u00f3micas, administrativas y hasta financieras.<\/p>\n\n\n\n<p>La primera de las consecuencias a las que se pueden enfrentar las empresas que no hayan presentado sus cuentas anuales en plazo -en este caso, hasta el pasado 31 de Julio- son las <strong>sanciones econ\u00f3micas<\/strong>.<\/p>\n\n\n\n<p>Aunque las multas por no presentar las cuentas anuales no son habituales, la Ley de Sociedades de Capital prev\u00e9 todo<strong> un r\u00e9gimen sancionador <\/strong>para los negocios que incumplan esta obligaci\u00f3n. <\/p>\n\n\n\n<p>Seg\u00fan el art\u00edculo 283 de esta ley, \u00ab<em>el  incumplimiento por el \u00f3rgano de administraci\u00f3n de la obligaci\u00f3n de depositar, dentro del plazo establecido -hasta el 31 de julio., las cuentas anuales dar\u00e1 lugar a la i<strong>mposici\u00f3n a la sociedad de una multa por importe de 1.200 a 60.000 euros <\/strong>por el Instituto de Contabilidad y Auditor\u00eda de Cuentas<\/em>\u00ab<\/p>\n\n\n\n<p>Adem\u00e1s, a\u00f1ade este mismo art\u00edculo, \u00ab<em>cuando la sociedad tenga un volumen de facturaci\u00f3n anual <strong>superior a 6.000.000 euros<\/strong> el l\u00edmite de la multa para <strong>cada a\u00f1o de retraso se elevar\u00e1 a 300.000 <\/strong>euros<\/em>\u00ab.<\/p>\n\n\n\n<p>El importe de esta sanci\u00f3n se graduar\u00e1 atendiendo al tama\u00f1o de la sociedad, en funci\u00f3n de los siguientes par\u00e1metros:<\/p>\n\n\n\n<ul class=\"wp-block-list\">\n<li>Importe total de las partidas del activo<\/li>\n\n\n\n<li>Importe de la cifra de ventas<\/li>\n\n\n\n<li>.En el supuesto de no disponer de dichos datos, la cuant\u00eda de la sanci\u00f3n se fijar\u00e1 de acuerdo con su cifra de capital social<\/li>\n<\/ul>\n\n\n\n<p>Ahora bien, si se detectara la infracci\u00f3n pero el negocio depositara las cuentas anuales antes del inicio del procedimiento sancionador, la sanci\u00f3n se impondr\u00e1 en su grado m\u00ednimo y reducida en un 50%.<\/p>\n\n\n<div class=\"gb-container gb-container-b2fecea6 new-banner\">\n<div class=\"gb-grid-wrapper gb-grid-wrapper-0fc70046\">\n<div class=\"gb-grid-column gb-grid-column-6f7203a6\"><div class=\"gb-container gb-container-6f7203a6 text-div\">\n\n<p class=\"title-banner has-text-color\" style=\"color:#003829;font-size:19px\">Tu negocio controlado y ordenado<\/p>\n\n\n\n<p class=\"text-banner\">Con Quipu, la gesti\u00f3n de tu facturaci\u00f3n es m\u00e1s f\u00e1cil y simple que nunca.<\/p>\n\n\n\n<p class=\"btn-p-banner\"><a href=\"https:\/\/getquipu.com\/es\/programa-facturacion\" data-type=\"URL\" data-id=\"https:\/\/getquipu.com\/es\/programa-facturacion\">Ver m\u00e1s<\/a><\/p>\n\n<\/div><\/div>\n\n<div class=\"gb-grid-column gb-grid-column-c144d8bb\"><div class=\"gb-container gb-container-c144d8bb img-banner\">\n\n<figure class=\"wp-block-image size-full\"><img decoding=\"async\" width=\"1024\" height=\"573\" src=\"https:\/\/getquipu.com\/wp-content\/uploads\/2023\/05\/16174555\/Frame-26-1-1.webp\" alt=\"\" class=\"wp-image-38570\" srcset=\"https:\/\/getquipu.com\/wp-content\/uploads\/2023\/05\/16174555\/Frame-26-1-1.webp 1024w, https:\/\/getquipu.com\/wp-content\/uploads\/2023\/05\/16174555\/Frame-26-1-1-300x168.webp 300w, https:\/\/getquipu.com\/wp-content\/uploads\/2023\/05\/16174555\/Frame-26-1-1-768x430.webp 768w\" sizes=\"(max-width: 1024px) 100vw, 1024px\" \/><\/figure>\n\n<\/div><\/div>\n<\/div>\n<\/div>\n\n\n<h2 class=\"wp-block-heading\" id=\"responsabilidad-administrador-cuentas\">Responsabilidad del administrador por no depositar las cuentas anuales<\/h2>\n\n\n\n<p>Aunque las sanciones econ\u00f3micas son la consecuencia m\u00e1s clara de no presentar las cuentas anuales, en muchos casos no es la m\u00e1s grave.<\/p>\n\n\n\n<p>El incumplimiento de no presentar las cuentas anuales <strong>puede acarrear muchas otras consecuencias<\/strong>, sobre todo para los administradores, que no est\u00e1n recogidas en el r\u00e9gimen sancionador. Una de las m\u00e1s importantes es la responsabilidad de estos socios del \u00f3rgano administrador de cara a todas las deudas que pueda generar la sociedad.<\/p>\n\n\n\n<p>Al no presentar las cuentas anuales en su debido momento, la Ley y distintas sentencias indican que se podr\u00eda entender que hay <strong>voluntad de ocultar la situaci\u00f3n real econ\u00f3mica y financiera <\/strong>de la empresa. <\/p>\n\n\n\n<p>Esto significa que, en caso de disoluci\u00f3n o concurso de acreedores, se podr\u00eda llegar a entender que los<strong> administradores son responsables de las deudas generadas<\/strong>, al haber intentado ocultar la situaci\u00f3n real en la que se encontraba la empresa.<\/p>\n\n\n\n<p>De hecho, distintas sentencias como la emitida por la Audiencia Nacional en 2017 interpretan que el incumplimiento de la obligaci\u00f3n de depositar la contabilidad en el Registro Mercantil ya podr\u00eda suponer de por s\u00ed una<strong> causa de disoluci\u00f3n.<\/strong><\/p>\n\n\n\n<p>Y en caso de que as\u00ed fuera, se podr\u00eda llegar a entender que ha habido una<strong> negligencia por parte de los administradores<\/strong> al no hacer p\u00fablica la situaci\u00f3n contable de la empresa y se les podr\u00eda exigir responder de forma solidaria a estas obligaciones.<\/p>\n\n\n\n<p>En resumidas cuentas,<strong> se romper\u00eda el concepto de \u00abresponsabilidad limitada\u00bb <\/strong>y los administradores podr\u00edan acabar haciendo frente de forma personal a todas las deudas de su empresa.<\/p>\n\n\n\n<h2 class=\"wp-block-heading\" id=\"revocacion-nif-cuentas\">Consecuencias fiscales de no presentar las cuentas anuales<\/h2>\n\n\n\n<p>Otra de las consecuencias que puede tener no presentar las cuentas anuales para los administradores es la revocaci\u00f3n del<strong> n\u00famero de identificaci\u00f3n fiscal (NIF)<\/strong>, que es como el DNI de una empresa, necesario para cualquier compra o venta que haga la sociedad. Sin este n\u00famero, la actividad no tiene posibilidad de seguir en funcionamiento.<\/p>\n\n\n\n<p>Desde el pasado 25 de Abril, cuando entr\u00f3 en vigor el &nbsp;<a href=\"https:\/\/www.boe.es\/diario_boe\/txt.php?id=BOE-A-2023-8576\" target=\"_blank\" rel=\"noreferrer noopener\">Real Decreto 249\/2023 <\/a>se <strong>modific\u00f3 el r\u00e9gimen de revocaci\u00f3n del NIF<\/strong> para las sociedades que ocultan sus cuentas anuales por distintas razones, como no mostrar su verdadera situaci\u00f3n econ\u00f3mica o financiera a clientes o entidades.<\/p>\n\n\n\n<p>Hasta ese momento, s\u00f3lo era posible que Hacienda le quitara el NIF a una sociedad cuando detectaba que no se hab\u00edan presentado en alg\u00fan<strong> proceso de depuraci\u00f3n censal, <\/strong>que se llevan a cabo para verificar qu\u00e9 sociedades est\u00e1n inactivas.<\/p>\n\n\n\n<p>Ahora y desde la entrada en vigor de esa ley, Hacienda puede revocar este n\u00famero de identificaci\u00f3n a toda empresa que no haya presentado las cuentas anuales <strong>en cualquier comprobaci\u00f3n fiscal <\/strong>que realice, aunque sea verificando declaraciones de impuestos o ingresos que nada tienen que ver con la contabilidad.<\/p>\n\n\n\n<p>Una vez revocado el NIF, <strong>la sociedad quedara \u00abindocumentada\u00bb <\/strong>y sin posibilidad de emitir ni recibir ninguna factura. S\u00f3lo podr\u00e1 resolver esta situaci\u00f3n presentando toda la contabilidad pendiente y llevando a cabo distintos tr\u00e1mites con la Agencia Tributaria.<\/p>\n\n\n\n<h2 class=\"wp-block-heading\" id=\"sanciones-mercantiles-cuentas\">Sanciones mercantiles por no presentar las cuentas<\/h2>\n\n\n\n<p>Las consecuencias econ\u00f3micas y fiscales no son las \u00fanicas a las que se pueden enfrentar las empresas por no presentar sus cuentas anuales. De hecho, una de las sanciones m\u00e1s frecuentes que acarrea no depositar la contabilidad es que <strong>el propio Registro Mercantil cierre la hoja registral<\/strong> de la empresa.<\/p>\n\n\n\n<p>Seg\u00fan el art\u00edculo 378 del <a href=\"https:\/\/www.boe.es\/buscar\/act.php?id=BOE-A-1996-17533\" target=\"_blank\" rel=\"noreferrer noopener\">Reglamento del Registro Mercantil<\/a>, transcurrido un a\u00f1o desde la fecha del cierre del ejercicio social sin que se haya practicado en el Registro el dep\u00f3sito de las cuentas anuales debidamente aprobadas,<strong> el Registrador Mercantil no inscribir\u00e1 ning\u00fan documento presentado<\/strong> con posterioridad a aquella fecha, hasta que, con car\u00e1cter previo, se practique el dep\u00f3sito.<\/p>\n\n\n\n<p>Esto significa que la empresa <strong>no podr\u00e1 legalizar ning\u00fan documento<\/strong> ante el registro como, por ejemplo, un nombramiento o registrar determinados tr\u00e1mites con notario. A nivel administrativo, la sociedad quedar\u00e1 muy limitada, hasta el punto de que <strong>muchas de sus operativas m\u00e1s b\u00e1sicas ser\u00edan imposibles<\/strong> de realizar.<\/p>\n\n\n\n<p>Las<strong> \u00fanicas excepciones <\/strong>de documentos que se podr\u00edan inscribir son: <\/p>\n\n\n\n<ul class=\"wp-block-list\">\n<li>T\u00edtulos relativos al<strong> cese o dimisi\u00f3n<\/strong> de Administradores, Gerentes, Directores generales o Liquidadores<\/li>\n\n\n\n<li><strong>Revocaci\u00f3<\/strong>n o renuncia de poderes<\/li>\n\n\n\n<li><strong>Disoluci\u00f3n<\/strong> de la sociedad y al nombramiento de liquidadores <\/li>\n<\/ul>\n\n\n\n<h2 class=\"wp-block-heading\" id=\"otras-consecuencias-cuentas\">Otras consecuencias de no haber presentado las cuentas anuales<\/h2>\n\n\n\n<p>Adem\u00e1s de todas las sanciones y consecuencias econ\u00f3micas, fiscales o mercantiles, no depositar las cuentas supone tambi\u00e9n muchos<strong> problemas para la imagen y marca del negocio <\/strong>que pueden influir muy negativamente a la empresa. Incluso podr\u00eda<strong> suponer un veto de cara a<\/strong> conseguir financiaci\u00f3n de un banco.<\/p>\n\n\n\n<p>Al no depositar las cuentas anuales y hacer p\u00fablica su contabilidad, l<strong>os potenciales clientes y proveedores<\/strong> podr\u00edan entender que <strong>el negocio est\u00e1 ocultando una mala situaci\u00f3n<\/strong> financiera o econ\u00f3mica. Esto podr\u00eda suponer que algunas empresas <strong>dejaran de trabajar<\/strong> con esta sociedad por <strong>desconfianza.<\/strong><\/p>\n\n\n\n<p>Adem\u00e1s, y todav\u00eda m\u00e1s importante, los bancos acostumbran cada vez m\u00e1s a<strong> verificar las cuentas de las empresas<\/strong> a la hora de tomar cualquier decisi\u00f3n de financiaci\u00f3n. Al ver que una sociedad no tiene publicada su contabilidad<strong>, la entidad podr\u00eda decidir rescindir o no renovar<\/strong> un contrato de cr\u00e9dito que estuviera en marcha o directamente no conceder ning\u00fan nuevo pr\u00e9stamo a esta empresa.<\/p>\n","protected":false},"excerpt":{"rendered":"<p>Las cuentas anuales son una de las principales obligaciones para casi todas las empresas espa\u00f1olas. Cada a\u00f1o, los negocios tienen hasta julio para presentar sus principales documentos contables en el<\/p>\n","protected":false},"author":3,"featured_media":40629,"comment_status":"closed","ping_status":"open","sticky":false,"template":"","format":"standard","meta":{"footnotes":""},"categories":[485],"tags":[],"class_list":["post-40535","post","type-post","status-publish","format-standard","has-post-thumbnail","hentry","category-libros-contables","generate-columns","tablet-grid-50","mobile-grid-100","grid-parent","grid-50","resize-featured-image"],"yoast_head":"<!-- This site is optimized with the Yoast SEO plugin v23.9 - https:\/\/yoast.com\/wordpress\/plugins\/seo\/ -->\n<title>Sanciones por no presentar las cuentas anuales (2026)<\/title>\n<meta name=\"description\" content=\"\u00bfSabes las sanciones que acarrea la no presentaci\u00f3n de las cuentas anuales? Te las explicamos de forma detallada. \u00a1Entra y desc\u00fabrelo!\" \/>\n<meta name=\"robots\" content=\"index, follow, max-snippet:-1, max-image-preview:large, max-video-preview:-1\" \/>\n<link rel=\"canonical\" href=\"https:\/\/getquipu.com\/blog\/sanciones-no-presentar-las-cuentas-anuales\/\" \/>\n<meta property=\"og:locale\" content=\"es_ES\" \/>\n<meta property=\"og:type\" content=\"article\" \/>\n<meta property=\"og:title\" content=\"Sanciones por no presentar las cuentas anuales (2026)\" \/>\n<meta property=\"og:description\" content=\"\u00bfSabes las sanciones que acarrea la no presentaci\u00f3n de las cuentas anuales? Te las explicamos de forma detallada. \u00a1Entra y desc\u00fabrelo!\" \/>\n<meta property=\"og:url\" content=\"https:\/\/getquipu.com\/blog\/sanciones-no-presentar-las-cuentas-anuales\/\" \/>\n<meta property=\"og:site_name\" content=\"Aut\u00f3nomos, empresas y asesor\u00edas\" \/>\n<meta property=\"article:published_time\" content=\"2023-08-08T10:06:56+00:00\" \/>\n<meta property=\"article:modified_time\" content=\"2024-11-13T12:52:48+00:00\" \/>\n<meta property=\"og:image\" content=\"https:\/\/getquipu.com\/wp-content\/uploads\/2023\/08\/08120456\/sanciones-no-presentar-cuentas-anuales.png\" \/>\n\t<meta property=\"og:image:width\" content=\"768\" \/>\n\t<meta property=\"og:image:height\" content=\"295\" \/>\n\t<meta property=\"og:image:type\" content=\"image\/png\" \/>\n<meta name=\"author\" content=\"Roger Doba\u00f1o - CEO Quipu\" \/>\n<meta name=\"twitter:card\" content=\"summary_large_image\" \/>\n<meta name=\"twitter:creator\" content=\"@rogerdobano\" \/>\n<meta name=\"twitter:label1\" content=\"Escrito por\" \/>\n\t<meta name=\"twitter:data1\" content=\"Roger Doba\u00f1o - CEO Quipu\" \/>\n\t<meta name=\"twitter:label2\" content=\"Tiempo de lectura\" \/>\n\t<meta name=\"twitter:data2\" content=\"8 minutos\" \/>\n<script type=\"application\/ld+json\" class=\"yoast-schema-graph\">{\"@context\":\"https:\/\/schema.org\",\"@graph\":[{\"@type\":\"Article\",\"@id\":\"https:\/\/getquipu.com\/blog\/sanciones-no-presentar-las-cuentas-anuales\/#article\",\"isPartOf\":{\"@id\":\"https:\/\/getquipu.com\/blog\/sanciones-no-presentar-las-cuentas-anuales\/\"},\"author\":{\"name\":\"Roger Doba\u00f1o - CEO Quipu\",\"@id\":\"https:\/\/getquipu.com\/blog\/#\/schema\/person\/373ccc5d513d88aea29fc8135422fa2e\"},\"headline\":\"Sanciones para las empresas por no presentar las cuentas anuales\",\"datePublished\":\"2023-08-08T10:06:56+00:00\",\"dateModified\":\"2024-11-13T12:52:48+00:00\",\"mainEntityOfPage\":{\"@id\":\"https:\/\/getquipu.com\/blog\/sanciones-no-presentar-las-cuentas-anuales\/\"},\"wordCount\":1724,\"publisher\":{\"@id\":\"https:\/\/getquipu.com\/blog\/#organization\"},\"image\":{\"@id\":\"https:\/\/getquipu.com\/blog\/sanciones-no-presentar-las-cuentas-anuales\/#primaryimage\"},\"thumbnailUrl\":\"https:\/\/getquipu.com\/wp-content\/uploads\/2023\/08\/08120456\/sanciones-no-presentar-cuentas-anuales.png\",\"articleSection\":[\"Libros Contables\"],\"inLanguage\":\"es\"},{\"@type\":\"WebPage\",\"@id\":\"https:\/\/getquipu.com\/blog\/sanciones-no-presentar-las-cuentas-anuales\/\",\"url\":\"https:\/\/getquipu.com\/blog\/sanciones-no-presentar-las-cuentas-anuales\/\",\"name\":\"Sanciones por no presentar las cuentas anuales (2026)\",\"isPartOf\":{\"@id\":\"https:\/\/getquipu.com\/blog\/#website\"},\"primaryImageOfPage\":{\"@id\":\"https:\/\/getquipu.com\/blog\/sanciones-no-presentar-las-cuentas-anuales\/#primaryimage\"},\"image\":{\"@id\":\"https:\/\/getquipu.com\/blog\/sanciones-no-presentar-las-cuentas-anuales\/#primaryimage\"},\"thumbnailUrl\":\"https:\/\/getquipu.com\/wp-content\/uploads\/2023\/08\/08120456\/sanciones-no-presentar-cuentas-anuales.png\",\"datePublished\":\"2023-08-08T10:06:56+00:00\",\"dateModified\":\"2024-11-13T12:52:48+00:00\",\"description\":\"\u00bfSabes las sanciones que acarrea la no presentaci\u00f3n de las cuentas anuales? Te las explicamos de forma detallada. \u00a1Entra y desc\u00fabrelo!\",\"breadcrumb\":{\"@id\":\"https:\/\/getquipu.com\/blog\/sanciones-no-presentar-las-cuentas-anuales\/#breadcrumb\"},\"inLanguage\":\"es\",\"potentialAction\":[{\"@type\":\"ReadAction\",\"target\":[\"https:\/\/getquipu.com\/blog\/sanciones-no-presentar-las-cuentas-anuales\/\"]}]},{\"@type\":\"ImageObject\",\"inLanguage\":\"es\",\"@id\":\"https:\/\/getquipu.com\/blog\/sanciones-no-presentar-las-cuentas-anuales\/#primaryimage\",\"url\":\"https:\/\/getquipu.com\/wp-content\/uploads\/2023\/08\/08120456\/sanciones-no-presentar-cuentas-anuales.png\",\"contentUrl\":\"https:\/\/getquipu.com\/wp-content\/uploads\/2023\/08\/08120456\/sanciones-no-presentar-cuentas-anuales.png\",\"width\":768,\"height\":295,\"caption\":\"empresa descubriendo las sanciones por no presentar las cuentas anuales\"},{\"@type\":\"BreadcrumbList\",\"@id\":\"https:\/\/getquipu.com\/blog\/sanciones-no-presentar-las-cuentas-anuales\/#breadcrumb\",\"itemListElement\":[{\"@type\":\"ListItem\",\"position\":1,\"name\":\"Blog\",\"item\":\"https:\/\/getquipu.com\/blog\/\"},{\"@type\":\"ListItem\",\"position\":2,\"name\":\"Libros Contables\",\"item\":\"https:\/\/getquipu.com\/blog\/category\/libros-contables\/\"},{\"@type\":\"ListItem\",\"position\":3,\"name\":\"Sanciones para las empresas por no presentar las cuentas anuales\"}]},{\"@type\":\"WebSite\",\"@id\":\"https:\/\/getquipu.com\/blog\/#website\",\"url\":\"https:\/\/getquipu.com\/blog\/\",\"name\":\"Aut\u00f3nomos, empresas y asesor\u00edas\",\"description\":\"Informaci\u00f3n \u00fatil sobre fiscalidad y eficiencia administrativa en negocios como el tuyo.\",\"publisher\":{\"@id\":\"https:\/\/getquipu.com\/blog\/#organization\"},\"potentialAction\":[{\"@type\":\"SearchAction\",\"target\":{\"@type\":\"EntryPoint\",\"urlTemplate\":\"https:\/\/getquipu.com\/blog\/?s={search_term_string}\"},\"query-input\":{\"@type\":\"PropertyValueSpecification\",\"valueRequired\":true,\"valueName\":\"search_term_string\"}}],\"inLanguage\":\"es\"},{\"@type\":\"Organization\",\"@id\":\"https:\/\/getquipu.com\/blog\/#organization\",\"name\":\"Quipu\",\"url\":\"https:\/\/getquipu.com\/blog\/\",\"logo\":{\"@type\":\"ImageObject\",\"inLanguage\":\"es\",\"@id\":\"https:\/\/getquipu.com\/blog\/#\/schema\/logo\/image\/\",\"url\":\"https:\/\/getquipu.com\/wp-content\/uploads\/2022\/06\/20105810\/logo-quipu.png\",\"contentUrl\":\"https:\/\/getquipu.com\/wp-content\/uploads\/2022\/06\/20105810\/logo-quipu.png\",\"width\":399,\"height\":399,\"caption\":\"Quipu\"},\"image\":{\"@id\":\"https:\/\/getquipu.com\/blog\/#\/schema\/logo\/image\/\"}},{\"@type\":\"Person\",\"@id\":\"https:\/\/getquipu.com\/blog\/#\/schema\/person\/373ccc5d513d88aea29fc8135422fa2e\",\"name\":\"Roger Doba\u00f1o - CEO Quipu\",\"image\":{\"@type\":\"ImageObject\",\"inLanguage\":\"es\",\"@id\":\"https:\/\/getquipu.com\/blog\/#\/schema\/person\/image\/\",\"url\":\"https:\/\/secure.gravatar.com\/avatar\/34af94bfd8e5677657b0a2d961dc4974?s=96&d=mm&r=g\",\"contentUrl\":\"https:\/\/secure.gravatar.com\/avatar\/34af94bfd8e5677657b0a2d961dc4974?s=96&d=mm&r=g\",\"caption\":\"Roger Doba\u00f1o - CEO Quipu\"},\"description\":\"Roger es CEO y Fundador de Quipu, un software en la nube que lleva +10 a\u00f1os ayudando a aut\u00f3nomos, pymes y asesor\u00edas a digitalizar su operativa precontable. A ra\u00edz de una mala experiencia como aut\u00f3nomo, Roger se propuso crear un programa que acompa\u00f1ara a los empresarios a lidiar con la administraci\u00f3n.\",\"sameAs\":[\"https:\/\/getquipu.com\",\"https:\/\/www.linkedin.com\/in\/rogerdobano\/\",\"https:\/\/x.com\/@rogerdobano\"],\"url\":\"https:\/\/getquipu.com\/blog\/author\/roger\/\"}]}<\/script>\n<!-- \/ Yoast SEO plugin. -->","yoast_head_json":{"title":"Sanciones por no presentar las cuentas anuales (2026)","description":"\u00bfSabes las sanciones que acarrea la no presentaci\u00f3n de las cuentas anuales? Te las explicamos de forma detallada. \u00a1Entra y desc\u00fabrelo!","robots":{"index":"index","follow":"follow","max-snippet":"max-snippet:-1","max-image-preview":"max-image-preview:large","max-video-preview":"max-video-preview:-1"},"canonical":"https:\/\/getquipu.com\/blog\/sanciones-no-presentar-las-cuentas-anuales\/","og_locale":"es_ES","og_type":"article","og_title":"Sanciones por no presentar las cuentas anuales (2026)","og_description":"\u00bfSabes las sanciones que acarrea la no presentaci\u00f3n de las cuentas anuales? Te las explicamos de forma detallada. \u00a1Entra y desc\u00fabrelo!","og_url":"https:\/\/getquipu.com\/blog\/sanciones-no-presentar-las-cuentas-anuales\/","og_site_name":"Aut\u00f3nomos, empresas y asesor\u00edas","article_published_time":"2023-08-08T10:06:56+00:00","article_modified_time":"2024-11-13T12:52:48+00:00","og_image":[{"width":768,"height":295,"url":"https:\/\/getquipu.com\/wp-content\/uploads\/2023\/08\/08120456\/sanciones-no-presentar-cuentas-anuales.png","type":"image\/png"}],"author":"Roger Doba\u00f1o - CEO Quipu","twitter_card":"summary_large_image","twitter_creator":"@rogerdobano","twitter_misc":{"Escrito por":"Roger Doba\u00f1o - CEO Quipu","Tiempo de lectura":"8 minutos"},"schema":{"@context":"https:\/\/schema.org","@graph":[{"@type":"Article","@id":"https:\/\/getquipu.com\/blog\/sanciones-no-presentar-las-cuentas-anuales\/#article","isPartOf":{"@id":"https:\/\/getquipu.com\/blog\/sanciones-no-presentar-las-cuentas-anuales\/"},"author":{"name":"Roger Doba\u00f1o - CEO Quipu","@id":"https:\/\/getquipu.com\/blog\/#\/schema\/person\/373ccc5d513d88aea29fc8135422fa2e"},"headline":"Sanciones para las empresas por no presentar las cuentas anuales","datePublished":"2023-08-08T10:06:56+00:00","dateModified":"2024-11-13T12:52:48+00:00","mainEntityOfPage":{"@id":"https:\/\/getquipu.com\/blog\/sanciones-no-presentar-las-cuentas-anuales\/"},"wordCount":1724,"publisher":{"@id":"https:\/\/getquipu.com\/blog\/#organization"},"image":{"@id":"https:\/\/getquipu.com\/blog\/sanciones-no-presentar-las-cuentas-anuales\/#primaryimage"},"thumbnailUrl":"https:\/\/getquipu.com\/wp-content\/uploads\/2023\/08\/08120456\/sanciones-no-presentar-cuentas-anuales.png","articleSection":["Libros Contables"],"inLanguage":"es"},{"@type":"WebPage","@id":"https:\/\/getquipu.com\/blog\/sanciones-no-presentar-las-cuentas-anuales\/","url":"https:\/\/getquipu.com\/blog\/sanciones-no-presentar-las-cuentas-anuales\/","name":"Sanciones por no presentar las cuentas anuales (2026)","isPartOf":{"@id":"https:\/\/getquipu.com\/blog\/#website"},"primaryImageOfPage":{"@id":"https:\/\/getquipu.com\/blog\/sanciones-no-presentar-las-cuentas-anuales\/#primaryimage"},"image":{"@id":"https:\/\/getquipu.com\/blog\/sanciones-no-presentar-las-cuentas-anuales\/#primaryimage"},"thumbnailUrl":"https:\/\/getquipu.com\/wp-content\/uploads\/2023\/08\/08120456\/sanciones-no-presentar-cuentas-anuales.png","datePublished":"2023-08-08T10:06:56+00:00","dateModified":"2024-11-13T12:52:48+00:00","description":"\u00bfSabes las sanciones que acarrea la no presentaci\u00f3n de las cuentas anuales? Te las explicamos de forma detallada. \u00a1Entra y desc\u00fabrelo!","breadcrumb":{"@id":"https:\/\/getquipu.com\/blog\/sanciones-no-presentar-las-cuentas-anuales\/#breadcrumb"},"inLanguage":"es","potentialAction":[{"@type":"ReadAction","target":["https:\/\/getquipu.com\/blog\/sanciones-no-presentar-las-cuentas-anuales\/"]}]},{"@type":"ImageObject","inLanguage":"es","@id":"https:\/\/getquipu.com\/blog\/sanciones-no-presentar-las-cuentas-anuales\/#primaryimage","url":"https:\/\/getquipu.com\/wp-content\/uploads\/2023\/08\/08120456\/sanciones-no-presentar-cuentas-anuales.png","contentUrl":"https:\/\/getquipu.com\/wp-content\/uploads\/2023\/08\/08120456\/sanciones-no-presentar-cuentas-anuales.png","width":768,"height":295,"caption":"empresa descubriendo las sanciones por no presentar las cuentas anuales"},{"@type":"BreadcrumbList","@id":"https:\/\/getquipu.com\/blog\/sanciones-no-presentar-las-cuentas-anuales\/#breadcrumb","itemListElement":[{"@type":"ListItem","position":1,"name":"Blog","item":"https:\/\/getquipu.com\/blog\/"},{"@type":"ListItem","position":2,"name":"Libros Contables","item":"https:\/\/getquipu.com\/blog\/category\/libros-contables\/"},{"@type":"ListItem","position":3,"name":"Sanciones para las empresas por no presentar las cuentas anuales"}]},{"@type":"WebSite","@id":"https:\/\/getquipu.com\/blog\/#website","url":"https:\/\/getquipu.com\/blog\/","name":"Aut\u00f3nomos, empresas y asesor\u00edas","description":"Informaci\u00f3n \u00fatil sobre fiscalidad y eficiencia administrativa en negocios como el tuyo.","publisher":{"@id":"https:\/\/getquipu.com\/blog\/#organization"},"potentialAction":[{"@type":"SearchAction","target":{"@type":"EntryPoint","urlTemplate":"https:\/\/getquipu.com\/blog\/?s={search_term_string}"},"query-input":{"@type":"PropertyValueSpecification","valueRequired":true,"valueName":"search_term_string"}}],"inLanguage":"es"},{"@type":"Organization","@id":"https:\/\/getquipu.com\/blog\/#organization","name":"Quipu","url":"https:\/\/getquipu.com\/blog\/","logo":{"@type":"ImageObject","inLanguage":"es","@id":"https:\/\/getquipu.com\/blog\/#\/schema\/logo\/image\/","url":"https:\/\/getquipu.com\/wp-content\/uploads\/2022\/06\/20105810\/logo-quipu.png","contentUrl":"https:\/\/getquipu.com\/wp-content\/uploads\/2022\/06\/20105810\/logo-quipu.png","width":399,"height":399,"caption":"Quipu"},"image":{"@id":"https:\/\/getquipu.com\/blog\/#\/schema\/logo\/image\/"}},{"@type":"Person","@id":"https:\/\/getquipu.com\/blog\/#\/schema\/person\/373ccc5d513d88aea29fc8135422fa2e","name":"Roger Doba\u00f1o - CEO Quipu","image":{"@type":"ImageObject","inLanguage":"es","@id":"https:\/\/getquipu.com\/blog\/#\/schema\/person\/image\/","url":"https:\/\/secure.gravatar.com\/avatar\/34af94bfd8e5677657b0a2d961dc4974?s=96&d=mm&r=g","contentUrl":"https:\/\/secure.gravatar.com\/avatar\/34af94bfd8e5677657b0a2d961dc4974?s=96&d=mm&r=g","caption":"Roger Doba\u00f1o - CEO Quipu"},"description":"Roger es CEO y Fundador de Quipu, un software en la nube que lleva +10 a\u00f1os ayudando a aut\u00f3nomos, pymes y asesor\u00edas a digitalizar su operativa precontable. A ra\u00edz de una mala experiencia como aut\u00f3nomo, Roger se propuso crear un programa que acompa\u00f1ara a los empresarios a lidiar con la administraci\u00f3n.","sameAs":["https:\/\/getquipu.com","https:\/\/www.linkedin.com\/in\/rogerdobano\/","https:\/\/x.com\/@rogerdobano"],"url":"https:\/\/getquipu.com\/blog\/author\/roger\/"}]}},"_links":{"self":[{"href":"https:\/\/getquipu.com\/blog\/wp-json\/wp\/v2\/posts\/40535","targetHints":{"allow":["GET"]}}],"collection":[{"href":"https:\/\/getquipu.com\/blog\/wp-json\/wp\/v2\/posts"}],"about":[{"href":"https:\/\/getquipu.com\/blog\/wp-json\/wp\/v2\/types\/post"}],"author":[{"embeddable":true,"href":"https:\/\/getquipu.com\/blog\/wp-json\/wp\/v2\/users\/3"}],"replies":[{"embeddable":true,"href":"https:\/\/getquipu.com\/blog\/wp-json\/wp\/v2\/comments?post=40535"}],"version-history":[{"count":11,"href":"https:\/\/getquipu.com\/blog\/wp-json\/wp\/v2\/posts\/40535\/revisions"}],"predecessor-version":[{"id":49902,"href":"https:\/\/getquipu.com\/blog\/wp-json\/wp\/v2\/posts\/40535\/revisions\/49902"}],"wp:featuredmedia":[{"embeddable":true,"href":"https:\/\/getquipu.com\/blog\/wp-json\/wp\/v2\/media\/40629"}],"wp:attachment":[{"href":"https:\/\/getquipu.com\/blog\/wp-json\/wp\/v2\/media?parent=40535"}],"wp:term":[{"taxonomy":"category","embeddable":true,"href":"https:\/\/getquipu.com\/blog\/wp-json\/wp\/v2\/categories?post=40535"},{"taxonomy":"post_tag","embeddable":true,"href":"https:\/\/getquipu.com\/blog\/wp-json\/wp\/v2\/tags?post=40535"}],"curies":[{"name":"wp","href":"https:\/\/api.w.org\/{rel}","templated":true}]}}