{"id":40328,"date":"2023-07-27T11:18:44","date_gmt":"2023-07-27T09:18:44","guid":{"rendered":"https:\/\/getquipu.com\/blog\/?p=40328"},"modified":"2024-11-11T13:49:27","modified_gmt":"2024-11-11T12:49:27","slug":"compatibilizar-paro-con-ser-autonomo","status":"publish","type":"post","link":"https:\/\/getquipu.com\/blog\/compatibilizar-paro-con-ser-autonomo\/","title":{"rendered":"Compatibilizar paro con ser aut\u00f3nomo: \u00bfes posible?"},"content":{"rendered":"\n<p>\u00bfSab\u00edas que cobrar el paro y darse de alta como aut\u00f3nomo es posible? Los emprendedores <strong>tienen distintas opciones para poner en marcha su proyecto<\/strong> y una de ellas es compatibilizar durante unos meses los ingresos de su actividad con la prestaci\u00f3n por desempleo.<\/p>\n\n\n\n<p>Desde hace casi una d\u00e9cada todos los aut\u00f3nomos <strong>pueden disfrutar de su derecho a paro sin importar la edad<\/strong> que tengan durante las primeras etapas de su negocio, cuando los ingresos suelen ser mucho m\u00e1s reducidos.<\/p>\n\n\n\n<p>Si todav\u00eda no sabes en qu\u00e9 casos puedes compatibilizar el paro con tu alta de aut\u00f3nomo, durante cu\u00e1nto tiempo puedes percibir la prestaci\u00f3n o qu\u00e9 requisitos tienes que cumplir para cobrar el desempleo mientras est\u00e1s al frente de tu negocio, sigue leyendo.<\/p>\n\n\n\n<p><strong>En este art\u00edculo aprender\u00e1s: <\/strong><\/p>\n\n\n\n<ul class=\"wp-block-list\">\n<li><a href=\"#emprendedores-cobrar-paro\">\u00bfPueden los emprendedores cobrar la prestaci\u00f3n por desempleo si inician un negocio?<\/a><\/li>\n\n\n\n<li><a href=\"#opciones-paro-autonomo\">Opciones para cobrar el paro siendo aut\u00f3nomo     <\/a>                                                                                         <\/li>\n\n\n\n<li><a href=\"#quien-cobrar-paro\">\u00bfQui\u00e9n puede cobrar el paro siendo aut\u00f3nomo?<\/a><\/li>\n\n\n\n<li><a href=\"#autonomos-no-compatibilizar\">\u00bfQu\u00e9 aut\u00f3nomos no pueden compatibilizar el paro con su negocio?<\/a><\/li>\n\n\n\n<li><a href=\"#otros-requisitos-compatibilizar\">Otros requisitos para cobrar el paro siendo aut\u00f3nomo<\/a><\/li>\n\n\n\n<li><a href=\"#cuanto-tiempo-compatibilizar\">\u00bfCu\u00e1nto tiempo se puede compatibilizar el paro siendo aut\u00f3nomo?<\/a><\/li>\n\n\n\n<li><a href=\"#reanudar-paro-baja\">\u00bfEs posible reanudar el paro si me doy de baja como aut\u00f3nomo?<\/a><\/li>\n\n\n\n<li><a href=\"#solicitud-compatibilizar-paro\">Solicitud para compatibilizar el paro con ser aut\u00f3nomo<\/a><\/li>\n<\/ul>\n\n\n\n<div class=\"wp-block-group box-destacada has-background\" style=\"background-color:#fef9f5\"><div class=\"wp-block-group__inner-container is-layout-flow wp-block-group-is-layout-flow\">\n<p class=\"has-text-align-center has-medium-font-size\"><strong>\u00bfPuedo cobrar el paro de golpe si me hago aut\u00f3nomo?<\/strong><\/p>\n\n\n\n<p>\ud83d\udcf9 <strong>V\u00eddeo explicativo: <\/strong>En el siguiente v\u00eddeo explicamos los requisitos y el procedimiento necesario para capitalizar el paro y hacerse aut\u00f3nomo.<\/p>\n\n\n\n<div class=\"iframe-container\">\r\n\r\n<iframe class=\"responsive-iframe\" title=\"YouTube video player\" src=\"https:\/\/www.youtube.com\/embed\/9DTowYTGAOg?rel=0\" frameborder=\"0\" allowfullscreen=\"allowfullscreen\"><\/iframe>\r\n\r\n<\/div>\n\n\n\n<div style=\"height:25px\" aria-hidden=\"true\" class=\"wp-block-spacer\"><\/div>\n\n\n\n<div class=\"btn-div-destacado\"><a href=\"https:\/\/getquipu.com\/es\/cuentas\/registro\" class=\"btn-destacado\" target=\"_blank\" rel=\"noreferrer noopener\">Prueba Quipu Gratis<\/a><\/div>\n\n\n\n<div style=\"height:20px\" aria-hidden=\"true\" class=\"wp-block-spacer\"><\/div>\n\n\n\n<p class=\"has-text-align-center has-small-font-size\"><em>Prueba gratuita de 15 d\u00edas. Sin permanencia. Sin introducir tu tarjeta.<\/em><\/p>\n<\/div><\/div>\n\n\n\n<h2 class=\"wp-block-heading\" id=\"emprendedores-cobrar-paro\">\u00bfPueden los emprendedores cobrar la prestaci\u00f3n por desempleo si inician un negocio?<\/h2>\n\n\n\n<p>Las personas que est\u00e1n en situaci\u00f3n de desempleo y quieren <strong>poner en marcha un negocio <\/strong>tienen distintas opciones para iniciar su actividad sin perder su derecho al paro.<\/p>\n\n\n\n<p>Normalmente, cuando se dice que es posible iniciar un negocio y cobrar al mismo tiempo la prestaci\u00f3n por desempleo, se est\u00e1 hablando del pago \u00fanico de la prestaci\u00f3n, m\u00e1s conocido como <a href=\"https:\/\/getquipu.com\/blog\/como-capitalizar-el-paro-siendo-autonomo-y-solicitar-pago-unico\/\">capitalizaci\u00f3n del paro<\/a>.<\/p>\n\n\n\n<p>Esta opci\u00f3n permite a los nuevos aut\u00f3nomos<strong> cobrar de golpe todo el paro que tienen pendiente y utilizarlo para poner en marcha su negocio<\/strong>. Sin embargo, esta alternativa que lleva varias d\u00e9cadas recogida en nuestra legislaci\u00f3n no es ni mucho menos el \u00fanico m\u00e9todo para compatibilizar el paro con ser aut\u00f3nomo.<\/p>\n\n\n\n<p>De hecho, desde 2013, con la entrada en vigor de la Ley de apoyo al emprendedor,<a href=\"https:\/\/www.boe.es\/buscar\/doc.php?id=BOE-A-2013-2030\" target=\"_blank\" rel=\"noreferrer noopener\"> el Real Decreto-ley 4\/2013, de 22 de Febrero<\/a>, es posible directamente <strong>seguir cobrando la prestaci\u00f3n por desempleo <\/strong>como cualquier otra persona en paro y, a la vez, generar ingresos como aut\u00f3nomo. <\/p>\n\n\n\n<p>Esta normativa regul\u00f3 por primera vez la compatibilidad entre el paro y el alta como aut\u00f3nomo. Sin embargo, en aquel entonces esta opci\u00f3n s\u00f3lo iba dirigida a los menores de 30 a\u00f1os. Dos a\u00f1os despu\u00e9s,  la<a href=\"https:\/\/www.boe.es\/buscar\/doc.php?id=BOE-A-2015-9735\" target=\"_blank\" rel=\"noreferrer noopener\"> Ley 31\/2015, de 9 de septiembre<\/a>, de fomento y promoci\u00f3n del trabajo aut\u00f3nomo,<strong> ampli\u00f3 esta posibilidad a cualquier trabajador por cuenta propia.<\/strong><\/p>\n\n\n\n<p>Esta normativa, seg\u00fan su propia exposici\u00f3n de motivos, tiene como finalidad <em>\u00abayudar al profesional al inicio de su actividad, periodo en el que los ingresos suelen ser m\u00e1s reducidos<\/em>\u00ab.<\/p>\n\n\n\n<p>Desde aquel momento, todas las personas que se encuentren en paro, <strong>independientemente de cu\u00e1l sea su edad<\/strong>, pueden poner en marcha su propio negocio y cobrar el 100% de su prestaci\u00f3n por desempleo. Siempre, eso s\u00ed, que cumplan algunos requisitos como ser persona f\u00edsica, tener paro pendiente de cobrar o venir del R\u00e9gimen General, entre otras condiciones y l\u00edmites que se ver\u00e1n m\u00e1s adelante.<\/p>\n\n\n\n<h2 class=\"wp-block-heading\" id=\"opciones-paro-autonomo\">Opciones para cobrar el paro siendo aut\u00f3nomo       <\/h2>\n\n\n\n<p>A d\u00eda de hoy, las personas que se encuentran en situaci\u00f3n de desempleo tienen <strong>distintas opciones para aprovechar la prestaci\u00f3n<\/strong> que les queda y poner en marcha su propio negocio. <\/p>\n\n\n\n<p>De hecho, existen hasta cuatro opciones distintas para<strong> cobrar o invertir el paro al darse de alta <\/strong>como aut\u00f3nomo. <\/p>\n\n\n\n<p>Las personas que tienen al menos tres meses de prestaci\u00f3n pueden <strong>elegir entre utilizar todo el paro para invertir<\/strong> en la puesta en marcha de su negocio cobrando toda la prestaci\u00f3n en un \u00fanico pago o usar el dinero que les queda del desempleo para <strong>cubrir sus cuotas como aut\u00f3nomo<\/strong>. Tambi\u00e9n pueden utilizar una combinaci\u00f3n de ambas opciones.<\/p>\n\n\n\n<p>Adem\u00e1s, los emprendedores tienen <strong>una cuarta alternativa que ser\u00eda seguir cobrando el 100%<\/strong> del paro mensualmente y, a la vez, generar ingresos como aut\u00f3nomo.<\/p>\n\n\n\n<p>A continuaci\u00f3n se resumen las cuatro opciones que tienen las personas desempleadas para emprender un negocio sin perder el paro.                     <\/p>\n\n\n\n<ul class=\"wp-block-list\">\n<li> <strong>Capitalizaci\u00f3n del paro:<\/strong> la capitalizaci\u00f3n del paro o pago \u00fanico es la opci\u00f3n m\u00e1s conocida y consiste en que el emprendedor cobrar\u00e1 de golpe toda la prestaci\u00f3n por desempleo que tenga pendiente para invertirla en la puesta en marcha de su negocio. Por ejemplo, puede comprar con ese dinero maquinaria o productos necesarios para su actividad. El contrapunto de esta opci\u00f3n es que habr\u00e1 que justificar ante el SEPE en qu\u00e9 se ha invertido toda la prestaci\u00f3n, aportando memorias y justificantes de pago.<\/li>\n\n\n\n<li><strong>Pagar la cuota con el paro<\/strong>: los emprendedores tambi\u00e9n tienen la opci\u00f3n de utilizar toda la prestaci\u00f3n por desempleo que tengan pendiente de cobrar para pagar directamente las cuotas de los primeros meses como aut\u00f3nomos. De esta manera, se podr\u00e1n olvidar durante un tiempo de abonar sus cotizaciones al RETA ya que ser\u00e1 directamente el SEPE el que pague a la Seguridad Social las cuotas correspondientes del trabajador por cuenta propia.<\/li>\n\n\n\n<li><strong>F\u00f3rmula mixta:<\/strong> una tercera opci\u00f3n que sirve como alternativa intermedia entre el pago \u00fanico y el uso del paro para las cuotas es la capitalizaci\u00f3n mixta. De este modo, el emprendedor puede usar una parte de su prestaci\u00f3n -por ejemplo el 50% o el 70%- para invertir en la puesta en marcha de su negocio y el resto para cubrir las cuotas de los primeros meses. <\/li>\n\n\n\n<li><strong>Compatibilizar el paro y ser aut\u00f3nomo<\/strong>: la cuarta opci\u00f3n, que es menos conocida para algunos emprendedores, es la compatibilizaci\u00f3n del paro y el alta como aut\u00f3nomo. De este modo, podr\u00e1n seguir cobrando directamente su prestaci\u00f3n mensual como si estuvieran en desempleo mientras est\u00e1n al frente de su negocio.<\/li>\n<\/ul>\n\n\n\n<p>Para las<strong> tres primeras opciones,<\/strong> es decir, la capitalizaci\u00f3n, el pago de las cuotas o la f\u00f3rmula mixta, se exige cumplir al menos los siguientes requisitos:<\/p>\n\n\n\n<ol class=\"wp-block-list\">\n<li><strong>No haber estado antes dado de alta <\/strong>en el R\u00e9gimen Especial de Trabajadores Aut\u00f3nomos (RETA)<\/li>\n\n\n\n<li>Haber<strong> generado al menos tres meses de prestaci\u00f3n <\/strong>por desempleo.<\/li>\n\n\n\n<li><strong>No haber utilizado la prestaci\u00f3n para ese fin<\/strong> en&nbsp;los cuatro a\u00f1os anteriores a la solicitud.<\/li>\n\n\n\n<li><strong>No haber impugnado el despido<\/strong>&nbsp;(puesto que hasta que finalice el procedimiento no podr\u00e1 beneficiarse).<\/li>\n\n\n\n<li><strong>Acreditar <\/strong>ante el Servicio de Empleo P\u00fablico Estatal (SEPE) la <strong>nueva alta<\/strong> como aut\u00f3nomo.&nbsp;<\/li>\n<\/ol>\n\n\n\n<p>Para acceder a la cuarta opci\u00f3n, es decir, compatibilizar el cobro de la prestaci\u00f3n mensual por desempleo y el alta como aut\u00f3nomo, hay que cumplir <strong>algunos requisitos distintos<\/strong> que se repasan a continuaci\u00f3n.<\/p>\n\n\n\n<h2 class=\"wp-block-heading\" id=\"quien-cobrar-paro\">\u00bfQui\u00e9n puede cobrar el paro siendo aut\u00f3nomo? <\/h2>\n\n\n\n<p>La compatibilizaci\u00f3n del paro es una medida que se puso en marcha en<strong> 2013<\/strong> bajo el paraguas de la Ley de Emprendedores con el objetivo de facilitar el emprendimiento a los trabajadores menores de 30 a\u00f1os que han quedado desempleados. <\/p>\n\n\n\n<p>Despu\u00e9s, <strong>esta norma se ampli\u00f3 a los emprendedores de cualquier edad<\/strong> que est\u00e9n en situaci\u00f3n de desempleo y que decidan darse de alta como trabajadores por cuenta propia. Esta medida va dirigida tan s\u00f3lo a los desempleados que se establezcan como aut\u00f3nomos persona f\u00edsica en el R\u00e9gimen Especial de Trabajadores Aut\u00f3nomos (RETA).<\/p>\n\n\n\n<p>Por lo tanto, las personas que pueden compatibilizar el paro con su alta como aut\u00f3nomos son:<\/p>\n\n\n\n<ul class=\"wp-block-list\">\n<li><strong>Personas desempleadas<\/strong> que todav\u00eda tengan paro pendiente<\/li>\n\n\n\n<li>Que <strong>vengan del R\u00e9gimen General<\/strong><\/li>\n\n\n\n<li>Que emprendan un negocio y <strong>se establezcan legalmente como aut\u00f3nomos persona f\u00edsica<\/strong> en el RETA<\/li>\n\n\n\n<li>Que<strong> solicitan al SEPE la compatibilidad <\/strong>de la prestaci\u00f3n, como m\u00e1ximo, <strong>15 d\u00edas<\/strong> despu\u00e9s de darse de alta como aut\u00f3nomos.<\/li>\n<\/ul>\n\n\n<div class=\"gb-container gb-container-b2fecea6 new-banner\">\n<div class=\"gb-grid-wrapper gb-grid-wrapper-0fc70046\">\n<div class=\"gb-grid-column gb-grid-column-6f7203a6\"><div class=\"gb-container gb-container-6f7203a6 text-div\">\n\n<p class=\"title-banner has-text-color\" style=\"color:#003829;font-size:19px\">Tu negocio controlado y ordenado<\/p>\n\n\n\n<p class=\"text-banner\">Con Quipu, la gesti\u00f3n de tu facturaci\u00f3n es m\u00e1s f\u00e1cil y simple que nunca.<\/p>\n\n\n\n<p class=\"btn-p-banner\"><a href=\"https:\/\/getquipu.com\/es\/programa-facturacion\" data-type=\"URL\" data-id=\"https:\/\/getquipu.com\/es\/programa-facturacion\">Ver m\u00e1s<\/a><\/p>\n\n<\/div><\/div>\n\n<div class=\"gb-grid-column gb-grid-column-c144d8bb\"><div class=\"gb-container gb-container-c144d8bb img-banner\">\n\n<figure class=\"wp-block-image size-full\"><img decoding=\"async\" width=\"1024\" height=\"573\" src=\"https:\/\/getquipu.com\/wp-content\/uploads\/2023\/05\/16174555\/Frame-26-1-1.webp\" alt=\"\" class=\"wp-image-38570\" srcset=\"https:\/\/getquipu.com\/wp-content\/uploads\/2023\/05\/16174555\/Frame-26-1-1.webp 1024w, https:\/\/getquipu.com\/wp-content\/uploads\/2023\/05\/16174555\/Frame-26-1-1-300x168.webp 300w, https:\/\/getquipu.com\/wp-content\/uploads\/2023\/05\/16174555\/Frame-26-1-1-768x430.webp 768w\" sizes=\"(max-width: 1024px) 100vw, 1024px\" \/><\/figure>\n\n<\/div><\/div>\n<\/div>\n<\/div>\n\n\n<h2 class=\"wp-block-heading\" id=\"autonomos-no-compatibilizar\">\u00bfQu\u00e9 aut\u00f3nomos no pueden compatibilizar el paro con su negocio?<\/h2>\n\n\n\n<p>Aunque los aut\u00f3nomos cumplan las anteriores condiciones para compatibilizar el paro con el inicio de su actividad, <strong>la ley establece algunas exclusiones<\/strong> para emprendedores que no podr\u00e1n optar a esta opci\u00f3n.<\/p>\n\n\n\n<p>Seg\u00fan el Servicio P\u00fablico de Empleo Estatal (SEPE), <strong>no podr\u00e1n compatibilizar <\/strong>el cobro de la prestaci\u00f3n por desempleo con ser aut\u00f3nomos: <\/p>\n\n\n\n<ul class=\"wp-block-list\">\n<li>Las personas que inicien una actividad por cuenta propia <strong>sin darse debidamente de alta <\/strong>como trabajadores por cuenta propia en el R\u00e9gimen Especial de Trabajadores Aut\u00f3nomos (RETA). De hecho, si percibieran ingresos sin haber cursado el alta<strong> se les retirar\u00eda la prestaci\u00f3n<\/strong>.<\/li>\n\n\n\n<li>Los emprendedores que inicien una actividad por cuenta propia o se <strong>incorporen a una cooperativa de trabajo asociado o sociedad<\/strong> laboral que <strong>ya estuvieran constituidas <\/strong>anteriormente, aunque se hayan dado de alta en el RETA.   <\/li>\n\n\n\n<li>Las personas que se den de alta como trabajador por cuenta propia en alguno de los reg\u00edmenes de la Seguridad Social para incorporarse como socio o socia a una sociedad mercantil. Es decir, s\u00f3lo pueden compatibilizar desempleo y negocio los aut\u00f3nomos persona f\u00edsica, <strong>no los aut\u00f3nomos societarios.<\/strong><\/li>\n\n\n\n<li>Aquellas<strong> personas cuyo \u00faltimo empleo haya sido por cuenta propia.<\/strong> Es decir, para compatibilizar paro y alta como aut\u00f3nomo es necesario venir del R\u00e9gimen General.<\/li>\n\n\n\n<li>Los emprendedores que<strong> ya hayan compatibilizado el paro <\/strong>en los <strong>dos a\u00f1os inmediatamente anteriores<\/strong> a la fecha de inicio de la actividad por cuenta propia.<\/li>\n\n\n\n<li>Quienes hayan obtenido el pago \u00fanico de la prestaci\u00f3n por desempleo<strong> -capitalizaci\u00f3n del paro- en los dos a\u00f1os inmediatamente anteriores<\/strong> a la fecha de inicio de la actividad por cuenta propia.<\/li>\n\n\n\n<li>Los<strong> emprendedores que se den de alta como aut\u00f3nomos y firmen un contrato<\/strong> para realizar su actividad profesional <strong>con la persona que les ten\u00eda empleados<\/strong> por cuenta ajena antes de estar en desempleo.<\/li>\n<\/ul>\n\n\n\n<h2 class=\"wp-block-heading\" id=\"otros-requisitos-compatibilizar\">Otros requisitos para cobrar el paro siendo aut\u00f3nomo<\/h2>\n\n\n\n<p>Adem\u00e1s de las anteriores exclusiones, la normativa<strong> tambi\u00e9n establece otros requisitos o l\u00edmites <\/strong>a la hora de compatibilizar la prestaci\u00f3n por desempleo con el alta como aut\u00f3nomos. <\/p>\n\n\n\n<p>Algunos de ellos son: <\/p>\n\n\n\n<ul class=\"wp-block-list\">\n<li>Solicitar la compatibilizaci\u00f3n del paro,<strong> como m\u00e1ximo, 15 d\u00edas despu\u00e9s<\/strong> del alta      <\/li>\n\n\n\n<li>Completar en el plazo estipulado el<strong> formulario que pone el SEPE<\/strong> a disposici\u00f3n de los emprendedores para solicitar la compatibilidad entre paro y alta como aut\u00f3nomo<\/li>\n\n\n\n<li>La compatibilidad<strong> no podr\u00e1 durar m\u00e1s de nueve meses<\/strong><\/li>\n<\/ul>\n\n\n\n<h2 class=\"wp-block-heading\" id=\"cuanto-tiempo-compatibilizar\">\u00bfCu\u00e1nto tiempo se puede compatibilizar el paro siendo aut\u00f3nomo?<\/h2>\n\n\n\n<p>Los desempleados que se den de alta como aut\u00f3nomos pueden seguir percibiendo el 100% de prestaci\u00f3n si cumplen determinados requisitos. Ahora bien, <strong>la compatibilidad entre el paro y el trabajo por cuenta propia tiene un l\u00edmite de duraci\u00f3n<\/strong>.<\/p>\n\n\n\n<p>Seg\u00fan explican desde el SEPE, las personas desempleadas que todav\u00eda tengan paro pendiente pueden darse de alta como trabajador por cuenta propia y seguir percibiendo la prestaci\u00f3n que les corresponda <strong>durante un m\u00e1ximo de 270 d\u00edas, es decir, nueve meses. <\/strong><\/p>\n\n\n\n<p>Si, por ejemplo, tuvieran derecho a un a\u00f1o de prestaci\u00f3n y siguieran dados de alta como aut\u00f3nomos a partir de los nueve meses, perder\u00edan los tres meses restantes.<\/p>\n\n\n\n<p>L\u00f3gicamente este l\u00edmite s\u00f3lo se establece para los desempleados que, en el momento del alta, tengan nueves meses o m\u00e1s de derecho a paro. <strong>Si tuvieran derecho a menos tiempo, el l\u00edmite lo establecer\u00eda el n\u00famero de meses que les quede <\/strong>por percibir. <\/p>\n\n\n\n<h2 class=\"wp-block-heading\" id=\"reanudar-paro-baja\">\u00bfEs posible reanudar el paro si me doy de baja como aut\u00f3nomo?<\/h2>\n\n\n\n<p>En caso de que el negocio que haya emprendido el aut\u00f3nomo mientras cobra el paro terminara yendo mal y tuviera que cerrar y darse de baja, <strong>tambi\u00e9n existe la posibilidad de reanudar la prestaci\u00f3n.<\/strong><\/p>\n\n\n\n<p>Seg\u00fan el SEPE, en caso de cierre, los aut\u00f3nomos podr\u00e1n <strong>reanudar el cobro de la prestaci\u00f3n por desempleo en los siguientes casos<\/strong> :<\/p>\n\n\n\n<ul class=\"wp-block-list\">\n<li>Si el <strong>trabajo por cuenta propia ha sido inferior a 24 meses,<\/strong> aunque no se haya dado de alta como trabajador o trabajadora por cuenta propia incluido dentro de alguno de los reg\u00edmenes de la Seguridad Social.<\/li>\n\n\n\n<li>Si la duraci\u00f3n del trabajo por cuenta propia ha sido<strong> superior a 24 meses e inferior a 60 meses y se ha dado de alta como trabajador o trabajadora por cuenta propia<\/strong> en el R\u00e9gimen Especial de la Seguridad Social de Trabajadores por Cuenta Propia o Aut\u00f3nomos o en el R\u00e9gimen Especial de Trabajadores del Mar.<\/li>\n<\/ul>\n\n\n\n<p>En estos supuestos, cuando el empleado cese en la actividad por cuenta propia,<strong> podr\u00e1 solicitar la reanudaci\u00f3n de la prestaci\u00f3n por desempleo<\/strong>. El plazo para solicitarla es de<strong> 15 d\u00edas h\u00e1biles siguientes&nbsp;al cese<\/strong> en el trabajo por cuenta propia. En este caso, el derecho al cobro nacer\u00e1 a partir del d\u00eda siguiente al cese. <\/p>\n\n\n\n<p>El aut\u00f3nomo que haya cesado en su actividad y haya compatibilizado el paro podr\u00e1 cobrar el n\u00famero de meses de prestaci\u00f3n que le quedaran por consumir.<\/p>\n\n\n\n<h2 class=\"wp-block-heading\" id=\"solicitud-compatibilizar-paro\">Solicitud para compatibilizar el paro con ser aut\u00f3nomo<\/h2>\n\n\n\n<p>La solicitud de compatibilizaci\u00f3n del paro con el alta como aut\u00f3nomo es <strong>muy similar al proceso para acceder al desempleo.<\/strong><\/p>\n\n\n\n<p>El emprendedor que quiera compatibilizar su prestaci\u00f3n con el trabajo por cuenta propia deber\u00e1 rellenar el<strong> \u00abimpreso de solicitud de prestaci\u00f3n contributiva\u00bb<\/strong> que ofrece el SEPE<a href=\"https:\/\/www.sepe.es\/HomeSepe\/Personas\/distributiva-prestaciones\/estoy-cobrando-el-paro-y\/trabajo-como-autonomo.html\" target=\"_blank\" rel=\"noreferrer noopener\"> al final de su p\u00e1gina web.<\/a><\/p>\n\n\n\n<p>Al descargar este formulario, el emprendedor deber\u00e1 rellenar todos sus datos como si estuviera solicitando de nuevo la prestaci\u00f3n &#8211;<strong>datos personales, de la entidad financiera para el abono de la prestaci\u00f3n o de sus hijos,<\/strong> en caso de tenerlos-. <\/p>\n\n\n\n<p>Y, lo m\u00e1s importante, <strong>deber\u00e1 marcar la opci\u00f3n de \u00abcompatibilidad con trabajo por cuenta propia\u00bb<\/strong> que aparece situada<strong> arriba a la derecha<\/strong> del formulario.<\/p>\n\n\n\n<p>El emprendedor deber\u00e1 enviar este<strong> formulario al SEPE, junto al resto de la documentaci\u00f3n requerida <\/strong>en el impreso, en el <strong>plazo improrrogable de 15 d\u00edas<\/strong> desde que se dio de alta como aut\u00f3nomo  en Hacienda y Seguridad Social. <\/p>\n","protected":false},"excerpt":{"rendered":"<p>\u00bfSab\u00edas que cobrar el paro y darse de alta como aut\u00f3nomo es posible? Los emprendedores tienen distintas opciones para poner en marcha su proyecto y una de ellas es compatibilizar<\/p>\n","protected":false},"author":3,"featured_media":40392,"comment_status":"closed","ping_status":"open","sticky":false,"template":"","format":"standard","meta":{"footnotes":""},"categories":[7],"tags":[],"class_list":["post-40328","post","type-post","status-publish","format-standard","has-post-thumbnail","hentry","category-autonomos","generate-columns","tablet-grid-50","mobile-grid-100","grid-parent","grid-50","resize-featured-image"],"yoast_head":"<!-- This site is optimized with the Yoast SEO plugin v23.9 - https:\/\/yoast.com\/wordpress\/plugins\/seo\/ -->\n<title>Compatibilizar paro con ser aut\u00f3nomo: \u00bfes posible? (2026)<\/title>\n<meta name=\"description\" content=\"\u00bfEs posible compatibilizar el paro con ser aut\u00f3nomo? Te explicamos todo lo que debes de saber. \u00a1Entra y desc\u00fabrelo!\" \/>\n<meta name=\"robots\" content=\"index, follow, max-snippet:-1, max-image-preview:large, max-video-preview:-1\" \/>\n<link rel=\"canonical\" href=\"https:\/\/getquipu.com\/blog\/compatibilizar-paro-con-ser-autonomo\/\" \/>\n<meta property=\"og:locale\" content=\"es_ES\" \/>\n<meta property=\"og:type\" content=\"article\" \/>\n<meta property=\"og:title\" content=\"Compatibilizar paro con ser aut\u00f3nomo: \u00bfes posible? (2026)\" \/>\n<meta property=\"og:description\" content=\"\u00bfEs posible compatibilizar el paro con ser aut\u00f3nomo? Te explicamos todo lo que debes de saber. \u00a1Entra y desc\u00fabrelo!\" \/>\n<meta property=\"og:url\" content=\"https:\/\/getquipu.com\/blog\/compatibilizar-paro-con-ser-autonomo\/\" \/>\n<meta property=\"og:site_name\" content=\"Aut\u00f3nomos, empresas y asesor\u00edas\" \/>\n<meta property=\"article:published_time\" content=\"2023-07-27T09:18:44+00:00\" \/>\n<meta property=\"article:modified_time\" content=\"2024-11-11T12:49:27+00:00\" \/>\n<meta property=\"og:image\" content=\"https:\/\/getquipu.com\/wp-content\/uploads\/2023\/07\/27111804\/compatibilizar-paro-con-ser-autonomo.png\" \/>\n\t<meta property=\"og:image:width\" content=\"768\" \/>\n\t<meta property=\"og:image:height\" content=\"295\" \/>\n\t<meta property=\"og:image:type\" content=\"image\/png\" \/>\n<meta name=\"author\" content=\"Roger Doba\u00f1o - CEO Quipu\" \/>\n<meta name=\"twitter:card\" content=\"summary_large_image\" \/>\n<meta name=\"twitter:creator\" content=\"@rogerdobano\" \/>\n<meta name=\"twitter:label1\" content=\"Escrito por\" \/>\n\t<meta name=\"twitter:data1\" content=\"Roger Doba\u00f1o - CEO Quipu\" \/>\n\t<meta name=\"twitter:label2\" content=\"Tiempo de lectura\" \/>\n\t<meta name=\"twitter:data2\" content=\"11 minutos\" \/>\n<script type=\"application\/ld+json\" class=\"yoast-schema-graph\">{\"@context\":\"https:\/\/schema.org\",\"@graph\":[{\"@type\":\"Article\",\"@id\":\"https:\/\/getquipu.com\/blog\/compatibilizar-paro-con-ser-autonomo\/#article\",\"isPartOf\":{\"@id\":\"https:\/\/getquipu.com\/blog\/compatibilizar-paro-con-ser-autonomo\/\"},\"author\":{\"name\":\"Roger Doba\u00f1o - CEO Quipu\",\"@id\":\"https:\/\/getquipu.com\/blog\/#\/schema\/person\/373ccc5d513d88aea29fc8135422fa2e\"},\"headline\":\"Compatibilizar paro con ser aut\u00f3nomo: \u00bfes posible?\",\"datePublished\":\"2023-07-27T09:18:44+00:00\",\"dateModified\":\"2024-11-11T12:49:27+00:00\",\"mainEntityOfPage\":{\"@id\":\"https:\/\/getquipu.com\/blog\/compatibilizar-paro-con-ser-autonomo\/\"},\"wordCount\":2448,\"publisher\":{\"@id\":\"https:\/\/getquipu.com\/blog\/#organization\"},\"image\":{\"@id\":\"https:\/\/getquipu.com\/blog\/compatibilizar-paro-con-ser-autonomo\/#primaryimage\"},\"thumbnailUrl\":\"https:\/\/getquipu.com\/wp-content\/uploads\/2023\/07\/27111804\/compatibilizar-paro-con-ser-autonomo.png\",\"articleSection\":[\"Aut\u00f3nomos\"],\"inLanguage\":\"es\"},{\"@type\":\"WebPage\",\"@id\":\"https:\/\/getquipu.com\/blog\/compatibilizar-paro-con-ser-autonomo\/\",\"url\":\"https:\/\/getquipu.com\/blog\/compatibilizar-paro-con-ser-autonomo\/\",\"name\":\"Compatibilizar paro con ser aut\u00f3nomo: \u00bfes posible? (2026)\",\"isPartOf\":{\"@id\":\"https:\/\/getquipu.com\/blog\/#website\"},\"primaryImageOfPage\":{\"@id\":\"https:\/\/getquipu.com\/blog\/compatibilizar-paro-con-ser-autonomo\/#primaryimage\"},\"image\":{\"@id\":\"https:\/\/getquipu.com\/blog\/compatibilizar-paro-con-ser-autonomo\/#primaryimage\"},\"thumbnailUrl\":\"https:\/\/getquipu.com\/wp-content\/uploads\/2023\/07\/27111804\/compatibilizar-paro-con-ser-autonomo.png\",\"datePublished\":\"2023-07-27T09:18:44+00:00\",\"dateModified\":\"2024-11-11T12:49:27+00:00\",\"description\":\"\u00bfEs posible compatibilizar el paro con ser aut\u00f3nomo? Te explicamos todo lo que debes de saber. \u00a1Entra y desc\u00fabrelo!\",\"breadcrumb\":{\"@id\":\"https:\/\/getquipu.com\/blog\/compatibilizar-paro-con-ser-autonomo\/#breadcrumb\"},\"inLanguage\":\"es\",\"potentialAction\":[{\"@type\":\"ReadAction\",\"target\":[\"https:\/\/getquipu.com\/blog\/compatibilizar-paro-con-ser-autonomo\/\"]}]},{\"@type\":\"ImageObject\",\"inLanguage\":\"es\",\"@id\":\"https:\/\/getquipu.com\/blog\/compatibilizar-paro-con-ser-autonomo\/#primaryimage\",\"url\":\"https:\/\/getquipu.com\/wp-content\/uploads\/2023\/07\/27111804\/compatibilizar-paro-con-ser-autonomo.png\",\"contentUrl\":\"https:\/\/getquipu.com\/wp-content\/uploads\/2023\/07\/27111804\/compatibilizar-paro-con-ser-autonomo.png\",\"width\":768,\"height\":295,\"caption\":\"mujer viendo la posibilidad de compatibilizar el paro con ser aut\u00f3noma\"},{\"@type\":\"BreadcrumbList\",\"@id\":\"https:\/\/getquipu.com\/blog\/compatibilizar-paro-con-ser-autonomo\/#breadcrumb\",\"itemListElement\":[{\"@type\":\"ListItem\",\"position\":1,\"name\":\"Blog\",\"item\":\"https:\/\/getquipu.com\/blog\/\"},{\"@type\":\"ListItem\",\"position\":2,\"name\":\"Aut\u00f3nomos\",\"item\":\"https:\/\/getquipu.com\/blog\/category\/autonomos\/\"},{\"@type\":\"ListItem\",\"position\":3,\"name\":\"Compatibilizar paro con ser aut\u00f3nomo: \u00bfes posible?\"}]},{\"@type\":\"WebSite\",\"@id\":\"https:\/\/getquipu.com\/blog\/#website\",\"url\":\"https:\/\/getquipu.com\/blog\/\",\"name\":\"Aut\u00f3nomos, empresas y asesor\u00edas\",\"description\":\"Informaci\u00f3n \u00fatil sobre fiscalidad y eficiencia administrativa en negocios como el tuyo.\",\"publisher\":{\"@id\":\"https:\/\/getquipu.com\/blog\/#organization\"},\"potentialAction\":[{\"@type\":\"SearchAction\",\"target\":{\"@type\":\"EntryPoint\",\"urlTemplate\":\"https:\/\/getquipu.com\/blog\/?s={search_term_string}\"},\"query-input\":{\"@type\":\"PropertyValueSpecification\",\"valueRequired\":true,\"valueName\":\"search_term_string\"}}],\"inLanguage\":\"es\"},{\"@type\":\"Organization\",\"@id\":\"https:\/\/getquipu.com\/blog\/#organization\",\"name\":\"Quipu\",\"url\":\"https:\/\/getquipu.com\/blog\/\",\"logo\":{\"@type\":\"ImageObject\",\"inLanguage\":\"es\",\"@id\":\"https:\/\/getquipu.com\/blog\/#\/schema\/logo\/image\/\",\"url\":\"https:\/\/getquipu.com\/wp-content\/uploads\/2022\/06\/20105810\/logo-quipu.png\",\"contentUrl\":\"https:\/\/getquipu.com\/wp-content\/uploads\/2022\/06\/20105810\/logo-quipu.png\",\"width\":399,\"height\":399,\"caption\":\"Quipu\"},\"image\":{\"@id\":\"https:\/\/getquipu.com\/blog\/#\/schema\/logo\/image\/\"}},{\"@type\":\"Person\",\"@id\":\"https:\/\/getquipu.com\/blog\/#\/schema\/person\/373ccc5d513d88aea29fc8135422fa2e\",\"name\":\"Roger Doba\u00f1o - CEO Quipu\",\"image\":{\"@type\":\"ImageObject\",\"inLanguage\":\"es\",\"@id\":\"https:\/\/getquipu.com\/blog\/#\/schema\/person\/image\/\",\"url\":\"https:\/\/secure.gravatar.com\/avatar\/34af94bfd8e5677657b0a2d961dc4974?s=96&d=mm&r=g\",\"contentUrl\":\"https:\/\/secure.gravatar.com\/avatar\/34af94bfd8e5677657b0a2d961dc4974?s=96&d=mm&r=g\",\"caption\":\"Roger Doba\u00f1o - CEO Quipu\"},\"description\":\"Roger es CEO y Fundador de Quipu, un software en la nube que lleva +10 a\u00f1os ayudando a aut\u00f3nomos, pymes y asesor\u00edas a digitalizar su operativa precontable. A ra\u00edz de una mala experiencia como aut\u00f3nomo, Roger se propuso crear un programa que acompa\u00f1ara a los empresarios a lidiar con la administraci\u00f3n.\",\"sameAs\":[\"https:\/\/getquipu.com\",\"https:\/\/www.linkedin.com\/in\/rogerdobano\/\",\"https:\/\/x.com\/@rogerdobano\"],\"url\":\"https:\/\/getquipu.com\/blog\/author\/roger\/\"}]}<\/script>\n<!-- \/ Yoast SEO plugin. -->","yoast_head_json":{"title":"Compatibilizar paro con ser aut\u00f3nomo: \u00bfes posible? (2026)","description":"\u00bfEs posible compatibilizar el paro con ser aut\u00f3nomo? Te explicamos todo lo que debes de saber. \u00a1Entra y desc\u00fabrelo!","robots":{"index":"index","follow":"follow","max-snippet":"max-snippet:-1","max-image-preview":"max-image-preview:large","max-video-preview":"max-video-preview:-1"},"canonical":"https:\/\/getquipu.com\/blog\/compatibilizar-paro-con-ser-autonomo\/","og_locale":"es_ES","og_type":"article","og_title":"Compatibilizar paro con ser aut\u00f3nomo: \u00bfes posible? (2026)","og_description":"\u00bfEs posible compatibilizar el paro con ser aut\u00f3nomo? Te explicamos todo lo que debes de saber. \u00a1Entra y desc\u00fabrelo!","og_url":"https:\/\/getquipu.com\/blog\/compatibilizar-paro-con-ser-autonomo\/","og_site_name":"Aut\u00f3nomos, empresas y asesor\u00edas","article_published_time":"2023-07-27T09:18:44+00:00","article_modified_time":"2024-11-11T12:49:27+00:00","og_image":[{"width":768,"height":295,"url":"https:\/\/getquipu.com\/wp-content\/uploads\/2023\/07\/27111804\/compatibilizar-paro-con-ser-autonomo.png","type":"image\/png"}],"author":"Roger Doba\u00f1o - CEO Quipu","twitter_card":"summary_large_image","twitter_creator":"@rogerdobano","twitter_misc":{"Escrito por":"Roger Doba\u00f1o - CEO Quipu","Tiempo de lectura":"11 minutos"},"schema":{"@context":"https:\/\/schema.org","@graph":[{"@type":"Article","@id":"https:\/\/getquipu.com\/blog\/compatibilizar-paro-con-ser-autonomo\/#article","isPartOf":{"@id":"https:\/\/getquipu.com\/blog\/compatibilizar-paro-con-ser-autonomo\/"},"author":{"name":"Roger Doba\u00f1o - CEO Quipu","@id":"https:\/\/getquipu.com\/blog\/#\/schema\/person\/373ccc5d513d88aea29fc8135422fa2e"},"headline":"Compatibilizar paro con ser aut\u00f3nomo: \u00bfes posible?","datePublished":"2023-07-27T09:18:44+00:00","dateModified":"2024-11-11T12:49:27+00:00","mainEntityOfPage":{"@id":"https:\/\/getquipu.com\/blog\/compatibilizar-paro-con-ser-autonomo\/"},"wordCount":2448,"publisher":{"@id":"https:\/\/getquipu.com\/blog\/#organization"},"image":{"@id":"https:\/\/getquipu.com\/blog\/compatibilizar-paro-con-ser-autonomo\/#primaryimage"},"thumbnailUrl":"https:\/\/getquipu.com\/wp-content\/uploads\/2023\/07\/27111804\/compatibilizar-paro-con-ser-autonomo.png","articleSection":["Aut\u00f3nomos"],"inLanguage":"es"},{"@type":"WebPage","@id":"https:\/\/getquipu.com\/blog\/compatibilizar-paro-con-ser-autonomo\/","url":"https:\/\/getquipu.com\/blog\/compatibilizar-paro-con-ser-autonomo\/","name":"Compatibilizar paro con ser aut\u00f3nomo: \u00bfes posible? (2026)","isPartOf":{"@id":"https:\/\/getquipu.com\/blog\/#website"},"primaryImageOfPage":{"@id":"https:\/\/getquipu.com\/blog\/compatibilizar-paro-con-ser-autonomo\/#primaryimage"},"image":{"@id":"https:\/\/getquipu.com\/blog\/compatibilizar-paro-con-ser-autonomo\/#primaryimage"},"thumbnailUrl":"https:\/\/getquipu.com\/wp-content\/uploads\/2023\/07\/27111804\/compatibilizar-paro-con-ser-autonomo.png","datePublished":"2023-07-27T09:18:44+00:00","dateModified":"2024-11-11T12:49:27+00:00","description":"\u00bfEs posible compatibilizar el paro con ser aut\u00f3nomo? Te explicamos todo lo que debes de saber. \u00a1Entra y desc\u00fabrelo!","breadcrumb":{"@id":"https:\/\/getquipu.com\/blog\/compatibilizar-paro-con-ser-autonomo\/#breadcrumb"},"inLanguage":"es","potentialAction":[{"@type":"ReadAction","target":["https:\/\/getquipu.com\/blog\/compatibilizar-paro-con-ser-autonomo\/"]}]},{"@type":"ImageObject","inLanguage":"es","@id":"https:\/\/getquipu.com\/blog\/compatibilizar-paro-con-ser-autonomo\/#primaryimage","url":"https:\/\/getquipu.com\/wp-content\/uploads\/2023\/07\/27111804\/compatibilizar-paro-con-ser-autonomo.png","contentUrl":"https:\/\/getquipu.com\/wp-content\/uploads\/2023\/07\/27111804\/compatibilizar-paro-con-ser-autonomo.png","width":768,"height":295,"caption":"mujer viendo la posibilidad de compatibilizar el paro con ser aut\u00f3noma"},{"@type":"BreadcrumbList","@id":"https:\/\/getquipu.com\/blog\/compatibilizar-paro-con-ser-autonomo\/#breadcrumb","itemListElement":[{"@type":"ListItem","position":1,"name":"Blog","item":"https:\/\/getquipu.com\/blog\/"},{"@type":"ListItem","position":2,"name":"Aut\u00f3nomos","item":"https:\/\/getquipu.com\/blog\/category\/autonomos\/"},{"@type":"ListItem","position":3,"name":"Compatibilizar paro con ser aut\u00f3nomo: \u00bfes posible?"}]},{"@type":"WebSite","@id":"https:\/\/getquipu.com\/blog\/#website","url":"https:\/\/getquipu.com\/blog\/","name":"Aut\u00f3nomos, empresas y asesor\u00edas","description":"Informaci\u00f3n \u00fatil sobre fiscalidad y eficiencia administrativa en negocios como el tuyo.","publisher":{"@id":"https:\/\/getquipu.com\/blog\/#organization"},"potentialAction":[{"@type":"SearchAction","target":{"@type":"EntryPoint","urlTemplate":"https:\/\/getquipu.com\/blog\/?s={search_term_string}"},"query-input":{"@type":"PropertyValueSpecification","valueRequired":true,"valueName":"search_term_string"}}],"inLanguage":"es"},{"@type":"Organization","@id":"https:\/\/getquipu.com\/blog\/#organization","name":"Quipu","url":"https:\/\/getquipu.com\/blog\/","logo":{"@type":"ImageObject","inLanguage":"es","@id":"https:\/\/getquipu.com\/blog\/#\/schema\/logo\/image\/","url":"https:\/\/getquipu.com\/wp-content\/uploads\/2022\/06\/20105810\/logo-quipu.png","contentUrl":"https:\/\/getquipu.com\/wp-content\/uploads\/2022\/06\/20105810\/logo-quipu.png","width":399,"height":399,"caption":"Quipu"},"image":{"@id":"https:\/\/getquipu.com\/blog\/#\/schema\/logo\/image\/"}},{"@type":"Person","@id":"https:\/\/getquipu.com\/blog\/#\/schema\/person\/373ccc5d513d88aea29fc8135422fa2e","name":"Roger Doba\u00f1o - CEO Quipu","image":{"@type":"ImageObject","inLanguage":"es","@id":"https:\/\/getquipu.com\/blog\/#\/schema\/person\/image\/","url":"https:\/\/secure.gravatar.com\/avatar\/34af94bfd8e5677657b0a2d961dc4974?s=96&d=mm&r=g","contentUrl":"https:\/\/secure.gravatar.com\/avatar\/34af94bfd8e5677657b0a2d961dc4974?s=96&d=mm&r=g","caption":"Roger Doba\u00f1o - CEO Quipu"},"description":"Roger es CEO y Fundador de Quipu, un software en la nube que lleva +10 a\u00f1os ayudando a aut\u00f3nomos, pymes y asesor\u00edas a digitalizar su operativa precontable. A ra\u00edz de una mala experiencia como aut\u00f3nomo, Roger se propuso crear un programa que acompa\u00f1ara a los empresarios a lidiar con la administraci\u00f3n.","sameAs":["https:\/\/getquipu.com","https:\/\/www.linkedin.com\/in\/rogerdobano\/","https:\/\/x.com\/@rogerdobano"],"url":"https:\/\/getquipu.com\/blog\/author\/roger\/"}]}},"_links":{"self":[{"href":"https:\/\/getquipu.com\/blog\/wp-json\/wp\/v2\/posts\/40328","targetHints":{"allow":["GET"]}}],"collection":[{"href":"https:\/\/getquipu.com\/blog\/wp-json\/wp\/v2\/posts"}],"about":[{"href":"https:\/\/getquipu.com\/blog\/wp-json\/wp\/v2\/types\/post"}],"author":[{"embeddable":true,"href":"https:\/\/getquipu.com\/blog\/wp-json\/wp\/v2\/users\/3"}],"replies":[{"embeddable":true,"href":"https:\/\/getquipu.com\/blog\/wp-json\/wp\/v2\/comments?post=40328"}],"version-history":[{"count":11,"href":"https:\/\/getquipu.com\/blog\/wp-json\/wp\/v2\/posts\/40328\/revisions"}],"predecessor-version":[{"id":49738,"href":"https:\/\/getquipu.com\/blog\/wp-json\/wp\/v2\/posts\/40328\/revisions\/49738"}],"wp:featuredmedia":[{"embeddable":true,"href":"https:\/\/getquipu.com\/blog\/wp-json\/wp\/v2\/media\/40392"}],"wp:attachment":[{"href":"https:\/\/getquipu.com\/blog\/wp-json\/wp\/v2\/media?parent=40328"}],"wp:term":[{"taxonomy":"category","embeddable":true,"href":"https:\/\/getquipu.com\/blog\/wp-json\/wp\/v2\/categories?post=40328"},{"taxonomy":"post_tag","embeddable":true,"href":"https:\/\/getquipu.com\/blog\/wp-json\/wp\/v2\/tags?post=40328"}],"curies":[{"name":"wp","href":"https:\/\/api.w.org\/{rel}","templated":true}]}}