{"id":40251,"date":"2023-07-17T13:43:51","date_gmt":"2023-07-17T11:43:51","guid":{"rendered":"https:\/\/getquipu.com\/blog\/?p=40251"},"modified":"2024-11-11T13:35:10","modified_gmt":"2024-11-11T12:35:10","slug":"los-autonomos-tienen-nomina","status":"publish","type":"post","link":"https:\/\/getquipu.com\/blog\/los-autonomos-tienen-nomina\/","title":{"rendered":"\u00bfLos aut\u00f3nomos tienen n\u00f3mina?"},"content":{"rendered":"\n<p>La estabilidad de la n\u00f3mina es una de las caracter\u00edsticas que diferencian a los trabajadores por cuenta ajena de los trabajadores aut\u00f3nomos. Si bien emprender brinda un gran est\u00edmulo y la libertad de ser su propio jefe, tambi\u00e9n implica lidiar con la incertidumbre, especialmente al iniciar el camino como aut\u00f3nomo. En este sentido, surge la pregunta: <strong>\u00bfes com\u00fan encontrar aut\u00f3nomos que cuenten con una n\u00f3mina regular? <\/strong>La respuesta, depende de cada caso en particular.<\/p>\n\n\n\n<p>No obstante, la idea de<strong> tener una n\u00f3mina estable resulta atractiva para muchos<\/strong>. Sin embargo, es importante analizar si la pr\u00e1ctica de contar con una n\u00f3mina regular es algo com\u00fan o m\u00e1s bien una excepci\u00f3n en el \u00e1mbito de los aut\u00f3nomos. A continuaci\u00f3n, te contamos todos los detalles.<\/p>\n\n\n\n<p><strong>En este art\u00edculo aprender\u00e1s:<\/strong><\/p>\n\n\n\n<ul class=\"wp-block-list\">\n<li><a href=\"#diferencias\">Diferencias entre la n\u00f3mina de los aut\u00f3nomos con la de los asalariados<\/a><\/li>\n\n\n\n<li><a href=\"#como-funciona\">\u00bfC\u00f3mo funciona la n\u00f3mina para los trabajadores aut\u00f3nomos?<\/a><\/li>\n\n\n\n<li><a href=\"#autonomos-nomina\">\u00bfQu\u00e9 aut\u00f3nomos pueden tener n\u00f3mina?<\/a><\/li>\n\n\n\n<li><a href=\"#elaborar-nomina-autonomo\">Procedimiento para elaborar la n\u00f3mina de un aut\u00f3nomo que sea administrador en una socieda<\/a>d<\/li>\n\n\n\n<li><a href=\"#asignar-salario-autonomo\">\u00bfCu\u00e1l es la forma de asignar un salario a un aut\u00f3nomo?<\/a><\/li>\n<\/ul>\n\n\n\n<h2 class=\"wp-block-heading\" id=\"diferencias\">Diferencias entre la n\u00f3mina de los aut\u00f3nomos con la de los asalariados<\/h2>\n\n\n\n<p>Antes de comenzar, es importante entender <strong>el concepto de n\u00f3mina para los aut\u00f3nomos<\/strong>. Aunque en t\u00e9rminos econ\u00f3micos no difiere mucho de la n\u00f3mina de un trabajador asalariado, su naturaleza legal puede ser muy diferente. Mientras que los trabajadores por cuenta ajena tienen derecho a recibir un salario mensual detallado en una n\u00f3mina, la situaci\u00f3n es distinta para los aut\u00f3nomos.<\/p>\n\n\n\n<p>En el caso de los aut\u00f3nomos individuales, <strong>no pueden emitirse una n\u00f3mina para s\u00ed mismos<\/strong> debido a su condici\u00f3n legal y a la relaci\u00f3n directa que tienen con su negocio. Desde el punto de vista jur\u00eddico, fiscal y laboral, los aut\u00f3nomos est\u00e1n inseparablemente vinculados a su empresa o negocio.<\/p>\n\n\n\n<p>Entonces, \u00bfc\u00f3mo reciben los aut\u00f3nomos su remuneraci\u00f3n? \u00bfHay alguna deducci\u00f3n que deben tener en cuenta? Vamos a analizarlo a continuaci\u00f3n.<\/p>\n\n\n\n<h2 class=\"wp-block-heading\" id=\"como-funciona\">\u00bfC\u00f3mo funciona la n\u00f3mina para los trabajadores aut\u00f3nomos?<\/h2>\n\n\n\n<p>Dado que los aut\u00f3nomos y su negocio son pr\u00e1cticamente la misma entidad desde el punto de vista legal, la \u00fanica forma en que pueden asignarse una n\u00f3mina es <strong>separando mensualmente las cuentas de la empresa y asign\u00e1ndose una cantidad fija como retribuci\u00f3n<\/strong>. Esta separaci\u00f3n es beneficiosa ya que permite diferenciar la econom\u00eda empresarial de la personal.<\/p>\n\n\n\n<p>Sin embargo, es importante tener en cuenta que <strong>esta asignaci\u00f3n mensual tiene un car\u00e1cter operativo <\/strong>y su prop\u00f3sito es establecer l\u00edmites en cuanto al dinero destinado a gastos personales, evitando as\u00ed que la salud financiera de la empresa se vea afectada por un gasto excesivo.<\/p>\n\n\n\n<p>Es crucial tener en cuenta que esta asignaci\u00f3n mensual forma parte de los beneficios generados por la actividad empresarial. Aunque solo una parte se destine al uso personal, <strong>los aut\u00f3nomos deben declarar la totalidad de los resultados trimestrales<\/strong> en el Impuesto sobre la Renta de las Personas F\u00edsicas (IRPF). Adem\u00e1s, esta separaci\u00f3n no implica que la cantidad sea fija o que el pago sea obligatorio, ya que es una decisi\u00f3n interna de cada aut\u00f3nomo.<\/p>\n\n\n\n<h2 class=\"wp-block-heading\" id=\"autonomos-nomina\">\u00bfQu\u00e9 aut\u00f3nomos pueden tener n\u00f3mina?<\/h2>\n\n\n\n<p>La n\u00f3mina de un aut\u00f3nomo puede existir en ciertos casos. La primera pregunta a considerar es qu\u00e9 tipo de aut\u00f3nomo estamos hablando. Podemos distinguir varios tipos:<\/p>\n\n\n\n<ul class=\"wp-block-list\">\n<li><strong>Aut\u00f3nomo individual que trabaja exclusivamente en su negocio:<\/strong> en este caso, no existe una n\u00f3mina formal, sino que el aut\u00f3nomo destina una parte de sus ingresos para cubrir sus gastos personales. Es importante tener en cuenta que el aut\u00f3nomo tributa por todos sus ingresos, no solo por la parte utilizada para gastos personales. Para establecer un salario mensual, se deben calcular los ingresos y gastos relacionados con la actividad.<\/li>\n\n\n\n<li><strong>Aut\u00f3nomo individual que tambi\u00e9n trabaja por cuenta ajena:<\/strong> algunos aut\u00f3nomos combinan su negocio con un empleo por cuenta ajena, lo que les brinda ingresos regulares. En este caso, pueden recibir una n\u00f3mina de la empresa para la que trabajan, adem\u00e1s de los ingresos de su negocio.<\/li>\n\n\n\n<li><strong>Aut\u00f3nomo societario:<\/strong> este tipo de aut\u00f3nomo es aquel que est\u00e1 registrado en el r\u00e9gimen especial de trabajadores aut\u00f3nomos (RETA) y ha constituido una sociedad mercantil. En este caso, la posibilidad de tener una n\u00f3mina var\u00eda seg\u00fan las circunstancias:\n<ul class=\"wp-block-list\">\n<li><strong>Aut\u00f3nomo socio de la sociedad que presta servicios profesionales:<\/strong> en este caso, no se emite una n\u00f3mina, sino una factura por los servicios prestados.<\/li>\n\n\n\n<li><strong>Aut\u00f3nomo que realiza actividades no profesionales:<\/strong> en principio, s\u00ed puede tener una n\u00f3mina. Es importante tener en cuenta que la viabilidad de emitir una n\u00f3mina para un aut\u00f3nomo societario depende de varios factores, como su rol y actividad en la empresa. Se recomienda consultar con un experto para evitar problemas legales y sanciones por parte de Hacienda.<\/li>\n<\/ul>\n<\/li>\n<\/ul>\n\n\n<div class=\"gb-container gb-container-b2fecea6 new-banner\">\n<div class=\"gb-grid-wrapper gb-grid-wrapper-0fc70046\">\n<div class=\"gb-grid-column gb-grid-column-6f7203a6\"><div class=\"gb-container gb-container-6f7203a6 text-div\">\n\n<p class=\"title-banner has-text-color\" style=\"color:#003829;font-size:19px\">Tu negocio controlado y ordenado<\/p>\n\n\n\n<p class=\"text-banner\">Con Quipu, la gesti\u00f3n de tu facturaci\u00f3n es m\u00e1s f\u00e1cil y simple que nunca.<\/p>\n\n\n\n<p class=\"btn-p-banner\"><a href=\"https:\/\/getquipu.com\/es\/programa-facturacion\" data-type=\"URL\" data-id=\"https:\/\/getquipu.com\/es\/programa-facturacion\">Ver m\u00e1s<\/a><\/p>\n\n<\/div><\/div>\n\n<div class=\"gb-grid-column gb-grid-column-c144d8bb\"><div class=\"gb-container gb-container-c144d8bb img-banner\">\n\n<figure class=\"wp-block-image size-full\"><img decoding=\"async\" width=\"1024\" height=\"573\" src=\"https:\/\/getquipu.com\/wp-content\/uploads\/2023\/05\/16174555\/Frame-26-1-1.webp\" alt=\"\" class=\"wp-image-38570\" srcset=\"https:\/\/getquipu.com\/wp-content\/uploads\/2023\/05\/16174555\/Frame-26-1-1.webp 1024w, https:\/\/getquipu.com\/wp-content\/uploads\/2023\/05\/16174555\/Frame-26-1-1-300x168.webp 300w, https:\/\/getquipu.com\/wp-content\/uploads\/2023\/05\/16174555\/Frame-26-1-1-768x430.webp 768w\" sizes=\"(max-width: 1024px) 100vw, 1024px\" \/><\/figure>\n\n<\/div><\/div>\n<\/div>\n<\/div>\n\n\n<h2 class=\"wp-block-heading\" id=\"elaborar-nomina-autonomo\">Procedimiento para elaborar la n\u00f3mina de un aut\u00f3nomo que sea administrador en una sociedad<\/h2>\n\n\n\n<p>La n\u00f3mina de un aut\u00f3nomo que ocupe el cargo de administrador en una sociedad mercantil incluye diferentes apartados. Te lo explicamos a continuaci\u00f3n paso por paso:<\/p>\n\n\n\n<ul class=\"wp-block-list\">\n<li><strong>Datos de la empresa:<\/strong> en este apartado se incluyen la denominaci\u00f3n social de la empresa, su domicilio, el n\u00famero de identificaci\u00f3n fiscal (NIF) y el c\u00f3digo de cuenta de cotizaci\u00f3n en la Seguridad Social. Estos datos identifican a la empresa a la que pertenece el aut\u00f3nomo administrador.<\/li>\n\n\n\n<li><strong>Datos del trabajador: <\/strong>aqu\u00ed se detallan los datos personales del aut\u00f3nomo administrador, como su nombre completo, n\u00famero de identificaci\u00f3n fiscal (NIF), domicilio y n\u00famero de afiliaci\u00f3n a la Seguridad Social. estos datos permiten identificar al trabajador dentro del sistema.<\/li>\n\n\n\n<li><strong>Devengos: <\/strong>en este apartado se detallan los ingresos que el aut\u00f3nomo administrador recibe en concepto de salario. Esto incluye el salario base, las horas extraordinarias, las gratificaciones, los complementos salariales y cualquier otro tipo de ingreso relacionado con su actividad laboral.<\/li>\n\n\n\n<li><strong>Deducciones: <\/strong>en el caso de un aut\u00f3nomo administrador que cotiza en el R\u00e9gimen Especial de Trabajadores Aut\u00f3nomos (RETA), no se suelen aplicar deducciones en la n\u00f3mina, ya que no est\u00e1 sujeto a las mismas condiciones que un trabajador por cuenta ajena.<\/li>\n\n\n\n<li><strong>Retenci\u00f3n de IRPF:<\/strong> en funci\u00f3n de las circunstancias personales del aut\u00f3nomo administrador, puede ser necesario aplicar una retenci\u00f3n en concepto de Impuesto sobre la Renta de las Personas F\u00edsicas (IRPF). Esta retenci\u00f3n se calcula de acuerdo con la normativa fiscal vigente y puede variar seg\u00fan los ingresos y la categor\u00eda laboral.<\/li>\n<\/ul>\n\n\n\n<p>Es importante tener en cuenta que el cargo de administrador puede ser gratuito, a menos que se establezca una retribuci\u00f3n en los estatutos de la sociedad. En caso de existir una retribuci\u00f3n, esta debe ser <strong>acordada anualmente en la Junta General de la empresa<\/strong> y se debe formalizar a trav\u00e9s de un contrato de trabajo.<\/p>\n\n\n\n<p>En resumen, la n\u00f3mina de un aut\u00f3nomo administrador incluye informaci\u00f3n sobre la empresa, los datos personales del trabajador, los devengos salariales, las deducciones (en caso de corresponder) y la retenci\u00f3n de IRPF. Es fundamental tener en cuenta los factores espec\u00edficos de cada situaci\u00f3n para determinar si es necesario emitir una n\u00f3mina o si el aut\u00f3nomo debe facturar a la empresa.<\/p>\n\n\n\n<h2 class=\"wp-block-heading\" id=\"asignar-salario-autonomo\">\u00bfCu\u00e1l es la forma de asignar un salario a un aut\u00f3nomo?<\/h2>\n\n\n\n<p>M\u00e1s all\u00e1 de las implicaciones fiscales, <strong>un aut\u00f3nomo tiene la opci\u00f3n de asignarse un sueldo<\/strong>. Aunque esto no tiene repercusiones fiscales directas (ya que debemos tributar por todos nuestros ingresos), es recomendable para una mejor organizaci\u00f3n y visualizaci\u00f3n de los ingresos netos despu\u00e9s de los pagos y gastos.<\/p>\n\n\n\n<p>Para determinar el sueldo, debemos considerar lo siguiente:<\/p>\n\n\n\n<ul class=\"wp-block-list\">\n<li>Evaluar nuestros ingresos fijos y espor\u00e1dicos, tomando en cuenta una estimaci\u00f3n conservadora y otra optimista, y estableciendo un punto intermedio como ingreso estimado.<\/li>\n\n\n\n<li>Identificar los gastos fijos relacionados con nuestra actividad, como la cuota de aut\u00f3nomos, transporte, alquiler de local, facturas, entre otros.<\/li>\n\n\n\n<li>Establecer una provisi\u00f3n de fondos para la compra de material necesario para nuestra actividad.<\/li>\n<\/ul>\n\n\n\n<p>Al restar estos gastos, obtendremos la cantidad disponible para nosotros, que <strong>se convertir\u00e1 en nuestro sueldo mensual<\/strong>.<\/p>\n\n\n\n<p>En cuanto a la justificaci\u00f3n de los ingresos, dado que la n\u00f3mina para aut\u00f3nomos no siempre es posible, puede resultar complicado demostrar nuestros ingresos en situaciones como la solicitud de pr\u00e9stamos o la adquisici\u00f3n de bienes a plazos. En estos casos, ser\u00e1 necesario presentar otra documentaci\u00f3n como las declaraciones de impuestos como pruebas que respalden nuestros ingresos.<\/p>\n\n\n\n<p class=\"has-background\" style=\"background-color:#e7f5ff\">\ud83d\udd17<strong> Ampliar informaci\u00f3n:<\/strong> Si quieres saber m\u00e1s sobre <a href=\"https:\/\/getquipu.com\/blog\/como-calcular-el-sueldo-neto-autonomo\/\">c\u00f3mo calcular el sueldo neto de un aut\u00f3nomo<\/a> te recomendamos que leas nuestro art\u00edculo espec\u00edfico.<\/p>\n","protected":false},"excerpt":{"rendered":"<p>La estabilidad de la n\u00f3mina es una de las caracter\u00edsticas que diferencian a los trabajadores por cuenta ajena de los trabajadores aut\u00f3nomos. Si bien emprender brinda un gran est\u00edmulo y<\/p>\n","protected":false},"author":3,"featured_media":40253,"comment_status":"closed","ping_status":"open","sticky":false,"template":"","format":"standard","meta":{"footnotes":""},"categories":[7],"tags":[],"class_list":["post-40251","post","type-post","status-publish","format-standard","has-post-thumbnail","hentry","category-autonomos","generate-columns","tablet-grid-50","mobile-grid-100","grid-parent","grid-50","resize-featured-image"],"yoast_head":"<!-- This site is optimized with the Yoast SEO plugin v23.9 - https:\/\/yoast.com\/wordpress\/plugins\/seo\/ -->\n<title>\u00bfLos aut\u00f3nomos tienen n\u00f3mina? (2026)<\/title>\n<meta name=\"description\" content=\"\u00bfTienes la duda de si un aut\u00f3nomo tiene una n\u00f3mina a final de mes? Te contamos todo lo que tienes que saber. \u00a1Entra y desc\u00fabrelo!\" \/>\n<meta name=\"robots\" content=\"index, follow, max-snippet:-1, max-image-preview:large, max-video-preview:-1\" \/>\n<link rel=\"canonical\" href=\"https:\/\/getquipu.com\/blog\/los-autonomos-tienen-nomina\/\" \/>\n<meta property=\"og:locale\" content=\"es_ES\" \/>\n<meta property=\"og:type\" content=\"article\" \/>\n<meta property=\"og:title\" content=\"\u00bfLos aut\u00f3nomos tienen n\u00f3mina? (2026)\" \/>\n<meta property=\"og:description\" content=\"\u00bfTienes la duda de si un aut\u00f3nomo tiene una n\u00f3mina a final de mes? Te contamos todo lo que tienes que saber. \u00a1Entra y desc\u00fabrelo!\" \/>\n<meta property=\"og:url\" content=\"https:\/\/getquipu.com\/blog\/los-autonomos-tienen-nomina\/\" \/>\n<meta property=\"og:site_name\" content=\"Aut\u00f3nomos, empresas y asesor\u00edas\" \/>\n<meta property=\"article:published_time\" content=\"2023-07-17T11:43:51+00:00\" \/>\n<meta property=\"article:modified_time\" content=\"2024-11-11T12:35:10+00:00\" \/>\n<meta property=\"og:image\" content=\"https:\/\/getquipu.com\/wp-content\/uploads\/2023\/07\/17131833\/los-autonomos-tienen-nomina.png\" \/>\n\t<meta property=\"og:image:width\" content=\"768\" \/>\n\t<meta property=\"og:image:height\" content=\"295\" \/>\n\t<meta property=\"og:image:type\" content=\"image\/png\" \/>\n<meta name=\"author\" content=\"Roger Doba\u00f1o - CEO Quipu\" \/>\n<meta name=\"twitter:card\" content=\"summary_large_image\" \/>\n<meta name=\"twitter:creator\" content=\"@rogerdobano\" \/>\n<meta name=\"twitter:label1\" content=\"Escrito por\" \/>\n\t<meta name=\"twitter:data1\" content=\"Roger Doba\u00f1o - CEO Quipu\" \/>\n\t<meta name=\"twitter:label2\" content=\"Tiempo de lectura\" \/>\n\t<meta name=\"twitter:data2\" content=\"7 minutos\" \/>\n<script type=\"application\/ld+json\" class=\"yoast-schema-graph\">{\"@context\":\"https:\/\/schema.org\",\"@graph\":[{\"@type\":\"Article\",\"@id\":\"https:\/\/getquipu.com\/blog\/los-autonomos-tienen-nomina\/#article\",\"isPartOf\":{\"@id\":\"https:\/\/getquipu.com\/blog\/los-autonomos-tienen-nomina\/\"},\"author\":{\"name\":\"Roger Doba\u00f1o - CEO Quipu\",\"@id\":\"https:\/\/getquipu.com\/blog\/#\/schema\/person\/373ccc5d513d88aea29fc8135422fa2e\"},\"headline\":\"\u00bfLos aut\u00f3nomos tienen n\u00f3mina?\",\"datePublished\":\"2023-07-17T11:43:51+00:00\",\"dateModified\":\"2024-11-11T12:35:10+00:00\",\"mainEntityOfPage\":{\"@id\":\"https:\/\/getquipu.com\/blog\/los-autonomos-tienen-nomina\/\"},\"wordCount\":1528,\"publisher\":{\"@id\":\"https:\/\/getquipu.com\/blog\/#organization\"},\"image\":{\"@id\":\"https:\/\/getquipu.com\/blog\/los-autonomos-tienen-nomina\/#primaryimage\"},\"thumbnailUrl\":\"https:\/\/getquipu.com\/wp-content\/uploads\/2023\/07\/17131833\/los-autonomos-tienen-nomina.png\",\"articleSection\":[\"Aut\u00f3nomos\"],\"inLanguage\":\"es\"},{\"@type\":\"WebPage\",\"@id\":\"https:\/\/getquipu.com\/blog\/los-autonomos-tienen-nomina\/\",\"url\":\"https:\/\/getquipu.com\/blog\/los-autonomos-tienen-nomina\/\",\"name\":\"\u00bfLos aut\u00f3nomos tienen n\u00f3mina? (2026)\",\"isPartOf\":{\"@id\":\"https:\/\/getquipu.com\/blog\/#website\"},\"primaryImageOfPage\":{\"@id\":\"https:\/\/getquipu.com\/blog\/los-autonomos-tienen-nomina\/#primaryimage\"},\"image\":{\"@id\":\"https:\/\/getquipu.com\/blog\/los-autonomos-tienen-nomina\/#primaryimage\"},\"thumbnailUrl\":\"https:\/\/getquipu.com\/wp-content\/uploads\/2023\/07\/17131833\/los-autonomos-tienen-nomina.png\",\"datePublished\":\"2023-07-17T11:43:51+00:00\",\"dateModified\":\"2024-11-11T12:35:10+00:00\",\"description\":\"\u00bfTienes la duda de si un aut\u00f3nomo tiene una n\u00f3mina a final de mes? Te contamos todo lo que tienes que saber. \u00a1Entra y desc\u00fabrelo!\",\"breadcrumb\":{\"@id\":\"https:\/\/getquipu.com\/blog\/los-autonomos-tienen-nomina\/#breadcrumb\"},\"inLanguage\":\"es\",\"potentialAction\":[{\"@type\":\"ReadAction\",\"target\":[\"https:\/\/getquipu.com\/blog\/los-autonomos-tienen-nomina\/\"]}]},{\"@type\":\"ImageObject\",\"inLanguage\":\"es\",\"@id\":\"https:\/\/getquipu.com\/blog\/los-autonomos-tienen-nomina\/#primaryimage\",\"url\":\"https:\/\/getquipu.com\/wp-content\/uploads\/2023\/07\/17131833\/los-autonomos-tienen-nomina.png\",\"contentUrl\":\"https:\/\/getquipu.com\/wp-content\/uploads\/2023\/07\/17131833\/los-autonomos-tienen-nomina.png\",\"width\":768,\"height\":295,\"caption\":\"aut\u00f3nomo inform\u00e1ndose sobre si puede tener n\u00f3mina\"},{\"@type\":\"BreadcrumbList\",\"@id\":\"https:\/\/getquipu.com\/blog\/los-autonomos-tienen-nomina\/#breadcrumb\",\"itemListElement\":[{\"@type\":\"ListItem\",\"position\":1,\"name\":\"Blog\",\"item\":\"https:\/\/getquipu.com\/blog\/\"},{\"@type\":\"ListItem\",\"position\":2,\"name\":\"Aut\u00f3nomos\",\"item\":\"https:\/\/getquipu.com\/blog\/category\/autonomos\/\"},{\"@type\":\"ListItem\",\"position\":3,\"name\":\"\u00bfLos aut\u00f3nomos tienen n\u00f3mina?\"}]},{\"@type\":\"WebSite\",\"@id\":\"https:\/\/getquipu.com\/blog\/#website\",\"url\":\"https:\/\/getquipu.com\/blog\/\",\"name\":\"Aut\u00f3nomos, empresas y asesor\u00edas\",\"description\":\"Informaci\u00f3n \u00fatil sobre fiscalidad y eficiencia administrativa en negocios como el tuyo.\",\"publisher\":{\"@id\":\"https:\/\/getquipu.com\/blog\/#organization\"},\"potentialAction\":[{\"@type\":\"SearchAction\",\"target\":{\"@type\":\"EntryPoint\",\"urlTemplate\":\"https:\/\/getquipu.com\/blog\/?s={search_term_string}\"},\"query-input\":{\"@type\":\"PropertyValueSpecification\",\"valueRequired\":true,\"valueName\":\"search_term_string\"}}],\"inLanguage\":\"es\"},{\"@type\":\"Organization\",\"@id\":\"https:\/\/getquipu.com\/blog\/#organization\",\"name\":\"Quipu\",\"url\":\"https:\/\/getquipu.com\/blog\/\",\"logo\":{\"@type\":\"ImageObject\",\"inLanguage\":\"es\",\"@id\":\"https:\/\/getquipu.com\/blog\/#\/schema\/logo\/image\/\",\"url\":\"https:\/\/getquipu.com\/wp-content\/uploads\/2022\/06\/20105810\/logo-quipu.png\",\"contentUrl\":\"https:\/\/getquipu.com\/wp-content\/uploads\/2022\/06\/20105810\/logo-quipu.png\",\"width\":399,\"height\":399,\"caption\":\"Quipu\"},\"image\":{\"@id\":\"https:\/\/getquipu.com\/blog\/#\/schema\/logo\/image\/\"}},{\"@type\":\"Person\",\"@id\":\"https:\/\/getquipu.com\/blog\/#\/schema\/person\/373ccc5d513d88aea29fc8135422fa2e\",\"name\":\"Roger Doba\u00f1o - CEO Quipu\",\"image\":{\"@type\":\"ImageObject\",\"inLanguage\":\"es\",\"@id\":\"https:\/\/getquipu.com\/blog\/#\/schema\/person\/image\/\",\"url\":\"https:\/\/secure.gravatar.com\/avatar\/34af94bfd8e5677657b0a2d961dc4974?s=96&d=mm&r=g\",\"contentUrl\":\"https:\/\/secure.gravatar.com\/avatar\/34af94bfd8e5677657b0a2d961dc4974?s=96&d=mm&r=g\",\"caption\":\"Roger Doba\u00f1o - CEO Quipu\"},\"description\":\"Roger es CEO y Fundador de Quipu, un software en la nube que lleva +10 a\u00f1os ayudando a aut\u00f3nomos, pymes y asesor\u00edas a digitalizar su operativa precontable. A ra\u00edz de una mala experiencia como aut\u00f3nomo, Roger se propuso crear un programa que acompa\u00f1ara a los empresarios a lidiar con la administraci\u00f3n.\",\"sameAs\":[\"https:\/\/getquipu.com\",\"https:\/\/www.linkedin.com\/in\/rogerdobano\/\",\"https:\/\/x.com\/@rogerdobano\"],\"url\":\"https:\/\/getquipu.com\/blog\/author\/roger\/\"}]}<\/script>\n<!-- \/ Yoast SEO plugin. -->","yoast_head_json":{"title":"\u00bfLos aut\u00f3nomos tienen n\u00f3mina? (2026)","description":"\u00bfTienes la duda de si un aut\u00f3nomo tiene una n\u00f3mina a final de mes? Te contamos todo lo que tienes que saber. \u00a1Entra y desc\u00fabrelo!","robots":{"index":"index","follow":"follow","max-snippet":"max-snippet:-1","max-image-preview":"max-image-preview:large","max-video-preview":"max-video-preview:-1"},"canonical":"https:\/\/getquipu.com\/blog\/los-autonomos-tienen-nomina\/","og_locale":"es_ES","og_type":"article","og_title":"\u00bfLos aut\u00f3nomos tienen n\u00f3mina? (2026)","og_description":"\u00bfTienes la duda de si un aut\u00f3nomo tiene una n\u00f3mina a final de mes? Te contamos todo lo que tienes que saber. \u00a1Entra y desc\u00fabrelo!","og_url":"https:\/\/getquipu.com\/blog\/los-autonomos-tienen-nomina\/","og_site_name":"Aut\u00f3nomos, empresas y asesor\u00edas","article_published_time":"2023-07-17T11:43:51+00:00","article_modified_time":"2024-11-11T12:35:10+00:00","og_image":[{"width":768,"height":295,"url":"https:\/\/getquipu.com\/wp-content\/uploads\/2023\/07\/17131833\/los-autonomos-tienen-nomina.png","type":"image\/png"}],"author":"Roger Doba\u00f1o - CEO Quipu","twitter_card":"summary_large_image","twitter_creator":"@rogerdobano","twitter_misc":{"Escrito por":"Roger Doba\u00f1o - CEO Quipu","Tiempo de lectura":"7 minutos"},"schema":{"@context":"https:\/\/schema.org","@graph":[{"@type":"Article","@id":"https:\/\/getquipu.com\/blog\/los-autonomos-tienen-nomina\/#article","isPartOf":{"@id":"https:\/\/getquipu.com\/blog\/los-autonomos-tienen-nomina\/"},"author":{"name":"Roger Doba\u00f1o - CEO Quipu","@id":"https:\/\/getquipu.com\/blog\/#\/schema\/person\/373ccc5d513d88aea29fc8135422fa2e"},"headline":"\u00bfLos aut\u00f3nomos tienen n\u00f3mina?","datePublished":"2023-07-17T11:43:51+00:00","dateModified":"2024-11-11T12:35:10+00:00","mainEntityOfPage":{"@id":"https:\/\/getquipu.com\/blog\/los-autonomos-tienen-nomina\/"},"wordCount":1528,"publisher":{"@id":"https:\/\/getquipu.com\/blog\/#organization"},"image":{"@id":"https:\/\/getquipu.com\/blog\/los-autonomos-tienen-nomina\/#primaryimage"},"thumbnailUrl":"https:\/\/getquipu.com\/wp-content\/uploads\/2023\/07\/17131833\/los-autonomos-tienen-nomina.png","articleSection":["Aut\u00f3nomos"],"inLanguage":"es"},{"@type":"WebPage","@id":"https:\/\/getquipu.com\/blog\/los-autonomos-tienen-nomina\/","url":"https:\/\/getquipu.com\/blog\/los-autonomos-tienen-nomina\/","name":"\u00bfLos aut\u00f3nomos tienen n\u00f3mina? (2026)","isPartOf":{"@id":"https:\/\/getquipu.com\/blog\/#website"},"primaryImageOfPage":{"@id":"https:\/\/getquipu.com\/blog\/los-autonomos-tienen-nomina\/#primaryimage"},"image":{"@id":"https:\/\/getquipu.com\/blog\/los-autonomos-tienen-nomina\/#primaryimage"},"thumbnailUrl":"https:\/\/getquipu.com\/wp-content\/uploads\/2023\/07\/17131833\/los-autonomos-tienen-nomina.png","datePublished":"2023-07-17T11:43:51+00:00","dateModified":"2024-11-11T12:35:10+00:00","description":"\u00bfTienes la duda de si un aut\u00f3nomo tiene una n\u00f3mina a final de mes? Te contamos todo lo que tienes que saber. \u00a1Entra y desc\u00fabrelo!","breadcrumb":{"@id":"https:\/\/getquipu.com\/blog\/los-autonomos-tienen-nomina\/#breadcrumb"},"inLanguage":"es","potentialAction":[{"@type":"ReadAction","target":["https:\/\/getquipu.com\/blog\/los-autonomos-tienen-nomina\/"]}]},{"@type":"ImageObject","inLanguage":"es","@id":"https:\/\/getquipu.com\/blog\/los-autonomos-tienen-nomina\/#primaryimage","url":"https:\/\/getquipu.com\/wp-content\/uploads\/2023\/07\/17131833\/los-autonomos-tienen-nomina.png","contentUrl":"https:\/\/getquipu.com\/wp-content\/uploads\/2023\/07\/17131833\/los-autonomos-tienen-nomina.png","width":768,"height":295,"caption":"aut\u00f3nomo inform\u00e1ndose sobre si puede tener n\u00f3mina"},{"@type":"BreadcrumbList","@id":"https:\/\/getquipu.com\/blog\/los-autonomos-tienen-nomina\/#breadcrumb","itemListElement":[{"@type":"ListItem","position":1,"name":"Blog","item":"https:\/\/getquipu.com\/blog\/"},{"@type":"ListItem","position":2,"name":"Aut\u00f3nomos","item":"https:\/\/getquipu.com\/blog\/category\/autonomos\/"},{"@type":"ListItem","position":3,"name":"\u00bfLos aut\u00f3nomos tienen n\u00f3mina?"}]},{"@type":"WebSite","@id":"https:\/\/getquipu.com\/blog\/#website","url":"https:\/\/getquipu.com\/blog\/","name":"Aut\u00f3nomos, empresas y asesor\u00edas","description":"Informaci\u00f3n \u00fatil sobre fiscalidad y eficiencia administrativa en negocios como el tuyo.","publisher":{"@id":"https:\/\/getquipu.com\/blog\/#organization"},"potentialAction":[{"@type":"SearchAction","target":{"@type":"EntryPoint","urlTemplate":"https:\/\/getquipu.com\/blog\/?s={search_term_string}"},"query-input":{"@type":"PropertyValueSpecification","valueRequired":true,"valueName":"search_term_string"}}],"inLanguage":"es"},{"@type":"Organization","@id":"https:\/\/getquipu.com\/blog\/#organization","name":"Quipu","url":"https:\/\/getquipu.com\/blog\/","logo":{"@type":"ImageObject","inLanguage":"es","@id":"https:\/\/getquipu.com\/blog\/#\/schema\/logo\/image\/","url":"https:\/\/getquipu.com\/wp-content\/uploads\/2022\/06\/20105810\/logo-quipu.png","contentUrl":"https:\/\/getquipu.com\/wp-content\/uploads\/2022\/06\/20105810\/logo-quipu.png","width":399,"height":399,"caption":"Quipu"},"image":{"@id":"https:\/\/getquipu.com\/blog\/#\/schema\/logo\/image\/"}},{"@type":"Person","@id":"https:\/\/getquipu.com\/blog\/#\/schema\/person\/373ccc5d513d88aea29fc8135422fa2e","name":"Roger Doba\u00f1o - CEO Quipu","image":{"@type":"ImageObject","inLanguage":"es","@id":"https:\/\/getquipu.com\/blog\/#\/schema\/person\/image\/","url":"https:\/\/secure.gravatar.com\/avatar\/34af94bfd8e5677657b0a2d961dc4974?s=96&d=mm&r=g","contentUrl":"https:\/\/secure.gravatar.com\/avatar\/34af94bfd8e5677657b0a2d961dc4974?s=96&d=mm&r=g","caption":"Roger Doba\u00f1o - CEO Quipu"},"description":"Roger es CEO y Fundador de Quipu, un software en la nube que lleva +10 a\u00f1os ayudando a aut\u00f3nomos, pymes y asesor\u00edas a digitalizar su operativa precontable. A ra\u00edz de una mala experiencia como aut\u00f3nomo, Roger se propuso crear un programa que acompa\u00f1ara a los empresarios a lidiar con la administraci\u00f3n.","sameAs":["https:\/\/getquipu.com","https:\/\/www.linkedin.com\/in\/rogerdobano\/","https:\/\/x.com\/@rogerdobano"],"url":"https:\/\/getquipu.com\/blog\/author\/roger\/"}]}},"_links":{"self":[{"href":"https:\/\/getquipu.com\/blog\/wp-json\/wp\/v2\/posts\/40251","targetHints":{"allow":["GET"]}}],"collection":[{"href":"https:\/\/getquipu.com\/blog\/wp-json\/wp\/v2\/posts"}],"about":[{"href":"https:\/\/getquipu.com\/blog\/wp-json\/wp\/v2\/types\/post"}],"author":[{"embeddable":true,"href":"https:\/\/getquipu.com\/blog\/wp-json\/wp\/v2\/users\/3"}],"replies":[{"embeddable":true,"href":"https:\/\/getquipu.com\/blog\/wp-json\/wp\/v2\/comments?post=40251"}],"version-history":[{"count":3,"href":"https:\/\/getquipu.com\/blog\/wp-json\/wp\/v2\/posts\/40251\/revisions"}],"predecessor-version":[{"id":49717,"href":"https:\/\/getquipu.com\/blog\/wp-json\/wp\/v2\/posts\/40251\/revisions\/49717"}],"wp:featuredmedia":[{"embeddable":true,"href":"https:\/\/getquipu.com\/blog\/wp-json\/wp\/v2\/media\/40253"}],"wp:attachment":[{"href":"https:\/\/getquipu.com\/blog\/wp-json\/wp\/v2\/media?parent=40251"}],"wp:term":[{"taxonomy":"category","embeddable":true,"href":"https:\/\/getquipu.com\/blog\/wp-json\/wp\/v2\/categories?post=40251"},{"taxonomy":"post_tag","embeddable":true,"href":"https:\/\/getquipu.com\/blog\/wp-json\/wp\/v2\/tags?post=40251"}],"curies":[{"name":"wp","href":"https:\/\/api.w.org\/{rel}","templated":true}]}}