{"id":39361,"date":"2023-06-16T16:06:29","date_gmt":"2023-06-16T14:06:29","guid":{"rendered":"https:\/\/getquipu.com\/blog\/?p=39361"},"modified":"2024-11-11T13:48:05","modified_gmt":"2024-11-11T12:48:05","slug":"vacaciones-fiscales-de-los-autonomos","status":"publish","type":"post","link":"https:\/\/getquipu.com\/blog\/vacaciones-fiscales-de-los-autonomos\/","title":{"rendered":"Vacaciones fiscales de los aut\u00f3nomos: \u00bfqu\u00e9 son y c\u00f3mo solicitarlas?"},"content":{"rendered":"\n<p>\u00bfSab\u00edas que los aut\u00f3nomos tienen derecho a coger un mes de vacaciones fiscales al a\u00f1o? Hacienda permite a los trabajadores por cuenta propia y empresarios<strong> escoger 30 d\u00edas en los que no recibir\u00e1n ninguna notificaci\u00f3n electr\u00f3nica<\/strong> de la Agencia Tributaria.<\/p>\n\n\n\n<p>Aunque sea verano, Hacienda tambi\u00e9n puede enviar notificaciones a los aut\u00f3nomos y les obliga igualmente a contestar en plazo, bajo riesgo de sanci\u00f3n. Los \u2018\u00bbd\u00edas de cortes\u00eda\u00bb <strong>permiten a los aut\u00f3nomos desconectar durante sus vacaciones<\/strong> sin tener que estar pendientes de estas cartas, avisos o requerimientos.<\/p>\n\n\n\n<p><strong>En este art\u00edculo aprender\u00e1s:<\/strong><\/p>\n\n\n\n<ul class=\"wp-block-list\">\n<li><a href=\"#que-son\">\u00bfQu\u00e9 son las vacaciones fiscales de los aut\u00f3nomos?<\/a><\/li>\n\n\n\n<li><a href=\"#como-funciona\">\u00bfC\u00f3mo funcionan y para qu\u00e9 sirven las vacaciones fiscales para aut\u00f3nomos?<\/a><\/li>\n\n\n\n<li><a href=\"#quien-puede-solicitar\">\u00bfQu\u00e9 aut\u00f3nomos pueden solicitar las vacaciones fiscales o \u2018d\u00edas de cortes\u00eda?<\/a><\/li>\n\n\n\n<li><a href=\"#como-solicitar\">\u00bfC\u00f3mo pueden solicitar los aut\u00f3nomos las vacaciones fiscales?<\/a><\/li>\n\n\n\n<li><a href=\"#sanciones\">Sanciones por no contestar notificaciones de Hacienda<\/a><\/li>\n<\/ul>\n\n\n\n<div class=\"wp-block-group box-destacada has-background\" style=\"background-color:#fef9f5\"><div class=\"wp-block-group__inner-container is-layout-flow wp-block-group-is-layout-flow\">\n<p class=\"has-text-align-center has-medium-font-size\"><strong>Vacaciones fiscales aut\u00f3nomos <\/strong><\/p>\n\n\n\n<p>\ud83d\udcf9 <strong>V\u00eddeo explicativo: <\/strong>En el siguiente v\u00eddeo explicamos en detalle c\u00f3mo solicitar los d\u00edas de cortes\u00eda de la AEAT para poder irte de vacaciones sin estr\u00e9s y evitar multas de Hacienda. <\/p>\n\n\n\n<div class=\"iframe-container\">\n\n<iframe class=\"responsive-iframe\" title=\"YouTube video player\" src=\"https:\/\/www.youtube.com\/embed\/RxdggVp_2js?rel=0\" frameborder=\"0\" allowfullscreen=\"allowfullscreen\"><\/iframe>\n\n<\/div>\n\n\n\n<div style=\"height:25px\" aria-hidden=\"true\" class=\"wp-block-spacer\"><\/div>\n\n\n\n<div class=\"btn-div-destacado\"><a href=\"https:\/\/getquipu.com\/es\/cuentas\/registro\" class=\"btn-destacado\" target=\"_blank\" rel=\"noreferrer noopener\">Prueba Quipu Gratis<\/a><\/div>\n\n\n\n<div style=\"height:20px\" aria-hidden=\"true\" class=\"wp-block-spacer\"><\/div>\n\n\n\n<p class=\"has-text-align-center has-small-font-size\"><em>Prueba gratuita de 15 d\u00edas. Sin permanencia. Sin introducir tu tarjeta.<\/em><\/p>\n<\/div><\/div>\n\n\n\n<h2 class=\"wp-block-heading\" id=\"que-son\">\u00bfQu\u00e9 son las vacaciones fiscales de los aut\u00f3nomos?<\/h2>\n\n\n\n<p>Los d\u00edas de cortes\u00eda, tambi\u00e9n conocidos como \u2018\u00bbvacaciones fiscales\u00bb\u2019 son un periodo que pueden escoger los aut\u00f3nomos todos los a\u00f1os para <strong>dejar de recibir notificaciones electr\u00f3nicas de la Agencia Tributaria<\/strong>.<\/p>\n\n\n\n<p>Hacienda no discierne entre verano e invierno, y puede solicitar datos de una declaraci\u00f3n de impuestos o notificar el inicio de una comprobaci\u00f3n a los aut\u00f3nomos en cualquier momento del a\u00f1o.<\/p>\n\n\n\n<p>Aunque sea en pleno Agosto y el empresario no est\u00e9 trabajando, <strong>no contestar a uno de estos requerimientos podr\u00eda costarle una sanci\u00f3n<\/strong> de, como m\u00ednimo, 150 euros por obstrucci\u00f3n de la actuaci\u00f3n de la Agencia Tributaria.<\/p>\n\n\n\n<p>Para evitar esta situaci\u00f3n, los aut\u00f3nomos y empresarios que tienen activo el buz\u00f3n de notificaciones electr\u00f3nicas pueden escoger un mes cada a\u00f1o en el que <strong>Hacienda no podr\u00e1 enviarles ning\u00fan tipo de aviso ni solicitarles datos<\/strong> a trav\u00e9s de un requerimiento.<\/p>\n\n\n\n<p>Los aut\u00f3nomos tienen<strong> plena libertad para elegir estos 30 d\u00edas de vacaciones fiscales<\/strong>, que se pueden coger por separado y en cualquier momento del a\u00f1o. Durante este tiempo, a efectos pr\u00e1cticos, su Direcci\u00f3n Electr\u00f3nica Habilitada (DEH) permanecer\u00e1 inactiva y Hacienda no podr\u00e1 notificarle nuevas actuaciones, ni requerir ning\u00fan tipo de informaci\u00f3n tributaria.<\/p>\n\n\n\n<h2 class=\"wp-block-heading\" id=\"como-funciona\">\u00bfC\u00f3mo funcionan y para qu\u00e9 sirven las vacaciones fiscales para aut\u00f3nomos?<\/h2>\n\n\n\n<p>Los aut\u00f3nomos y empresas que tengan activo el buz\u00f3n de notificaciones electr\u00f3nicas pueden solicitar <strong>un m\u00e1ximo de 30 d\u00edas por cada a\u00f1o natural <\/strong>en los que Hacienda no les pueda enviar ning\u00fan tipo de requerimiento a trav\u00e9s de Internet.<\/p>\n\n\n\n<p>Los contribuyentes tienen<strong> total libertad para elegir sus d\u00edas de vacaciones fiscales<\/strong>. Por ejemplo, el empresario puede solicitar cinco d\u00edas en Enero, quince en Abril y diez en Agosto. O emplear los 30 d\u00edas juntos para irse de vacaciones en verano.<\/p>\n\n\n\n<p>Las vacaciones fiscales se pueden organizar y elegir en cualquier momento y de cualquier manera, siempre y cuando se <strong>soliciten con un m\u00ednimo de siete d\u00edas de antelaci\u00f3n <\/strong>a trav\u00e9s de la sede electr\u00f3nica de la Agencia Tributaria.<\/p>\n\n\n\n<p>Estas vacaciones fiscales s\u00f3lo sirven para <strong>paralizar las notificaciones que se realizan de manera electr\u00f3nica<\/strong> ya que las cartas que se env\u00edan al domicilio fiscal, habitualmente, son certificadas y se entregan personalmente, por lo que es m\u00e1s dif\u00edcil no leer y estar al corriente de este tipo de requerimientos.<\/p>\n\n\n\n<p>Por el contrario, cuando los aut\u00f3nomos y empresas tienen activado un buz\u00f3n electr\u00f3nico para comunicarse con Hacienda -algunos est\u00e1n obligados a tenerlo y otros lo tienen habilitado voluntariamente-, la Agencia Tributaria tiene que enviar preferiblemente todos los avisos por esta v\u00eda. Y, aunque el aut\u00f3nomo no haya entrado a su buz\u00f3n, transcurrido un cierto tiempo, el aviso se entiende como notificado y el plazo para aportar documentaci\u00f3n para alegar o para recurrir una sanci\u00f3n, empieza a correr.<\/p>\n\n\n\n<p>Seg\u00fan el art\u00edculo 43 de la Ley 39\/2015, de 1 de Octubre, del Procedimiento Administrativo Com\u00fan de las Administraciones p\u00fablicas, una vez enviada la notificaci\u00f3n electr\u00f3nica, aunque el empresario no tenga conocimiento de ella,<strong> a los 10 d\u00edas ya se entiende el requerimiento o aviso como notificado<\/strong>.<\/p>\n\n\n\n<p>Si el empresario no contesta, el plazo empieza a correr y podr\u00eda perder la oportunidad de justificar una declaraci\u00f3n de impuestos que hab\u00eda hecho correctamente, de alegar una sanci\u00f3n, o de aportar alg\u00fan dato obligatorio. La Administraci\u00f3n podr\u00eda incluso entender que, al no haber contestado, el negocio est\u00e1 obstruyendo la actuaci\u00f3n de Hacienda e imponer una sanci\u00f3n.<\/p>\n\n\n<div class=\"gb-container gb-container-b2fecea6 new-banner\">\n<div class=\"gb-grid-wrapper gb-grid-wrapper-0fc70046\">\n<div class=\"gb-grid-column gb-grid-column-6f7203a6\"><div class=\"gb-container gb-container-6f7203a6 text-div\">\n\n<p class=\"title-banner has-text-color\" style=\"color:#003829;font-size:19px\">\u00bfEst\u00e1s haciendo tus facturas correctamente?<\/p>\n\n\n\n<p class=\"text-banner\">Con Quipu tus facturas siguen los par\u00e1metros que marca la Agencia Tributaria.<\/p>\n\n\n\n<p class=\"btn-p-banner\"><a href=\"https:\/\/getquipu.com\/es\/programa-facturacion\" data-type=\"URL\" data-id=\"https:\/\/getquipu.com\/es\/programa-facturacion\">Ver m\u00e1s<\/a><\/p>\n\n<\/div><\/div>\n\n<div class=\"gb-grid-column gb-grid-column-c144d8bb\"><div class=\"gb-container gb-container-c144d8bb img-banner\">\n\n<figure class=\"wp-block-image size-full\"><img decoding=\"async\" width=\"1024\" height=\"573\" src=\"https:\/\/getquipu.com\/wp-content\/uploads\/2023\/05\/16185534\/Group-3305-2.png\" alt=\"\" class=\"wp-image-38592\" srcset=\"https:\/\/getquipu.com\/wp-content\/uploads\/2023\/05\/16185534\/Group-3305-2.png 1024w, https:\/\/getquipu.com\/wp-content\/uploads\/2023\/05\/16185534\/Group-3305-2-300x168.png 300w, https:\/\/getquipu.com\/wp-content\/uploads\/2023\/05\/16185534\/Group-3305-2-768x430.png 768w\" sizes=\"(max-width: 1024px) 100vw, 1024px\" \/><\/figure>\n\n<\/div><\/div>\n<\/div>\n<\/div>\n\n\n<h2 class=\"wp-block-heading\" id=\"quien-puede-solicitar\">\u00bfQu\u00e9 aut\u00f3nomos pueden solicitar las vacaciones fiscales o \u00abd\u00edas de cortes\u00eda\u00bb?<\/h2>\n\n\n\n<p>Las vacaciones fiscales sirven para pausar las notificaciones que env\u00eda Hacienda por v\u00eda electr\u00f3nica. Por lo tanto, s\u00f3lo pueden coger estos \u00abd\u00edas de cortes\u00eda\u00bb los <strong>empresarios que tienen activada la Direcci\u00f3n Electr\u00f3nica Habilitada \u00fanica<\/strong>, (DEH\u00fa), que es donde Hacienda env\u00eda las notificaciones por Internet.<\/p>\n\n\n\n<p>Algunos aut\u00f3nomos tienen activado este buz\u00f3n electr\u00f3nico voluntariamente, para estar al tanto de manera m\u00e1s r\u00e1pida de sus notificaciones, sin necesidad de recibir cartas en el domicilio. Sin embargo, otros contribuyentes como los profesionales colegiados -abogados, gestores, psic\u00f3logos\u2026- o los empresarios que operan a trav\u00e9s de cualquier sociedad -aut\u00f3nomos societarios- est\u00e1n obligados a tener este buz\u00f3n electr\u00f3nico y, de hecho, su direcci\u00f3n electr\u00f3nica se activa autom\u00e1ticamente nada m\u00e1s poner en marcha su negocio.<\/p>\n\n\n\n<p>Seg\u00fan la Agencia Tributaria,<strong> los contribuyentes que est\u00e1n obligados a acogerse al sistema de Notificaciones Electr\u00f3nicas Obligatorias<\/strong> (NEO) y que, por lo tanto, tienen derecho a los d\u00edas de cortes\u00eda son, entre otros:<\/p>\n\n\n\n<ul class=\"wp-block-list\">\n<li>Sociedades an\u00f3nimas y de responsabilidad limitada.<\/li>\n\n\n\n<li>Personas jur\u00eddicas y Entidades sin Personalidad Jur\u00eddica (comunidades de bienes, herencias yacentes y comunidades de propietarios).<\/li>\n\n\n\n<li>Uniones temporales de empresas.<\/li>\n\n\n\n<li>Contribuyentes inscritos en el Registro de grandes empresas.<\/li>\n\n\n\n<li>Contribuyentes que tributen en el r\u00e9gimen de consolidaci\u00f3n fiscal del IS.<\/li>\n\n\n\n<li>Contribuyentes que tributen en el r\u00e9gimen especial del grupo de entidades del IVA.<\/li>\n\n\n\n<li>Contribuyentes inscritos en el REDEME (sistema de devoluci\u00f3n mensual de IVA).<\/li>\n\n\n\n<li>Contribuyentes con autorizaci\u00f3n para la presentaci\u00f3n de declaraciones aduaneras mediante el sistema de transmisi\u00f3n electr\u00f3nica de datos (EDI).<\/li>\n<\/ul>\n\n\n\n<p class=\"has-background\" style=\"background-color:#e7f5ff\">\ud83d\udd17<strong> Ampliar informaci\u00f3n:<\/strong> Si quieres saber m\u00e1s sobre <a href=\"https:\/\/getquipu.com\/blog\/vacaciones-de-los-autonomos\/\">las vacaciones de los aut\u00f3nomos<\/a> te recomendamos que leas nuestro art\u00edculo espec\u00edfico.<\/p>\n\n\n\n<h2 class=\"wp-block-heading\" id=\"como-solicitar\">\u00bfC\u00f3mo pueden solicitar los aut\u00f3nomos las vacaciones fiscales?<\/h2>\n\n\n\n<p>Seg\u00fan explica la Agencia Tributaria, los empresarios incluidos en el sistema de Notificaciones Electr\u00f3nicas Obligatorias (NEO) o los aut\u00f3nomos que se hayan suscrito voluntariamente a los procedimientos para recibir estas notificaciones, pueden reservar sus d\u00edas de cortes\u00eda<strong> a trav\u00e9s de la sede electr\u00f3nica de la AEAT<\/strong>.<\/p>\n\n\n\n<p>Los d\u00edas de cortes\u00eda deber\u00e1n reservarse, como m\u00ednimo, siete d\u00edas naturales antes de que comience el periodo deseado. Por ejemplo, si un aut\u00f3nomo quiere dejar de recibir notificaciones electr\u00f3nicas entre el d\u00eda 15 y 30 de agosto, deber\u00e1 solicitar estas vacaciones fiscales, como tarde, el d\u00eda 8 de agosto.<\/p>\n\n\n\n<p>Para solicitar estos d\u00edas de cortes\u00eda, <strong>el empresario debe acceder a su \u00e1rea personal<\/strong> en la sede electr\u00f3nica de la Agencia Tributaria. En la pesta\u00f1a de notificaciones, deber\u00e1 pulsar en el apartado \u201cSolicitar d\u00edas en los que no se pondr\u00e1n notificaciones en Direcci\u00f3n Electr\u00f3nica Habilitada\u201d<\/p>\n\n\n\n<p>Tras identificarse, el aut\u00f3nomo -o su gestor- acceder\u00e1 al \u00e1rea donde se puede solicitar o modificar los d\u00edas. En este apartado <strong>aparece un calendario con todos los d\u00edas disponibles<\/strong>, los que ya se han seleccionado y se pueden cambiar, as\u00ed como los que se han reservado y ya no se pueden modificar.<\/p>\n\n\n<div class=\"wp-block-image\">\n<figure class=\"aligncenter size-full\"><img decoding=\"async\" width=\"600\" height=\"340\" src=\"https:\/\/getquipu.com\/wp-content\/uploads\/2023\/06\/16155947\/vacasiones-fiscales-1.png\" alt=\"\" class=\"wp-image-39374\" srcset=\"https:\/\/getquipu.com\/wp-content\/uploads\/2023\/06\/16155947\/vacasiones-fiscales-1.png 600w, https:\/\/getquipu.com\/wp-content\/uploads\/2023\/06\/16155947\/vacasiones-fiscales-1-300x170.png 300w\" sizes=\"(max-width: 600px) 100vw, 600px\" \/><\/figure><\/div>\n\n\n<p><\/p>\n\n\n\n<p>S\u00f3lo es necesario pulsar en el apartado \u201cmodificar\u201d y pinchar sobre los d\u00edas del calendario en los que no se quiere recibir ninguna notificaci\u00f3n -incluidos s\u00e1bados y domingos, si as\u00ed se desea-.<\/p>\n\n\n\n<p>Al seleccionarlos se ir\u00e1n modificando los apartados arriba a la izquierda que indican el total de d\u00edas disponibles, los d\u00edas que quedan por coger y los d\u00edas que ya se han cogido.<\/p>\n\n\n<div class=\"wp-block-image\">\n<figure class=\"aligncenter size-full\"><img decoding=\"async\" width=\"550\" height=\"337\" src=\"https:\/\/getquipu.com\/wp-content\/uploads\/2023\/06\/16160005\/vacasiones-fiscales-2.png\" alt=\"\" class=\"wp-image-39375\" srcset=\"https:\/\/getquipu.com\/wp-content\/uploads\/2023\/06\/16160005\/vacasiones-fiscales-2.png 550w, https:\/\/getquipu.com\/wp-content\/uploads\/2023\/06\/16160005\/vacasiones-fiscales-2-300x184.png 300w\" sizes=\"(max-width: 550px) 100vw, 550px\" \/><\/figure><\/div>\n\n\n<p><\/p>\n\n\n\n<p>Una vez seleccionados, s\u00f3lo habr\u00e1 que <strong>revisar y pulsar en validar<\/strong>. Despu\u00e9s habr\u00e1 que firmar y enviar la selecci\u00f3n. Tras la firma, se generar\u00e1 autom\u00e1ticamente un resguardo de solicitud con un c\u00f3digo de 16 caracteres y el calendario con los d\u00edas de cortes\u00eda seleccionados y actualizados, adem\u00e1s de la fecha y hora de la solicitud.<\/p>\n\n\n\n<h2 class=\"wp-block-heading\" id=\"sanciones\">Sanciones por no contestar notificaciones de Hacienda<\/h2>\n\n\n\n<p>Las vacaciones fiscales sirven para evitar las consecuencias, a veces muy graves, que tiene para los aut\u00f3nomos o empresarios hacer caso omiso a una notificaci\u00f3n electr\u00f3nica de Hacienda.<\/p>\n\n\n\n<p>En primer lugar, no atender en plazo una notificaci\u00f3n que se entender\u00e1 como le\u00edda <strong>puede hacer que se consuman otros plazos distintos<\/strong>, como el de alegaciones, recursos o aportaci\u00f3n de datos, documentos o informaci\u00f3n tributaria que solicita Hacienda.<\/p>\n\n\n\n<p>Adem\u00e1s de esto, el mero hecho de no atender un requerimiento de la Agencia Tributaria ya puede ser sancionable por s\u00ed solo. El Tribunal Econ\u00f3mico-Administrativo Central emiti\u00f3 una sentencia el 15 de noviembre de 2021 donde unific\u00f3 criterio y entendi\u00f3 que una vez Hacienda certifique que ha enviado una notificaci\u00f3n electr\u00f3nica, a los diez d\u00edas,<strong> el contribuyente queda notificado<\/strong> y, por lo tanto, tiene obligaci\u00f3n de haber le\u00eddo y respondido a lo que requiera la Agencia Tributaria.<\/p>\n\n\n\n<p>Si no lo hace, el hecho de no acceder al contenido de la notificaci\u00f3n puede entenderse como una infracci\u00f3n tipificada en el art\u00edculo 203 de la Ley General Tributaria de \u201cresistencia, obstrucci\u00f3n, excusa o negativa a las actuaciones de la Administraci\u00f3n tributaria\u201d. Esto es sancionable con multas desde 150 euros, en los casos m\u00e1s leves, hasta 600.000 euros en los m\u00e1s graves.<\/p>\n","protected":false},"excerpt":{"rendered":"<p>\u00bfSab\u00edas que los aut\u00f3nomos tienen derecho a coger un mes de vacaciones fiscales al a\u00f1o? Hacienda permite a los trabajadores por cuenta propia y empresarios escoger 30 d\u00edas en los<\/p>\n","protected":false},"author":3,"featured_media":39376,"comment_status":"closed","ping_status":"open","sticky":false,"template":"","format":"standard","meta":{"footnotes":""},"categories":[7],"tags":[],"class_list":["post-39361","post","type-post","status-publish","format-standard","has-post-thumbnail","hentry","category-autonomos","generate-columns","tablet-grid-50","mobile-grid-100","grid-parent","grid-50","resize-featured-image"],"yoast_head":"<!-- This site is optimized with the Yoast SEO plugin v23.9 - https:\/\/yoast.com\/wordpress\/plugins\/seo\/ -->\n<title>Vacaciones fiscales aut\u00f3nomos: \u00bfqu\u00e9 son y c\u00f3mo solicitarlas?<\/title>\n<meta name=\"description\" content=\"\u00bfNo sabes qu\u00e9 son las vacaciones fiscales ni c\u00f3mo se solicitan? Te contamos todo lo que necesitas saber. \u00a1Entra y desc\u00fabrelo!\" \/>\n<meta name=\"robots\" content=\"index, follow, max-snippet:-1, max-image-preview:large, max-video-preview:-1\" \/>\n<link rel=\"canonical\" href=\"https:\/\/getquipu.com\/blog\/vacaciones-fiscales-de-los-autonomos\/\" \/>\n<meta property=\"og:locale\" content=\"es_ES\" \/>\n<meta property=\"og:type\" content=\"article\" \/>\n<meta property=\"og:title\" content=\"Vacaciones fiscales aut\u00f3nomos: \u00bfqu\u00e9 son y c\u00f3mo solicitarlas?\" \/>\n<meta property=\"og:description\" content=\"\u00bfNo sabes qu\u00e9 son las vacaciones fiscales ni c\u00f3mo se solicitan? Te contamos todo lo que necesitas saber. \u00a1Entra y desc\u00fabrelo!\" \/>\n<meta property=\"og:url\" content=\"https:\/\/getquipu.com\/blog\/vacaciones-fiscales-de-los-autonomos\/\" \/>\n<meta property=\"og:site_name\" content=\"Aut\u00f3nomos, empresas y asesor\u00edas\" \/>\n<meta property=\"article:published_time\" content=\"2023-06-16T14:06:29+00:00\" \/>\n<meta property=\"article:modified_time\" content=\"2024-11-11T12:48:05+00:00\" \/>\n<meta property=\"og:image\" content=\"https:\/\/getquipu.com\/wp-content\/uploads\/2023\/06\/16160609\/vacaciones-fiscales-autonomos.png\" \/>\n\t<meta property=\"og:image:width\" content=\"768\" \/>\n\t<meta property=\"og:image:height\" content=\"295\" \/>\n\t<meta property=\"og:image:type\" content=\"image\/png\" \/>\n<meta name=\"author\" content=\"Roger Doba\u00f1o - CEO Quipu\" \/>\n<meta name=\"twitter:card\" content=\"summary_large_image\" \/>\n<meta name=\"twitter:creator\" content=\"@rogerdobano\" \/>\n<meta name=\"twitter:label1\" content=\"Escrito por\" \/>\n\t<meta name=\"twitter:data1\" content=\"Roger Doba\u00f1o - CEO Quipu\" \/>\n\t<meta name=\"twitter:label2\" content=\"Tiempo de lectura\" \/>\n\t<meta name=\"twitter:data2\" content=\"16 minutos\" \/>\n<script type=\"application\/ld+json\" class=\"yoast-schema-graph\">{\"@context\":\"https:\/\/schema.org\",\"@graph\":[{\"@type\":\"Article\",\"@id\":\"https:\/\/getquipu.com\/blog\/vacaciones-fiscales-de-los-autonomos\/#article\",\"isPartOf\":{\"@id\":\"https:\/\/getquipu.com\/blog\/vacaciones-fiscales-de-los-autonomos\/\"},\"author\":{\"name\":\"Roger Doba\u00f1o - CEO Quipu\",\"@id\":\"https:\/\/getquipu.com\/blog\/#\/schema\/person\/373ccc5d513d88aea29fc8135422fa2e\"},\"headline\":\"Vacaciones fiscales de los aut\u00f3nomos: \u00bfqu\u00e9 son y c\u00f3mo solicitarlas?\",\"datePublished\":\"2023-06-16T14:06:29+00:00\",\"dateModified\":\"2024-11-11T12:48:05+00:00\",\"mainEntityOfPage\":{\"@id\":\"https:\/\/getquipu.com\/blog\/vacaciones-fiscales-de-los-autonomos\/\"},\"wordCount\":1755,\"publisher\":{\"@id\":\"https:\/\/getquipu.com\/blog\/#organization\"},\"image\":{\"@id\":\"https:\/\/getquipu.com\/blog\/vacaciones-fiscales-de-los-autonomos\/#primaryimage\"},\"thumbnailUrl\":\"https:\/\/getquipu.com\/wp-content\/uploads\/2023\/06\/16160609\/vacaciones-fiscales-autonomos.png\",\"articleSection\":[\"Aut\u00f3nomos\"],\"inLanguage\":\"es\"},{\"@type\":\"WebPage\",\"@id\":\"https:\/\/getquipu.com\/blog\/vacaciones-fiscales-de-los-autonomos\/\",\"url\":\"https:\/\/getquipu.com\/blog\/vacaciones-fiscales-de-los-autonomos\/\",\"name\":\"Vacaciones fiscales aut\u00f3nomos: \u00bfqu\u00e9 son y c\u00f3mo solicitarlas?\",\"isPartOf\":{\"@id\":\"https:\/\/getquipu.com\/blog\/#website\"},\"primaryImageOfPage\":{\"@id\":\"https:\/\/getquipu.com\/blog\/vacaciones-fiscales-de-los-autonomos\/#primaryimage\"},\"image\":{\"@id\":\"https:\/\/getquipu.com\/blog\/vacaciones-fiscales-de-los-autonomos\/#primaryimage\"},\"thumbnailUrl\":\"https:\/\/getquipu.com\/wp-content\/uploads\/2023\/06\/16160609\/vacaciones-fiscales-autonomos.png\",\"datePublished\":\"2023-06-16T14:06:29+00:00\",\"dateModified\":\"2024-11-11T12:48:05+00:00\",\"description\":\"\u00bfNo sabes qu\u00e9 son las vacaciones fiscales ni c\u00f3mo se solicitan? Te contamos todo lo que necesitas saber. \u00a1Entra y desc\u00fabrelo!\",\"breadcrumb\":{\"@id\":\"https:\/\/getquipu.com\/blog\/vacaciones-fiscales-de-los-autonomos\/#breadcrumb\"},\"inLanguage\":\"es\",\"potentialAction\":[{\"@type\":\"ReadAction\",\"target\":[\"https:\/\/getquipu.com\/blog\/vacaciones-fiscales-de-los-autonomos\/\"]}]},{\"@type\":\"ImageObject\",\"inLanguage\":\"es\",\"@id\":\"https:\/\/getquipu.com\/blog\/vacaciones-fiscales-de-los-autonomos\/#primaryimage\",\"url\":\"https:\/\/getquipu.com\/wp-content\/uploads\/2023\/06\/16160609\/vacaciones-fiscales-autonomos.png\",\"contentUrl\":\"https:\/\/getquipu.com\/wp-content\/uploads\/2023\/06\/16160609\/vacaciones-fiscales-autonomos.png\",\"width\":768,\"height\":295,\"caption\":\"vacaciones fiscales de los aut\u00f3nomos\"},{\"@type\":\"BreadcrumbList\",\"@id\":\"https:\/\/getquipu.com\/blog\/vacaciones-fiscales-de-los-autonomos\/#breadcrumb\",\"itemListElement\":[{\"@type\":\"ListItem\",\"position\":1,\"name\":\"Blog\",\"item\":\"https:\/\/getquipu.com\/blog\/\"},{\"@type\":\"ListItem\",\"position\":2,\"name\":\"Aut\u00f3nomos\",\"item\":\"https:\/\/getquipu.com\/blog\/category\/autonomos\/\"},{\"@type\":\"ListItem\",\"position\":3,\"name\":\"Vacaciones fiscales de los aut\u00f3nomos: \u00bfqu\u00e9 son y c\u00f3mo solicitarlas?\"}]},{\"@type\":\"WebSite\",\"@id\":\"https:\/\/getquipu.com\/blog\/#website\",\"url\":\"https:\/\/getquipu.com\/blog\/\",\"name\":\"Aut\u00f3nomos, empresas y asesor\u00edas\",\"description\":\"Informaci\u00f3n \u00fatil sobre fiscalidad y eficiencia administrativa en negocios como el tuyo.\",\"publisher\":{\"@id\":\"https:\/\/getquipu.com\/blog\/#organization\"},\"potentialAction\":[{\"@type\":\"SearchAction\",\"target\":{\"@type\":\"EntryPoint\",\"urlTemplate\":\"https:\/\/getquipu.com\/blog\/?s={search_term_string}\"},\"query-input\":{\"@type\":\"PropertyValueSpecification\",\"valueRequired\":true,\"valueName\":\"search_term_string\"}}],\"inLanguage\":\"es\"},{\"@type\":\"Organization\",\"@id\":\"https:\/\/getquipu.com\/blog\/#organization\",\"name\":\"Quipu\",\"url\":\"https:\/\/getquipu.com\/blog\/\",\"logo\":{\"@type\":\"ImageObject\",\"inLanguage\":\"es\",\"@id\":\"https:\/\/getquipu.com\/blog\/#\/schema\/logo\/image\/\",\"url\":\"https:\/\/getquipu.com\/wp-content\/uploads\/2022\/06\/20105810\/logo-quipu.png\",\"contentUrl\":\"https:\/\/getquipu.com\/wp-content\/uploads\/2022\/06\/20105810\/logo-quipu.png\",\"width\":399,\"height\":399,\"caption\":\"Quipu\"},\"image\":{\"@id\":\"https:\/\/getquipu.com\/blog\/#\/schema\/logo\/image\/\"}},{\"@type\":\"Person\",\"@id\":\"https:\/\/getquipu.com\/blog\/#\/schema\/person\/373ccc5d513d88aea29fc8135422fa2e\",\"name\":\"Roger Doba\u00f1o - CEO Quipu\",\"image\":{\"@type\":\"ImageObject\",\"inLanguage\":\"es\",\"@id\":\"https:\/\/getquipu.com\/blog\/#\/schema\/person\/image\/\",\"url\":\"https:\/\/secure.gravatar.com\/avatar\/34af94bfd8e5677657b0a2d961dc4974?s=96&d=mm&r=g\",\"contentUrl\":\"https:\/\/secure.gravatar.com\/avatar\/34af94bfd8e5677657b0a2d961dc4974?s=96&d=mm&r=g\",\"caption\":\"Roger Doba\u00f1o - CEO Quipu\"},\"description\":\"Roger es CEO y Fundador de Quipu, un software en la nube que lleva +10 a\u00f1os ayudando a aut\u00f3nomos, pymes y asesor\u00edas a digitalizar su operativa precontable. A ra\u00edz de una mala experiencia como aut\u00f3nomo, Roger se propuso crear un programa que acompa\u00f1ara a los empresarios a lidiar con la administraci\u00f3n.\",\"sameAs\":[\"https:\/\/getquipu.com\",\"https:\/\/www.linkedin.com\/in\/rogerdobano\/\",\"https:\/\/x.com\/@rogerdobano\"],\"url\":\"https:\/\/getquipu.com\/blog\/author\/roger\/\"}]}<\/script>\n<!-- \/ Yoast SEO plugin. -->","yoast_head_json":{"title":"Vacaciones fiscales aut\u00f3nomos: \u00bfqu\u00e9 son y c\u00f3mo solicitarlas?","description":"\u00bfNo sabes qu\u00e9 son las vacaciones fiscales ni c\u00f3mo se solicitan? Te contamos todo lo que necesitas saber. \u00a1Entra y desc\u00fabrelo!","robots":{"index":"index","follow":"follow","max-snippet":"max-snippet:-1","max-image-preview":"max-image-preview:large","max-video-preview":"max-video-preview:-1"},"canonical":"https:\/\/getquipu.com\/blog\/vacaciones-fiscales-de-los-autonomos\/","og_locale":"es_ES","og_type":"article","og_title":"Vacaciones fiscales aut\u00f3nomos: \u00bfqu\u00e9 son y c\u00f3mo solicitarlas?","og_description":"\u00bfNo sabes qu\u00e9 son las vacaciones fiscales ni c\u00f3mo se solicitan? Te contamos todo lo que necesitas saber. \u00a1Entra y desc\u00fabrelo!","og_url":"https:\/\/getquipu.com\/blog\/vacaciones-fiscales-de-los-autonomos\/","og_site_name":"Aut\u00f3nomos, empresas y asesor\u00edas","article_published_time":"2023-06-16T14:06:29+00:00","article_modified_time":"2024-11-11T12:48:05+00:00","og_image":[{"width":768,"height":295,"url":"https:\/\/getquipu.com\/wp-content\/uploads\/2023\/06\/16160609\/vacaciones-fiscales-autonomos.png","type":"image\/png"}],"author":"Roger Doba\u00f1o - CEO Quipu","twitter_card":"summary_large_image","twitter_creator":"@rogerdobano","twitter_misc":{"Escrito por":"Roger Doba\u00f1o - CEO Quipu","Tiempo de lectura":"16 minutos"},"schema":{"@context":"https:\/\/schema.org","@graph":[{"@type":"Article","@id":"https:\/\/getquipu.com\/blog\/vacaciones-fiscales-de-los-autonomos\/#article","isPartOf":{"@id":"https:\/\/getquipu.com\/blog\/vacaciones-fiscales-de-los-autonomos\/"},"author":{"name":"Roger Doba\u00f1o - CEO Quipu","@id":"https:\/\/getquipu.com\/blog\/#\/schema\/person\/373ccc5d513d88aea29fc8135422fa2e"},"headline":"Vacaciones fiscales de los aut\u00f3nomos: \u00bfqu\u00e9 son y c\u00f3mo solicitarlas?","datePublished":"2023-06-16T14:06:29+00:00","dateModified":"2024-11-11T12:48:05+00:00","mainEntityOfPage":{"@id":"https:\/\/getquipu.com\/blog\/vacaciones-fiscales-de-los-autonomos\/"},"wordCount":1755,"publisher":{"@id":"https:\/\/getquipu.com\/blog\/#organization"},"image":{"@id":"https:\/\/getquipu.com\/blog\/vacaciones-fiscales-de-los-autonomos\/#primaryimage"},"thumbnailUrl":"https:\/\/getquipu.com\/wp-content\/uploads\/2023\/06\/16160609\/vacaciones-fiscales-autonomos.png","articleSection":["Aut\u00f3nomos"],"inLanguage":"es"},{"@type":"WebPage","@id":"https:\/\/getquipu.com\/blog\/vacaciones-fiscales-de-los-autonomos\/","url":"https:\/\/getquipu.com\/blog\/vacaciones-fiscales-de-los-autonomos\/","name":"Vacaciones fiscales aut\u00f3nomos: \u00bfqu\u00e9 son y c\u00f3mo solicitarlas?","isPartOf":{"@id":"https:\/\/getquipu.com\/blog\/#website"},"primaryImageOfPage":{"@id":"https:\/\/getquipu.com\/blog\/vacaciones-fiscales-de-los-autonomos\/#primaryimage"},"image":{"@id":"https:\/\/getquipu.com\/blog\/vacaciones-fiscales-de-los-autonomos\/#primaryimage"},"thumbnailUrl":"https:\/\/getquipu.com\/wp-content\/uploads\/2023\/06\/16160609\/vacaciones-fiscales-autonomos.png","datePublished":"2023-06-16T14:06:29+00:00","dateModified":"2024-11-11T12:48:05+00:00","description":"\u00bfNo sabes qu\u00e9 son las vacaciones fiscales ni c\u00f3mo se solicitan? Te contamos todo lo que necesitas saber. \u00a1Entra y desc\u00fabrelo!","breadcrumb":{"@id":"https:\/\/getquipu.com\/blog\/vacaciones-fiscales-de-los-autonomos\/#breadcrumb"},"inLanguage":"es","potentialAction":[{"@type":"ReadAction","target":["https:\/\/getquipu.com\/blog\/vacaciones-fiscales-de-los-autonomos\/"]}]},{"@type":"ImageObject","inLanguage":"es","@id":"https:\/\/getquipu.com\/blog\/vacaciones-fiscales-de-los-autonomos\/#primaryimage","url":"https:\/\/getquipu.com\/wp-content\/uploads\/2023\/06\/16160609\/vacaciones-fiscales-autonomos.png","contentUrl":"https:\/\/getquipu.com\/wp-content\/uploads\/2023\/06\/16160609\/vacaciones-fiscales-autonomos.png","width":768,"height":295,"caption":"vacaciones fiscales de los aut\u00f3nomos"},{"@type":"BreadcrumbList","@id":"https:\/\/getquipu.com\/blog\/vacaciones-fiscales-de-los-autonomos\/#breadcrumb","itemListElement":[{"@type":"ListItem","position":1,"name":"Blog","item":"https:\/\/getquipu.com\/blog\/"},{"@type":"ListItem","position":2,"name":"Aut\u00f3nomos","item":"https:\/\/getquipu.com\/blog\/category\/autonomos\/"},{"@type":"ListItem","position":3,"name":"Vacaciones fiscales de los aut\u00f3nomos: \u00bfqu\u00e9 son y c\u00f3mo solicitarlas?"}]},{"@type":"WebSite","@id":"https:\/\/getquipu.com\/blog\/#website","url":"https:\/\/getquipu.com\/blog\/","name":"Aut\u00f3nomos, empresas y asesor\u00edas","description":"Informaci\u00f3n \u00fatil sobre fiscalidad y eficiencia administrativa en negocios como el tuyo.","publisher":{"@id":"https:\/\/getquipu.com\/blog\/#organization"},"potentialAction":[{"@type":"SearchAction","target":{"@type":"EntryPoint","urlTemplate":"https:\/\/getquipu.com\/blog\/?s={search_term_string}"},"query-input":{"@type":"PropertyValueSpecification","valueRequired":true,"valueName":"search_term_string"}}],"inLanguage":"es"},{"@type":"Organization","@id":"https:\/\/getquipu.com\/blog\/#organization","name":"Quipu","url":"https:\/\/getquipu.com\/blog\/","logo":{"@type":"ImageObject","inLanguage":"es","@id":"https:\/\/getquipu.com\/blog\/#\/schema\/logo\/image\/","url":"https:\/\/getquipu.com\/wp-content\/uploads\/2022\/06\/20105810\/logo-quipu.png","contentUrl":"https:\/\/getquipu.com\/wp-content\/uploads\/2022\/06\/20105810\/logo-quipu.png","width":399,"height":399,"caption":"Quipu"},"image":{"@id":"https:\/\/getquipu.com\/blog\/#\/schema\/logo\/image\/"}},{"@type":"Person","@id":"https:\/\/getquipu.com\/blog\/#\/schema\/person\/373ccc5d513d88aea29fc8135422fa2e","name":"Roger Doba\u00f1o - CEO Quipu","image":{"@type":"ImageObject","inLanguage":"es","@id":"https:\/\/getquipu.com\/blog\/#\/schema\/person\/image\/","url":"https:\/\/secure.gravatar.com\/avatar\/34af94bfd8e5677657b0a2d961dc4974?s=96&d=mm&r=g","contentUrl":"https:\/\/secure.gravatar.com\/avatar\/34af94bfd8e5677657b0a2d961dc4974?s=96&d=mm&r=g","caption":"Roger Doba\u00f1o - CEO Quipu"},"description":"Roger es CEO y Fundador de Quipu, un software en la nube que lleva +10 a\u00f1os ayudando a aut\u00f3nomos, pymes y asesor\u00edas a digitalizar su operativa precontable. A ra\u00edz de una mala experiencia como aut\u00f3nomo, Roger se propuso crear un programa que acompa\u00f1ara a los empresarios a lidiar con la administraci\u00f3n.","sameAs":["https:\/\/getquipu.com","https:\/\/www.linkedin.com\/in\/rogerdobano\/","https:\/\/x.com\/@rogerdobano"],"url":"https:\/\/getquipu.com\/blog\/author\/roger\/"}]}},"_links":{"self":[{"href":"https:\/\/getquipu.com\/blog\/wp-json\/wp\/v2\/posts\/39361","targetHints":{"allow":["GET"]}}],"collection":[{"href":"https:\/\/getquipu.com\/blog\/wp-json\/wp\/v2\/posts"}],"about":[{"href":"https:\/\/getquipu.com\/blog\/wp-json\/wp\/v2\/types\/post"}],"author":[{"embeddable":true,"href":"https:\/\/getquipu.com\/blog\/wp-json\/wp\/v2\/users\/3"}],"replies":[{"embeddable":true,"href":"https:\/\/getquipu.com\/blog\/wp-json\/wp\/v2\/comments?post=39361"}],"version-history":[{"count":5,"href":"https:\/\/getquipu.com\/blog\/wp-json\/wp\/v2\/posts\/39361\/revisions"}],"predecessor-version":[{"id":48438,"href":"https:\/\/getquipu.com\/blog\/wp-json\/wp\/v2\/posts\/39361\/revisions\/48438"}],"wp:featuredmedia":[{"embeddable":true,"href":"https:\/\/getquipu.com\/blog\/wp-json\/wp\/v2\/media\/39376"}],"wp:attachment":[{"href":"https:\/\/getquipu.com\/blog\/wp-json\/wp\/v2\/media?parent=39361"}],"wp:term":[{"taxonomy":"category","embeddable":true,"href":"https:\/\/getquipu.com\/blog\/wp-json\/wp\/v2\/categories?post=39361"},{"taxonomy":"post_tag","embeddable":true,"href":"https:\/\/getquipu.com\/blog\/wp-json\/wp\/v2\/tags?post=39361"}],"curies":[{"name":"wp","href":"https:\/\/api.w.org\/{rel}","templated":true}]}}