{"id":39045,"date":"2023-05-04T16:50:00","date_gmt":"2023-05-04T14:50:00","guid":{"rendered":"https:\/\/getquipu.com\/blog\/?p=39045"},"modified":"2025-03-12T11:04:55","modified_gmt":"2025-03-12T10:04:55","slug":"obligaciones-fiscales-de-los-autonomos","status":"publish","type":"post","link":"https:\/\/getquipu.com\/blog\/obligaciones-fiscales-de-los-autonomos\/","title":{"rendered":"Obligaciones fiscales de los aut\u00f3nomos: \u00bfcu\u00e1les son?"},"content":{"rendered":"\n<p>Iniciar una actividad como trabajador independiente o aut\u00f3nomo implica <strong>conocer y asumir una serie de responsabilidades legales y fiscales<\/strong> que acompa\u00f1an tu actividad. Estas responsabilidades var\u00edan seg\u00fan la naturaleza y peculiaridades de cada negocio, pero hay requisitos m\u00ednimos que todo aut\u00f3nomo debe cumplir en t\u00e9rminos de normativas fiscales y de Seguridad Social. <\/p>\n\n\n\n<p>Mantenerse <strong>al corriente de las normativas de los aut\u00f3nomos puede resultar desafiante<\/strong>. Cada a\u00f1o, se producen cambios en el IRPF, el IVA, las cotizaciones a la Seguridad Social, y la mayor\u00eda de estos cambios no suelen ser comunicados de manera efectiva.<\/p>\n\n\n\n<p>En este art\u00edculo te facilitamos una gu\u00eda r\u00e1pida sobre los aspectos y modelos legales al 2023 que afectan a los aut\u00f3nomos. Contin\u00faa leyendo este art\u00edculo y ent\u00e9rate de todo para mantener tus finanzas en orden y llevar tu negocio al siguiente nivel.<\/p>\n\n\n\n<p><strong>En este art\u00edculo aprender\u00e1s:<\/strong><\/p>\n\n\n\n<ul class=\"wp-block-list\">\n<li><a href=\"#agencia-tributaria\">Alta en la la Agencia Tributaria<\/a><\/li>\n\n\n\n<li><a href=\"#impuestos\">Impuestos por los que debes de tributar como aut\u00f3nomo<\/a><\/li>\n\n\n\n<li><a href=\"#modelos-tributarios\">Modelos tributarios que debes presentar como aut\u00f3nomo<\/a><\/li>\n\n\n\n<li><a href=\"#recomendaciones\">Recomendaciones para cumplir adecuadamente con tus responsabilidades fiscales<\/a><\/li>\n<\/ul>\n\n\n\n<div class=\"wp-block-group has-background\" style=\"background-color:#fef9f5\"><div class=\"wp-block-group__inner-container is-layout-flow wp-block-group-is-layout-flow\">\n<p class=\"has-text-align-center has-medium-font-size\"><strong>\u00bfQu\u00e9 impuestos paga un aut\u00f3nomo?<\/strong><\/p>\n\n\n\n<p>\ud83d\udcf9 <strong>V\u00eddeo explicativo: <\/strong>En el siguiente v\u00eddeo te mostramos c\u00f3mo respondiendo a una simple pregunta puedes saber qu\u00e9 impuestos debes pagar como aut\u00f3nomo. <\/p>\n\n\n\n<div class=\"iframe-container\">\r\n\r\n<iframe class=\"responsive-iframe\" title=\"YouTube video player\" src=\"https:\/\/www.youtube.com\/embed\/dIntI7na598\" frameborder=\"0\" allowfullscreen=\"allowfullscreen\"><\/iframe>\r\n\r\n<\/div>\n\n\n\n<div style=\"height:20px\" aria-hidden=\"true\" class=\"wp-block-spacer\"><\/div>\n\n\n\n<div class=\"btn-div-destacado\"><a href=\"https:\/\/getquipu.com\/es\/cuentas\/registro\" class=\"btn-destacado\" target=\"_blank\" rel=\"noreferrer noopener\">Prueba Quipu Gratis<\/a><\/div>\n\n\n\n<div style=\"height:15px\" aria-hidden=\"true\" class=\"wp-block-spacer\"><\/div>\n\n\n\n<p class=\"has-text-align-center has-small-font-size\">Prueba gratuita de 15 d\u00edas. Sin permanencia. Sin introducir tu tarjeta.<\/p>\n<\/div><\/div>\n\n\n\n<h2 class=\"wp-block-heading\" id=\"agencia-tributaria\">Alta en la la Agencia Tributaria<\/h2>\n\n\n\n<p>Es el principal requisito a la hora de cumplir con tus <strong>obligaciones fiscales<\/strong>, puedes realizar el registro a trav\u00e9s de<a href=\"https:\/\/sede.agenciatributaria.gob.es\/Sede\/procedimientoini\/G322.shtml\" target=\"_blank\" rel=\"noreferrer noopener\"> la p\u00e1gina web de la Agencia Tributaria (AEAT)<\/a>. Pero adem\u00e1s del alta en Hacienda, como aut\u00f3nomos tambi\u00e9n estamos obligados a darnos de alta en <a href=\"https:\/\/getquipu.com\/blog\/regimen-especial-de-trabajadores-autonomos-que-es-y-como-funciona\/\">el R\u00e9gimen Especial de Trabajadores Aut\u00f3nomos (RETA)<\/a>, no obstante en este art\u00edculo nos centraremos en las obligaciones tributarias de los trabajadores por cuenta propia.<\/p>\n\n\n\n<p>En primer lugar, el aut\u00f3nomo debe presentar ante la AEAT <strong>una declaraci\u00f3n censal<\/strong> a trav\u00e9s del <a href=\"https:\/\/getquipu.com\/blog\/modelo-036-aeat\/\">modelo 036<\/a> o el <a href=\"https:\/\/getquipu.com\/blog\/modelo-037-hacienda\/\">modelo 037<\/a>, en los que se debe especificar el lugar en el que se va a desarrollar la actividad, as\u00ed como la actividad o actividades empresariales o profesionales a realizar, debiendo para ello seleccionar alguno de los ep\u00edgrafes del<a href=\"https:\/\/getquipu.com\/blog\/impuesto-de-actividades-economicas\/\"> Impuesto de Actividades Econ\u00f3micas (IAE)<\/a>, regulados en el Real Decreto Legislativo 1175\/1990.<\/p>\n\n\n\n<h2 class=\"wp-block-heading\" id=\"impuestos\">Impuestos por los que debes de tributar como aut\u00f3nomo<\/h2>\n\n\n\n<p>Una vez completados los procedimientos mencionados anteriormente, es hora de cumplir con las obligaciones fiscales que corresponden a un aut\u00f3nomo, las cuales son las siguientes:<\/p>\n\n\n\n<ul class=\"wp-block-list\">\n<li><strong>El impuesto sobre la renta (IRPF)<\/strong>: se aplica a las ganancias de la actividad empresarial del aut\u00f3nomo. Hay diferentes formas de calcularlo y se liquida trimestral o anualmente, dependiendo de tu actividad.<\/li>\n\n\n\n<li><strong>El impuesto sobre el valor a\u00f1adido (IVA)<\/strong>: se aplica a las ventas y grava el consumo. Los aut\u00f3nomos act\u00faan como intermediarios, cobrando el IVA a sus clientes y pagando a Hacienda la diferencia entre el IVA cobrado (repercutido) y el IVA pagado (soportado) en sus compras.<\/li>\n<\/ul>\n\n\n\n<p>En resumen, los aut\u00f3nomos deben cumplir con sus obligaciones fiscales, pagando impuestos sobre sus ganancias y ventas, ya sea a trav\u00e9s del IRPF o el IVA, seg\u00fan corresponda a cada situaci\u00f3n.<\/p>\n\n\n\n<h2 class=\"wp-block-heading\" id=\"modelos-tributarios\">Modelos tributarios que debes presentar como aut\u00f3nomo<\/h2>\n\n\n\n<p>Los aut\u00f3nomos deben <strong>presentar diferentes modelos tributarios<\/strong> para declarar y liquidar todo lo relacionado tanto con el Impuesto sobre el Valor A\u00f1adido (modelos 3XX) y con el Impuesto sobre la Renta de las Personas F\u00edsicas (modelos 1XX).<\/p>\n\n\n\n<p>Estos formularios <strong>se presentan de manera trimestral o anual<\/strong> y, aunque existen algunos que son obligatorios para todos los trabajadores aut\u00f3nomos, otros solo se deben presentar en situaciones espec\u00edficas.<\/p>\n\n\n\n<p>Vamos a ver los modelos trimestrales y anuales m\u00e1s comunes entre los aut\u00f3nomo.<\/p>\n\n\n\n<h3 class=\"wp-block-heading\">Modelos trimestrales<\/h3>\n\n\n\n<p>Los modelos trimestrales <strong>se presentan durante los primeros 20 d\u00edas naturales<\/strong> de Enero, Abril, Julio y Septiembre. En cada modelo se recogen los datos relativos a cada trimestre. <\/p>\n\n\n\n<p>Los modelo trimestrales m\u00e1s habituales son:<\/p>\n\n\n\n<ul class=\"wp-block-list\">\n<li><a href=\"https:\/\/getquipu.com\/blog\/modelo-111-aeat\/\"><strong>Modelo 111<\/strong><\/a>: este modelo es necesario para cumplir con el pago de las retenciones correspondientes a los trabajadores o profesionales que hayas contratado.<\/li>\n\n\n\n<li><a href=\"https:\/\/getquipu.com\/blog\/modelo-115-aeat\/\"><strong>Modelo 115<\/strong><\/a>: este modelo se utiliza para efectuar el pago de las retenciones relacionadas con el alquiler de un local donde desarrollas tu actividad profesional, en caso de tenerlo.<\/li>\n\n\n\n<li><a href=\"https:\/\/getquipu.com\/blog\/modelo-130-irpf\/\"><strong>Modelo 130<\/strong><\/a>: con este modelo se realizan los pagos fraccionados de IRPF en el r\u00e9gimen de estimaci\u00f3n directa, tanto en su modalidad normal como simplificada. <\/li>\n\n\n\n<li><a href=\"https:\/\/getquipu.com\/blog\/modelo-131-aeat\/\"><strong>Modelo 131<\/strong><\/a>: ese modelo tiene el mismo prop\u00f3sito que el modelo 130, pero se aplica \u00fanicamente a los aut\u00f3nomos que se encuentren en el r\u00e9gimen de estimaci\u00f3n objetiva o m\u00f3dulos. <\/li>\n\n\n\n<li><a href=\"https:\/\/getquipu.com\/blog\/modelo-303-de-iva\/\"><strong>Modelo 303<\/strong><\/a>: este modelo se corresponde con el Impuesto sobre el Valor A\u00f1adido (IVA). Se utiliza para declarar y liquidar la diferencia entre el IVA repercutido y el IVA soportado.<\/li>\n\n\n\n<li><a href=\"https:\/\/getquipu.com\/blog\/modelo-349-operaciones-intracomunitarias\/\"><strong>Modelo 349<\/strong><\/a>: en este modelo se detallan todas las operaciones intracomunitarias que se han llevado a cabo durante dicho periodo.<\/li>\n<\/ul>\n\n\n\n<h3 class=\"wp-block-heading\">Modelos anuales<\/h3>\n\n\n\n<p>Estos modelos tributarios suelen ser res\u00famenes anuales de los modelos trimestrales. Suelen presentarse entre el 1 y el 30 de Enero del a\u00f1o siguiente al que se resume en ellos.<\/p>\n\n\n\n<p>Los modelo trimestrales m\u00e1s habituales son:<\/p>\n\n\n\n<ul class=\"wp-block-list\">\n<li><strong>Modelo 100<\/strong>: este modelo se corresponde con la declaraci\u00f3n de la renta de los aut\u00f3nomos. Debe de presentarse entre los meses de Abril y Junio.<\/li>\n\n\n\n<li><a href=\"https:\/\/getquipu.com\/blog\/modelo-180-aeat\/\"><strong>Modelo 180<\/strong><\/a>: se trata de un modelo informativo que resume todas las declaraciones y pagos realizados a trav\u00e9s del modelo 115.<\/li>\n\n\n\n<li><a href=\"https:\/\/getquipu.com\/blog\/modelo-190-aeat\/\"><strong>Modelo 190<\/strong><\/a>: se trata de un modelo informativo que resumen todas la informaci\u00f3n declarada trimestralmente en el modelo 111.<\/li>\n\n\n\n<li><a href=\"https:\/\/getquipu.com\/blog\/modelo-347-operaciones-con-terceros\/\"><strong>Modelo 347<\/strong><\/a>: modelo informativo que se presenta para declarar todas las operaciones con clientes y proveedores que superen los 3005,60 \u20ac. <\/li>\n\n\n\n<li><a href=\"https:\/\/getquipu.com\/blog\/modelo-390-aeat\/\"><strong>Modelo 390<\/strong><\/a>: modelo informativo que resume todas las declaraciones trimestrales presentadas del modelo 303.<\/li>\n<\/ul>\n\n\n\n<h2 class=\"wp-block-heading\" id=\"recomendaciones\">Recomendaciones para cumplir adecuadamente con tus responsabilidades fiscales como aut\u00f3nomo<\/h2>\n\n\n\n<p>Aqu\u00ed tienes algunas recomendaciones para cumplir con tus obligaciones contables y fiscales como aut\u00f3nomo:<\/p>\n\n\n\n<ul class=\"wp-block-list\">\n<li><strong>Adopta la digitalizaci\u00f3n de tus procesos<\/strong> para evitar errores. Utiliza herramientas como <a href=\"https:\/\/getquipu.com\/\">Quipu<\/a> para llevar tu contabilidad al d\u00eda, as\u00ed como elementos como el certificado electr\u00f3nico para realizar tr\u00e1mites online, facilitar\u00e1n la transformaci\u00f3n digital de tu empresa y te ayudar\u00e1n a cumplir con la normativa correspondiente.<\/li>\n\n\n\n<li><strong>Mantente al d\u00eda<\/strong> con las obligaciones fiscales de los aut\u00f3nomos. Es esencial estar informado y actualizado sobre los derechos y deberes fiscales y contables para cumplir con la Ley. Contar con el apoyo de un asesor fiscal puede reducir errores, agilizar la presentaci\u00f3n de modelos tributarios y optimizar la gesti\u00f3n de impuestos de los aut\u00f3nomos.<\/li>\n\n\n\n<li><strong>Organiza y mant\u00e9n en orden la documentaci\u00f3n<\/strong>. Lleva un registro detallado de los ingresos y gastos de tu negocio, de manera que los impuestos puedan calcularse de forma precisa y dispongas de la informaci\u00f3n requerida por Hacienda en caso de necesitarla.<\/li>\n<\/ul>\n","protected":false},"excerpt":{"rendered":"<p>Iniciar una actividad como trabajador independiente o aut\u00f3nomo implica conocer y asumir una serie de responsabilidades legales y fiscales que acompa\u00f1an tu actividad. Estas responsabilidades var\u00edan seg\u00fan la naturaleza y<\/p>\n","protected":false},"author":3,"featured_media":39055,"comment_status":"closed","ping_status":"open","sticky":false,"template":"","format":"standard","meta":{"footnotes":""},"categories":[107],"tags":[],"class_list":["post-39045","post","type-post","status-publish","format-standard","has-post-thumbnail","hentry","category-fiscalidad","generate-columns","tablet-grid-50","mobile-grid-100","grid-parent","grid-50","resize-featured-image"],"yoast_head":"<!-- This site is optimized with the Yoast SEO plugin v23.9 - https:\/\/yoast.com\/wordpress\/plugins\/seo\/ -->\n<title>Obligaciones fiscales de los aut\u00f3nomos: \u00bfcu\u00e1les son?<\/title>\n<meta name=\"description\" content=\"\u00bfEres aut\u00f3nomo y no tienes claro cu\u00e1les son tus obligaciones fiscales? Te explicamos todos los modelos tributarios que tienes que presentar\" \/>\n<meta name=\"robots\" content=\"index, follow, max-snippet:-1, max-image-preview:large, max-video-preview:-1\" \/>\n<link rel=\"canonical\" href=\"https:\/\/getquipu.com\/blog\/obligaciones-fiscales-de-los-autonomos\/\" \/>\n<meta property=\"og:locale\" content=\"es_ES\" \/>\n<meta property=\"og:type\" content=\"article\" \/>\n<meta property=\"og:title\" content=\"Obligaciones fiscales de los aut\u00f3nomos: \u00bfcu\u00e1les son?\" \/>\n<meta property=\"og:description\" content=\"\u00bfEres aut\u00f3nomo y no tienes claro cu\u00e1les son tus obligaciones fiscales? Te explicamos todos los modelos tributarios que tienes que presentar\" \/>\n<meta property=\"og:url\" content=\"https:\/\/getquipu.com\/blog\/obligaciones-fiscales-de-los-autonomos\/\" \/>\n<meta property=\"og:site_name\" content=\"Aut\u00f3nomos, empresas y asesor\u00edas\" \/>\n<meta property=\"article:published_time\" content=\"2023-05-04T14:50:00+00:00\" \/>\n<meta property=\"article:modified_time\" content=\"2025-03-12T10:04:55+00:00\" \/>\n<meta property=\"og:image\" content=\"https:\/\/getquipu.com\/wp-content\/uploads\/2023\/06\/02165030\/obligaciones-fiscalesautonomos.png\" \/>\n\t<meta property=\"og:image:width\" content=\"768\" \/>\n\t<meta property=\"og:image:height\" content=\"295\" \/>\n\t<meta property=\"og:image:type\" content=\"image\/png\" \/>\n<meta name=\"author\" content=\"Roger Doba\u00f1o - CEO Quipu\" \/>\n<meta name=\"twitter:card\" content=\"summary_large_image\" \/>\n<meta name=\"twitter:creator\" content=\"@rogerdobano\" \/>\n<meta name=\"twitter:label1\" content=\"Escrito por\" \/>\n\t<meta name=\"twitter:data1\" content=\"Roger Doba\u00f1o - CEO Quipu\" \/>\n\t<meta name=\"twitter:label2\" content=\"Tiempo de lectura\" \/>\n\t<meta name=\"twitter:data2\" content=\"6 minutos\" \/>\n<script type=\"application\/ld+json\" class=\"yoast-schema-graph\">{\"@context\":\"https:\/\/schema.org\",\"@graph\":[{\"@type\":\"Article\",\"@id\":\"https:\/\/getquipu.com\/blog\/obligaciones-fiscales-de-los-autonomos\/#article\",\"isPartOf\":{\"@id\":\"https:\/\/getquipu.com\/blog\/obligaciones-fiscales-de-los-autonomos\/\"},\"author\":{\"name\":\"Roger Doba\u00f1o - CEO Quipu\",\"@id\":\"https:\/\/getquipu.com\/blog\/#\/schema\/person\/373ccc5d513d88aea29fc8135422fa2e\"},\"headline\":\"Obligaciones fiscales de los aut\u00f3nomos: \u00bfcu\u00e1les son?\",\"datePublished\":\"2023-05-04T14:50:00+00:00\",\"dateModified\":\"2025-03-12T10:04:55+00:00\",\"mainEntityOfPage\":{\"@id\":\"https:\/\/getquipu.com\/blog\/obligaciones-fiscales-de-los-autonomos\/\"},\"wordCount\":1157,\"publisher\":{\"@id\":\"https:\/\/getquipu.com\/blog\/#organization\"},\"image\":{\"@id\":\"https:\/\/getquipu.com\/blog\/obligaciones-fiscales-de-los-autonomos\/#primaryimage\"},\"thumbnailUrl\":\"https:\/\/getquipu.com\/wp-content\/uploads\/2023\/06\/02165030\/obligaciones-fiscalesautonomos.png\",\"articleSection\":[\"Fiscalidad\"],\"inLanguage\":\"es\"},{\"@type\":\"WebPage\",\"@id\":\"https:\/\/getquipu.com\/blog\/obligaciones-fiscales-de-los-autonomos\/\",\"url\":\"https:\/\/getquipu.com\/blog\/obligaciones-fiscales-de-los-autonomos\/\",\"name\":\"Obligaciones fiscales de los aut\u00f3nomos: \u00bfcu\u00e1les son?\",\"isPartOf\":{\"@id\":\"https:\/\/getquipu.com\/blog\/#website\"},\"primaryImageOfPage\":{\"@id\":\"https:\/\/getquipu.com\/blog\/obligaciones-fiscales-de-los-autonomos\/#primaryimage\"},\"image\":{\"@id\":\"https:\/\/getquipu.com\/blog\/obligaciones-fiscales-de-los-autonomos\/#primaryimage\"},\"thumbnailUrl\":\"https:\/\/getquipu.com\/wp-content\/uploads\/2023\/06\/02165030\/obligaciones-fiscalesautonomos.png\",\"datePublished\":\"2023-05-04T14:50:00+00:00\",\"dateModified\":\"2025-03-12T10:04:55+00:00\",\"description\":\"\u00bfEres aut\u00f3nomo y no tienes claro cu\u00e1les son tus obligaciones fiscales? Te explicamos todos los modelos tributarios que tienes que presentar\",\"breadcrumb\":{\"@id\":\"https:\/\/getquipu.com\/blog\/obligaciones-fiscales-de-los-autonomos\/#breadcrumb\"},\"inLanguage\":\"es\",\"potentialAction\":[{\"@type\":\"ReadAction\",\"target\":[\"https:\/\/getquipu.com\/blog\/obligaciones-fiscales-de-los-autonomos\/\"]}]},{\"@type\":\"ImageObject\",\"inLanguage\":\"es\",\"@id\":\"https:\/\/getquipu.com\/blog\/obligaciones-fiscales-de-los-autonomos\/#primaryimage\",\"url\":\"https:\/\/getquipu.com\/wp-content\/uploads\/2023\/06\/02165030\/obligaciones-fiscalesautonomos.png\",\"contentUrl\":\"https:\/\/getquipu.com\/wp-content\/uploads\/2023\/06\/02165030\/obligaciones-fiscalesautonomos.png\",\"width\":768,\"height\":295,\"caption\":\"obligaciones fiscales de los aut\u00f3nomos\"},{\"@type\":\"BreadcrumbList\",\"@id\":\"https:\/\/getquipu.com\/blog\/obligaciones-fiscales-de-los-autonomos\/#breadcrumb\",\"itemListElement\":[{\"@type\":\"ListItem\",\"position\":1,\"name\":\"Blog\",\"item\":\"https:\/\/getquipu.com\/blog\/\"},{\"@type\":\"ListItem\",\"position\":2,\"name\":\"Fiscalidad\",\"item\":\"https:\/\/getquipu.com\/blog\/category\/fiscalidad\/\"},{\"@type\":\"ListItem\",\"position\":3,\"name\":\"Obligaciones fiscales de los aut\u00f3nomos: \u00bfcu\u00e1les son?\"}]},{\"@type\":\"WebSite\",\"@id\":\"https:\/\/getquipu.com\/blog\/#website\",\"url\":\"https:\/\/getquipu.com\/blog\/\",\"name\":\"Aut\u00f3nomos, empresas y asesor\u00edas\",\"description\":\"Informaci\u00f3n \u00fatil sobre fiscalidad y eficiencia administrativa en negocios como el tuyo.\",\"publisher\":{\"@id\":\"https:\/\/getquipu.com\/blog\/#organization\"},\"potentialAction\":[{\"@type\":\"SearchAction\",\"target\":{\"@type\":\"EntryPoint\",\"urlTemplate\":\"https:\/\/getquipu.com\/blog\/?s={search_term_string}\"},\"query-input\":{\"@type\":\"PropertyValueSpecification\",\"valueRequired\":true,\"valueName\":\"search_term_string\"}}],\"inLanguage\":\"es\"},{\"@type\":\"Organization\",\"@id\":\"https:\/\/getquipu.com\/blog\/#organization\",\"name\":\"Quipu\",\"url\":\"https:\/\/getquipu.com\/blog\/\",\"logo\":{\"@type\":\"ImageObject\",\"inLanguage\":\"es\",\"@id\":\"https:\/\/getquipu.com\/blog\/#\/schema\/logo\/image\/\",\"url\":\"https:\/\/getquipu.com\/wp-content\/uploads\/2022\/06\/20105810\/logo-quipu.png\",\"contentUrl\":\"https:\/\/getquipu.com\/wp-content\/uploads\/2022\/06\/20105810\/logo-quipu.png\",\"width\":399,\"height\":399,\"caption\":\"Quipu\"},\"image\":{\"@id\":\"https:\/\/getquipu.com\/blog\/#\/schema\/logo\/image\/\"}},{\"@type\":\"Person\",\"@id\":\"https:\/\/getquipu.com\/blog\/#\/schema\/person\/373ccc5d513d88aea29fc8135422fa2e\",\"name\":\"Roger Doba\u00f1o - CEO Quipu\",\"image\":{\"@type\":\"ImageObject\",\"inLanguage\":\"es\",\"@id\":\"https:\/\/getquipu.com\/blog\/#\/schema\/person\/image\/\",\"url\":\"https:\/\/secure.gravatar.com\/avatar\/34af94bfd8e5677657b0a2d961dc4974?s=96&d=mm&r=g\",\"contentUrl\":\"https:\/\/secure.gravatar.com\/avatar\/34af94bfd8e5677657b0a2d961dc4974?s=96&d=mm&r=g\",\"caption\":\"Roger Doba\u00f1o - CEO Quipu\"},\"description\":\"Roger es CEO y Fundador de Quipu, un software en la nube que lleva +10 a\u00f1os ayudando a aut\u00f3nomos, pymes y asesor\u00edas a digitalizar su operativa precontable. A ra\u00edz de una mala experiencia como aut\u00f3nomo, Roger se propuso crear un programa que acompa\u00f1ara a los empresarios a lidiar con la administraci\u00f3n.\",\"sameAs\":[\"https:\/\/getquipu.com\",\"https:\/\/www.linkedin.com\/in\/rogerdobano\/\",\"https:\/\/x.com\/@rogerdobano\"],\"url\":\"https:\/\/getquipu.com\/blog\/author\/roger\/\"}]}<\/script>\n<!-- \/ Yoast SEO plugin. -->","yoast_head_json":{"title":"Obligaciones fiscales de los aut\u00f3nomos: \u00bfcu\u00e1les son?","description":"\u00bfEres aut\u00f3nomo y no tienes claro cu\u00e1les son tus obligaciones fiscales? Te explicamos todos los modelos tributarios que tienes que presentar","robots":{"index":"index","follow":"follow","max-snippet":"max-snippet:-1","max-image-preview":"max-image-preview:large","max-video-preview":"max-video-preview:-1"},"canonical":"https:\/\/getquipu.com\/blog\/obligaciones-fiscales-de-los-autonomos\/","og_locale":"es_ES","og_type":"article","og_title":"Obligaciones fiscales de los aut\u00f3nomos: \u00bfcu\u00e1les son?","og_description":"\u00bfEres aut\u00f3nomo y no tienes claro cu\u00e1les son tus obligaciones fiscales? Te explicamos todos los modelos tributarios que tienes que presentar","og_url":"https:\/\/getquipu.com\/blog\/obligaciones-fiscales-de-los-autonomos\/","og_site_name":"Aut\u00f3nomos, empresas y asesor\u00edas","article_published_time":"2023-05-04T14:50:00+00:00","article_modified_time":"2025-03-12T10:04:55+00:00","og_image":[{"width":768,"height":295,"url":"https:\/\/getquipu.com\/wp-content\/uploads\/2023\/06\/02165030\/obligaciones-fiscalesautonomos.png","type":"image\/png"}],"author":"Roger Doba\u00f1o - CEO Quipu","twitter_card":"summary_large_image","twitter_creator":"@rogerdobano","twitter_misc":{"Escrito por":"Roger Doba\u00f1o - CEO Quipu","Tiempo de lectura":"6 minutos"},"schema":{"@context":"https:\/\/schema.org","@graph":[{"@type":"Article","@id":"https:\/\/getquipu.com\/blog\/obligaciones-fiscales-de-los-autonomos\/#article","isPartOf":{"@id":"https:\/\/getquipu.com\/blog\/obligaciones-fiscales-de-los-autonomos\/"},"author":{"name":"Roger Doba\u00f1o - CEO Quipu","@id":"https:\/\/getquipu.com\/blog\/#\/schema\/person\/373ccc5d513d88aea29fc8135422fa2e"},"headline":"Obligaciones fiscales de los aut\u00f3nomos: \u00bfcu\u00e1les son?","datePublished":"2023-05-04T14:50:00+00:00","dateModified":"2025-03-12T10:04:55+00:00","mainEntityOfPage":{"@id":"https:\/\/getquipu.com\/blog\/obligaciones-fiscales-de-los-autonomos\/"},"wordCount":1157,"publisher":{"@id":"https:\/\/getquipu.com\/blog\/#organization"},"image":{"@id":"https:\/\/getquipu.com\/blog\/obligaciones-fiscales-de-los-autonomos\/#primaryimage"},"thumbnailUrl":"https:\/\/getquipu.com\/wp-content\/uploads\/2023\/06\/02165030\/obligaciones-fiscalesautonomos.png","articleSection":["Fiscalidad"],"inLanguage":"es"},{"@type":"WebPage","@id":"https:\/\/getquipu.com\/blog\/obligaciones-fiscales-de-los-autonomos\/","url":"https:\/\/getquipu.com\/blog\/obligaciones-fiscales-de-los-autonomos\/","name":"Obligaciones fiscales de los aut\u00f3nomos: \u00bfcu\u00e1les son?","isPartOf":{"@id":"https:\/\/getquipu.com\/blog\/#website"},"primaryImageOfPage":{"@id":"https:\/\/getquipu.com\/blog\/obligaciones-fiscales-de-los-autonomos\/#primaryimage"},"image":{"@id":"https:\/\/getquipu.com\/blog\/obligaciones-fiscales-de-los-autonomos\/#primaryimage"},"thumbnailUrl":"https:\/\/getquipu.com\/wp-content\/uploads\/2023\/06\/02165030\/obligaciones-fiscalesautonomos.png","datePublished":"2023-05-04T14:50:00+00:00","dateModified":"2025-03-12T10:04:55+00:00","description":"\u00bfEres aut\u00f3nomo y no tienes claro cu\u00e1les son tus obligaciones fiscales? Te explicamos todos los modelos tributarios que tienes que presentar","breadcrumb":{"@id":"https:\/\/getquipu.com\/blog\/obligaciones-fiscales-de-los-autonomos\/#breadcrumb"},"inLanguage":"es","potentialAction":[{"@type":"ReadAction","target":["https:\/\/getquipu.com\/blog\/obligaciones-fiscales-de-los-autonomos\/"]}]},{"@type":"ImageObject","inLanguage":"es","@id":"https:\/\/getquipu.com\/blog\/obligaciones-fiscales-de-los-autonomos\/#primaryimage","url":"https:\/\/getquipu.com\/wp-content\/uploads\/2023\/06\/02165030\/obligaciones-fiscalesautonomos.png","contentUrl":"https:\/\/getquipu.com\/wp-content\/uploads\/2023\/06\/02165030\/obligaciones-fiscalesautonomos.png","width":768,"height":295,"caption":"obligaciones fiscales de los aut\u00f3nomos"},{"@type":"BreadcrumbList","@id":"https:\/\/getquipu.com\/blog\/obligaciones-fiscales-de-los-autonomos\/#breadcrumb","itemListElement":[{"@type":"ListItem","position":1,"name":"Blog","item":"https:\/\/getquipu.com\/blog\/"},{"@type":"ListItem","position":2,"name":"Fiscalidad","item":"https:\/\/getquipu.com\/blog\/category\/fiscalidad\/"},{"@type":"ListItem","position":3,"name":"Obligaciones fiscales de los aut\u00f3nomos: \u00bfcu\u00e1les son?"}]},{"@type":"WebSite","@id":"https:\/\/getquipu.com\/blog\/#website","url":"https:\/\/getquipu.com\/blog\/","name":"Aut\u00f3nomos, empresas y asesor\u00edas","description":"Informaci\u00f3n \u00fatil sobre fiscalidad y eficiencia administrativa en negocios como el tuyo.","publisher":{"@id":"https:\/\/getquipu.com\/blog\/#organization"},"potentialAction":[{"@type":"SearchAction","target":{"@type":"EntryPoint","urlTemplate":"https:\/\/getquipu.com\/blog\/?s={search_term_string}"},"query-input":{"@type":"PropertyValueSpecification","valueRequired":true,"valueName":"search_term_string"}}],"inLanguage":"es"},{"@type":"Organization","@id":"https:\/\/getquipu.com\/blog\/#organization","name":"Quipu","url":"https:\/\/getquipu.com\/blog\/","logo":{"@type":"ImageObject","inLanguage":"es","@id":"https:\/\/getquipu.com\/blog\/#\/schema\/logo\/image\/","url":"https:\/\/getquipu.com\/wp-content\/uploads\/2022\/06\/20105810\/logo-quipu.png","contentUrl":"https:\/\/getquipu.com\/wp-content\/uploads\/2022\/06\/20105810\/logo-quipu.png","width":399,"height":399,"caption":"Quipu"},"image":{"@id":"https:\/\/getquipu.com\/blog\/#\/schema\/logo\/image\/"}},{"@type":"Person","@id":"https:\/\/getquipu.com\/blog\/#\/schema\/person\/373ccc5d513d88aea29fc8135422fa2e","name":"Roger Doba\u00f1o - CEO Quipu","image":{"@type":"ImageObject","inLanguage":"es","@id":"https:\/\/getquipu.com\/blog\/#\/schema\/person\/image\/","url":"https:\/\/secure.gravatar.com\/avatar\/34af94bfd8e5677657b0a2d961dc4974?s=96&d=mm&r=g","contentUrl":"https:\/\/secure.gravatar.com\/avatar\/34af94bfd8e5677657b0a2d961dc4974?s=96&d=mm&r=g","caption":"Roger Doba\u00f1o - CEO Quipu"},"description":"Roger es CEO y Fundador de Quipu, un software en la nube que lleva +10 a\u00f1os ayudando a aut\u00f3nomos, pymes y asesor\u00edas a digitalizar su operativa precontable. A ra\u00edz de una mala experiencia como aut\u00f3nomo, Roger se propuso crear un programa que acompa\u00f1ara a los empresarios a lidiar con la administraci\u00f3n.","sameAs":["https:\/\/getquipu.com","https:\/\/www.linkedin.com\/in\/rogerdobano\/","https:\/\/x.com\/@rogerdobano"],"url":"https:\/\/getquipu.com\/blog\/author\/roger\/"}]}},"_links":{"self":[{"href":"https:\/\/getquipu.com\/blog\/wp-json\/wp\/v2\/posts\/39045","targetHints":{"allow":["GET"]}}],"collection":[{"href":"https:\/\/getquipu.com\/blog\/wp-json\/wp\/v2\/posts"}],"about":[{"href":"https:\/\/getquipu.com\/blog\/wp-json\/wp\/v2\/types\/post"}],"author":[{"embeddable":true,"href":"https:\/\/getquipu.com\/blog\/wp-json\/wp\/v2\/users\/3"}],"replies":[{"embeddable":true,"href":"https:\/\/getquipu.com\/blog\/wp-json\/wp\/v2\/comments?post=39045"}],"version-history":[{"count":6,"href":"https:\/\/getquipu.com\/blog\/wp-json\/wp\/v2\/posts\/39045\/revisions"}],"predecessor-version":[{"id":51606,"href":"https:\/\/getquipu.com\/blog\/wp-json\/wp\/v2\/posts\/39045\/revisions\/51606"}],"wp:featuredmedia":[{"embeddable":true,"href":"https:\/\/getquipu.com\/blog\/wp-json\/wp\/v2\/media\/39055"}],"wp:attachment":[{"href":"https:\/\/getquipu.com\/blog\/wp-json\/wp\/v2\/media?parent=39045"}],"wp:term":[{"taxonomy":"category","embeddable":true,"href":"https:\/\/getquipu.com\/blog\/wp-json\/wp\/v2\/categories?post=39045"},{"taxonomy":"post_tag","embeddable":true,"href":"https:\/\/getquipu.com\/blog\/wp-json\/wp\/v2\/tags?post=39045"}],"curies":[{"name":"wp","href":"https:\/\/api.w.org\/{rel}","templated":true}]}}