{"id":37863,"date":"2023-05-08T12:45:52","date_gmt":"2023-05-08T10:45:52","guid":{"rendered":"https:\/\/getquipu.com\/blog\/?p=37863"},"modified":"2026-08-24T17:52:11","modified_gmt":"2026-08-24T15:52:11","slug":"obligacion-hacer-renta-autonomos","status":"publish","type":"post","link":"https:\/\/getquipu.com\/blog\/obligacion-hacer-renta-autonomos\/","title":{"rendered":"Aut\u00f3nomos obligados a hacer la declaraci\u00f3n de la RENTA de 2025 (en 2026)"},"content":{"rendered":"\n<div class=\"wp-block-group box-sintesis has-background\" style=\"background-color:#BFE4F5\"><div class=\"wp-block-group__inner-container is-layout-flow wp-block-group-is-layout-flow\"><h2 class=\"wp-block-heading\">S\u00edntesis del art\u00edculo<\/h2><p>En 2026, <strong>los autonomos estan obligados a hacer la declaracion de la renta<\/strong>, independientemente del nivel de sus ingresos o de si han registrado p\u00e9rdidas. Este cambio normativo elimina los antiguos umbrales de exenci\u00f3n, haciendo obligatorio que cualquier trabajador por cuenta propia dado de alta en el RETA durante 2025 presente su autoliquidaci\u00f3n del IRPF.<\/p>\n<p><strong>Roger Doba\u00f1o \u00b7 CEO de Quipu<\/strong><\/p><\/div><\/div>\n\n\n\n<p>En abril dar\u00e1 comienzo la campa\u00f1a de la <strong>RENTA 2025 (que se presenta en 2026)<\/strong> y, como cada a\u00f1o por estas fechas, una de las preguntas m\u00e1s recurrentes entre los aut\u00f3nomos es qui\u00e9n est\u00e1 obligado a hacer la declaraci\u00f3n de IRPF y qui\u00e9n puede quedar exento de presentarla.<\/p>\n\n\n\n<p>Hasta hace poco, la obligaci\u00f3n de declarar para los aut\u00f3nomos depend\u00eda de los ingresos y gastos que hubieran tenido en el anterior ejercicio.<\/p>\n\n\n\n<p>Sin embargo, con la entrada en vigor del nuevo sistema de cotizaci\u00f3n por ingresos reales tambi\u00e9n ha cambiado la obligaci\u00f3n de declarar la RENTA para todos los aut\u00f3nomos, independientemente de cu\u00e1nto hayan facturado. La modificaci\u00f3n normativa que introdujo esta obligaci\u00f3n puede consultarse en el Real Decreto-ley 13\/2022 (BOE).<\/p>\n\n\n\n<p>Si eres aut\u00f3nomo y todav\u00eda no sabes si est\u00e1s obligado a declarar el IRPF en 2026 o cu\u00e1les son las sanciones por no presentar la RENTA este a\u00f1o, sigue leyendo.<\/p>\n\n\n\n<div class=\"wp-block-group has-background\" style=\"background-color:#fef9f5\"><div class=\"wp-block-group__inner-container is-layout-flow wp-block-group-is-layout-flow\">\n<p class=\"has-text-align-center has-medium-font-size\"><strong>C\u00f3mo hacer la Declaraci\u00f3n de la Renta de aut\u00f3nomos (paso a paso)<\/strong><\/p>\n\n\n\n<p>\ud83d\udcf9&nbsp;<strong>V\u00eddeo explicativo:&nbsp;<\/strong>En este video te explicamos c\u00f3mo hacer la renta como aut\u00f3nomo sin cometer los errores que salen caros. Te mostramos paso a paso c\u00f3mo entrar en Renta Web, qu\u00e9 datos revisar antes de tocar nada, c\u00f3mo introducir correctamente ingresos y gastos de tu actividad, y qu\u00e9 casillas conviene mirar con lupa para no dejar dinero sobre la mesa.<\/p>\n\n\n\n<div class=\"iframe-container\">\n\n<iframe class=\"responsive-iframe\" title=\"YouTube video player\" src=\"https:\/\/www.youtube.com\/embed\/CCQjbrttqdw\" frameborder=\"0\" allowfullscreen=\"allowfullscreen\"><\/iframe>\n\n<\/div>\n\n\n\n<div style=\"height:20px\" aria-hidden=\"true\" class=\"wp-block-spacer\"><\/div>\n\n\n\n<div class=\"btn-div-destacado\"><a href=\"https:\/\/getquipu.com\/es\/cuentas\/registro\" class=\"btn-destacado\" target=\"_blank\" rel=\"noreferrer noopener\">Prueba Quipu Gratis<\/a><\/div>\n\n\n\n<div style=\"height:15px\" aria-hidden=\"true\" class=\"wp-block-spacer\"><\/div>\n\n\n\n<p class=\"has-text-align-center has-small-font-size\">Prueba gratuita de 15 d\u00edas. Sin permanencia. Sin introducir tu tarjeta.<\/p>\n<\/div><\/div>\n\n\n\n<h2 class=\"wp-block-heading\"><strong>\u00bfQu\u00e9 es y por qu\u00e9 se hace declaraci\u00f3n de la RENTA?<\/strong><\/h2>\n\n\n\n<p>La RENTA, el Impuesto de la Renta de las Personas F\u00edsicas (IRPF), es una declaraci\u00f3n anual que tienen que presentar todas las personas f\u00edsicas con residencia fiscal en Espa\u00f1a, sujetos a la Ley del IRPF, ya sea por su volumen de ingresos, por las actividades que han tenido y otros.<\/p>\n\n\n\n<p>En esta autoliquidaci\u00f3n, los contribuyentes que est\u00e1n obligados tienen que declarar por los rendimientos obtenidos en el ejercicio anterior (que suele ser el a\u00f1o natural).<\/p>\n\n\n\n<p>Esta declaraci\u00f3n anual sirve para que los contribuyentes, sean trabajadores -por cuenta propia, cuenta o ajena o rentistas-, rindan cuentas con Hacienda y queden \u00aben paz\u00bb al regularizar los pagos a cuenta realizados durante el ejercicio con la cuota tributaria final.<\/p>\n\n\n\n<p>Los pagos a cuenta de rendimientos del trabajo o actividades econ\u00f3micas se suelen producir a trav\u00e9s de nuestros clientes, con retenci\u00f3n en factura; mediante autoliquidaci\u00f3n, con el <a href=\"https:\/\/getquipu.com\/blog\/modelo-130\/\">modelo 130,<\/a> o v\u00eda retenci\u00f3n en n\u00f3mina en el caso de trabajadores. En la declaraci\u00f3n de este a\u00f1o, habr\u00e1 que incluir todos los rendimientos netos obtenidos durante 2024 desglosando ingresos y gastos deducibles. Si los pagos a cuenta realizados durante el a\u00f1o superasen la cuota final se generar\u00e1 un derecho a la devoluci\u00f3n (\u201cme ha salido a devolver\u201d).<\/p>\n\n\n\n<p>A la hora de pagar, tenemos varias opciones:<\/p>\n\n\n\n<ul class=\"wp-block-list\"><li>Domiciliaci\u00f3n de la liquidaci\u00f3n hasta el <strong>25 de junio de 2026<\/strong>, con cargo en cuenta el d\u00eda <strong>30 de junio de 2026<\/strong>.<\/li><li>Pago directo hasta el <strong>30 de junio de 2026<\/strong>.<\/li><li>En dos plazos: 60% el <strong>30 de junio de 2026<\/strong> y 40% restante hasta el <strong>5 de noviembre de 2026<\/strong>.<\/li><li>Mediante solicitud aplazamiento \/ fraccionamiento (generalmente, hasta 50.000 \u20ac, se puede aplazar a 12 meses con pagos mensuales).<\/li><\/ul>\n\n\n\n<p>Ampliar informaci\u00f3n: Si quieres saber m\u00e1s sobre c\u00f3mo <a href=\"https:\/\/getquipu.com\/blog\/simulador-renta-autonomos\/\">simular el resultado que obtendr\u00e1s en la RENTA<\/a> te recomendamos que leas nuestro art\u00edculo espec\u00edfico.<\/p>\n\n\n\n<p>Adem\u00e1s, y desde el a\u00f1o pasado, la declaraci\u00f3n de la RENTA tiene una \u2018doble utilidad\u2019 para la Administraci\u00f3n. No s\u00f3lo servir\u00e1 para que la Agencia Tributaria salde sus impuestos con los contribuyentes, sino que tambi\u00e9n permitir\u00e1 a la Seguridad Social saber cu\u00e1nto ganaron los aut\u00f3nomos durante el a\u00f1o anterior y <a href=\"https:\/\/getquipu.com\/blog\/regularizacion-cuotas-autonomos\/\">regularizar con ello las bases de cotizaci\u00f3n<\/a>, seg\u00fan el nuevo sistema de cotizaci\u00f3n por ingresos reales. Para m\u00e1s contexto sobre c\u00f3mo afecta esto a la cuota, en Quipu explicamos los detalles de la <a href=\"https:\/\/getquipu.com\/blog\/nueva-cuota-de-autonomos\">nueva cuota de aut\u00f3nomos.<\/a>&nbsp;<\/p>\n\n\n\n<h2 class=\"wp-block-heading\">Cu\u00e1ndo se presenta la Declaraci\u00f3n de la Renta 2025-2026: Plazos<\/h2>\n\n\n\n<p><strong>La campa\u00f1a de la Renta sigue un calendario oficial marcado por la Agencia Tributaria que es esencial conocer para cumplir con los plazos.<\/strong> Generalmente, la campa\u00f1a arranca a principios de abril para la presentaci\u00f3n de declaraciones por internet, a trav\u00e9s de Renta Web o la App oficial de la AEAT.<\/p>\n\n\n\n<p>A principios de mayo se abre el periodo para solicitar cita previa y presentar la declaraci\u00f3n mediante <a href=\"https:\/\/getquipu.com\/blog\/autonomos-que-pueden-realizar-la-declaracion-de-la-renta-de-forma-presencial-o-telefonica\/\">asistencia telef\u00f3nica<\/a>. Posteriormente, entre finales de mayo y principios de junio, se habilita la presentaci\u00f3n de forma presencial en las oficinas de Hacienda. La campa\u00f1a suele finalizar de forma oficial el 30 de junio, aunque si el resultado es a ingresar y se desea domiciliar el pago, el plazo terminar\u00e1 unos d\u00edas antes (habitualmente el 25 de junio).<\/p>\n\n\n\n\n<div style=\"height:25px\" class=\"wp-block-spacer\"><\/div>\n<div class=\"lead-magnet-banner\" style=\"margin:0 auto;max-width:100%;text-align:center\"><div class=\"hs-cta-embed hs-cta-simple-placeholder hs-cta-embed-407725416671\"\n  style=\"max-width:100%; max-height:100%; width:100%;height:auto\" data-hubspot-wrapper-cta-id=\"407725416671\">\n  <a href=\"https:\/\/cta-eu1.hubspot.com\/web-interactives\/public\/v1\/track\/redirect?encryptedPayload=AVxigLJzN5ub%2BR0JBa8I%2BqfSzp13Ez6%2BrAFMlsqua3OwnWGutoJcMxSUv5uuYaVTSFmb5a4btieBQtAKKqhAyAoXAxTk9xcIdRr4yuKoBM4zZawfontTIR0AqWU1eGNQlkywblEtAGRWs1tZ9a262kphD1kdFwkmgqpy0p3Fkm%2Fj6Uv5L7xN3An%2FkR46vJTdX1yX2xXesMHJfII0iRDsuDQl&#038;webInteractiveContentId=407725416671&#038;portalId=145818878\" target=\"_blank\" rel=\"noopener\" crossorigin=\"anonymous\">\n    <img decoding=\"async\" alt=\"1600 x 406\" loading=\"lazy\" src=\"https:\/\/hubspot-no-cache-eu1-prod.s3.amazonaws.com\/cta\/default\/145818878\/interactive-407725416671.png\" style=\"height: 100%; width: 100%; object-fit:contain\"\n      onerror=\"this.style.display='none'\" \/>\n  <\/a>\n<\/div><\/div>\n<div style=\"height:40px\" class=\"wp-block-spacer\"><\/div>\n\n\n<h2 class=\"wp-block-heading\">C\u00f3mo presentar la declaraci\u00f3n de la Renta paso a paso<\/h2>\n\n\n\n<p><strong>Para presentar la autoliquidaci\u00f3n del IRPF, los aut\u00f3nomos disponen de varias v\u00edas habilitadas por la Agencia Tributaria.<\/strong> Las m\u00e1s habituales son de forma telem\u00e1tica utilizando el portal Renta Web o la aplicaci\u00f3n m\u00f3vil de la AEAT, o bien recurriendo a la asistencia telef\u00f3nica y presencial con cita previa.<\/p>\n\n\n\n<p>El paso fundamental es acceder a los datos fiscales y al borrador empleando certificado digital, DNI electr\u00f3nico, sistema Cl@ve o n\u00famero de referencia. A diferencia de un trabajador asalariado, cuyo borrador suele estar casi listo para confirmar, el aut\u00f3nomo debe revisar minuciosamente la informaci\u00f3n e introducir manualmente los ingresos \u00edntegros y los gastos derivados de su actividad econ\u00f3mica. Una vez calculados los rendimientos netos y revisadas todas las deducciones aplicables, se puede proceder a firmar y presentar la declaraci\u00f3n.<\/p>\n\n\n\n<h2 class=\"wp-block-heading\">Por qu\u00e9 los aut\u00f3nomos est\u00e1n obligados a hacer la declaraci\u00f3n de la renta<\/h2>\n\n\n\n<p><strong>S\u00ed, todos los autonomos estan obligados a hacer la declaracion de la renta en 2026 siempre que hayan estado dados de alta en el RETA en alg\u00fan momento de 2025.<\/strong><\/p>\n\n\n\n<p>La RENTA es el instrumento que utiliza la Agencia Tributaria para controlar los ingresos que obtienen las personas f\u00edsicas residentes en Espa\u00f1a.<\/p>\n\n\n\n<p>Hasta que entr\u00f3 en vigor el sistema de cotizaci\u00f3n por ingresos reales no todos los aut\u00f3nomos estaban obligados a hacer la declaraci\u00f3n anual del IRPF entre abril y junio.<\/p>\n\n\n\n<p>Seg\u00fan fijaba el art\u00edculo 35 de la Ley 35\/2006, de 28 de Noviembre, del Impuesto sobre la Renta de las Personas F\u00edsicas, hasta 2023 deb\u00edan presentar la RENTA los aut\u00f3nomos que hubieran superado alguno de los siguientes l\u00edmites:<\/p>\n\n\n\n<ul class=\"wp-block-list\"><li>Haber obtenido rendimientos netos a trav\u00e9s de sus actividades econ\u00f3micas por encima de los 1.000 euros.<\/li><li>Haber obtenido rentas inmobiliarias por encima de los 1.000 euros.<\/li><\/ul>\n\n\n\n<p>Con la entrada en vigor del <a href=\"https:\/\/getquipu.com\/blog\/nuevo-sistema-de-cotizacion-para-autonomos-en-funcion-de-ingresos-reales\/\">nuevo sistema de cotizaci\u00f3n por ingresos reales<\/a> estos l\u00edmites desaparecieron y <strong>todos los aut\u00f3nomos que hayan estado dados de alta en el R\u00e9gimen Especial de Trabajadores Aut\u00f3nomos (RETA) en alg\u00fan momento de 2025 deber\u00e1n presentar la RENTA obligatoriamente en 2026<\/strong>. La modificaci\u00f3n legal que incorpora la obligaci\u00f3n de declarar para los dados de alta en el RETA viene del Real Decreto-ley mencionado anteriormente. Agencia Tributaria<\/p>\n\n\n\n<p>Concretamente, la disposici\u00f3n final primera de este decreto a\u00f1ade la obligaci\u00f3n de declarar para quien haya estado de <a href=\"https:\/\/getquipu.com\/blog\/darse-alta-autonomo\/\" class=\"broken_link\">alta como trabajador por cuenta propia<\/a> en el periodo impositivo.<\/p>\n\n\n\n<p>En otras palabras, desde 2023 y de forma relevante para la campa\u00f1a de 2026, todos los aut\u00f3nomos que estuvieron de alta en 2025 tienen que presentar la declaraci\u00f3n de la RENTA.<\/p>\n\n\n<div class=\"gb-container gb-container-b2fecea6 new-banner\">\n<div class=\"gb-grid-wrapper gb-grid-wrapper-0fc70046\">\n<div class=\"gb-grid-column gb-grid-column-6f7203a6\"><div class=\"gb-container gb-container-6f7203a6 text-div\">\n\n<p class=\"title-banner has-text-color\" style=\"color:#003829;font-size:19px\">Tu negocio controlado y ordenado<\/p>\n\n\n\n<p class=\"text-banner\">Con Quipu, la gesti\u00f3n de tu facturaci\u00f3n es m\u00e1s f\u00e1cil y simple que nunca.<\/p>\n\n\n\n<p class=\"btn-p-banner\"><a href=\"https:\/\/getquipu.com\/es\/programa-facturacion\" data-type=\"URL\" data-id=\"https:\/\/getquipu.com\/es\/programa-facturacion\">Ver m\u00e1s<\/a><\/p>\n\n<\/div><\/div>\n\n<div class=\"gb-grid-column gb-grid-column-c144d8bb\"><div class=\"gb-container gb-container-c144d8bb img-banner\">\n\n<figure class=\"wp-block-image size-full\"><img decoding=\"async\" width=\"1024\" height=\"573\" src=\"https:\/\/getquipu.com\/wp-content\/uploads\/2023\/05\/16174555\/Frame-26-1-1.webp\" alt=\"\" class=\"wp-image-38570\" srcset=\"https:\/\/getquipu.com\/wp-content\/uploads\/2023\/05\/16174555\/Frame-26-1-1.webp 1024w, https:\/\/getquipu.com\/wp-content\/uploads\/2023\/05\/16174555\/Frame-26-1-1-300x168.webp 300w, https:\/\/getquipu.com\/wp-content\/uploads\/2023\/05\/16174555\/Frame-26-1-1-768x430.webp 768w\" sizes=\"(max-width: 1024px) 100vw, 1024px\" \/><\/figure>\n\n<\/div><\/div>\n<\/div>\n<\/div>\n\n\n<h2 class=\"wp-block-heading\"><strong>\u00bfPor qu\u00e9 est\u00e1n obligados todos los aut\u00f3nomos a presentar la RENTA en 2026?<\/strong><\/h2>\n\n\n\n<p>El nuevo sistema de cotizaci\u00f3n por ingresos reales de los aut\u00f3nomos supuso una reforma en profundidad del R\u00e9gimen Especial de Trabajadores Aut\u00f3nomos (RETA), ya que por primera vez se tienen en cuenta los beneficios de los aut\u00f3nomos para calcular sus cotizaciones.<\/p>\n\n\n\n<p>Para poder conocer cada a\u00f1o cu\u00e1nto han ingresado los aut\u00f3nomos exactamente y, por lo tanto, cu\u00e1nto deber\u00edan haber cotizado, la Seguridad Social estableci\u00f3 un sistema de previsi\u00f3n de ingresos. Al comienzo de cada ejercicio, los aut\u00f3nomos estiman cu\u00e1nto pretenden ingresar en el a\u00f1o en curso.<\/p>\n\n\n\n<p>Para verificar que esta estimaci\u00f3n es correcta, la Seguridad Social decidi\u00f3 obligar a todos los aut\u00f3nomos a presentar la RENTA, ya que es la \u00fanica manera de saber cu\u00e1nto han ingresado los trabajadores por cuenta propia en el ejercicio anterior y, por lo tanto, si cotizaron correctamente.<\/p>\n\n\n\n<h2 class=\"wp-block-heading\">\u00bfEst\u00e1 exento alg\u00fan aut\u00f3nomo de hacer la declaraci\u00f3n de la renta?<\/h2>\n\n\n\n<p><strong>No, ning\u00fan aut\u00f3nomo que haya estado dado de alta en 2025 est\u00e1 exento de presentar la declaraci\u00f3n de IRPF en la actual campa\u00f1a.<\/strong><\/p>\n\n\n\n<p>Hasta hace poco, algunos aut\u00f3nomos pod\u00edan quedar exentos de declarar el IRPF en supuestos muy particulares. Por ejemplo, pod\u00edan quedar exentos algunos aut\u00f3nomos que hubieran atravesado una mala situaci\u00f3n econ\u00f3mica y sus gastos a lo largo del a\u00f1o superaran sus ingresos. Tambi\u00e9n aquellos que iniciaron su negocio en los \u00faltimos meses del ejercicio y en ese tiempo no llegaban a ingresar lo suficiente para tener que presentar la RENTA.<\/p>\n\n\n\n<p>Con la entrada en vigor del sistema de cotizaci\u00f3n por ingresos reales, cualquier aut\u00f3nomo que se haya dado de alta en alg\u00fan momento del a\u00f1o pasado quedar\u00e1 autom\u00e1ticamente obligado a presentar la RENTA de <strong>2025 en 2026<\/strong>, por m\u00e1s que su resultado vaya a salir a devolver.<\/p>\n\n\n\n<p>Los \u00fanicos aut\u00f3nomos que podr\u00edan quedar exentos de declarar la RENTA en 2026 ser\u00edan aquellos que <strong>no se dieron de alta en 2025<\/strong> y que por lo tanto no tuvieron actividad econ\u00f3mica durante ese ejercicio.<\/p>\n\n\n\n<h2 class=\"wp-block-heading\">Gastos deducibles y cu\u00e1nto IRPF paga un aut\u00f3nomo<\/h2>\n\n\n\n<div class=\"wp-block-group box-destacada has-background\" style=\"background-color:#fef9f5\"><div class=\"wp-block-group__inner-container is-layout-flow wp-block-group-is-layout-flow\">\n<p class=\"has-text-align-center has-medium-font-size\"><strong>\u00bfQu\u00e9 gastos te puedes deducir?<\/strong><\/p>\n\n\n\n<p>\ud83d\udcf9 <strong>V\u00eddeo explicativo: <\/strong>Para reducir el resultado de tu declaraci\u00f3n de la renta, es fundamental conocer qu\u00e9 gastos puedes desgravarte. En este v\u00eddeo analizamos los 10 gastos deducibles clave para aut\u00f3nomos.<\/p>\n\n\n\n<div class=\"iframe-container\"><iframe class=\"responsive-iframe\" title=\"YouTube video player\" src=\"https:\/\/www.youtube.com\/embed\/kMhDPR6bsjs?rel=0\" frameborder=\"0\" allowfullscreen=\"allowfullscreen\"><\/iframe><\/div>\n\n\n\n<div class=\"btn-div-destacado\"><a href=\"https:\/\/getquipu.com\/es\/cuentas\/registro\" class=\"btn-destacado\" target=\"_blank\" rel=\"noreferrer noopener\">Prueba Quipu Gratis<\/a><\/div>\n<\/div><\/div>\n\n\n\n\n\n<p><strong>El importe final a pagar a Hacienda (o a devolver) depende siempre de los rendimientos netos de la actividad econ\u00f3mica del aut\u00f3nomo.<\/strong> Este rendimiento neto se calcula restando a los ingresos brutos anuales todos aquellos <a href=\"https:\/\/getquipu.com\/blog\/gastos-deducibles-en-el-irpf\/\">gastos que sean deducibles<\/a> y necesarios para el desarrollo del negocio, como pueden ser las cuotas de la Seguridad Social, las compras de mercader\u00edas o el alquiler de un local comercial.<\/p>\n\n\n\n<p>Una vez obtenido el rendimiento neto tras descontar estos gastos, la cantidad resultante determinar\u00e1 en qu\u00e9 tramo de la escala del IRPF se sit\u00faa el trabajador por cuenta propia. Dependiendo del tramo aplicable y de las retenciones o pagos fraccionados ya adelantados durante el a\u00f1o (por ejemplo, a trav\u00e9s del modelo 130 o retenciones en facturas), se calcular\u00e1 la cuota l\u00edquida definitiva que especificar\u00e1 si la declaraci\u00f3n sale a pagar o a devolver.<\/p>\n\n\n\n<h2 class=\"wp-block-heading\"><strong>Sanciones por no declarar la RENTA<\/strong><\/h2>\n\n\n\n<p>Los aut\u00f3nomos que hayan estado dados de alta en alg\u00fan momento de 2025, as\u00ed como cualquier persona obligada a declarar y que no presente la RENTA este a\u00f1o o que la presenten fuera de plazo se pueden enfrentar a sanciones y recargos, dependiendo del tiempo que tarden en regularizar su situaci\u00f3n o de si lo hacen ellos mismos o por requerimiento de Hacienda.<\/p>\n\n\n\n<p>En 2026, Hacienda dar\u00e1 de plazo hasta el <strong>30 de junio de 2026<\/strong> para que todos los aut\u00f3nomos que tuvieron alguna actividad en 2025 declaren su IRPF. A partir del <strong>1 de julio de 2026<\/strong>, la Agencia Tributaria empezar\u00e1 a cobrar recargos y, en algunos casos, tambi\u00e9n a imponer sanciones.<\/p>\n\n\n\n<p>El importe de los recargos y de las multas que tienen que pagar los contribuyentes por presentar sus autoliquidaciones fuera de plazo vienen regulados en la Ley General Tributaria (LGT), y la cuant\u00eda depender\u00e1 de tres factores:<\/p>\n\n\n\n<ul class=\"wp-block-list\"><li>Cu\u00e1nto tiempo se tarda en presentar la declaraci\u00f3n desde el momento en que finaliz\u00f3 el plazo.<\/li><li>Si la declaraci\u00f3n se ha presentado fuera de plazo voluntariamente o si se ha regularizado tras el requerimiento de Hacienda.<\/li><li>Si el resultado de la declaraci\u00f3n sale a pagar o a devolver.<\/li><\/ul>\n\n\n\n<p>En caso de que los aut\u00f3nomos presenten su RENTA fuera de plazo pero lo hagan voluntariamente, sin previo requerimiento de la Agencia Tributaria, la sanci\u00f3n ser\u00e1 reducida y s\u00f3lo deber\u00edan pagar recargos en caso de que la declaraci\u00f3n salga a pagar.<\/p>\n\n\n\n<p>La Ley General Tributaria regula como infracci\u00f3n leve sancionada con una multa fija de 100 euros presentar las declaraciones de IRPF fuera de plazo sin requerimiento previo.<\/p>\n\n\n\n<p>Si el resultado de esta declaraci\u00f3n es positivo -es el contribuyente el que debe pagar a Hacienda-, habr\u00e1 que abonar los siguientes recargos:<\/p>\n\n\n\n<ul class=\"wp-block-list\"><li>Un 1% de la deuda pendiente m\u00e1s un 1% por cada mes completo que se tarde en presentar la autoliquidaci\u00f3n desde el final de plazo. Por ejemplo, un 2% el primer mes; un 3% el segundo; un 4% el tercero\u2026<\/li><li>Una vez transcurridos los 12 meses, el recargo pasar\u00e1 a ser del 15%.<\/li><\/ul>\n\n\n\n<p>Por el contrario, las sanciones se elevan mucho si es Hacienda quien requiere al aut\u00f3nomo que presente su declaraci\u00f3n de IRPF fuera de plazo. En este caso, los recargos pueden ser del 20%, adem\u00e1s de posibles sanciones del 50% y el 150% del resultado de la liquidaci\u00f3n que no se ha ingresado.<\/p>\n\n\n\n<p>Cuando no existe ocultaci\u00f3n o facturas falseadas, la infracci\u00f3n suele considerarse como leve y la sanci\u00f3n es del 50% del importe a pagar. Si el resultado de la liquidaci\u00f3n fuera, por ejemplo, de 1.000 euros, habr\u00eda que abonar ese importe m\u00e1s 500 euros en concepto de multa (si bien son aplicables diversos descuentos por pronto pago que la misma AEAT nos comunicar\u00eda en su momento).<\/p>\n\n\n\n<h2 class=\"wp-block-heading\">Preguntas frecuentes<\/h2>\n\n\n\n<h3 class=\"wp-block-heading\">\u00bfQui\u00e9n no est\u00e1 obligado a hacer la declaraci\u00f3n de la renta?<\/h3>\n\n\n\n<p>Aunque los trabajadores asalariados con ingresos inferiores a ciertos l\u00edmites legales (como los 22.000 euros provenientes de un solo pagador) no est\u00e1n obligados a declarar, esta excepci\u00f3n no aplica a los trabajadores por cuenta propia. Todo aut\u00f3nomo que haya estado dado de alta en el RETA durante 2025 est\u00e1 legalmente obligado a presentar la declaraci\u00f3n en 2026.<\/p>\n\n\n\n<h3 class=\"wp-block-heading\">\u00bfCu\u00e1nto paga un aut\u00f3nomo en la declaraci\u00f3n de la renta?<\/h3>\n\n\n\n<p>No existe una cantidad o cuota fija. El pago de un aut\u00f3nomo en el IRPF depende de sus rendimientos netos (la diferencia entre los ingresos brutos y los gastos fiscalmente deducibles) y del tramo de IRPF al que corresponda dicho volumen de renta, compens\u00e1ndolo con los anticipos que ya haya ingresado a Hacienda durante el a\u00f1o.<\/p>\n\n\n\n<h3 class=\"wp-block-heading\">\u00bfEst\u00e1 exento un aut\u00f3nomo del IRPF?<\/h3>\n\n\n\n<p>No. Ning\u00fan aut\u00f3nomo que haya estado dado de alta en alg\u00fan momento de 2025 est\u00e1 exento de presentar la declaraci\u00f3n anual del IRPF en 2026. La obligaci\u00f3n de presentar la autoliquidaci\u00f3n se mantiene independientemente de los ingresos que se hayan obtenido o de si se ha operado con p\u00e9rdidas durante el ejercicio.<\/p>\n","protected":false},"excerpt":{"rendered":"<p>S\u00edntesis del art\u00edculo En 2026, los autonomos estan obligados a hacer la declaracion de la renta, independientemente del nivel de sus ingresos o de si han registrado p\u00e9rdidas. Este cambio<\/p>\n","protected":false},"author":76,"featured_media":37868,"comment_status":"closed","ping_status":"open","sticky":false,"template":"","format":"standard","meta":{"footnotes":""},"categories":[467],"tags":[],"class_list":["post-37863","post","type-post","status-publish","format-standard","has-post-thumbnail","hentry","category-irpf","generate-columns","tablet-grid-50","mobile-grid-100","grid-parent","grid-50","resize-featured-image"],"yoast_head":"<!-- This site is optimized with the Yoast SEO plugin v23.9 - https:\/\/yoast.com\/wordpress\/plugins\/seo\/ -->\n<title>Aut\u00f3nomos obligados a hacer la la RENTA en 2026<\/title>\n<meta name=\"description\" content=\"\u00bfNo sabes si como aut\u00f3nomo tienes que hacer la declaraci\u00f3n de la renta? Resolvemos todas tus dudas. \u00a1Entra y desc\u00fabrelo!\" \/>\n<meta name=\"robots\" content=\"index, follow, max-snippet:-1, max-image-preview:large, max-video-preview:-1\" \/>\n<link rel=\"canonical\" href=\"https:\/\/getquipu.com\/blog\/obligacion-hacer-renta-autonomos\/\" \/>\n<meta property=\"og:locale\" content=\"es_ES\" \/>\n<meta property=\"og:type\" content=\"article\" \/>\n<meta property=\"og:title\" content=\"Aut\u00f3nomos obligados a hacer la la RENTA en 2026\" \/>\n<meta property=\"og:description\" content=\"\u00bfNo sabes si como aut\u00f3nomo tienes que hacer la declaraci\u00f3n de la renta? Resolvemos todas tus dudas. \u00a1Entra y desc\u00fabrelo!\" \/>\n<meta property=\"og:url\" content=\"https:\/\/getquipu.com\/blog\/obligacion-hacer-renta-autonomos\/\" \/>\n<meta property=\"og:site_name\" content=\"TeamSystem Quipu\" \/>\n<meta property=\"article:published_time\" content=\"2023-05-08T10:45:52+00:00\" \/>\n<meta property=\"article:modified_time\" content=\"2026-08-24T15:52:11+00:00\" \/>\n<meta property=\"og:image\" content=\"https:\/\/getquipu.com\/wp-content\/uploads\/2023\/05\/08124526\/obligados-renta-autonomos.png\" \/>\n\t<meta property=\"og:image:width\" content=\"768\" \/>\n\t<meta property=\"og:image:height\" content=\"295\" \/>\n\t<meta property=\"og:image:type\" content=\"image\/png\" \/>\n<meta name=\"author\" content=\"Miguel Angel Navas Cano - Telion Consulting\" \/>\n<meta name=\"twitter:card\" content=\"summary_large_image\" \/>\n<meta name=\"twitter:label1\" content=\"Escrito por\" \/>\n\t<meta name=\"twitter:data1\" content=\"Miguel Angel Navas Cano - Telion Consulting\" \/>\n\t<meta name=\"twitter:label2\" content=\"Tiempo de lectura\" \/>\n\t<meta name=\"twitter:data2\" content=\"16 minutos\" \/>\n<script type=\"application\/ld+json\" class=\"yoast-schema-graph\">{\"@context\":\"https:\/\/schema.org\",\"@graph\":[{\"@type\":\"Article\",\"@id\":\"https:\/\/getquipu.com\/blog\/obligacion-hacer-renta-autonomos\/#article\",\"isPartOf\":{\"@id\":\"https:\/\/getquipu.com\/blog\/obligacion-hacer-renta-autonomos\/\"},\"author\":{\"name\":\"Miguel Angel Navas Cano - Telion Consulting\",\"@id\":\"https:\/\/getquipu.com\/blog\/#\/schema\/person\/c996f9de3ba5ce28cccc9bf5a7555c45\"},\"headline\":\"Aut\u00f3nomos obligados a hacer la declaraci\u00f3n de la RENTA de 2025 (en 2026)\",\"datePublished\":\"2023-05-08T10:45:52+00:00\",\"dateModified\":\"2026-08-24T15:52:11+00:00\",\"mainEntityOfPage\":{\"@id\":\"https:\/\/getquipu.com\/blog\/obligacion-hacer-renta-autonomos\/\"},\"wordCount\":2625,\"publisher\":{\"@id\":\"https:\/\/getquipu.com\/blog\/#organization\"},\"image\":{\"@id\":\"https:\/\/getquipu.com\/blog\/obligacion-hacer-renta-autonomos\/#primaryimage\"},\"thumbnailUrl\":\"https:\/\/getquipu.com\/wp-content\/uploads\/2023\/05\/08124526\/obligados-renta-autonomos.png\",\"articleSection\":[\"IRPF\"],\"inLanguage\":\"es\"},{\"@type\":\"WebPage\",\"@id\":\"https:\/\/getquipu.com\/blog\/obligacion-hacer-renta-autonomos\/\",\"url\":\"https:\/\/getquipu.com\/blog\/obligacion-hacer-renta-autonomos\/\",\"name\":\"Aut\u00f3nomos obligados a hacer la la RENTA en 2026\",\"isPartOf\":{\"@id\":\"https:\/\/getquipu.com\/blog\/#website\"},\"primaryImageOfPage\":{\"@id\":\"https:\/\/getquipu.com\/blog\/obligacion-hacer-renta-autonomos\/#primaryimage\"},\"image\":{\"@id\":\"https:\/\/getquipu.com\/blog\/obligacion-hacer-renta-autonomos\/#primaryimage\"},\"thumbnailUrl\":\"https:\/\/getquipu.com\/wp-content\/uploads\/2023\/05\/08124526\/obligados-renta-autonomos.png\",\"datePublished\":\"2023-05-08T10:45:52+00:00\",\"dateModified\":\"2026-08-24T15:52:11+00:00\",\"description\":\"\u00bfNo sabes si como aut\u00f3nomo tienes que hacer la declaraci\u00f3n de la renta? Resolvemos todas tus dudas. \u00a1Entra y desc\u00fabrelo!\",\"breadcrumb\":{\"@id\":\"https:\/\/getquipu.com\/blog\/obligacion-hacer-renta-autonomos\/#breadcrumb\"},\"inLanguage\":\"es\",\"potentialAction\":[{\"@type\":\"ReadAction\",\"target\":[\"https:\/\/getquipu.com\/blog\/obligacion-hacer-renta-autonomos\/\"]}]},{\"@type\":\"ImageObject\",\"inLanguage\":\"es\",\"@id\":\"https:\/\/getquipu.com\/blog\/obligacion-hacer-renta-autonomos\/#primaryimage\",\"url\":\"https:\/\/getquipu.com\/wp-content\/uploads\/2023\/05\/08124526\/obligados-renta-autonomos.png\",\"contentUrl\":\"https:\/\/getquipu.com\/wp-content\/uploads\/2023\/05\/08124526\/obligados-renta-autonomos.png\",\"width\":768,\"height\":295,\"caption\":\"aut\u00f3nomos obligados a hacer la declaraci\u00f3n de la renta\"},{\"@type\":\"BreadcrumbList\",\"@id\":\"https:\/\/getquipu.com\/blog\/obligacion-hacer-renta-autonomos\/#breadcrumb\",\"itemListElement\":[{\"@type\":\"ListItem\",\"position\":1,\"name\":\"Blog\",\"item\":\"https:\/\/getquipu.com\/blog\/\"},{\"@type\":\"ListItem\",\"position\":2,\"name\":\"IRPF\",\"item\":\"https:\/\/getquipu.com\/blog\/category\/irpf\/\"},{\"@type\":\"ListItem\",\"position\":3,\"name\":\"Aut\u00f3nomos obligados a hacer la declaraci\u00f3n de la RENTA de 2025 (en 2026)\"}]},{\"@type\":\"WebSite\",\"@id\":\"https:\/\/getquipu.com\/blog\/#website\",\"url\":\"https:\/\/getquipu.com\/blog\/\",\"name\":\"TeamSystem Quipu\",\"description\":\"Informaci\u00f3n \u00fatil sobre fiscalidad y eficiencia administrativa en negocios como el tuyo.\",\"publisher\":{\"@id\":\"https:\/\/getquipu.com\/blog\/#organization\"},\"potentialAction\":[{\"@type\":\"SearchAction\",\"target\":{\"@type\":\"EntryPoint\",\"urlTemplate\":\"https:\/\/getquipu.com\/blog\/?s={search_term_string}\"},\"query-input\":{\"@type\":\"PropertyValueSpecification\",\"valueRequired\":true,\"valueName\":\"search_term_string\"}}],\"inLanguage\":\"es\"},{\"@type\":\"Organization\",\"@id\":\"https:\/\/getquipu.com\/blog\/#organization\",\"name\":\"Quipu\",\"url\":\"https:\/\/getquipu.com\/blog\/\",\"logo\":{\"@type\":\"ImageObject\",\"inLanguage\":\"es\",\"@id\":\"https:\/\/getquipu.com\/blog\/#\/schema\/logo\/image\/\",\"url\":\"https:\/\/getquipu.com\/wp-content\/uploads\/2022\/06\/20105810\/logo-quipu.png\",\"contentUrl\":\"https:\/\/getquipu.com\/wp-content\/uploads\/2022\/06\/20105810\/logo-quipu.png\",\"width\":399,\"height\":399,\"caption\":\"Quipu\"},\"image\":{\"@id\":\"https:\/\/getquipu.com\/blog\/#\/schema\/logo\/image\/\"}},{\"@type\":\"Person\",\"@id\":\"https:\/\/getquipu.com\/blog\/#\/schema\/person\/c996f9de3ba5ce28cccc9bf5a7555c45\",\"name\":\"Miguel Angel Navas Cano - Telion Consulting\",\"image\":{\"@type\":\"ImageObject\",\"inLanguage\":\"es\",\"@id\":\"https:\/\/getquipu.com\/blog\/#\/schema\/person\/image\/\",\"url\":\"https:\/\/secure.gravatar.com\/avatar\/73f30b9e0b4b0ada7f5b9013abb4ebd7?s=96&d=mm&r=g\",\"contentUrl\":\"https:\/\/secure.gravatar.com\/avatar\/73f30b9e0b4b0ada7f5b9013abb4ebd7?s=96&d=mm&r=g\",\"caption\":\"Miguel Angel Navas Cano - Telion Consulting\"},\"description\":\"Miguel \u00c1ngel Navas Cano es gerente de Telion Consulting, una asesor\u00eda 100% digital que ayuda a aut\u00f3nomos y empresas a gestionar mejor su negocio. Su enfoque combina cercan\u00eda, visi\u00f3n estrat\u00e9gica y digitalizaci\u00f3n, con el objetivo de hacer m\u00e1s sencilla la gesti\u00f3n diaria y facilitar una mejor toma de decisiones.\",\"sameAs\":[\"https:\/\/telionconsulting.es\/\",\"https:\/\/www.linkedin.com\/in\/miguel-angel-navas-cano-3a31714\/?originalSubdomain=es\"],\"url\":\"https:\/\/getquipu.com\/blog\/author\/miguel-angel-navas-cano\/\"}]}<\/script>\n<!-- \/ Yoast SEO plugin. -->","yoast_head_json":{"title":"Aut\u00f3nomos obligados a hacer la la RENTA en 2026","description":"\u00bfNo sabes si como aut\u00f3nomo tienes que hacer la declaraci\u00f3n de la renta? Resolvemos todas tus dudas. \u00a1Entra y desc\u00fabrelo!","robots":{"index":"index","follow":"follow","max-snippet":"max-snippet:-1","max-image-preview":"max-image-preview:large","max-video-preview":"max-video-preview:-1"},"canonical":"https:\/\/getquipu.com\/blog\/obligacion-hacer-renta-autonomos\/","og_locale":"es_ES","og_type":"article","og_title":"Aut\u00f3nomos obligados a hacer la la RENTA en 2026","og_description":"\u00bfNo sabes si como aut\u00f3nomo tienes que hacer la declaraci\u00f3n de la renta? Resolvemos todas tus dudas. \u00a1Entra y desc\u00fabrelo!","og_url":"https:\/\/getquipu.com\/blog\/obligacion-hacer-renta-autonomos\/","og_site_name":"TeamSystem Quipu","article_published_time":"2023-05-08T10:45:52+00:00","article_modified_time":"2026-08-24T15:52:11+00:00","og_image":[{"width":768,"height":295,"url":"https:\/\/getquipu.com\/wp-content\/uploads\/2023\/05\/08124526\/obligados-renta-autonomos.png","type":"image\/png"}],"author":"Miguel Angel Navas Cano - Telion Consulting","twitter_card":"summary_large_image","twitter_misc":{"Escrito por":"Miguel Angel Navas Cano - Telion Consulting","Tiempo de lectura":"16 minutos"},"schema":{"@context":"https:\/\/schema.org","@graph":[{"@type":"Article","@id":"https:\/\/getquipu.com\/blog\/obligacion-hacer-renta-autonomos\/#article","isPartOf":{"@id":"https:\/\/getquipu.com\/blog\/obligacion-hacer-renta-autonomos\/"},"author":{"name":"Miguel Angel Navas Cano - Telion Consulting","@id":"https:\/\/getquipu.com\/blog\/#\/schema\/person\/c996f9de3ba5ce28cccc9bf5a7555c45"},"headline":"Aut\u00f3nomos obligados a hacer la declaraci\u00f3n de la RENTA de 2025 (en 2026)","datePublished":"2023-05-08T10:45:52+00:00","dateModified":"2026-08-24T15:52:11+00:00","mainEntityOfPage":{"@id":"https:\/\/getquipu.com\/blog\/obligacion-hacer-renta-autonomos\/"},"wordCount":2625,"publisher":{"@id":"https:\/\/getquipu.com\/blog\/#organization"},"image":{"@id":"https:\/\/getquipu.com\/blog\/obligacion-hacer-renta-autonomos\/#primaryimage"},"thumbnailUrl":"https:\/\/getquipu.com\/wp-content\/uploads\/2023\/05\/08124526\/obligados-renta-autonomos.png","articleSection":["IRPF"],"inLanguage":"es"},{"@type":"WebPage","@id":"https:\/\/getquipu.com\/blog\/obligacion-hacer-renta-autonomos\/","url":"https:\/\/getquipu.com\/blog\/obligacion-hacer-renta-autonomos\/","name":"Aut\u00f3nomos obligados a hacer la la RENTA en 2026","isPartOf":{"@id":"https:\/\/getquipu.com\/blog\/#website"},"primaryImageOfPage":{"@id":"https:\/\/getquipu.com\/blog\/obligacion-hacer-renta-autonomos\/#primaryimage"},"image":{"@id":"https:\/\/getquipu.com\/blog\/obligacion-hacer-renta-autonomos\/#primaryimage"},"thumbnailUrl":"https:\/\/getquipu.com\/wp-content\/uploads\/2023\/05\/08124526\/obligados-renta-autonomos.png","datePublished":"2023-05-08T10:45:52+00:00","dateModified":"2026-08-24T15:52:11+00:00","description":"\u00bfNo sabes si como aut\u00f3nomo tienes que hacer la declaraci\u00f3n de la renta? Resolvemos todas tus dudas. \u00a1Entra y desc\u00fabrelo!","breadcrumb":{"@id":"https:\/\/getquipu.com\/blog\/obligacion-hacer-renta-autonomos\/#breadcrumb"},"inLanguage":"es","potentialAction":[{"@type":"ReadAction","target":["https:\/\/getquipu.com\/blog\/obligacion-hacer-renta-autonomos\/"]}]},{"@type":"ImageObject","inLanguage":"es","@id":"https:\/\/getquipu.com\/blog\/obligacion-hacer-renta-autonomos\/#primaryimage","url":"https:\/\/getquipu.com\/wp-content\/uploads\/2023\/05\/08124526\/obligados-renta-autonomos.png","contentUrl":"https:\/\/getquipu.com\/wp-content\/uploads\/2023\/05\/08124526\/obligados-renta-autonomos.png","width":768,"height":295,"caption":"aut\u00f3nomos obligados a hacer la declaraci\u00f3n de la renta"},{"@type":"BreadcrumbList","@id":"https:\/\/getquipu.com\/blog\/obligacion-hacer-renta-autonomos\/#breadcrumb","itemListElement":[{"@type":"ListItem","position":1,"name":"Blog","item":"https:\/\/getquipu.com\/blog\/"},{"@type":"ListItem","position":2,"name":"IRPF","item":"https:\/\/getquipu.com\/blog\/category\/irpf\/"},{"@type":"ListItem","position":3,"name":"Aut\u00f3nomos obligados a hacer la declaraci\u00f3n de la RENTA de 2025 (en 2026)"}]},{"@type":"WebSite","@id":"https:\/\/getquipu.com\/blog\/#website","url":"https:\/\/getquipu.com\/blog\/","name":"TeamSystem Quipu","description":"Informaci\u00f3n \u00fatil sobre fiscalidad y eficiencia administrativa en negocios como el tuyo.","publisher":{"@id":"https:\/\/getquipu.com\/blog\/#organization"},"potentialAction":[{"@type":"SearchAction","target":{"@type":"EntryPoint","urlTemplate":"https:\/\/getquipu.com\/blog\/?s={search_term_string}"},"query-input":{"@type":"PropertyValueSpecification","valueRequired":true,"valueName":"search_term_string"}}],"inLanguage":"es"},{"@type":"Organization","@id":"https:\/\/getquipu.com\/blog\/#organization","name":"Quipu","url":"https:\/\/getquipu.com\/blog\/","logo":{"@type":"ImageObject","inLanguage":"es","@id":"https:\/\/getquipu.com\/blog\/#\/schema\/logo\/image\/","url":"https:\/\/getquipu.com\/wp-content\/uploads\/2022\/06\/20105810\/logo-quipu.png","contentUrl":"https:\/\/getquipu.com\/wp-content\/uploads\/2022\/06\/20105810\/logo-quipu.png","width":399,"height":399,"caption":"Quipu"},"image":{"@id":"https:\/\/getquipu.com\/blog\/#\/schema\/logo\/image\/"}},{"@type":"Person","@id":"https:\/\/getquipu.com\/blog\/#\/schema\/person\/c996f9de3ba5ce28cccc9bf5a7555c45","name":"Miguel Angel Navas Cano - Telion Consulting","image":{"@type":"ImageObject","inLanguage":"es","@id":"https:\/\/getquipu.com\/blog\/#\/schema\/person\/image\/","url":"https:\/\/secure.gravatar.com\/avatar\/73f30b9e0b4b0ada7f5b9013abb4ebd7?s=96&d=mm&r=g","contentUrl":"https:\/\/secure.gravatar.com\/avatar\/73f30b9e0b4b0ada7f5b9013abb4ebd7?s=96&d=mm&r=g","caption":"Miguel Angel Navas Cano - Telion Consulting"},"description":"Miguel \u00c1ngel Navas Cano es gerente de Telion Consulting, una asesor\u00eda 100% digital que ayuda a aut\u00f3nomos y empresas a gestionar mejor su negocio. Su enfoque combina cercan\u00eda, visi\u00f3n estrat\u00e9gica y digitalizaci\u00f3n, con el objetivo de hacer m\u00e1s sencilla la gesti\u00f3n diaria y facilitar una mejor toma de decisiones.","sameAs":["https:\/\/telionconsulting.es\/","https:\/\/www.linkedin.com\/in\/miguel-angel-navas-cano-3a31714\/?originalSubdomain=es"],"url":"https:\/\/getquipu.com\/blog\/author\/miguel-angel-navas-cano\/"}]}},"_links":{"self":[{"href":"https:\/\/getquipu.com\/blog\/wp-json\/wp\/v2\/posts\/37863","targetHints":{"allow":["GET"]}}],"collection":[{"href":"https:\/\/getquipu.com\/blog\/wp-json\/wp\/v2\/posts"}],"about":[{"href":"https:\/\/getquipu.com\/blog\/wp-json\/wp\/v2\/types\/post"}],"author":[{"embeddable":true,"href":"https:\/\/getquipu.com\/blog\/wp-json\/wp\/v2\/users\/76"}],"replies":[{"embeddable":true,"href":"https:\/\/getquipu.com\/blog\/wp-json\/wp\/v2\/comments?post=37863"}],"version-history":[{"count":19,"href":"https:\/\/getquipu.com\/blog\/wp-json\/wp\/v2\/posts\/37863\/revisions"}],"predecessor-version":[{"id":54008,"href":"https:\/\/getquipu.com\/blog\/wp-json\/wp\/v2\/posts\/37863\/revisions\/54008"}],"wp:featuredmedia":[{"embeddable":true,"href":"https:\/\/getquipu.com\/blog\/wp-json\/wp\/v2\/media\/37868"}],"wp:attachment":[{"href":"https:\/\/getquipu.com\/blog\/wp-json\/wp\/v2\/media?parent=37863"}],"wp:term":[{"taxonomy":"category","embeddable":true,"href":"https:\/\/getquipu.com\/blog\/wp-json\/wp\/v2\/categories?post=37863"},{"taxonomy":"post_tag","embeddable":true,"href":"https:\/\/getquipu.com\/blog\/wp-json\/wp\/v2\/tags?post=37863"}],"curies":[{"name":"wp","href":"https:\/\/api.w.org\/{rel}","templated":true}]}}