{"id":37852,"date":"2023-05-08T11:57:54","date_gmt":"2023-05-08T09:57:54","guid":{"rendered":"https:\/\/getquipu.com\/blog\/?p=37852"},"modified":"2025-03-24T11:57:46","modified_gmt":"2025-03-24T10:57:46","slug":"no-declarar-el-iva-de-los-autonomos","status":"publish","type":"post","link":"https:\/\/getquipu.com\/blog\/no-declarar-el-iva-de-los-autonomos\/","title":{"rendered":"No declarar el IVA de los aut\u00f3nomos: \u00bfen qu\u00e9 consiste esta medida?"},"content":{"rendered":"\n<p>Hacienda planea implantar un<strong> nuevo sistema que permitir\u00e1 a algunos aut\u00f3nomos no declarar el IVA<\/strong>. S\u00ed, has le\u00eddo bien. En un futuro, los trabajadores por cuenta propia y las pymes que menos facturan podr\u00edan quedar exentos de presentar las declaraciones trimestrales de este impuesto. O al menos esto es lo que lleva prometiendo Hacienda desde hace dos a\u00f1os.<\/p>\n\n\n\n<p>El sistema se llama r\u00e9gimen de IVA franquiciado y <strong>Espa\u00f1a es el \u00fanico pa\u00eds de la Uni\u00f3n Europea que todav\u00eda no lo ha incluido en su normativa fiscal<\/strong>. Pero esto podr\u00eda cambiar pr\u00f3ximamente.<\/p>\n\n\n\n<p>Adem\u00e1s, desde&nbsp;<strong>enero<\/strong> de 2025, los aut\u00f3nomos y empresas con clientes o proveedores de fuera de Espa\u00f1a deber\u00edan haber quedado exentos de declarar IVA por una nueva directiva europea. <strong>Pero esta aprobaci\u00f3n tampoco se ha producido todav\u00eda.<\/strong><\/p>\n\n\n\n<p>Si quieres saber qu\u00e9 es el IVA de franquicia, cu\u00e1ndo se pondr\u00eda en marcha esta medida o qu\u00e9 condiciones deber\u00edas cumplir para no declarar este impuesto como aut\u00f3nomo, sigue leyendo.<\/p>\n\n\n\n<p><strong>En este art\u00edculo aprender\u00e1s:<\/strong><\/p>\n\n\n\n<ul class=\"wp-block-list\">\n<li><a href=\"#que-es\">\u00bfEn qu\u00e9 consiste la nueva medida de no declarar el IVA de los aut\u00f3nomos?&nbsp;<\/a><\/li>\n\n\n\n<li><a href=\"#entrada-vigor\">\u00bfCu\u00e1ndo entrar\u00eda en vigor la exenci\u00f3n de presentar el IVA?&nbsp;<\/a>\n<ul class=\"wp-block-list\">\n<li><a href=\"#operaciones-nacionales\">Exenci\u00f3n de IVA en operaciones nacionales<\/a><\/li>\n\n\n\n<li><a href=\"#operaciones-internacionales\">Exenci\u00f3n de IVA en operaciones internacionales<\/a><\/li>\n<\/ul>\n<\/li>\n\n\n\n<li><a href=\"#requisitos\">Requisitos para no tener que declarar IVA&nbsp;<\/a><\/li>\n\n\n\n<li><a href=\"#funcionamiento\">\u00bfCu\u00e1l es el funcionamiento del IVA franquiciado?&nbsp;<\/a><\/li>\n\n\n\n<li><a href=\"#autonomos-beneficiados\">\u00bfA qu\u00e9 aut\u00f3nomos beneficia la medida de no declarar el IVA?<\/a><\/li>\n<\/ul>\n\n\n\n<div class=\"wp-block-group box-destacada has-background\" style=\"background-color:#fef9f5\"><div class=\"wp-block-group__inner-container is-layout-flow wp-block-group-is-layout-flow\">\n<p class=\"has-text-align-center has-medium-font-size\"><strong>R\u00e9gimen de franquicia del IVA<\/strong><\/p>\n\n\n\n<p>\ud83d\udcf9 <strong>V\u00eddeo explicativo: <\/strong>En el siguiente v\u00eddeo explicamos en detalle como funciona el r\u00e9gimen de IVA franquiciado que est\u00e1 siendo negociado actualmente entre las organizaciones de aut\u00f3nomos y Hacienda. <\/p>\n\n\n\n<div class=\"iframe-container\">\n\n<iframe class=\"responsive-iframe\" title=\"YouTube video player\" src=\"https:\/\/www.youtube.com\/embed\/gh4f0v2r9Ns?rel=0\" frameborder=\"0\" allowfullscreen=\"allowfullscreen\"><\/iframe>\n\n<\/div>\n\n\n\n<div style=\"height:25px\" aria-hidden=\"true\" class=\"wp-block-spacer\"><\/div>\n\n\n\n<div class=\"btn-div-destacado\"><a href=\"https:\/\/getquipu.com\/es\/cuentas\/registro\" class=\"btn-destacado\" target=\"_blank\" rel=\"noreferrer noopener\">Prueba Quipu Gratis<\/a><\/div>\n\n\n\n<div style=\"height:20px\" aria-hidden=\"true\" class=\"wp-block-spacer\"><\/div>\n\n\n\n<p class=\"has-text-align-center has-small-font-size\"><em>Prueba gratuita de 15 d\u00edas. Sin permanencia. Sin introducir tu tarjeta.<\/em><\/p>\n<\/div><\/div>\n\n\n\n<h2 class=\"wp-block-heading\" id=\"que-es\">\u00bfEn qu\u00e9 consiste la nueva medida de no declarar el IVA de los aut\u00f3nomos?<\/h2>\n\n\n\n<p>A mediados de Abril, Hacienda anunci\u00f3 que hab\u00eda abierto una mesa de negociaci\u00f3n para hacer una reforma fiscal que afectar\u00e1 a miles de peque\u00f1as empresas. Desgraciadamente, esta mesa est\u00e1<strong>&nbsp;bloqueada ahora mismo y sin visos de ninguna novedad para 2025.<\/strong> <\/p>\n\n\n\n<p>La medida estrella que se estaba negociando en estas reuniones se basaba en<strong> implantar un nuevo sistema para que algunos aut\u00f3nomos no tengan que declarar el IVA<\/strong>.<\/p>\n\n\n\n<p><a href=\"https:\/\/getquipu.com\/blog\/regimen-de-franquicia-del-iva\/\">El r\u00e9gimen se llama IVA franquiciado<\/a> y consiste en<strong> liberar a los negocios que menos facturan de presentar sus declaraciones trimestrales<\/strong>. Lejos de ser novedoso, este sistema lleva a\u00f1os funcionando en otros pa\u00edses de la Uni\u00f3n Europea. De hecho, a d\u00eda de hoy, Espa\u00f1a sigue siendo el \u00fanico Estado miembro que no incluye ninguna medida similar en su normativa fiscal para que los aut\u00f3nomos no tengan que declarar el IVA.<\/p>\n\n\n\n<p>Europa lleva a\u00f1os incluyendo en su legislaci\u00f3n comunitaria distintas directivas para que los pa\u00edses puedan facilitar a los negocios m\u00e1s peque\u00f1os sus obligaciones fiscales. Estas leyes dan carta blanca a los pa\u00edses para imponer sus propias condiciones de acceso al IVA franquiciado, pero siempre dentro de unos l\u00edmites.<\/p>\n\n\n\n<p>Aunque Espa\u00f1a todav\u00eda no ha aprobado la nueva medida para no declarar el IVA de los aut\u00f3nomos s\u00ed podemos hacernos una idea de<strong> las caracter\u00edsticas que tendr\u00e1 este sistema <\/strong>en base a lo que dice la normativa comunitaria:<\/p>\n\n\n\n<ul class=\"wp-block-list\">\n<li>Podr\u00e1n acogerse a este sistema s\u00f3lo los aut\u00f3nomos y peque\u00f1as empresas con bajos niveles de facturaci\u00f3n<\/li>\n\n\n\n<li>Los aut\u00f3nomos que accedan a este r\u00e9gimen quedar\u00e1n al margen de declarar IVA y no tendr\u00e1n tampoco que incluirlo en sus precios.<\/li>\n<\/ul>\n\n\n\n<p>De momento, Espa\u00f1a s\u00f3lo permite a los aut\u00f3nomos acogerse a <a href=\"https:\/\/getquipu.com\/blog\/regimen-simplificado-iva\/\">un r\u00e9gimen simplificado de IVA<\/a> para reducir su carga fiscal y hacer las declaraciones de impuestos m\u00e1s sencillas. Y as\u00ed parece que va a seguir durante un tiempo.<\/p>\n\n\n\n<p>Desgraciadamente, Hacienda comunic\u00f3 en 2024 que las<strong>&nbsp;negociaciones para establecer el IVA de franquicias en Espa\u00f1a estaban bloqueadas.<\/strong>&nbsp;Y as\u00ed siguen en 2025. Otra cosa distinta es la exenci\u00f3n de IVA para empresas espa\u00f1olas que facturen con clientes o proveedores de otros estados europeos. La aplicaci\u00f3n de esta medida es una obligaci\u00f3n para Espa\u00f1a y&nbsp;<strong>su aprobaci\u00f3n en 2025 deber\u00eda ser inminente.<\/strong><\/p>\n\n\n\n<h2 class=\"wp-block-heading\" id=\"entrada-vigor\">\u00bfCu\u00e1ndo entrar\u00e1 en vigor la exenci\u00f3n de presentar el IVA?<\/h2>\n\n\n\n<p>La nueva medida que permitir\u00e1 a los aut\u00f3nomos no declarar IVA est\u00e1 <strong>todav\u00eda en fase de negociaci\u00f3n<\/strong> y con la mesa bloqueada. Hacienda est\u00e1 perfilando junto a las organizaciones de aut\u00f3nomos y otros expertos en materia fiscal c\u00f3mo se deber\u00eda articular el r\u00e9gimen de IVA de franquicias en nuestro pa\u00eds.<\/p>\n\n\n\n<p>Ahora bien, aqu\u00ed habr\u00eda que diferenciar entre dos tipos de sistema de IVA de franquicias. El primero es el que beneficiar\u00eda a los aut\u00f3nomos con operaciones nacionales. Es decir, que trabajan con clientes finales o con otras empresas espa\u00f1olas. El segundo es para aquellos que importan y exportan con otros pa\u00edses de la Uni\u00f3n Europea.<\/p>\n\n\n\n<h3 class=\"wp-block-heading\" id=\"operaciones-nacionales\">Exenci\u00f3n de IVA en operaciones nacionales<\/h3>\n\n\n\n<p>En cuanto al primer r\u00e9gimen de franquicias, el que afecta a operaciones nacionales, depende de una&nbsp;<strong>mesa de negociaci\u00f3n<\/strong>&nbsp;entre Hacienda, ciertas asociaciones de aut\u00f3nomos y los sindicatos.<\/p>\n\n\n\n<p>A d\u00eda de hoy (marzo de 2025),&nbsp;<strong>esta negociaci\u00f3n est\u00e1 bloqueada,<\/strong>&nbsp;y desgraciadamente no hay esperanza de que se apruebe este a\u00f1o la exenci\u00f3n de IVA para aut\u00f3nomos y empresas con operaciones en Espa\u00f1a.<\/p>\n\n\n\n<h3 class=\"wp-block-heading\" id=\"operaciones-internacionales\">Exenci\u00f3n de IVA en operaciones internacionales<\/h3>\n\n\n\n<p>En segundo lugar est\u00e1 pendiente la exoneraci\u00f3n de IVA para empresas que facturen con clientes o proveedores de otros estados miembro de la Uni\u00f3n Europea. Esta medida es obligatoria, seg\u00fan la directiva UE 2020\/2845, y Espa\u00f1a debi\u00f3 haberla aplicado el pasado 1 de enero.<\/p>\n\n\n\n<p>De hecho, en febrero la Uni\u00f3n Europea dio a Espa\u00f1a un aviso para que trasponga esta directiva y exima a los&nbsp;<strong>aut\u00f3nomos y empresas de IVA en sus operaciones internacionales en un plazo de dos meses.<\/strong>&nbsp;Si no lo hace, se expondr\u00e1 a una sanci\u00f3n.<\/p>\n\n\n\n<p>Esta normativa, en caso de ponerse en marcha al comenzar el a\u00f1o que viene,&nbsp;<strong>no afectar\u00eda a la gran mayor\u00eda de los aut\u00f3nomos<\/strong>, sino tan s\u00f3lo a los que realizan sus operaciones con otros trabajadores por cuenta propia que<strong>&nbsp;s\u00ed est\u00e1n establecidos en un pa\u00eds europeo con IVA franquiciado.&nbsp;<\/strong>O dicho de otro modo, s\u00f3lo quedar\u00edan exentas de IVA&nbsp;las facturas con<strong>&nbsp;clientes o proveedores que est\u00e9n en pa\u00edses en los que est\u00e9 en funcionamiento este sistema,<\/strong>&nbsp;no en Espa\u00f1a.<\/p>\n\n\n<div class=\"gb-container gb-container-b2fecea6 new-banner\">\n<div class=\"gb-grid-wrapper gb-grid-wrapper-0fc70046\">\n<div class=\"gb-grid-column gb-grid-column-6f7203a6\"><div class=\"gb-container gb-container-6f7203a6 text-div\">\n\n<p class=\"title-banner has-text-color\" style=\"color:#003829;font-size:19px\">Tu negocio controlado y ordenado<\/p>\n\n\n\n<p class=\"text-banner\">Con Quipu, la gesti\u00f3n de tu facturaci\u00f3n es m\u00e1s f\u00e1cil y simple que nunca.<\/p>\n\n\n\n<p class=\"btn-p-banner\"><a href=\"https:\/\/getquipu.com\/es\/programa-facturacion\" data-type=\"URL\" data-id=\"https:\/\/getquipu.com\/es\/programa-facturacion\">Ver m\u00e1s<\/a><\/p>\n\n<\/div><\/div>\n\n<div class=\"gb-grid-column gb-grid-column-c144d8bb\"><div class=\"gb-container gb-container-c144d8bb img-banner\">\n\n<figure class=\"wp-block-image size-full\"><img decoding=\"async\" width=\"1024\" height=\"573\" src=\"https:\/\/getquipu.com\/wp-content\/uploads\/2023\/05\/16174555\/Frame-26-1-1.webp\" alt=\"\" class=\"wp-image-38570\" srcset=\"https:\/\/getquipu.com\/wp-content\/uploads\/2023\/05\/16174555\/Frame-26-1-1.webp 1024w, https:\/\/getquipu.com\/wp-content\/uploads\/2023\/05\/16174555\/Frame-26-1-1-300x168.webp 300w, https:\/\/getquipu.com\/wp-content\/uploads\/2023\/05\/16174555\/Frame-26-1-1-768x430.webp 768w\" sizes=\"(max-width: 1024px) 100vw, 1024px\" \/><\/figure>\n\n<\/div><\/div>\n<\/div>\n<\/div>\n\n\n<h2 class=\"wp-block-heading\" id=\"requisitos\">Requisitos para no tener que declarar el IVA<\/h2>\n\n\n\n<p>El IVA de franquicias<strong> todav\u00eda no est\u00e1 aprobado en nuestro pa\u00eds <\/strong>y, por lo tanto, tampoco hay ninguna ley que establezca qu\u00e9 requisitos deben cumplir los aut\u00f3nomos para no declarar el IVA.<\/p>\n\n\n\n<p>Para adelantarse a las condiciones que podr\u00eda establecer la futura normativa, se puede acudir a la <a href=\"https:\/\/www.boe.es\/buscar\/doc.php?id=DOUE-L-2020-80356\" target=\"_blank\" rel=\"noreferrer noopener\">Directiva (UE) 2020\/285 del Consejo de 18 de Febrero de 2020<\/a>. Esta ley dibuja el marco en el que deber\u00e1n situarse los pa\u00edses al implantar el r\u00e9gimen de franquicias de IVA.<\/p>\n\n\n\n<p>Seg\u00fan la legislaci\u00f3n Europea, los aut\u00f3nomos deber\u00e1n cumplir, al menos,<strong> las siguientes condiciones para quedar exentos de este impuesto<\/strong>:<\/p>\n\n\n\n<ul class=\"wp-block-list\">\n<li><strong>Residir en Espa\u00f1a<\/strong> y efectuar la mayor parte de las operaciones en territorio nacional.<\/li>\n\n\n\n<li>Facturar menos de <strong>85.000 euros<\/strong> al a\u00f1o.<\/li>\n\n\n\n<li><strong>Ser aut\u00f3nomo<\/strong> persona f\u00edsica o pyme.<\/li>\n<\/ul>\n\n\n\n<h2 class=\"wp-block-heading\" id=\"funcionamiento\">\u00bfCu\u00e1l ser\u00e1 el funcionamiento del IVA franquiciado?<\/h2>\n\n\n\n<p>El funcionamiento del IVA franquiciado es<strong> similar a una exenci\u00f3n para los aut\u00f3nomos y pymes que cumplan los requisitos<\/strong>. En Espa\u00f1a, los \u00fanicos empresarios que est\u00e1n al margen de este impuesto indirecto son los profesionales sanitarios o del sector de la educaci\u00f3n.<\/p>\n\n\n\n<p>Al igual que ocurre con ellos, la nueva medida de no declarar el IVA permitir\u00eda a los beneficiarios del r\u00e9gimen quedar apartados del impuesto en su faceta profesional. El sistema les liberar\u00eda de la pr\u00e1ctica totalidad de las declaraciones y autoliquidaciones que presentan cada cierto tiempo.<\/p>\n\n\n\n<p>Los aut\u00f3nomos que formen parte del IVA franquiciado<strong> no tendr\u00e1n que presentar el modelo 303 o los modelos de liquidaci\u00f3n mensual<\/strong>, ni tampoco las declaraciones informativas que ahora mismo est\u00e1n obligados a aportar de manera anual.<\/p>\n\n\n\n<p>Eso s\u00ed, es posible que Hacienda exija alg\u00fan tipo de declaraci\u00f3n a principios de a\u00f1o para controlar los ingresos y gastos que tienen los empresarios y determinar si cumplen los requisitos para seguir formando parte del sistema.<\/p>\n\n\n\n<p>Adem\u00e1s, esta medida de no declarar el IVA no s\u00f3lo afectar\u00eda a la presentaci\u00f3n del impuesto como tal. En este r\u00e9gimen,<strong> los aut\u00f3nomos y pymes quedan completamente al margen del impuesto<\/strong>, por lo que tampoco deber\u00e1n cobrarlo en sus precios ni incluirlo en sus facturas.<\/p>\n\n\n\n<h2 class=\"wp-block-heading\" id=\"autonomos-beneficiados\">\u00bfA qu\u00e9 aut\u00f3nomos beneficia la medida de no declarar el IVA?<\/h2>\n\n\n\n<p>No tener que declarar IVA puede ser una ventaja para muchos aut\u00f3nomos pero un inconveniente para otros.<\/p>\n\n\n\n<p>El r\u00e9gimen de IVA franquiciado exime a los peque\u00f1os empresarios de<strong> incluir el IVA que corresponda en sus facturas<\/strong>, que podr\u00eda ser un 21%, un 10% o un 4%, dependiendo de si est\u00e1n sujetos al impuesto general, reducido o superreducido.<\/p>\n\n\n\n<p>Ahora bien, no tener que declarar el IVA tambi\u00e9n supone que los aut\u00f3nomos no pueden aplicar las deducciones de este impuesto por los gastos que hayan efectuado. Y esto puede ser una gran desventaja para muchos aut\u00f3nomos.<\/p>\n\n\n\n<p>Entonces, \u00bfa qu\u00e9 aut\u00f3nomos beneficia la medida de no declarar el IVA? La respuesta es depende.<\/p>\n\n\n\n<p><strong>Los aut\u00f3nomos que tengan muchos gastos que deducir<\/strong> no se ver\u00e1n beneficiados por el R\u00e9gimen de IVA franquiciado ya que no podr\u00e1n recuperar los impuestos que hayan pagado al hacer las compras para su negocio. La medida tampoco ser\u00e1 ventajosa para aquellos profesionales que acaban de iniciar su actividad y est\u00e9n todav\u00eda invirtiendo en nuevos materiales y maquinaria para el negocio, porque Hacienda no les devolver\u00e1 el IVA que han abonado.<\/p>\n\n\n\n<p>Por el contrario, el sistema s\u00ed puede ser muy ventajoso para <strong>algunos aut\u00f3nomos que soportan pocos gastos<\/strong>. Especialmente, ciertos profesionales independientes como abogados o asesores y freelance como dise\u00f1adores, arquitectos o periodistas que suelen necesitar apenas un ordenador y conexi\u00f3n a internet para desarrollar su actividad.<\/p>\n","protected":false},"excerpt":{"rendered":"<p>Hacienda planea implantar un nuevo sistema que permitir\u00e1 a algunos aut\u00f3nomos no declarar el IVA. S\u00ed, has le\u00eddo bien. En un futuro, los trabajadores por cuenta propia y las pymes<\/p>\n","protected":false},"author":3,"featured_media":37858,"comment_status":"closed","ping_status":"open","sticky":false,"template":"","format":"standard","meta":{"footnotes":""},"categories":[466],"tags":[],"class_list":["post-37852","post","type-post","status-publish","format-standard","has-post-thumbnail","hentry","category-iva","generate-columns","tablet-grid-50","mobile-grid-100","grid-parent","grid-50","resize-featured-image"],"yoast_head":"<!-- This site is optimized with the Yoast SEO plugin v23.9 - https:\/\/yoast.com\/wordpress\/plugins\/seo\/ -->\n<title>No declarar el IVA de los aut\u00f3nomos: \u00bfen qu\u00e9 consiste?<\/title>\n<meta name=\"description\" content=\"\u00bfHas escuchado hablar de la nueva medida de no declarar el IVA? Te explicamos todo lo que necesitas saber. \u00a1Entra y desc\u00fabrelo!\" \/>\n<meta name=\"robots\" content=\"index, follow, max-snippet:-1, max-image-preview:large, max-video-preview:-1\" \/>\n<link rel=\"canonical\" href=\"https:\/\/getquipu.com\/blog\/no-declarar-el-iva-de-los-autonomos\/\" \/>\n<meta property=\"og:locale\" content=\"es_ES\" \/>\n<meta property=\"og:type\" content=\"article\" \/>\n<meta property=\"og:title\" content=\"No declarar el IVA de los aut\u00f3nomos: \u00bfen qu\u00e9 consiste?\" \/>\n<meta property=\"og:description\" content=\"\u00bfHas escuchado hablar de la nueva medida de no declarar el IVA? Te explicamos todo lo que necesitas saber. \u00a1Entra y desc\u00fabrelo!\" \/>\n<meta property=\"og:url\" content=\"https:\/\/getquipu.com\/blog\/no-declarar-el-iva-de-los-autonomos\/\" \/>\n<meta property=\"og:site_name\" content=\"Aut\u00f3nomos, empresas y asesor\u00edas\" \/>\n<meta property=\"article:published_time\" content=\"2023-05-08T09:57:54+00:00\" \/>\n<meta property=\"article:modified_time\" content=\"2025-03-24T10:57:46+00:00\" \/>\n<meta property=\"og:image\" content=\"https:\/\/getquipu.com\/wp-content\/uploads\/2023\/05\/08115504\/no-declarar-iva-autonomos.png\" \/>\n\t<meta property=\"og:image:width\" content=\"768\" \/>\n\t<meta property=\"og:image:height\" content=\"295\" \/>\n\t<meta property=\"og:image:type\" content=\"image\/png\" \/>\n<meta name=\"author\" content=\"Roger Doba\u00f1o - CEO Quipu\" \/>\n<meta name=\"twitter:card\" content=\"summary_large_image\" \/>\n<meta name=\"twitter:creator\" content=\"@rogerdobano\" \/>\n<meta name=\"twitter:label1\" content=\"Escrito por\" \/>\n\t<meta name=\"twitter:data1\" content=\"Roger Doba\u00f1o - CEO Quipu\" \/>\n\t<meta name=\"twitter:label2\" content=\"Tiempo de lectura\" \/>\n\t<meta name=\"twitter:data2\" content=\"8 minutos\" \/>\n<script type=\"application\/ld+json\" class=\"yoast-schema-graph\">{\"@context\":\"https:\/\/schema.org\",\"@graph\":[{\"@type\":\"Article\",\"@id\":\"https:\/\/getquipu.com\/blog\/no-declarar-el-iva-de-los-autonomos\/#article\",\"isPartOf\":{\"@id\":\"https:\/\/getquipu.com\/blog\/no-declarar-el-iva-de-los-autonomos\/\"},\"author\":{\"name\":\"Roger Doba\u00f1o - CEO Quipu\",\"@id\":\"https:\/\/getquipu.com\/blog\/#\/schema\/person\/373ccc5d513d88aea29fc8135422fa2e\"},\"headline\":\"No declarar el IVA de los aut\u00f3nomos: \u00bfen qu\u00e9 consiste esta medida?\",\"datePublished\":\"2023-05-08T09:57:54+00:00\",\"dateModified\":\"2025-03-24T10:57:46+00:00\",\"mainEntityOfPage\":{\"@id\":\"https:\/\/getquipu.com\/blog\/no-declarar-el-iva-de-los-autonomos\/\"},\"wordCount\":1791,\"publisher\":{\"@id\":\"https:\/\/getquipu.com\/blog\/#organization\"},\"image\":{\"@id\":\"https:\/\/getquipu.com\/blog\/no-declarar-el-iva-de-los-autonomos\/#primaryimage\"},\"thumbnailUrl\":\"https:\/\/getquipu.com\/wp-content\/uploads\/2023\/05\/08115504\/no-declarar-iva-autonomos.png\",\"articleSection\":[\"IVA\"],\"inLanguage\":\"es\"},{\"@type\":\"WebPage\",\"@id\":\"https:\/\/getquipu.com\/blog\/no-declarar-el-iva-de-los-autonomos\/\",\"url\":\"https:\/\/getquipu.com\/blog\/no-declarar-el-iva-de-los-autonomos\/\",\"name\":\"No declarar el IVA de los aut\u00f3nomos: \u00bfen qu\u00e9 consiste?\",\"isPartOf\":{\"@id\":\"https:\/\/getquipu.com\/blog\/#website\"},\"primaryImageOfPage\":{\"@id\":\"https:\/\/getquipu.com\/blog\/no-declarar-el-iva-de-los-autonomos\/#primaryimage\"},\"image\":{\"@id\":\"https:\/\/getquipu.com\/blog\/no-declarar-el-iva-de-los-autonomos\/#primaryimage\"},\"thumbnailUrl\":\"https:\/\/getquipu.com\/wp-content\/uploads\/2023\/05\/08115504\/no-declarar-iva-autonomos.png\",\"datePublished\":\"2023-05-08T09:57:54+00:00\",\"dateModified\":\"2025-03-24T10:57:46+00:00\",\"description\":\"\u00bfHas escuchado hablar de la nueva medida de no declarar el IVA? Te explicamos todo lo que necesitas saber. \u00a1Entra y desc\u00fabrelo!\",\"breadcrumb\":{\"@id\":\"https:\/\/getquipu.com\/blog\/no-declarar-el-iva-de-los-autonomos\/#breadcrumb\"},\"inLanguage\":\"es\",\"potentialAction\":[{\"@type\":\"ReadAction\",\"target\":[\"https:\/\/getquipu.com\/blog\/no-declarar-el-iva-de-los-autonomos\/\"]}]},{\"@type\":\"ImageObject\",\"inLanguage\":\"es\",\"@id\":\"https:\/\/getquipu.com\/blog\/no-declarar-el-iva-de-los-autonomos\/#primaryimage\",\"url\":\"https:\/\/getquipu.com\/wp-content\/uploads\/2023\/05\/08115504\/no-declarar-iva-autonomos.png\",\"contentUrl\":\"https:\/\/getquipu.com\/wp-content\/uploads\/2023\/05\/08115504\/no-declarar-iva-autonomos.png\",\"width\":768,\"height\":295,\"caption\":\"no declarar el iva de los aut\u00f3nomos\"},{\"@type\":\"BreadcrumbList\",\"@id\":\"https:\/\/getquipu.com\/blog\/no-declarar-el-iva-de-los-autonomos\/#breadcrumb\",\"itemListElement\":[{\"@type\":\"ListItem\",\"position\":1,\"name\":\"Blog\",\"item\":\"https:\/\/getquipu.com\/blog\/\"},{\"@type\":\"ListItem\",\"position\":2,\"name\":\"IVA\",\"item\":\"https:\/\/getquipu.com\/blog\/category\/iva\/\"},{\"@type\":\"ListItem\",\"position\":3,\"name\":\"No declarar el IVA de los aut\u00f3nomos: \u00bfen qu\u00e9 consiste esta medida?\"}]},{\"@type\":\"WebSite\",\"@id\":\"https:\/\/getquipu.com\/blog\/#website\",\"url\":\"https:\/\/getquipu.com\/blog\/\",\"name\":\"Aut\u00f3nomos, empresas y asesor\u00edas\",\"description\":\"Informaci\u00f3n \u00fatil sobre fiscalidad y eficiencia administrativa en negocios como el tuyo.\",\"publisher\":{\"@id\":\"https:\/\/getquipu.com\/blog\/#organization\"},\"potentialAction\":[{\"@type\":\"SearchAction\",\"target\":{\"@type\":\"EntryPoint\",\"urlTemplate\":\"https:\/\/getquipu.com\/blog\/?s={search_term_string}\"},\"query-input\":{\"@type\":\"PropertyValueSpecification\",\"valueRequired\":true,\"valueName\":\"search_term_string\"}}],\"inLanguage\":\"es\"},{\"@type\":\"Organization\",\"@id\":\"https:\/\/getquipu.com\/blog\/#organization\",\"name\":\"Quipu\",\"url\":\"https:\/\/getquipu.com\/blog\/\",\"logo\":{\"@type\":\"ImageObject\",\"inLanguage\":\"es\",\"@id\":\"https:\/\/getquipu.com\/blog\/#\/schema\/logo\/image\/\",\"url\":\"https:\/\/getquipu.com\/wp-content\/uploads\/2022\/06\/20105810\/logo-quipu.png\",\"contentUrl\":\"https:\/\/getquipu.com\/wp-content\/uploads\/2022\/06\/20105810\/logo-quipu.png\",\"width\":399,\"height\":399,\"caption\":\"Quipu\"},\"image\":{\"@id\":\"https:\/\/getquipu.com\/blog\/#\/schema\/logo\/image\/\"}},{\"@type\":\"Person\",\"@id\":\"https:\/\/getquipu.com\/blog\/#\/schema\/person\/373ccc5d513d88aea29fc8135422fa2e\",\"name\":\"Roger Doba\u00f1o - CEO Quipu\",\"image\":{\"@type\":\"ImageObject\",\"inLanguage\":\"es\",\"@id\":\"https:\/\/getquipu.com\/blog\/#\/schema\/person\/image\/\",\"url\":\"https:\/\/secure.gravatar.com\/avatar\/34af94bfd8e5677657b0a2d961dc4974?s=96&d=mm&r=g\",\"contentUrl\":\"https:\/\/secure.gravatar.com\/avatar\/34af94bfd8e5677657b0a2d961dc4974?s=96&d=mm&r=g\",\"caption\":\"Roger Doba\u00f1o - CEO Quipu\"},\"description\":\"Roger es CEO y Fundador de Quipu, un software en la nube que lleva +10 a\u00f1os ayudando a aut\u00f3nomos, pymes y asesor\u00edas a digitalizar su operativa precontable. A ra\u00edz de una mala experiencia como aut\u00f3nomo, Roger se propuso crear un programa que acompa\u00f1ara a los empresarios a lidiar con la administraci\u00f3n.\",\"sameAs\":[\"https:\/\/getquipu.com\",\"https:\/\/www.linkedin.com\/in\/rogerdobano\/\",\"https:\/\/x.com\/@rogerdobano\"],\"url\":\"https:\/\/getquipu.com\/blog\/author\/roger\/\"}]}<\/script>\n<!-- \/ Yoast SEO plugin. -->","yoast_head_json":{"title":"No declarar el IVA de los aut\u00f3nomos: \u00bfen qu\u00e9 consiste?","description":"\u00bfHas escuchado hablar de la nueva medida de no declarar el IVA? Te explicamos todo lo que necesitas saber. \u00a1Entra y desc\u00fabrelo!","robots":{"index":"index","follow":"follow","max-snippet":"max-snippet:-1","max-image-preview":"max-image-preview:large","max-video-preview":"max-video-preview:-1"},"canonical":"https:\/\/getquipu.com\/blog\/no-declarar-el-iva-de-los-autonomos\/","og_locale":"es_ES","og_type":"article","og_title":"No declarar el IVA de los aut\u00f3nomos: \u00bfen qu\u00e9 consiste?","og_description":"\u00bfHas escuchado hablar de la nueva medida de no declarar el IVA? Te explicamos todo lo que necesitas saber. \u00a1Entra y desc\u00fabrelo!","og_url":"https:\/\/getquipu.com\/blog\/no-declarar-el-iva-de-los-autonomos\/","og_site_name":"Aut\u00f3nomos, empresas y asesor\u00edas","article_published_time":"2023-05-08T09:57:54+00:00","article_modified_time":"2025-03-24T10:57:46+00:00","og_image":[{"width":768,"height":295,"url":"https:\/\/getquipu.com\/wp-content\/uploads\/2023\/05\/08115504\/no-declarar-iva-autonomos.png","type":"image\/png"}],"author":"Roger Doba\u00f1o - CEO Quipu","twitter_card":"summary_large_image","twitter_creator":"@rogerdobano","twitter_misc":{"Escrito por":"Roger Doba\u00f1o - CEO Quipu","Tiempo de lectura":"8 minutos"},"schema":{"@context":"https:\/\/schema.org","@graph":[{"@type":"Article","@id":"https:\/\/getquipu.com\/blog\/no-declarar-el-iva-de-los-autonomos\/#article","isPartOf":{"@id":"https:\/\/getquipu.com\/blog\/no-declarar-el-iva-de-los-autonomos\/"},"author":{"name":"Roger Doba\u00f1o - CEO Quipu","@id":"https:\/\/getquipu.com\/blog\/#\/schema\/person\/373ccc5d513d88aea29fc8135422fa2e"},"headline":"No declarar el IVA de los aut\u00f3nomos: \u00bfen qu\u00e9 consiste esta medida?","datePublished":"2023-05-08T09:57:54+00:00","dateModified":"2025-03-24T10:57:46+00:00","mainEntityOfPage":{"@id":"https:\/\/getquipu.com\/blog\/no-declarar-el-iva-de-los-autonomos\/"},"wordCount":1791,"publisher":{"@id":"https:\/\/getquipu.com\/blog\/#organization"},"image":{"@id":"https:\/\/getquipu.com\/blog\/no-declarar-el-iva-de-los-autonomos\/#primaryimage"},"thumbnailUrl":"https:\/\/getquipu.com\/wp-content\/uploads\/2023\/05\/08115504\/no-declarar-iva-autonomos.png","articleSection":["IVA"],"inLanguage":"es"},{"@type":"WebPage","@id":"https:\/\/getquipu.com\/blog\/no-declarar-el-iva-de-los-autonomos\/","url":"https:\/\/getquipu.com\/blog\/no-declarar-el-iva-de-los-autonomos\/","name":"No declarar el IVA de los aut\u00f3nomos: \u00bfen qu\u00e9 consiste?","isPartOf":{"@id":"https:\/\/getquipu.com\/blog\/#website"},"primaryImageOfPage":{"@id":"https:\/\/getquipu.com\/blog\/no-declarar-el-iva-de-los-autonomos\/#primaryimage"},"image":{"@id":"https:\/\/getquipu.com\/blog\/no-declarar-el-iva-de-los-autonomos\/#primaryimage"},"thumbnailUrl":"https:\/\/getquipu.com\/wp-content\/uploads\/2023\/05\/08115504\/no-declarar-iva-autonomos.png","datePublished":"2023-05-08T09:57:54+00:00","dateModified":"2025-03-24T10:57:46+00:00","description":"\u00bfHas escuchado hablar de la nueva medida de no declarar el IVA? Te explicamos todo lo que necesitas saber. \u00a1Entra y desc\u00fabrelo!","breadcrumb":{"@id":"https:\/\/getquipu.com\/blog\/no-declarar-el-iva-de-los-autonomos\/#breadcrumb"},"inLanguage":"es","potentialAction":[{"@type":"ReadAction","target":["https:\/\/getquipu.com\/blog\/no-declarar-el-iva-de-los-autonomos\/"]}]},{"@type":"ImageObject","inLanguage":"es","@id":"https:\/\/getquipu.com\/blog\/no-declarar-el-iva-de-los-autonomos\/#primaryimage","url":"https:\/\/getquipu.com\/wp-content\/uploads\/2023\/05\/08115504\/no-declarar-iva-autonomos.png","contentUrl":"https:\/\/getquipu.com\/wp-content\/uploads\/2023\/05\/08115504\/no-declarar-iva-autonomos.png","width":768,"height":295,"caption":"no declarar el iva de los aut\u00f3nomos"},{"@type":"BreadcrumbList","@id":"https:\/\/getquipu.com\/blog\/no-declarar-el-iva-de-los-autonomos\/#breadcrumb","itemListElement":[{"@type":"ListItem","position":1,"name":"Blog","item":"https:\/\/getquipu.com\/blog\/"},{"@type":"ListItem","position":2,"name":"IVA","item":"https:\/\/getquipu.com\/blog\/category\/iva\/"},{"@type":"ListItem","position":3,"name":"No declarar el IVA de los aut\u00f3nomos: \u00bfen qu\u00e9 consiste esta medida?"}]},{"@type":"WebSite","@id":"https:\/\/getquipu.com\/blog\/#website","url":"https:\/\/getquipu.com\/blog\/","name":"Aut\u00f3nomos, empresas y asesor\u00edas","description":"Informaci\u00f3n \u00fatil sobre fiscalidad y eficiencia administrativa en negocios como el tuyo.","publisher":{"@id":"https:\/\/getquipu.com\/blog\/#organization"},"potentialAction":[{"@type":"SearchAction","target":{"@type":"EntryPoint","urlTemplate":"https:\/\/getquipu.com\/blog\/?s={search_term_string}"},"query-input":{"@type":"PropertyValueSpecification","valueRequired":true,"valueName":"search_term_string"}}],"inLanguage":"es"},{"@type":"Organization","@id":"https:\/\/getquipu.com\/blog\/#organization","name":"Quipu","url":"https:\/\/getquipu.com\/blog\/","logo":{"@type":"ImageObject","inLanguage":"es","@id":"https:\/\/getquipu.com\/blog\/#\/schema\/logo\/image\/","url":"https:\/\/getquipu.com\/wp-content\/uploads\/2022\/06\/20105810\/logo-quipu.png","contentUrl":"https:\/\/getquipu.com\/wp-content\/uploads\/2022\/06\/20105810\/logo-quipu.png","width":399,"height":399,"caption":"Quipu"},"image":{"@id":"https:\/\/getquipu.com\/blog\/#\/schema\/logo\/image\/"}},{"@type":"Person","@id":"https:\/\/getquipu.com\/blog\/#\/schema\/person\/373ccc5d513d88aea29fc8135422fa2e","name":"Roger Doba\u00f1o - CEO Quipu","image":{"@type":"ImageObject","inLanguage":"es","@id":"https:\/\/getquipu.com\/blog\/#\/schema\/person\/image\/","url":"https:\/\/secure.gravatar.com\/avatar\/34af94bfd8e5677657b0a2d961dc4974?s=96&d=mm&r=g","contentUrl":"https:\/\/secure.gravatar.com\/avatar\/34af94bfd8e5677657b0a2d961dc4974?s=96&d=mm&r=g","caption":"Roger Doba\u00f1o - CEO Quipu"},"description":"Roger es CEO y Fundador de Quipu, un software en la nube que lleva +10 a\u00f1os ayudando a aut\u00f3nomos, pymes y asesor\u00edas a digitalizar su operativa precontable. A ra\u00edz de una mala experiencia como aut\u00f3nomo, Roger se propuso crear un programa que acompa\u00f1ara a los empresarios a lidiar con la administraci\u00f3n.","sameAs":["https:\/\/getquipu.com","https:\/\/www.linkedin.com\/in\/rogerdobano\/","https:\/\/x.com\/@rogerdobano"],"url":"https:\/\/getquipu.com\/blog\/author\/roger\/"}]}},"_links":{"self":[{"href":"https:\/\/getquipu.com\/blog\/wp-json\/wp\/v2\/posts\/37852","targetHints":{"allow":["GET"]}}],"collection":[{"href":"https:\/\/getquipu.com\/blog\/wp-json\/wp\/v2\/posts"}],"about":[{"href":"https:\/\/getquipu.com\/blog\/wp-json\/wp\/v2\/types\/post"}],"author":[{"embeddable":true,"href":"https:\/\/getquipu.com\/blog\/wp-json\/wp\/v2\/users\/3"}],"replies":[{"embeddable":true,"href":"https:\/\/getquipu.com\/blog\/wp-json\/wp\/v2\/comments?post=37852"}],"version-history":[{"count":7,"href":"https:\/\/getquipu.com\/blog\/wp-json\/wp\/v2\/posts\/37852\/revisions"}],"predecessor-version":[{"id":51788,"href":"https:\/\/getquipu.com\/blog\/wp-json\/wp\/v2\/posts\/37852\/revisions\/51788"}],"wp:featuredmedia":[{"embeddable":true,"href":"https:\/\/getquipu.com\/blog\/wp-json\/wp\/v2\/media\/37858"}],"wp:attachment":[{"href":"https:\/\/getquipu.com\/blog\/wp-json\/wp\/v2\/media?parent=37852"}],"wp:term":[{"taxonomy":"category","embeddable":true,"href":"https:\/\/getquipu.com\/blog\/wp-json\/wp\/v2\/categories?post=37852"},{"taxonomy":"post_tag","embeddable":true,"href":"https:\/\/getquipu.com\/blog\/wp-json\/wp\/v2\/tags?post=37852"}],"curies":[{"name":"wp","href":"https:\/\/api.w.org\/{rel}","templated":true}]}}