{"id":37360,"date":"2023-04-24T13:51:43","date_gmt":"2023-04-24T11:51:43","guid":{"rendered":"https:\/\/getquipu.com\/blog\/?p=37360"},"modified":"2026-03-27T16:50:02","modified_gmt":"2026-03-27T15:50:02","slug":"jubilacion-anticipada-de-autonomos","status":"publish","type":"post","link":"https:\/\/getquipu.com\/blog\/jubilacion-anticipada-de-autonomos\/","title":{"rendered":"Jubilaci\u00f3n anticipada de aut\u00f3nomos en 2026: qu\u00e9 es y requisitos"},"content":{"rendered":"\n<p>La idea de retirarse temprano y disfrutar de la vida es un sue\u00f1o que muchos anhelan, y los aut\u00f3nomos no son una excepci\u00f3n. La jubilaci\u00f3n anticipada se ha convertido en <strong>un tema cada vez m\u00e1s relevante<\/strong>en el mundo laboral, especialmente para aquellos que trabajan por cuenta propia.<\/p>\n\n\n\n<p>Pero, \u00bfqu\u00e9 es la jubilaci\u00f3n anticipada en aut\u00f3nomos y c\u00f3mo funciona? \u00bfCu\u00e1les son los requisitos y beneficios de este sistema? En este art\u00edculo, exploraremos todo lo que necesitas saber sobre la jubilaci\u00f3n anticipada de los aut\u00f3nomos en 2026.<\/p>\n\n\n\n<div class=\"wp-block-group has-background\" style=\"background-color:#fef9f5\"><div class=\"wp-block-group__inner-container is-layout-flow wp-block-group-is-layout-flow\">\n<p class=\"has-text-align-center has-medium-font-size\"><strong>\u00bfJubilaci\u00f3n aut\u00f3nomos?<\/strong><\/p>\n\n\n\n<p>\ud83d\udcf9 <strong>\u00bfEres aut\u00f3nomo y quieres saber cu\u00e1ndo puedes jubilarte y cu\u00e1nto vas a cobrar de pensi\u00f3n?<\/strong> En este v\u00eddeo te explicamos todo: requisitos, edad m\u00ednima, a\u00f1os de cotizaci\u00f3n necesarios y c\u00f3mo calcular tu pensi\u00f3n paso a paso.<\/p>\n\n\n\n<div class=\"iframe-container\">\n\n<iframe class=\"responsive-iframe\" title=\"YouTube video player\" src=\"https:\/\/www.youtube.com\/embed\/GJslu4MD3bs\" frameborder=\"0\" allowfullscreen=\"allowfullscreen\"><\/iframe>\n\n<\/div>\n\n\n\n<div style=\"height:20px\" aria-hidden=\"true\" class=\"wp-block-spacer\"><\/div>\n\n\n\n<div class=\"btn-div-destacado\"><a href=\"https:\/\/getquipu.com\/es\/cuentas\/registro\" class=\"btn-destacado\" target=\"_blank\" rel=\"noreferrer noopener\">Prueba Quipu Gratis<\/a><\/div>\n\n\n\n<div style=\"height:15px\" aria-hidden=\"true\" class=\"wp-block-spacer\"><\/div>\n\n\n\n<p class=\"has-text-align-center has-small-font-size\">Prueba gratuita de 15 d\u00edas. Sin permanencia. Sin introducir tu tarjeta.<\/p>\n<\/div><\/div>\n\n\n\n<h2 class=\"wp-block-heading\" id=\"que-es\"><strong>\u00bfQu\u00e9 es la jubilaci\u00f3n anticipada de aut\u00f3nomos?<\/strong><\/h2>\n\n\n\n<p>La jubilaci\u00f3n anticipada para aut\u00f3nomos es un derecho que permite a los trabajadores aut\u00f3nomos <strong>solicitar la jubilaci\u00f3n antes de la edad legal de jubilaci\u00f3n establecida<\/strong>, siempre y cuando se cumplan ciertos requisitos.<\/p>\n\n\n\n<p>En general, para poder acceder a la jubilaci\u00f3n anticipada como aut\u00f3nomo, es necesario cumplir con una serie de <strong>requisitos relacionados con la edad y el tiempo de cotizaci\u00f3n<\/strong>. El n\u00famero de a\u00f1os cotizados exigidos puede variar en funci\u00f3n de la edad y la fecha de incorporaci\u00f3n al <a href=\"https:\/\/getquipu.com\/blog\/regimen-especial-de-trabajadores-autonomos-que-es-y-como-funciona\/\">R\u00e9gimen Especial de Trabajadores Aut\u00f3nomos (RETA)<\/a>.<\/p>\n\n\n\n<p>Adem\u00e1s, el importe de la pensi\u00f3n que se percibir\u00e1 puede verse afectado por el hecho de haberse jubilado anticipadamente, ya que <strong>se aplicar\u00e1n coeficientes reductores<\/strong> que reducir\u00e1n el importe de la pensi\u00f3n en funci\u00f3n de los a\u00f1os de anticipaci\u00f3n.<\/p>\n\n\n\n<p class=\"has-background\" style=\"background-color:#e7f5ff\">\ud83d\udd17 <strong>Ampliar informaci\u00f3n<\/strong>: Si quieres saber m\u00e1s sobre <a href=\"https:\/\/getquipu.com\/blog\/la-jubilacion-del-trabajador-autonomo\/\">la jubilaci\u00f3n de los aut\u00f3nomos<\/a> te recomendamos que leas nuestro art\u00edculo espec\u00edfico.<\/p>\n\n\n\n<h2 class=\"wp-block-heading\" id=\"requisitos\"><strong>Requisitos para la jubilaci\u00f3n anticipada de aut\u00f3nomos<\/strong><\/h2>\n\n\n\n<p>Los aut\u00f3nomos que deseen acceder a la jubilaci\u00f3n anticipada de forma voluntaria <strong>deber\u00e1n cumplir ciertos requisitos<\/strong>, entre ellos:<\/p>\n\n\n\n<ul class=\"wp-block-list\">\n<li>Tener un m\u00ednimo de <strong>35 a\u00f1os cotizados<\/strong>, demostrar que han cotizado durante al menos dos a\u00f1os de los quince anteriores a la solicitud y que el importe de la pensi\u00f3n a recibir sea superior a la cuant\u00eda de la <a href=\"https:\/\/getquipu.com\/blog\/pension-minima-y-maxima-autonomos\/\">pensi\u00f3n m\u00ednima<\/a> que corresponder\u00eda al interesado al cumplimiento de los 65 a\u00f1os (para quienes hayan cotizado 38 a\u00f1os y 3 meses o m\u00e1s) o 66 a\u00f1os y 10 meses (para quienes hayan cotizado menos).<\/li>\n\n\n\n<li>Como m\u00ednimo, haber cotizado <strong>dos a\u00f1os durante los 15 a\u00f1os anteriores<\/strong> al momento de pedir la jubilaci\u00f3n anticipada.<\/li>\n\n\n\n<li>En cuanto a la edad necesaria para acceder a la jubilaci\u00f3n anticipada, se establece que se podr\u00e1 acceder <strong>dos a\u00f1os antes<\/strong> de la edad legal ordinaria. En 2026, la edad de jubilaci\u00f3n legal es de 66 a\u00f1os y 10 meses (con menos de 38 a\u00f1os y 3 meses cotizados) o 65 a\u00f1os (con 38 a\u00f1os y 3 meses o m\u00e1s). La jubilaci\u00f3n anticipada voluntaria permite acceder 2 a\u00f1os antes: a los 64 a\u00f1os y 10 meses o a los 63 a\u00f1os respectivamente.<\/li>\n<\/ul>\n\n\n\n<p>La jubilaci\u00f3n anticipada solo existe<strong>de forma voluntaria para los aut\u00f3nomos<\/strong>, ya que no hay una \u00abjubilaci\u00f3n forzosa\u00bb como la que tienen los asalariados, quienes pueden acceder a la jubilaci\u00f3n forzosa despu\u00e9s de los 61 a\u00f1os de edad.<\/p>\n\n\n\n<p>Esto es importante tenerlo en cuenta porque en la jubilaci\u00f3n anticipada de los aut\u00f3nomos se aplican <strong>coeficientes reductores menos onerosos<\/strong> que los que se aplican a los prejubilados.<\/p>\n\n\n\n<h2 class=\"wp-block-heading\"><strong>Los coeficientes reductores en la jubilaci\u00f3n anticipada<\/strong><\/h2>\n\n\n\n<p>Los coeficientes reductores en la jubilaci\u00f3n anticipada para aut\u00f3nomos se aplican para <strong>reducir la cantidad de la pensi\u00f3n que el trabajador recibir\u00e1<\/strong>, debido a que se est\u00e1 jubilando antes de la edad prevista y est\u00e1 dejando durante unos a\u00f1os de aportar al sistema.<\/p>\n\n\n\n<p>Pero antes de consultar estas tablas, debes tener en cuenta dos cosas:<\/p>\n\n\n\n<ol class=\"wp-block-list\">\n<li>Los coeficientes reductores <strong>no son iguales para todos los aut\u00f3nomos.<\/strong> De hecho hay cuatro tablas: una con coeficientes para aut\u00f3nomos que han cotizado menos de 38 a\u00f1os y medio; otra para los que han cotizado entre 38 a\u00f1os y medio y 41 a\u00f1os y medio; otra para los que han cotizado entre 41 a\u00f1os y medio y 44 a\u00f1os y medio; y una \u00faltima para los que tienen cotizaciones de m\u00e1s de 44 a\u00f1os y medio<\/li>\n\n\n\n<li>Los coeficientes reductores son <strong>mucho m\u00e1s estrictos al principio de las tablas<\/strong>, cuando se intenta adelantar la jubilaci\u00f3n entre 20 y 24 meses. Los coeficientes m\u00e1s interesantes se encuentran en el medio de la tabla.<\/li>\n<\/ol>\n\n\n<div class=\"wp-block-image\">\n<figure class=\"aligncenter size-full\"><img decoding=\"async\" width=\"672\" height=\"560\" src=\"https:\/\/getquipu.com\/wp-content\/uploads\/2023\/11\/10122758\/jubilacion-anticioada-autonomos.jpg\" alt=\"\" class=\"wp-image-43442\" srcset=\"https:\/\/getquipu.com\/wp-content\/uploads\/2023\/11\/10122758\/jubilacion-anticioada-autonomos.jpg 672w, https:\/\/getquipu.com\/wp-content\/uploads\/2023\/11\/10122758\/jubilacion-anticioada-autonomos-300x250.jpg 300w\" sizes=\"(max-width: 672px) 100vw, 672px\" \/><\/figure><\/div>\n\n\n<p class=\"has-background\" style=\"background-color:#e7f5ff\">\ud83d\udd17 <strong>Ampliar informaci\u00f3n: <\/strong>Si quieres saber m\u00e1s sobre <a href=\"https:\/\/getquipu.com\/blog\/cuanto-suben-las-pensiones-de-los-autonomos\/\" class=\"broken_link\">cu\u00e1nto subir\u00e1n las pensiones de los aut\u00f3nomos en 2025<\/a> te recomendamos que leas nuestro art\u00edculo espec\u00edfico.<\/p>\n\n\n\n<h2 class=\"wp-block-heading\" id=\"preguntas-frecuentes\"><strong>Preguntas frecuentes sobre la jubilaci\u00f3n anticipada de aut\u00f3nomos<\/strong><\/h2>\n\n\n\n<p>A continuaci\u00f3n vamos a <strong>responder a algunas preguntas frecuentes<\/strong> que suelen surgir en relaci\u00f3n con la jubilaci\u00f3n anticipada de los aut\u00f3nomos. Si est\u00e1s pensando en jubilarte anticipadamente, es posible que algunas de estas preguntas te resulten \u00fatiles.<\/p>\n\n\n\n<h3 class=\"wp-block-heading\"><strong>\u00bfEs posible obtener la jubilaci\u00f3n anticipada por cese de actividad?<\/strong><\/h3>\n\n\n\n<p>La ley es clara en cuanto a la jubilaci\u00f3n anticipada de los aut\u00f3nomos: no pueden solicitarla si se encuentran en cese de actividad. En tales situaciones, solo les queda como alternativa solicitar el <a href=\"https:\/\/getquipu.com\/blog\/como-pedir-el-paro-siendo-autonomo\/\">paro de los aut\u00f3nomos<\/a> en la Mutua colaboradora. No obstante, una vez que finalice el periodo de cese de actividad, siempre y cuando cumplan con los requisitos exigidos, podr\u00e1n optar por la jubilaci\u00f3n anticipada.<\/p>\n\n\n\n<h3 class=\"wp-block-heading\"><strong>\u00bfEs posible jubilarse de forma anticipada con 63 a\u00f1os siendo aut\u00f3nomo?<\/strong><\/h3>\n\n\n\n<p>Depende. Debes tener en cuenta que la jubilaci\u00f3n anticipada se puede solicitar <strong>dos a\u00f1os antes de la edad de jubilaci\u00f3n ordinaria.<\/strong> En 2026, la edad legal ordinaria de jubilaci\u00f3n es de 65 a\u00f1os (con 38 a\u00f1os y 3 meses o m\u00e1s de cotizaci\u00f3n) o 66 a\u00f1os y 10 meses (con menos cotizaci\u00f3n).<\/p>\n\n\n\n<p>Por lo tanto,<strong>si has cotizado m\u00e1s de 38 a\u00f1os y tres meses<\/strong>s\u00ed podr\u00e1s jubilarte a los 63 a\u00f1os. Pero debes tener en cuenta que si lo haces nada m\u00e1s cumplir esa edad se te aplicar\u00e1 el coeficiente reductor m\u00e1s perjudicial de toda la tabla: tu pensi\u00f3n se reducir\u00e1 entre un 13% y un 21%, dependiendo de cu\u00e1nto tiempo hayas cotizado.<\/p>\n\n\n\n<h3 class=\"wp-block-heading\"><strong>\u00bfLa jubilaci\u00f3n anticipada de los aut\u00f3nomos es la misma que la de los asalariados?<\/strong><\/h3>\n\n\n\n<p>No. Los aut\u00f3nomos no tienen las mismas condiciones para la jubilaci\u00f3n anticipada que los trabajadores por cuenta ajena. Originalmente, la reforma de la jubilaci\u00f3n anticipada no inclu\u00eda a los aut\u00f3nomos, pero gracias a la presi\u00f3n de las asociaciones de aut\u00f3nomos se estableci\u00f3 la posibilidad de la jubilaci\u00f3n anticipada voluntaria para ellos a partir de dos a\u00f1os antes de la edad legal ordinaria de jubilaci\u00f3n.<\/p>\n\n\n\n<p>Sin embargo, no tienen acceso a la jubilaci\u00f3n anticipada forzosa si su negocio deja de funcionar, como s\u00ed est\u00e1 permitido para los trabajadores por cuenta ajena en caso de despido.<\/p>\n\n\n\n<h3 class=\"wp-block-heading\"><strong>\u00bfPrejubilaci\u00f3n es lo mismo que jubilaci\u00f3n anticipada?<\/strong><\/h3>\n\n\n\n<p>La prejubilaci\u00f3n y la jubilaci\u00f3n anticipada son t\u00e9rminos diferentes y no se aplican de la misma manera para todos los trabajadores. Es importante destacar que la prejubilaci\u00f3n es un acuerdo que se establece exclusivamente entre el empleador y el trabajador asalariado antes de la edad legal de jubilaci\u00f3n. Y adem\u00e1s tiene condiciones bastante beneficiosas para el trabajador.<\/p>\n\n\n\n<p>Este acuerdo implica el pago de una cantidad econ\u00f3mica por parte de la empresa al trabajador, hasta que pueda acceder a una pensi\u00f3n p\u00fablica. Cabe se\u00f1alar que este t\u00e9rmino no se aplica a los aut\u00f3nomos, quienes solo tienen la opci\u00f3n de acceder a la jubilaci\u00f3n anticipada voluntaria bajo ciertas condiciones espec\u00edficas.<\/p>\n\n\n\n<h2 class=\"wp-block-heading\">Otros art\u00edculos relacionados<\/h2>\n\n\n\n<p>\u00bfTe interesa este tema? Te mostramos otros art\u00edculos relacionados:<\/p>\n\n\n\n<ul class=\"wp-block-list\">\n<li><a href=\"https:\/\/getquipu.com\/blog\/jubilacion-parcial-de-autonomos\/\"><strong>Jubilaci\u00f3n parcial de los aut\u00f3nomos<\/strong><\/a>.<\/li>\n\n\n\n<li><a href=\"https:\/\/getquipu.com\/blog\/jubilacion-activa-de-los-autonomos\/\"><strong>Jubilaci\u00f3n activa de los aut\u00f3nomos<\/strong><\/a>.<\/li>\n\n\n\n<li><a href=\"https:\/\/getquipu.com\/blog\/jubilacion-demorada-de-los-autonomos\/\"><strong>Jubilaci\u00f3n demorada de los aut\u00f3nomos<\/strong><\/a>.<\/li>\n\n\n\n<li><a href=\"https:\/\/getquipu.com\/blog\/jubilacion-flexible-de-los-autonomos\/\"><strong>Jubilaci\u00f3n flexible de los aut\u00f3nomos<\/strong><\/a>.<\/li>\n\n\n\n<li><a href=\"https:\/\/getquipu.com\/blog\/jubilacion-habiendo-cotizado-en-regimen-general-y-autonomos\/\"><strong>Jubilaci\u00f3n habiendo cotizado en r\u00e9gimen general y aut\u00f3nomos<\/strong><\/a>.<\/li>\n<\/ul>\n","protected":false},"excerpt":{"rendered":"<p>La idea de retirarse temprano y disfrutar de la vida es un sue\u00f1o que muchos anhelan, y los aut\u00f3nomos no son una excepci\u00f3n. La jubilaci\u00f3n anticipada se ha convertido en<\/p>\n","protected":false},"author":3,"featured_media":37365,"comment_status":"closed","ping_status":"open","sticky":false,"template":"","format":"standard","meta":{"footnotes":""},"categories":[7],"tags":[],"class_list":["post-37360","post","type-post","status-publish","format-standard","has-post-thumbnail","hentry","category-autonomos","generate-columns","tablet-grid-50","mobile-grid-100","grid-parent","grid-50","resize-featured-image"],"yoast_head":"<!-- This site is optimized with the Yoast SEO plugin v23.9 - https:\/\/yoast.com\/wordpress\/plugins\/seo\/ -->\n<title>Jubilaci\u00f3n anticipada aut\u00f3nomos 2025: qu\u00e9 es y requisitos<\/title>\n<meta name=\"description\" content=\"\u00bfTe surgen dudas sobre la jubilaci\u00f3n anticipada de los aut\u00f3nomos? Te mostramos todos los detalles que tienes que conocer. \u00a1Desc\u00fabrelo!\" \/>\n<meta name=\"robots\" content=\"index, follow, max-snippet:-1, max-image-preview:large, max-video-preview:-1\" \/>\n<link rel=\"canonical\" href=\"https:\/\/getquipu.com\/blog\/jubilacion-anticipada-de-autonomos\/\" \/>\n<meta property=\"og:locale\" content=\"es_ES\" \/>\n<meta property=\"og:type\" content=\"article\" \/>\n<meta property=\"og:title\" content=\"Jubilaci\u00f3n anticipada aut\u00f3nomos 2025: qu\u00e9 es y requisitos\" \/>\n<meta property=\"og:description\" content=\"\u00bfTe surgen dudas sobre la jubilaci\u00f3n anticipada de los aut\u00f3nomos? Te mostramos todos los detalles que tienes que conocer. \u00a1Desc\u00fabrelo!\" \/>\n<meta property=\"og:url\" content=\"https:\/\/getquipu.com\/blog\/jubilacion-anticipada-de-autonomos\/\" \/>\n<meta property=\"og:site_name\" content=\"Aut\u00f3nomos, empresas y asesor\u00edas\" \/>\n<meta property=\"article:published_time\" content=\"2023-04-24T11:51:43+00:00\" \/>\n<meta property=\"article:modified_time\" content=\"2026-03-27T15:50:02+00:00\" \/>\n<meta property=\"og:image\" content=\"https:\/\/getquipu.com\/wp-content\/uploads\/2023\/04\/24135015\/jubilacion-anticipada-autonomos.png\" \/>\n\t<meta property=\"og:image:width\" content=\"768\" \/>\n\t<meta property=\"og:image:height\" content=\"295\" \/>\n\t<meta property=\"og:image:type\" content=\"image\/png\" \/>\n<meta name=\"author\" content=\"Roger Doba\u00f1o - CEO Quipu\" \/>\n<meta name=\"twitter:card\" content=\"summary_large_image\" \/>\n<meta name=\"twitter:creator\" content=\"@rogerdobano\" \/>\n<meta name=\"twitter:label1\" content=\"Escrito por\" \/>\n\t<meta name=\"twitter:data1\" content=\"Roger Doba\u00f1o - CEO Quipu\" \/>\n\t<meta name=\"twitter:label2\" content=\"Tiempo de lectura\" \/>\n\t<meta name=\"twitter:data2\" content=\"7 minutos\" \/>\n<script type=\"application\/ld+json\" class=\"yoast-schema-graph\">{\"@context\":\"https:\/\/schema.org\",\"@graph\":[{\"@type\":\"Article\",\"@id\":\"https:\/\/getquipu.com\/blog\/jubilacion-anticipada-de-autonomos\/#article\",\"isPartOf\":{\"@id\":\"https:\/\/getquipu.com\/blog\/jubilacion-anticipada-de-autonomos\/\"},\"author\":{\"name\":\"Roger Doba\u00f1o - CEO Quipu\",\"@id\":\"https:\/\/getquipu.com\/blog\/#\/schema\/person\/373ccc5d513d88aea29fc8135422fa2e\"},\"headline\":\"Jubilaci\u00f3n anticipada de aut\u00f3nomos en 2026: qu\u00e9 es y requisitos\",\"datePublished\":\"2023-04-24T11:51:43+00:00\",\"dateModified\":\"2026-03-27T15:50:02+00:00\",\"mainEntityOfPage\":{\"@id\":\"https:\/\/getquipu.com\/blog\/jubilacion-anticipada-de-autonomos\/\"},\"wordCount\":1420,\"publisher\":{\"@id\":\"https:\/\/getquipu.com\/blog\/#organization\"},\"image\":{\"@id\":\"https:\/\/getquipu.com\/blog\/jubilacion-anticipada-de-autonomos\/#primaryimage\"},\"thumbnailUrl\":\"https:\/\/getquipu.com\/wp-content\/uploads\/2023\/04\/24135015\/jubilacion-anticipada-autonomos.png\",\"articleSection\":[\"Aut\u00f3nomos\"],\"inLanguage\":\"es\"},{\"@type\":\"WebPage\",\"@id\":\"https:\/\/getquipu.com\/blog\/jubilacion-anticipada-de-autonomos\/\",\"url\":\"https:\/\/getquipu.com\/blog\/jubilacion-anticipada-de-autonomos\/\",\"name\":\"Jubilaci\u00f3n anticipada aut\u00f3nomos 2025: qu\u00e9 es y requisitos\",\"isPartOf\":{\"@id\":\"https:\/\/getquipu.com\/blog\/#website\"},\"primaryImageOfPage\":{\"@id\":\"https:\/\/getquipu.com\/blog\/jubilacion-anticipada-de-autonomos\/#primaryimage\"},\"image\":{\"@id\":\"https:\/\/getquipu.com\/blog\/jubilacion-anticipada-de-autonomos\/#primaryimage\"},\"thumbnailUrl\":\"https:\/\/getquipu.com\/wp-content\/uploads\/2023\/04\/24135015\/jubilacion-anticipada-autonomos.png\",\"datePublished\":\"2023-04-24T11:51:43+00:00\",\"dateModified\":\"2026-03-27T15:50:02+00:00\",\"description\":\"\u00bfTe surgen dudas sobre la jubilaci\u00f3n anticipada de los aut\u00f3nomos? Te mostramos todos los detalles que tienes que conocer. \u00a1Desc\u00fabrelo!\",\"breadcrumb\":{\"@id\":\"https:\/\/getquipu.com\/blog\/jubilacion-anticipada-de-autonomos\/#breadcrumb\"},\"inLanguage\":\"es\",\"potentialAction\":[{\"@type\":\"ReadAction\",\"target\":[\"https:\/\/getquipu.com\/blog\/jubilacion-anticipada-de-autonomos\/\"]}]},{\"@type\":\"ImageObject\",\"inLanguage\":\"es\",\"@id\":\"https:\/\/getquipu.com\/blog\/jubilacion-anticipada-de-autonomos\/#primaryimage\",\"url\":\"https:\/\/getquipu.com\/wp-content\/uploads\/2023\/04\/24135015\/jubilacion-anticipada-autonomos.png\",\"contentUrl\":\"https:\/\/getquipu.com\/wp-content\/uploads\/2023\/04\/24135015\/jubilacion-anticipada-autonomos.png\",\"width\":768,\"height\":295,\"caption\":\"jubilaci\u00f3n anticipada de los aut\u00f3nomos\"},{\"@type\":\"BreadcrumbList\",\"@id\":\"https:\/\/getquipu.com\/blog\/jubilacion-anticipada-de-autonomos\/#breadcrumb\",\"itemListElement\":[{\"@type\":\"ListItem\",\"position\":1,\"name\":\"Blog\",\"item\":\"https:\/\/getquipu.com\/blog\/\"},{\"@type\":\"ListItem\",\"position\":2,\"name\":\"Aut\u00f3nomos\",\"item\":\"https:\/\/getquipu.com\/blog\/category\/autonomos\/\"},{\"@type\":\"ListItem\",\"position\":3,\"name\":\"Jubilaci\u00f3n anticipada de aut\u00f3nomos en 2026: qu\u00e9 es y requisitos\"}]},{\"@type\":\"WebSite\",\"@id\":\"https:\/\/getquipu.com\/blog\/#website\",\"url\":\"https:\/\/getquipu.com\/blog\/\",\"name\":\"Aut\u00f3nomos, empresas y asesor\u00edas\",\"description\":\"Informaci\u00f3n \u00fatil sobre fiscalidad y eficiencia administrativa en negocios como el tuyo.\",\"publisher\":{\"@id\":\"https:\/\/getquipu.com\/blog\/#organization\"},\"potentialAction\":[{\"@type\":\"SearchAction\",\"target\":{\"@type\":\"EntryPoint\",\"urlTemplate\":\"https:\/\/getquipu.com\/blog\/?s={search_term_string}\"},\"query-input\":{\"@type\":\"PropertyValueSpecification\",\"valueRequired\":true,\"valueName\":\"search_term_string\"}}],\"inLanguage\":\"es\"},{\"@type\":\"Organization\",\"@id\":\"https:\/\/getquipu.com\/blog\/#organization\",\"name\":\"Quipu\",\"url\":\"https:\/\/getquipu.com\/blog\/\",\"logo\":{\"@type\":\"ImageObject\",\"inLanguage\":\"es\",\"@id\":\"https:\/\/getquipu.com\/blog\/#\/schema\/logo\/image\/\",\"url\":\"https:\/\/getquipu.com\/wp-content\/uploads\/2022\/06\/20105810\/logo-quipu.png\",\"contentUrl\":\"https:\/\/getquipu.com\/wp-content\/uploads\/2022\/06\/20105810\/logo-quipu.png\",\"width\":399,\"height\":399,\"caption\":\"Quipu\"},\"image\":{\"@id\":\"https:\/\/getquipu.com\/blog\/#\/schema\/logo\/image\/\"}},{\"@type\":\"Person\",\"@id\":\"https:\/\/getquipu.com\/blog\/#\/schema\/person\/373ccc5d513d88aea29fc8135422fa2e\",\"name\":\"Roger Doba\u00f1o - CEO Quipu\",\"image\":{\"@type\":\"ImageObject\",\"inLanguage\":\"es\",\"@id\":\"https:\/\/getquipu.com\/blog\/#\/schema\/person\/image\/\",\"url\":\"https:\/\/secure.gravatar.com\/avatar\/34af94bfd8e5677657b0a2d961dc4974?s=96&d=mm&r=g\",\"contentUrl\":\"https:\/\/secure.gravatar.com\/avatar\/34af94bfd8e5677657b0a2d961dc4974?s=96&d=mm&r=g\",\"caption\":\"Roger Doba\u00f1o - CEO Quipu\"},\"description\":\"Roger es CEO y Fundador de Quipu, un software en la nube que lleva +10 a\u00f1os ayudando a aut\u00f3nomos, pymes y asesor\u00edas a digitalizar su operativa precontable. A ra\u00edz de una mala experiencia como aut\u00f3nomo, Roger se propuso crear un programa que acompa\u00f1ara a los empresarios a lidiar con la administraci\u00f3n.\",\"sameAs\":[\"https:\/\/getquipu.com\",\"https:\/\/www.linkedin.com\/in\/rogerdobano\/\",\"https:\/\/x.com\/@rogerdobano\"],\"url\":\"https:\/\/getquipu.com\/blog\/author\/roger\/\"}]}<\/script>\n<!-- \/ Yoast SEO plugin. -->","yoast_head_json":{"title":"Jubilaci\u00f3n anticipada aut\u00f3nomos 2025: qu\u00e9 es y requisitos","description":"\u00bfTe surgen dudas sobre la jubilaci\u00f3n anticipada de los aut\u00f3nomos? Te mostramos todos los detalles que tienes que conocer. \u00a1Desc\u00fabrelo!","robots":{"index":"index","follow":"follow","max-snippet":"max-snippet:-1","max-image-preview":"max-image-preview:large","max-video-preview":"max-video-preview:-1"},"canonical":"https:\/\/getquipu.com\/blog\/jubilacion-anticipada-de-autonomos\/","og_locale":"es_ES","og_type":"article","og_title":"Jubilaci\u00f3n anticipada aut\u00f3nomos 2025: qu\u00e9 es y requisitos","og_description":"\u00bfTe surgen dudas sobre la jubilaci\u00f3n anticipada de los aut\u00f3nomos? Te mostramos todos los detalles que tienes que conocer. \u00a1Desc\u00fabrelo!","og_url":"https:\/\/getquipu.com\/blog\/jubilacion-anticipada-de-autonomos\/","og_site_name":"Aut\u00f3nomos, empresas y asesor\u00edas","article_published_time":"2023-04-24T11:51:43+00:00","article_modified_time":"2026-03-27T15:50:02+00:00","og_image":[{"width":768,"height":295,"url":"https:\/\/getquipu.com\/wp-content\/uploads\/2023\/04\/24135015\/jubilacion-anticipada-autonomos.png","type":"image\/png"}],"author":"Roger Doba\u00f1o - CEO Quipu","twitter_card":"summary_large_image","twitter_creator":"@rogerdobano","twitter_misc":{"Escrito por":"Roger Doba\u00f1o - CEO Quipu","Tiempo de lectura":"7 minutos"},"schema":{"@context":"https:\/\/schema.org","@graph":[{"@type":"Article","@id":"https:\/\/getquipu.com\/blog\/jubilacion-anticipada-de-autonomos\/#article","isPartOf":{"@id":"https:\/\/getquipu.com\/blog\/jubilacion-anticipada-de-autonomos\/"},"author":{"name":"Roger Doba\u00f1o - CEO Quipu","@id":"https:\/\/getquipu.com\/blog\/#\/schema\/person\/373ccc5d513d88aea29fc8135422fa2e"},"headline":"Jubilaci\u00f3n anticipada de aut\u00f3nomos en 2026: qu\u00e9 es y requisitos","datePublished":"2023-04-24T11:51:43+00:00","dateModified":"2026-03-27T15:50:02+00:00","mainEntityOfPage":{"@id":"https:\/\/getquipu.com\/blog\/jubilacion-anticipada-de-autonomos\/"},"wordCount":1420,"publisher":{"@id":"https:\/\/getquipu.com\/blog\/#organization"},"image":{"@id":"https:\/\/getquipu.com\/blog\/jubilacion-anticipada-de-autonomos\/#primaryimage"},"thumbnailUrl":"https:\/\/getquipu.com\/wp-content\/uploads\/2023\/04\/24135015\/jubilacion-anticipada-autonomos.png","articleSection":["Aut\u00f3nomos"],"inLanguage":"es"},{"@type":"WebPage","@id":"https:\/\/getquipu.com\/blog\/jubilacion-anticipada-de-autonomos\/","url":"https:\/\/getquipu.com\/blog\/jubilacion-anticipada-de-autonomos\/","name":"Jubilaci\u00f3n anticipada aut\u00f3nomos 2025: qu\u00e9 es y requisitos","isPartOf":{"@id":"https:\/\/getquipu.com\/blog\/#website"},"primaryImageOfPage":{"@id":"https:\/\/getquipu.com\/blog\/jubilacion-anticipada-de-autonomos\/#primaryimage"},"image":{"@id":"https:\/\/getquipu.com\/blog\/jubilacion-anticipada-de-autonomos\/#primaryimage"},"thumbnailUrl":"https:\/\/getquipu.com\/wp-content\/uploads\/2023\/04\/24135015\/jubilacion-anticipada-autonomos.png","datePublished":"2023-04-24T11:51:43+00:00","dateModified":"2026-03-27T15:50:02+00:00","description":"\u00bfTe surgen dudas sobre la jubilaci\u00f3n anticipada de los aut\u00f3nomos? Te mostramos todos los detalles que tienes que conocer. \u00a1Desc\u00fabrelo!","breadcrumb":{"@id":"https:\/\/getquipu.com\/blog\/jubilacion-anticipada-de-autonomos\/#breadcrumb"},"inLanguage":"es","potentialAction":[{"@type":"ReadAction","target":["https:\/\/getquipu.com\/blog\/jubilacion-anticipada-de-autonomos\/"]}]},{"@type":"ImageObject","inLanguage":"es","@id":"https:\/\/getquipu.com\/blog\/jubilacion-anticipada-de-autonomos\/#primaryimage","url":"https:\/\/getquipu.com\/wp-content\/uploads\/2023\/04\/24135015\/jubilacion-anticipada-autonomos.png","contentUrl":"https:\/\/getquipu.com\/wp-content\/uploads\/2023\/04\/24135015\/jubilacion-anticipada-autonomos.png","width":768,"height":295,"caption":"jubilaci\u00f3n anticipada de los aut\u00f3nomos"},{"@type":"BreadcrumbList","@id":"https:\/\/getquipu.com\/blog\/jubilacion-anticipada-de-autonomos\/#breadcrumb","itemListElement":[{"@type":"ListItem","position":1,"name":"Blog","item":"https:\/\/getquipu.com\/blog\/"},{"@type":"ListItem","position":2,"name":"Aut\u00f3nomos","item":"https:\/\/getquipu.com\/blog\/category\/autonomos\/"},{"@type":"ListItem","position":3,"name":"Jubilaci\u00f3n anticipada de aut\u00f3nomos en 2026: qu\u00e9 es y requisitos"}]},{"@type":"WebSite","@id":"https:\/\/getquipu.com\/blog\/#website","url":"https:\/\/getquipu.com\/blog\/","name":"Aut\u00f3nomos, empresas y asesor\u00edas","description":"Informaci\u00f3n \u00fatil sobre fiscalidad y eficiencia administrativa en negocios como el tuyo.","publisher":{"@id":"https:\/\/getquipu.com\/blog\/#organization"},"potentialAction":[{"@type":"SearchAction","target":{"@type":"EntryPoint","urlTemplate":"https:\/\/getquipu.com\/blog\/?s={search_term_string}"},"query-input":{"@type":"PropertyValueSpecification","valueRequired":true,"valueName":"search_term_string"}}],"inLanguage":"es"},{"@type":"Organization","@id":"https:\/\/getquipu.com\/blog\/#organization","name":"Quipu","url":"https:\/\/getquipu.com\/blog\/","logo":{"@type":"ImageObject","inLanguage":"es","@id":"https:\/\/getquipu.com\/blog\/#\/schema\/logo\/image\/","url":"https:\/\/getquipu.com\/wp-content\/uploads\/2022\/06\/20105810\/logo-quipu.png","contentUrl":"https:\/\/getquipu.com\/wp-content\/uploads\/2022\/06\/20105810\/logo-quipu.png","width":399,"height":399,"caption":"Quipu"},"image":{"@id":"https:\/\/getquipu.com\/blog\/#\/schema\/logo\/image\/"}},{"@type":"Person","@id":"https:\/\/getquipu.com\/blog\/#\/schema\/person\/373ccc5d513d88aea29fc8135422fa2e","name":"Roger Doba\u00f1o - CEO Quipu","image":{"@type":"ImageObject","inLanguage":"es","@id":"https:\/\/getquipu.com\/blog\/#\/schema\/person\/image\/","url":"https:\/\/secure.gravatar.com\/avatar\/34af94bfd8e5677657b0a2d961dc4974?s=96&d=mm&r=g","contentUrl":"https:\/\/secure.gravatar.com\/avatar\/34af94bfd8e5677657b0a2d961dc4974?s=96&d=mm&r=g","caption":"Roger Doba\u00f1o - CEO Quipu"},"description":"Roger es CEO y Fundador de Quipu, un software en la nube que lleva +10 a\u00f1os ayudando a aut\u00f3nomos, pymes y asesor\u00edas a digitalizar su operativa precontable. A ra\u00edz de una mala experiencia como aut\u00f3nomo, Roger se propuso crear un programa que acompa\u00f1ara a los empresarios a lidiar con la administraci\u00f3n.","sameAs":["https:\/\/getquipu.com","https:\/\/www.linkedin.com\/in\/rogerdobano\/","https:\/\/x.com\/@rogerdobano"],"url":"https:\/\/getquipu.com\/blog\/author\/roger\/"}]}},"_links":{"self":[{"href":"https:\/\/getquipu.com\/blog\/wp-json\/wp\/v2\/posts\/37360","targetHints":{"allow":["GET"]}}],"collection":[{"href":"https:\/\/getquipu.com\/blog\/wp-json\/wp\/v2\/posts"}],"about":[{"href":"https:\/\/getquipu.com\/blog\/wp-json\/wp\/v2\/types\/post"}],"author":[{"embeddable":true,"href":"https:\/\/getquipu.com\/blog\/wp-json\/wp\/v2\/users\/3"}],"replies":[{"embeddable":true,"href":"https:\/\/getquipu.com\/blog\/wp-json\/wp\/v2\/comments?post=37360"}],"version-history":[{"count":17,"href":"https:\/\/getquipu.com\/blog\/wp-json\/wp\/v2\/posts\/37360\/revisions"}],"predecessor-version":[{"id":53391,"href":"https:\/\/getquipu.com\/blog\/wp-json\/wp\/v2\/posts\/37360\/revisions\/53391"}],"wp:featuredmedia":[{"embeddable":true,"href":"https:\/\/getquipu.com\/blog\/wp-json\/wp\/v2\/media\/37365"}],"wp:attachment":[{"href":"https:\/\/getquipu.com\/blog\/wp-json\/wp\/v2\/media?parent=37360"}],"wp:term":[{"taxonomy":"category","embeddable":true,"href":"https:\/\/getquipu.com\/blog\/wp-json\/wp\/v2\/categories?post=37360"},{"taxonomy":"post_tag","embeddable":true,"href":"https:\/\/getquipu.com\/blog\/wp-json\/wp\/v2\/tags?post=37360"}],"curies":[{"name":"wp","href":"https:\/\/api.w.org\/{rel}","templated":true}]}}