{"id":37159,"date":"2023-04-17T15:47:32","date_gmt":"2023-04-17T13:47:32","guid":{"rendered":"https:\/\/getquipu.com\/blog\/?p=37159"},"modified":"2025-10-14T14:02:39","modified_gmt":"2025-10-14T12:02:39","slug":"jubilacion-activa-de-los-autonomos","status":"publish","type":"post","link":"https:\/\/getquipu.com\/blog\/jubilacion-activa-de-los-autonomos\/","title":{"rendered":"Jubilaci\u00f3n activa de los aut\u00f3nomos: qu\u00e9 es y requisitos"},"content":{"rendered":"\n<p>La jubilaci\u00f3n es un momento importante en la vida laboral de cualquier aut\u00f3nomo, pero \u00bfqu\u00e9 pasa si un trabajador por cuenta propia cumple la edad legal y quiere seguir con su negocio? <\/p>\n\n\n\n<p>Muchos aut\u00f3nomos se preguntan<strong> qu\u00e9 opciones tienen despu\u00e9s de cumplir la edad de jubilaci\u00f3n para seguir ejerciendo su actividad profesional <\/strong>y mantener su nivel de ingresos.  M\u00e1s todav\u00eda ahora que el Gobierno ha alcanzado un acuerdo para reformar esta modalidad y permitir a miles de aut\u00f3nomos cobrar hasta un 100% de su prestaci\u00f3n mientras trabajan.<\/p>\n\n\n\n<p><strong>En este art\u00edculo aprender\u00e1s:<\/strong><\/p>\n\n\n\n<ul class=\"wp-block-list\">\n<li><a href=\"#que-es\">\u00bfQu\u00e9 es la jubilaci\u00f3n activa de los aut\u00f3nomos?<\/a><\/li>\n\n\n\n<li><a href=\"#requisitos\">Requisitos para la jubilaci\u00f3n activa de un aut\u00f3nomo<\/a><\/li>\n\n\n\n<li><a href=\"#cuanto-cobrar-jubilacion-activa\">\u00bfCu\u00e1nto se cobra con la jubilaci\u00f3n activa?<\/a><\/li>\n\n\n\n<li><a href=\"#como-solicitar\">\u00bfC\u00f3mo solicitar la jubilaci\u00f3n activa?<\/a><\/li>\n\n\n\n<li><a href=\"#autonomos-societarios-jubilacion-activa\">\u00bfLos aut\u00f3nomos societarios pueden acogerse a la jubilaci\u00f3n activa?<\/a><\/li>\n\n\n\n<li><a href=\"#novedades-jubilacion-activa\">Posibles novedades para la jubilaci\u00f3n activa a partir de 2024<\/a><\/li>\n\n\n\n<li><a href=\"#preguntas-frecuentes\">Preguntas frecuentes sobre la jubilaci\u00f3n activa<\/a><\/li>\n<\/ul>\n\n\n\n<div class=\"wp-block-group has-background\" style=\"background-color:#fef9f5\"><div class=\"wp-block-group__inner-container is-layout-flow wp-block-group-is-layout-flow\">\n<p class=\"has-text-align-center has-medium-font-size\"><strong>\u00bfJubilaci\u00f3n aut\u00f3nomos?<\/strong><\/p>\n\n\n\n<p>\ud83d\udcf9 <strong>\u00bfEres aut\u00f3nomo y quieres saber cu\u00e1ndo puedes jubilarte y cu\u00e1nto vas a cobrar de pensi\u00f3n?<\/strong> En este v\u00eddeo te explicamos todo: requisitos, edad m\u00ednima, a\u00f1os de cotizaci\u00f3n necesarios y c\u00f3mo calcular tu pensi\u00f3n paso a paso.<\/p>\n\n\n\n<div class=\"iframe-container\">\n\n<iframe class=\"responsive-iframe\" title=\"YouTube video player\" src=\"https:\/\/www.youtube.com\/embed\/GJslu4MD3bs\" frameborder=\"0\" allowfullscreen=\"allowfullscreen\"><\/iframe>\n\n<\/div>\n\n\n\n<div style=\"height:20px\" aria-hidden=\"true\" class=\"wp-block-spacer\"><\/div>\n\n\n\n<div class=\"btn-div-destacado\"><a href=\"https:\/\/getquipu.com\/es\/cuentas\/registro\" class=\"btn-destacado\" target=\"_blank\" rel=\"noreferrer noopener\">Prueba Quipu Gratis<\/a><\/div>\n\n\n\n<div style=\"height:15px\" aria-hidden=\"true\" class=\"wp-block-spacer\"><\/div>\n\n\n\n<p class=\"has-text-align-center has-small-font-size\">Prueba gratuita de 15 d\u00edas. Sin permanencia. Sin introducir tu tarjeta.<\/p>\n<\/div><\/div>\n\n\n\n<h2 class=\"wp-block-heading\" id=\"que-es\">\u00bfQu\u00e9 es la jubilaci\u00f3n activa de los aut\u00f3nomos?<\/h2>\n\n\n\n<p>La jubilaci\u00f3n activa es <strong>una modalidad de retiro exclusiva para los aut\u00f3nomos<\/strong> que les permite seguir trabajando despu\u00e9s de haber cumplido la edad legal de jubilaci\u00f3n. En otras palabras, los aut\u00f3nomos que se acojan a esta modalidad pueden seguir ejerciendo su actividad profesional de manera regular a la vez que reciben una pensi\u00f3n de jubilaci\u00f3n.<\/p>\n\n\n\n<p>Esta opci\u00f3n se ha convertido en una alternativa atractiva para los aut\u00f3nomos que desean seguir trabajando a\u00fan teniendo la edad de jubilaci\u00f3n, porque les permite seguir con su negocio y a la vez tener<strong> un flujo de ingresos adicionales con su pensi\u00f3n.<\/strong><\/p>\n\n\n\n<p class=\"has-background\" style=\"background-color:#e7f5ff\">\ud83d\udd17 <strong>Ampliar informaci\u00f3n:<\/strong> Si quieres saber m\u00e1s sobre<a href=\"https:\/\/getquipu.com\/blog\/la-jubilacion-del-trabajador-autonomo\/\"> la jubilaci\u00f3n de los aut\u00f3nomos<\/a> te recomendamos que leas nuestro art\u00edculo espec\u00edfico.<\/p>\n\n\n\n<h2 class=\"wp-block-heading\" id=\"requisitos\">Requisitos para la jubilaci\u00f3n activa de un aut\u00f3nomo<\/h2>\n\n\n\n<p>La jubilaci\u00f3n activa es una opci\u00f3n que se puso a disposici\u00f3n de todos los trabajadores desde el a\u00f1o 2013. Los aut\u00f3nomos que deseen acogerse a la misma deben cumplir los siguientes requisitos:<\/p>\n\n\n\n<ul class=\"wp-block-list\">\n<li>Estar de alta en el R\u00e9gimen Especial de Trabajadores Aut\u00f3nomos (RETA)<\/li>\n\n\n\n<li><strong>Ser aut\u00f3nomo persona f\u00edsica. <\/strong>Hasta la fecha -y a expensas de posibles novedades para este a\u00f1o- los aut\u00f3nomos societarios, que operan a trav\u00e9s de sociedades mercantiles s\u00f3lo tienen derecho a cobrar un 50% de su pensi\u00f3n en esta modalidad.<\/li>\n\n\n\n<li>Haber alcanzado la <strong>edad de jubilaci\u00f3n,<\/strong> que en 2024 es de 65 a\u00f1os si se han cotizado m\u00e1s de 38 a\u00f1os o de 66 a\u00f1os y seis meses si se ha cotizado menos.<\/li>\n\n\n\n<li>No haber solicitado la jubilaci\u00f3n anticipada.&nbsp;<\/li>\n\n\n\n<li><strong>Tener contratado al menos a un trabajador por cuenta ajena<\/strong> si se quiere cobrar el 100% de la pensi\u00f3n. Si no, se cobrar\u00e1 s\u00f3lo el 50%.<\/li>\n<\/ul>\n\n\n\n<p>Adem\u00e1s, es importante destacar que hasta la fecha se exige tener tambi\u00e9n cotizado, al menos, el periodo suficiente para cobrar el 100% de la pensi\u00f3n. Esto en 2024 son 36,5 a\u00f1os. <\/p>\n\n\n\n<p>Sin embargo, es posible que esta condici\u00f3n desaparezca pronto, ya que el nuevo acuerdo para la reforma de las pensiones, que a\u00fan no est\u00e1 aprobado, prev\u00e9 que los trabajadores por cuenta propia puedan acceder a esta modalidad siempre que<strong> cumplan el m\u00ednimo de a\u00f1os cotizados para cobrar una pensi\u00f3n, que son 15<\/strong>. Por supuesto, se seguir\u00e1 exigiendo que tengan cumplida la edad legal de jubilaci\u00f3n.<\/p>\n\n\n\n<p>Es importante destacar que la jubilaci\u00f3n activa es voluntaria y que el trabajador aut\u00f3nomo puede decidir libremente si desea acogerse a esta modalidad o no.<\/p>\n\n\n\n<h2 class=\"wp-block-heading\" id=\"cuanto-cobrar-jubilacion-activa\">\u00bfCu\u00e1nto se cobra con la jubilaci\u00f3n activa?<\/h2>\n\n\n\n<p>Para calcular la jubilaci\u00f3n activa de un aut\u00f3nomo es necesario seguir los siguientes pasos:<\/p>\n\n\n\n<ul class=\"wp-block-list\">\n<li>Calcular <a href=\"https:\/\/getquipu.com\/blog\/que-es-la-base-reguladora-y-como-funciona\/\">la base reguladora<\/a> de tu jubilaci\u00f3n: se hace dividiendo tus \u00faltimos 25 a\u00f1os (\u00faltimos 300 meses) cotizados por 350.<\/li>\n\n\n\n<li>Determinar si tienes<strong> trabajadores contratados o no<\/strong>: De momento, la cuant\u00eda de la jubilaci\u00f3n activa para aut\u00f3nomos var\u00eda dependiendo de si tienes trabajadores contratados o no.<\/li>\n\n\n\n<li>Con la normativa vigente, si no tienes trabajadores contratados, tu pensi\u00f3n ser\u00e1 del 50% de tu base reguladora. Por ejemplo, si tu base reguladora es de 1.200\u20ac, la pensi\u00f3n se quedar\u00eda en 514 euros al mes por 14 pagas.<\/li>\n\n\n\n<li>Si cuentas con<strong> al menos una persona contratada, podr\u00edas recibir el 100% de tu pensi\u00f3n<\/strong>, lo que significa que si tu base reguladora es de 1.200\u20ac, cobrar\u00edas 1.028 euros al mes por 14 pagas.<\/li>\n<\/ul>\n\n\n\n<p>Una vez m\u00e1s, estas condiciones est\u00e1n en el aire, ya que si se aprueba la reforma de las pensiones para este a\u00f1o, ya no ser\u00e1 necesario tener un trabajador contratado para cobrar el 100%. La cuant\u00eda s\u00f3lo depender\u00e1 de los a\u00f1os que los aut\u00f3nomos sigan trabajando m\u00e1s all\u00e1 de la edad legal.<strong> A m\u00e1s a\u00f1os, mayor porcentaje.<\/strong><\/p>\n\n\n\n<p class=\"has-background\" style=\"background-color:#e7f5ff\">\ud83d\udd17 <strong>Ampliar informaci\u00f3n: <\/strong>Si quieres saber m\u00e1s sobre <a href=\"https:\/\/getquipu.com\/blog\/como-calcular-la-pension-de-jubilacion-de-los-autonomos\/\">c\u00f3mo calcular la pensi\u00f3n de jubilaci\u00f3n de los aut\u00f3nomos<\/a> te recomendamos que leas nuestro art\u00edculo espec\u00edfico.<\/p>\n\n\n\n<h2 class=\"wp-block-heading\" id=\"como-solicitar\">\u00bfC\u00f3mo solicitar la jubilaci\u00f3n activa?<\/h2>\n\n\n\n<p>Para solicitar la jubilaci\u00f3n activa como trabajador aut\u00f3nomo, lo primero que tienes que hacer es comprobar que <strong>cumples los requisitos establecidos<\/strong> y descritos l\u00edneas arriba. Adem\u00e1s, deber\u00e1s estar al corriente de pago de las cuotas de la Seguridad Social.<\/p>\n\n\n\n<p>Una vez que tengas claro que cumples con los requisitos y conozcas el importe de tu pensi\u00f3n, debes solicitar la jubilaci\u00f3n activa mediante<strong> la presentaci\u00f3n de una solicitud por escrito en la Tesorer\u00eda General de la Seguridad Social <\/strong>o a trav\u00e9s de la sede electr\u00f3nica de la Seguridad Social.<\/p>\n\n\n\n<p>En la solicitud, deber\u00e1s incluir tu n\u00famero de afiliaci\u00f3n a la Seguridad Social, tus datos personales y la informaci\u00f3n necesaria para calcular la pensi\u00f3n. Una vez presentada la solicitud, la Seguridad Social estudiar\u00e1 tu caso y determinar\u00e1 si cumples con los requisitos para acceder a la jubilaci\u00f3n activa. Si todo est\u00e1 en orden, recibir\u00e1s una resoluci\u00f3n con la cuant\u00eda de la pensi\u00f3n y la fecha en que comenzar\u00e1 a ser efectiva.<\/p>\n\n\n\n<h2 class=\"wp-block-heading\" id=\"autonomos-societarios-jubilacion-activa\">\u00bfLos aut\u00f3nomos societarios pueden acogerse a la jubilaci\u00f3n activa?<\/h2>\n\n\n\n<p>Hasta ahora s\u00ed, pero no en su totalidad. El hecho de que un aut\u00f3nomo pueda o no acceder a la jubilaci\u00f3n activa y cobrar el 100% de la pensi\u00f3n si tiene trabajadores a su cargo ha sido uno de los debates m\u00e1s controvertidos a nivel jur\u00eddico en los \u00faltimos a\u00f1os.<\/p>\n\n\n\n<p>Despu\u00e9s de muchas sentencias, el Tribunal Supremo se pronunci\u00f3 y dej\u00f3 claro que los <strong>aut\u00f3nomos societarios pueden acceder a la jubilaci\u00f3n activa pero con derecho a cobrar s\u00f3lo el 50% <\/strong>de su pensi\u00f3n.<\/p>\n\n\n\n<p>Esto es porque la posibilidad de cobrar el 100% es un incentivo para que los aut\u00f3nomos persona f\u00edsica contraten a trabajadores. Sin embargo, seg\u00fan el Tribunal Supremo, cuando un aut\u00f3nomo societario contrata a un empleado no lo hace \u00e9l, sino la sociedad.<\/p>\n\n\n\n<p>Por lo tanto,  \u00absolamente el aut\u00f3nomo persona f\u00edsica puede acceder a la pensi\u00f3n de jubilaci\u00f3n activa en el porcentaje del 100%, pues solamente \u00e9ste puede contratar a un trabajador por cuenta ajena directamente\u00bb, y asumir el riesgo de esa contrataci\u00f3n.<\/p>\n\n\n\n<p>Puedes consultar el criterio del Supremo acerca de la jubilaci\u00f3n activa para societarios en <a href=\"https:\/\/www.boe.es\/biblioteca_juridica\/anuarios_derecho\/articulo.php?id=ANU-L-2021-00000001420\">este enlace.<\/a><\/p>\n\n\n\n<p>Esta \u00faltima es otra de las trabas que <strong>podr\u00edan desaparecer con el nuevo acuerdo que modifica la jubilaci\u00f3n activa. <\/strong>Esta reforma, en principio, deja de hacer distinci\u00f3n entre aut\u00f3nomos persona f\u00edsica y societarios. Por lo que, una vez en vigor, se podr\u00eda cobrar el 100% a\u00fan siendo aut\u00f3nomo societario. <\/p>\n\n\n\n<h2 class=\"wp-block-heading\" id=\"novedades-jubilacion-activa\">Posibles novedades para la jubilaci\u00f3n activa a partir de 2024<\/h2>\n\n\n\n<p>A finales de julio de 2024, la patronal de empresarios CEOE alcanz\u00f3 un <strong>acuerdo con la Seguridad Social y los sindicatos <\/strong>para una reforma de las pensiones que mejorar\u00e1 las condiciones de jubilaci\u00f3n de los aut\u00f3nomos.<\/p>\n\n\n\n<p>Dentro de este acuerdo, que se espera que se apruebe y desarrolle por ley a finales de este a\u00f1o, se incluyen varias novedades que cambiar\u00e1n tanto las <strong>condiciones de acceso<\/strong> como las<strong> cuant\u00edas de la jubilaci\u00f3n activa.<\/strong><\/p>\n\n\n\n<p>A expensas de la aprobaci\u00f3n de la ley, las novedades que se esperan son:<\/p>\n\n\n\n<ul class=\"wp-block-list\">\n<li><strong>S\u00f3lo se exigir\u00e1n 15 a\u00f1os de cotizaci\u00f3n para la jubilaci\u00f3n activa. <\/strong><\/li>\n<\/ul>\n\n\n\n<p>Al parecer una de las medidas del acuerdo es que <strong>ya&nbsp;no ser\u00e1 necesaria la carrera completa de cotizaci\u00f3n y alcanzar el 100% de la base reguladora para acceder a esta modalidad&nbsp;<\/strong>y poder compatibilizar pensi\u00f3n e ingresos del negocio. <\/p>\n\n\n\n<p>Hasta hace poco era requisito tener, al menos, 36 a\u00f1os y medio cotizados y haber cumplido la edad legal para poder beneficiarse de esta modalidad. Ahora podr\u00eda <strong>bastar con haber cumplido la edad legal y <a href=\"https:\/\/getquipu.com\/blog\/jubilacion-autonomos-15-anos-cotizados\/\">tener 15 a\u00f1os cotizados<\/a><\/strong>, que es lo m\u00ednimo para poder cobrar una pensi\u00f3n contributiva. <\/p>\n\n\n\n<ul class=\"wp-block-list\">\n<li><strong>Cambios en las cuant\u00edas de la jubilaci\u00f3n activa<\/strong><\/li>\n<\/ul>\n\n\n\n<p>El acuerdo tambi\u00e9n <strong>modifica las cuant\u00edas a cobrar <\/strong>en jubilaci\u00f3n activa. Hasta ahora s\u00f3lo los aut\u00f3nomos persona f\u00edsica con empleados pod\u00edan cobrar un 100% y el resto cobraban un 50% de su pensi\u00f3n.<\/p>\n\n\n\n<p>Con el nuevo acuerdo, <strong>las cuant\u00edas depender\u00e1n de los a\u00f1os que lleve el aut\u00f3nomo en jubilaci\u00f3n activa<\/strong>, sin importar los dem\u00e1s factores<\/p>\n\n\n\n<ul class=\"wp-block-list\">\n<li>1 a\u00f1o de demora: 45% de pensi\u00f3n.<\/li>\n\n\n\n<li>2 a\u00f1os de demora:&nbsp;55%<\/li>\n\n\n\n<li>3 a\u00f1os de demora: 65%<\/li>\n\n\n\n<li>4 a\u00f1os de demora:&nbsp;80%<\/li>\n\n\n\n<li>5 a\u00f1os de demora: 100%<\/li>\n<\/ul>\n\n\n\n<ul class=\"wp-block-list\">\n<li><strong>Los aut\u00f3nomos societarios podr\u00edan acceder al 100% de su pensi\u00f3n<\/strong><\/li>\n<\/ul>\n\n\n\n<p>Por otro lado, se valora incluir en la norma que los aut\u00f3nomos societarios puedan acceder al 100%, cosa que hasta ahora no es posible. Es probable que <strong>se eliminen las trabas de acceso a la jubilaci\u00f3n activa para aut\u00f3nomos societarios, <\/strong>y por primera vez podr\u00edan percibir toda su pensi\u00f3n.<\/p>\n\n\n\n<ul class=\"wp-block-list\">\n<li><strong>Compatibilidad entre jubilaci\u00f3n demorada y activa<\/strong><\/li>\n<\/ul>\n\n\n\n<p>Hasta ahora la <a href=\"https:\/\/getquipu.com\/blog\/jubilacion-demorada-de-los-autonomos\/\">jubilaci\u00f3n demorada<\/a> y la activa son incompatibles. Es decir, el aut\u00f3nomo tiene que elegir entre los incentivos por retrasar su jubilaci\u00f3n y el cobro de la pensi\u00f3n mientras trabaja.<\/p>\n\n\n\n<p>Una de las grandes medidas ser\u00eda la posibilidad de&nbsp;que los aut\u00f3nomos puedan subir su pensi\u00f3n con estos incentivos y tambi\u00e9n <strong>compatibilizarla con los ingresos de su negocio.<\/strong><\/p>\n\n\n\n<h2 class=\"wp-block-heading\" id=\"preguntas-frecuentes\">Preguntas frecuentes sobre la jubilaci\u00f3n activa<\/h2>\n\n\n\n<p>Si est\u00e1s considerando la opci\u00f3n de la jubilaci\u00f3n activa como aut\u00f3nomo, seguramente tendr\u00e1s muchas preguntas en mente. \u00a1No te preocupes! Aqu\u00ed resolvemos algunas de ellas:<\/p>\n\n\n\n<h3 class=\"wp-block-heading\">\u00bfCu\u00e1l es la cuota de aut\u00f3nomo durante la jubilaci\u00f3n activa?<\/h3>\n\n\n\n<p>Durante el periodo de jubilaci\u00f3n activa, como aut\u00f3nomo tendr\u00e1s que pagar la parte de la cotizaci\u00f3n que pagabas cuando estabas trabajando. En concreto, pagar\u00e1s solo por la incapacidad temporal y las contingencias profesionales. <\/p>\n\n\n\n<p>A partir de 2023, la base de cotizaci\u00f3n que tendr\u00e1s que pagar depender\u00e1 de tus ingresos netos reales. Esto significa que cuanto m\u00e1s ganes, m\u00e1s tendr\u00e1s que pagar en cotizaciones.<\/p>\n\n\n\n<p>Este a\u00f1o, la cotizaci\u00f3n total ser\u00e1 el resultado de aplicar un <strong>11,85% sobre la base que le corresponda al aut\u00f3nomo seg\u00fan sus rendimientos.<\/strong><\/p>\n\n\n\n<p class=\"has-background\" style=\"background-color:#e7f5ff\">\ud83d\udd17 <strong>Ampliar informaci\u00f3n:<\/strong> Si quieres saber m\u00e1s sobre <a href=\"https:\/\/getquipu.com\/blog\/cuota-de-autonomos-en-jubilacion-activa\/\">la cuota de aut\u00f3nomos en jubilaci\u00f3n activa<\/a> te recomendamos que leas nuestro art\u00edculo espec\u00edfico.<\/p>\n\n\n\n<h3 class=\"wp-block-heading\">\u00bfA qu\u00e9 se refiere la cotizaci\u00f3n especial de solidaridad?<\/h3>\n\n\n\n<p>Tras la modificaci\u00f3n de la Ley de la Seguridad Social de enero de 2021 se estableci\u00f3 que los aut\u00f3nomos que cobran una pensi\u00f3n y trabajan tambi\u00e9n deben pagar una cotizaci\u00f3n de solidaridad del 9% sobre su base, adem\u00e1s de cotizar por Incapacidad Temporal y contingencias profesionales. (Esto da como resultado un 11,85%).<\/p>\n\n\n\n<p>Esta cotizaci\u00f3n no se cuenta de cara a sumar en prestaciones como la jubilaci\u00f3n y se tiene que pagar mensualmente, al igual que la cuota de aut\u00f3nomos.<\/p>\n\n\n\n<h2 class=\"wp-block-heading\">Otros art\u00edculos relacionados<\/h2>\n\n\n\n<p>\u00bfTe interesa este tema? Te mostramos otros art\u00edculos relacionados:<\/p>\n\n\n\n<ul class=\"wp-block-list\">\n<li><a href=\"https:\/\/getquipu.com\/blog\/jubilacion-parcial-de-autonomos\/\"><strong>Jubilaci\u00f3n parcial de los aut\u00f3nomos<\/strong><\/a>.<\/li>\n\n\n\n<li><a href=\"https:\/\/getquipu.com\/blog\/jubilacion-anticipada-de-autonomos\/\"><strong>Jubilaci\u00f3n anticipada de los aut\u00f3nomos<\/strong><\/a>.<\/li>\n\n\n\n<li><a href=\"https:\/\/getquipu.com\/blog\/jubilacion-demorada-de-los-autonomos\/\"><strong>Jubilaci\u00f3n demorada de los aut\u00f3nomos<\/strong><\/a>.<\/li>\n\n\n\n<li><a href=\"https:\/\/getquipu.com\/blog\/jubilacion-habiendo-cotizado-en-regimen-general-y-autonomos\/\"><strong>Jubilaci\u00f3n habiendo cotizado en r\u00e9gimen general y aut\u00f3nomos<\/strong><\/a>.<\/li>\n\n\n\n<li><a href=\"https:\/\/getquipu.com\/blog\/jubilacion-flexible-de-los-autonomos\/\"><strong>Jubilaci\u00f3n flexible de los aut\u00f3nomos<\/strong><\/a>.<\/li>\n<\/ul>\n","protected":false},"excerpt":{"rendered":"<p>La jubilaci\u00f3n es un momento importante en la vida laboral de cualquier aut\u00f3nomo, pero \u00bfqu\u00e9 pasa si un trabajador por cuenta propia cumple la edad legal y quiere seguir con<\/p>\n","protected":false},"author":3,"featured_media":37162,"comment_status":"closed","ping_status":"open","sticky":false,"template":"","format":"standard","meta":{"footnotes":""},"categories":[7],"tags":[],"class_list":["post-37159","post","type-post","status-publish","format-standard","has-post-thumbnail","hentry","category-autonomos","generate-columns","tablet-grid-50","mobile-grid-100","grid-parent","grid-50","resize-featured-image"],"yoast_head":"<!-- This site is optimized with the Yoast SEO plugin v23.9 - https:\/\/yoast.com\/wordpress\/plugins\/seo\/ -->\n<title>Jubilaci\u00f3n activa de los aut\u00f3nomos: qu\u00e9 es y requisitos (2026)<\/title>\n<meta name=\"description\" content=\"\u00bfTienes dudas sobre la jubilaci\u00f3n de los aut\u00f3nomos? Te mostramos todos los detalles que tienes que conocer. \u00a1Entra y desc\u00fabrelo!\" \/>\n<meta name=\"robots\" content=\"index, follow, max-snippet:-1, max-image-preview:large, max-video-preview:-1\" \/>\n<link rel=\"canonical\" href=\"https:\/\/getquipu.com\/blog\/jubilacion-activa-de-los-autonomos\/\" \/>\n<meta property=\"og:locale\" content=\"es_ES\" \/>\n<meta property=\"og:type\" content=\"article\" \/>\n<meta property=\"og:title\" content=\"Jubilaci\u00f3n activa de los aut\u00f3nomos: qu\u00e9 es y requisitos (2026)\" \/>\n<meta property=\"og:description\" content=\"\u00bfTienes dudas sobre la jubilaci\u00f3n de los aut\u00f3nomos? Te mostramos todos los detalles que tienes que conocer. \u00a1Entra y desc\u00fabrelo!\" \/>\n<meta property=\"og:url\" content=\"https:\/\/getquipu.com\/blog\/jubilacion-activa-de-los-autonomos\/\" \/>\n<meta property=\"og:site_name\" content=\"Aut\u00f3nomos, empresas y asesor\u00edas\" \/>\n<meta property=\"article:published_time\" content=\"2023-04-17T13:47:32+00:00\" \/>\n<meta property=\"article:modified_time\" content=\"2025-10-14T12:02:39+00:00\" \/>\n<meta property=\"og:image\" content=\"https:\/\/getquipu.com\/wp-content\/uploads\/2023\/04\/17154714\/jubilacion-activa-autonomos.png\" \/>\n\t<meta property=\"og:image:width\" content=\"768\" \/>\n\t<meta property=\"og:image:height\" content=\"295\" \/>\n\t<meta property=\"og:image:type\" content=\"image\/png\" \/>\n<meta name=\"author\" content=\"Roger Doba\u00f1o - CEO Quipu\" \/>\n<meta name=\"twitter:card\" content=\"summary_large_image\" \/>\n<meta name=\"twitter:creator\" content=\"@rogerdobano\" \/>\n<meta name=\"twitter:label1\" content=\"Escrito por\" \/>\n\t<meta name=\"twitter:data1\" content=\"Roger Doba\u00f1o - CEO Quipu\" \/>\n\t<meta name=\"twitter:label2\" content=\"Tiempo de lectura\" \/>\n\t<meta name=\"twitter:data2\" content=\"18 minutos\" \/>\n<script type=\"application\/ld+json\" class=\"yoast-schema-graph\">{\"@context\":\"https:\/\/schema.org\",\"@graph\":[{\"@type\":\"Article\",\"@id\":\"https:\/\/getquipu.com\/blog\/jubilacion-activa-de-los-autonomos\/#article\",\"isPartOf\":{\"@id\":\"https:\/\/getquipu.com\/blog\/jubilacion-activa-de-los-autonomos\/\"},\"author\":{\"name\":\"Roger Doba\u00f1o - CEO Quipu\",\"@id\":\"https:\/\/getquipu.com\/blog\/#\/schema\/person\/373ccc5d513d88aea29fc8135422fa2e\"},\"headline\":\"Jubilaci\u00f3n activa de los aut\u00f3nomos: qu\u00e9 es y requisitos\",\"datePublished\":\"2023-04-17T13:47:32+00:00\",\"dateModified\":\"2025-10-14T12:02:39+00:00\",\"mainEntityOfPage\":{\"@id\":\"https:\/\/getquipu.com\/blog\/jubilacion-activa-de-los-autonomos\/\"},\"wordCount\":2158,\"publisher\":{\"@id\":\"https:\/\/getquipu.com\/blog\/#organization\"},\"image\":{\"@id\":\"https:\/\/getquipu.com\/blog\/jubilacion-activa-de-los-autonomos\/#primaryimage\"},\"thumbnailUrl\":\"https:\/\/getquipu.com\/wp-content\/uploads\/2023\/04\/17154714\/jubilacion-activa-autonomos.png\",\"articleSection\":[\"Aut\u00f3nomos\"],\"inLanguage\":\"es\"},{\"@type\":\"WebPage\",\"@id\":\"https:\/\/getquipu.com\/blog\/jubilacion-activa-de-los-autonomos\/\",\"url\":\"https:\/\/getquipu.com\/blog\/jubilacion-activa-de-los-autonomos\/\",\"name\":\"Jubilaci\u00f3n activa de los aut\u00f3nomos: qu\u00e9 es y requisitos (2026)\",\"isPartOf\":{\"@id\":\"https:\/\/getquipu.com\/blog\/#website\"},\"primaryImageOfPage\":{\"@id\":\"https:\/\/getquipu.com\/blog\/jubilacion-activa-de-los-autonomos\/#primaryimage\"},\"image\":{\"@id\":\"https:\/\/getquipu.com\/blog\/jubilacion-activa-de-los-autonomos\/#primaryimage\"},\"thumbnailUrl\":\"https:\/\/getquipu.com\/wp-content\/uploads\/2023\/04\/17154714\/jubilacion-activa-autonomos.png\",\"datePublished\":\"2023-04-17T13:47:32+00:00\",\"dateModified\":\"2025-10-14T12:02:39+00:00\",\"description\":\"\u00bfTienes dudas sobre la jubilaci\u00f3n de los aut\u00f3nomos? Te mostramos todos los detalles que tienes que conocer. \u00a1Entra y desc\u00fabrelo!\",\"breadcrumb\":{\"@id\":\"https:\/\/getquipu.com\/blog\/jubilacion-activa-de-los-autonomos\/#breadcrumb\"},\"inLanguage\":\"es\",\"potentialAction\":[{\"@type\":\"ReadAction\",\"target\":[\"https:\/\/getquipu.com\/blog\/jubilacion-activa-de-los-autonomos\/\"]}]},{\"@type\":\"ImageObject\",\"inLanguage\":\"es\",\"@id\":\"https:\/\/getquipu.com\/blog\/jubilacion-activa-de-los-autonomos\/#primaryimage\",\"url\":\"https:\/\/getquipu.com\/wp-content\/uploads\/2023\/04\/17154714\/jubilacion-activa-autonomos.png\",\"contentUrl\":\"https:\/\/getquipu.com\/wp-content\/uploads\/2023\/04\/17154714\/jubilacion-activa-autonomos.png\",\"width\":768,\"height\":295,\"caption\":\"jubilaci\u00f3n activa de los aut\u00f3nomos\"},{\"@type\":\"BreadcrumbList\",\"@id\":\"https:\/\/getquipu.com\/blog\/jubilacion-activa-de-los-autonomos\/#breadcrumb\",\"itemListElement\":[{\"@type\":\"ListItem\",\"position\":1,\"name\":\"Blog\",\"item\":\"https:\/\/getquipu.com\/blog\/\"},{\"@type\":\"ListItem\",\"position\":2,\"name\":\"Aut\u00f3nomos\",\"item\":\"https:\/\/getquipu.com\/blog\/category\/autonomos\/\"},{\"@type\":\"ListItem\",\"position\":3,\"name\":\"Jubilaci\u00f3n activa de los aut\u00f3nomos: qu\u00e9 es y requisitos\"}]},{\"@type\":\"WebSite\",\"@id\":\"https:\/\/getquipu.com\/blog\/#website\",\"url\":\"https:\/\/getquipu.com\/blog\/\",\"name\":\"Aut\u00f3nomos, empresas y asesor\u00edas\",\"description\":\"Informaci\u00f3n \u00fatil sobre fiscalidad y eficiencia administrativa en negocios como el tuyo.\",\"publisher\":{\"@id\":\"https:\/\/getquipu.com\/blog\/#organization\"},\"potentialAction\":[{\"@type\":\"SearchAction\",\"target\":{\"@type\":\"EntryPoint\",\"urlTemplate\":\"https:\/\/getquipu.com\/blog\/?s={search_term_string}\"},\"query-input\":{\"@type\":\"PropertyValueSpecification\",\"valueRequired\":true,\"valueName\":\"search_term_string\"}}],\"inLanguage\":\"es\"},{\"@type\":\"Organization\",\"@id\":\"https:\/\/getquipu.com\/blog\/#organization\",\"name\":\"Quipu\",\"url\":\"https:\/\/getquipu.com\/blog\/\",\"logo\":{\"@type\":\"ImageObject\",\"inLanguage\":\"es\",\"@id\":\"https:\/\/getquipu.com\/blog\/#\/schema\/logo\/image\/\",\"url\":\"https:\/\/getquipu.com\/wp-content\/uploads\/2022\/06\/20105810\/logo-quipu.png\",\"contentUrl\":\"https:\/\/getquipu.com\/wp-content\/uploads\/2022\/06\/20105810\/logo-quipu.png\",\"width\":399,\"height\":399,\"caption\":\"Quipu\"},\"image\":{\"@id\":\"https:\/\/getquipu.com\/blog\/#\/schema\/logo\/image\/\"}},{\"@type\":\"Person\",\"@id\":\"https:\/\/getquipu.com\/blog\/#\/schema\/person\/373ccc5d513d88aea29fc8135422fa2e\",\"name\":\"Roger Doba\u00f1o - CEO Quipu\",\"image\":{\"@type\":\"ImageObject\",\"inLanguage\":\"es\",\"@id\":\"https:\/\/getquipu.com\/blog\/#\/schema\/person\/image\/\",\"url\":\"https:\/\/secure.gravatar.com\/avatar\/34af94bfd8e5677657b0a2d961dc4974?s=96&d=mm&r=g\",\"contentUrl\":\"https:\/\/secure.gravatar.com\/avatar\/34af94bfd8e5677657b0a2d961dc4974?s=96&d=mm&r=g\",\"caption\":\"Roger Doba\u00f1o - CEO Quipu\"},\"description\":\"Roger es CEO y Fundador de Quipu, un software en la nube que lleva +10 a\u00f1os ayudando a aut\u00f3nomos, pymes y asesor\u00edas a digitalizar su operativa precontable. A ra\u00edz de una mala experiencia como aut\u00f3nomo, Roger se propuso crear un programa que acompa\u00f1ara a los empresarios a lidiar con la administraci\u00f3n.\",\"sameAs\":[\"https:\/\/getquipu.com\",\"https:\/\/www.linkedin.com\/in\/rogerdobano\/\",\"https:\/\/x.com\/@rogerdobano\"],\"url\":\"https:\/\/getquipu.com\/blog\/author\/roger\/\"}]}<\/script>\n<!-- \/ Yoast SEO plugin. -->","yoast_head_json":{"title":"Jubilaci\u00f3n activa de los aut\u00f3nomos: qu\u00e9 es y requisitos (2026)","description":"\u00bfTienes dudas sobre la jubilaci\u00f3n de los aut\u00f3nomos? Te mostramos todos los detalles que tienes que conocer. \u00a1Entra y desc\u00fabrelo!","robots":{"index":"index","follow":"follow","max-snippet":"max-snippet:-1","max-image-preview":"max-image-preview:large","max-video-preview":"max-video-preview:-1"},"canonical":"https:\/\/getquipu.com\/blog\/jubilacion-activa-de-los-autonomos\/","og_locale":"es_ES","og_type":"article","og_title":"Jubilaci\u00f3n activa de los aut\u00f3nomos: qu\u00e9 es y requisitos (2026)","og_description":"\u00bfTienes dudas sobre la jubilaci\u00f3n de los aut\u00f3nomos? Te mostramos todos los detalles que tienes que conocer. \u00a1Entra y desc\u00fabrelo!","og_url":"https:\/\/getquipu.com\/blog\/jubilacion-activa-de-los-autonomos\/","og_site_name":"Aut\u00f3nomos, empresas y asesor\u00edas","article_published_time":"2023-04-17T13:47:32+00:00","article_modified_time":"2025-10-14T12:02:39+00:00","og_image":[{"width":768,"height":295,"url":"https:\/\/getquipu.com\/wp-content\/uploads\/2023\/04\/17154714\/jubilacion-activa-autonomos.png","type":"image\/png"}],"author":"Roger Doba\u00f1o - CEO Quipu","twitter_card":"summary_large_image","twitter_creator":"@rogerdobano","twitter_misc":{"Escrito por":"Roger Doba\u00f1o - CEO Quipu","Tiempo de lectura":"18 minutos"},"schema":{"@context":"https:\/\/schema.org","@graph":[{"@type":"Article","@id":"https:\/\/getquipu.com\/blog\/jubilacion-activa-de-los-autonomos\/#article","isPartOf":{"@id":"https:\/\/getquipu.com\/blog\/jubilacion-activa-de-los-autonomos\/"},"author":{"name":"Roger Doba\u00f1o - CEO Quipu","@id":"https:\/\/getquipu.com\/blog\/#\/schema\/person\/373ccc5d513d88aea29fc8135422fa2e"},"headline":"Jubilaci\u00f3n activa de los aut\u00f3nomos: qu\u00e9 es y requisitos","datePublished":"2023-04-17T13:47:32+00:00","dateModified":"2025-10-14T12:02:39+00:00","mainEntityOfPage":{"@id":"https:\/\/getquipu.com\/blog\/jubilacion-activa-de-los-autonomos\/"},"wordCount":2158,"publisher":{"@id":"https:\/\/getquipu.com\/blog\/#organization"},"image":{"@id":"https:\/\/getquipu.com\/blog\/jubilacion-activa-de-los-autonomos\/#primaryimage"},"thumbnailUrl":"https:\/\/getquipu.com\/wp-content\/uploads\/2023\/04\/17154714\/jubilacion-activa-autonomos.png","articleSection":["Aut\u00f3nomos"],"inLanguage":"es"},{"@type":"WebPage","@id":"https:\/\/getquipu.com\/blog\/jubilacion-activa-de-los-autonomos\/","url":"https:\/\/getquipu.com\/blog\/jubilacion-activa-de-los-autonomos\/","name":"Jubilaci\u00f3n activa de los aut\u00f3nomos: qu\u00e9 es y requisitos (2026)","isPartOf":{"@id":"https:\/\/getquipu.com\/blog\/#website"},"primaryImageOfPage":{"@id":"https:\/\/getquipu.com\/blog\/jubilacion-activa-de-los-autonomos\/#primaryimage"},"image":{"@id":"https:\/\/getquipu.com\/blog\/jubilacion-activa-de-los-autonomos\/#primaryimage"},"thumbnailUrl":"https:\/\/getquipu.com\/wp-content\/uploads\/2023\/04\/17154714\/jubilacion-activa-autonomos.png","datePublished":"2023-04-17T13:47:32+00:00","dateModified":"2025-10-14T12:02:39+00:00","description":"\u00bfTienes dudas sobre la jubilaci\u00f3n de los aut\u00f3nomos? Te mostramos todos los detalles que tienes que conocer. \u00a1Entra y desc\u00fabrelo!","breadcrumb":{"@id":"https:\/\/getquipu.com\/blog\/jubilacion-activa-de-los-autonomos\/#breadcrumb"},"inLanguage":"es","potentialAction":[{"@type":"ReadAction","target":["https:\/\/getquipu.com\/blog\/jubilacion-activa-de-los-autonomos\/"]}]},{"@type":"ImageObject","inLanguage":"es","@id":"https:\/\/getquipu.com\/blog\/jubilacion-activa-de-los-autonomos\/#primaryimage","url":"https:\/\/getquipu.com\/wp-content\/uploads\/2023\/04\/17154714\/jubilacion-activa-autonomos.png","contentUrl":"https:\/\/getquipu.com\/wp-content\/uploads\/2023\/04\/17154714\/jubilacion-activa-autonomos.png","width":768,"height":295,"caption":"jubilaci\u00f3n activa de los aut\u00f3nomos"},{"@type":"BreadcrumbList","@id":"https:\/\/getquipu.com\/blog\/jubilacion-activa-de-los-autonomos\/#breadcrumb","itemListElement":[{"@type":"ListItem","position":1,"name":"Blog","item":"https:\/\/getquipu.com\/blog\/"},{"@type":"ListItem","position":2,"name":"Aut\u00f3nomos","item":"https:\/\/getquipu.com\/blog\/category\/autonomos\/"},{"@type":"ListItem","position":3,"name":"Jubilaci\u00f3n activa de los aut\u00f3nomos: qu\u00e9 es y requisitos"}]},{"@type":"WebSite","@id":"https:\/\/getquipu.com\/blog\/#website","url":"https:\/\/getquipu.com\/blog\/","name":"Aut\u00f3nomos, empresas y asesor\u00edas","description":"Informaci\u00f3n \u00fatil sobre fiscalidad y eficiencia administrativa en negocios como el tuyo.","publisher":{"@id":"https:\/\/getquipu.com\/blog\/#organization"},"potentialAction":[{"@type":"SearchAction","target":{"@type":"EntryPoint","urlTemplate":"https:\/\/getquipu.com\/blog\/?s={search_term_string}"},"query-input":{"@type":"PropertyValueSpecification","valueRequired":true,"valueName":"search_term_string"}}],"inLanguage":"es"},{"@type":"Organization","@id":"https:\/\/getquipu.com\/blog\/#organization","name":"Quipu","url":"https:\/\/getquipu.com\/blog\/","logo":{"@type":"ImageObject","inLanguage":"es","@id":"https:\/\/getquipu.com\/blog\/#\/schema\/logo\/image\/","url":"https:\/\/getquipu.com\/wp-content\/uploads\/2022\/06\/20105810\/logo-quipu.png","contentUrl":"https:\/\/getquipu.com\/wp-content\/uploads\/2022\/06\/20105810\/logo-quipu.png","width":399,"height":399,"caption":"Quipu"},"image":{"@id":"https:\/\/getquipu.com\/blog\/#\/schema\/logo\/image\/"}},{"@type":"Person","@id":"https:\/\/getquipu.com\/blog\/#\/schema\/person\/373ccc5d513d88aea29fc8135422fa2e","name":"Roger Doba\u00f1o - CEO Quipu","image":{"@type":"ImageObject","inLanguage":"es","@id":"https:\/\/getquipu.com\/blog\/#\/schema\/person\/image\/","url":"https:\/\/secure.gravatar.com\/avatar\/34af94bfd8e5677657b0a2d961dc4974?s=96&d=mm&r=g","contentUrl":"https:\/\/secure.gravatar.com\/avatar\/34af94bfd8e5677657b0a2d961dc4974?s=96&d=mm&r=g","caption":"Roger Doba\u00f1o - CEO Quipu"},"description":"Roger es CEO y Fundador de Quipu, un software en la nube que lleva +10 a\u00f1os ayudando a aut\u00f3nomos, pymes y asesor\u00edas a digitalizar su operativa precontable. A ra\u00edz de una mala experiencia como aut\u00f3nomo, Roger se propuso crear un programa que acompa\u00f1ara a los empresarios a lidiar con la administraci\u00f3n.","sameAs":["https:\/\/getquipu.com","https:\/\/www.linkedin.com\/in\/rogerdobano\/","https:\/\/x.com\/@rogerdobano"],"url":"https:\/\/getquipu.com\/blog\/author\/roger\/"}]}},"_links":{"self":[{"href":"https:\/\/getquipu.com\/blog\/wp-json\/wp\/v2\/posts\/37159","targetHints":{"allow":["GET"]}}],"collection":[{"href":"https:\/\/getquipu.com\/blog\/wp-json\/wp\/v2\/posts"}],"about":[{"href":"https:\/\/getquipu.com\/blog\/wp-json\/wp\/v2\/types\/post"}],"author":[{"embeddable":true,"href":"https:\/\/getquipu.com\/blog\/wp-json\/wp\/v2\/users\/3"}],"replies":[{"embeddable":true,"href":"https:\/\/getquipu.com\/blog\/wp-json\/wp\/v2\/comments?post=37159"}],"version-history":[{"count":16,"href":"https:\/\/getquipu.com\/blog\/wp-json\/wp\/v2\/posts\/37159\/revisions"}],"predecessor-version":[{"id":52571,"href":"https:\/\/getquipu.com\/blog\/wp-json\/wp\/v2\/posts\/37159\/revisions\/52571"}],"wp:featuredmedia":[{"embeddable":true,"href":"https:\/\/getquipu.com\/blog\/wp-json\/wp\/v2\/media\/37162"}],"wp:attachment":[{"href":"https:\/\/getquipu.com\/blog\/wp-json\/wp\/v2\/media?parent=37159"}],"wp:term":[{"taxonomy":"category","embeddable":true,"href":"https:\/\/getquipu.com\/blog\/wp-json\/wp\/v2\/categories?post=37159"},{"taxonomy":"post_tag","embeddable":true,"href":"https:\/\/getquipu.com\/blog\/wp-json\/wp\/v2\/tags?post=37159"}],"curies":[{"name":"wp","href":"https:\/\/api.w.org\/{rel}","templated":true}]}}