{"id":35711,"date":"2023-02-01T12:27:13","date_gmt":"2023-02-01T11:27:13","guid":{"rendered":"https:\/\/getquipu.com\/blog\/?p=35711"},"modified":"2026-02-16T16:10:52","modified_gmt":"2026-02-16T15:10:52","slug":"cuotas-de-autonomos-colaboradores","status":"publish","type":"post","link":"https:\/\/getquipu.com\/blog\/cuotas-de-autonomos-colaboradores\/","title":{"rendered":"Cuotas de aut\u00f3nomos colaboradores en 2026: \u00bfcu\u00e1nto se paga?"},"content":{"rendered":"\n<p>Dentro del colectivo de trabajadores por cuenta propia se encuentra una figura particular, la de los aut\u00f3nomos colaboradores. Quiz\u00e1 no los conozcas, pero <strong>conforman un perfil muy espec\u00edfico de aut\u00f3nomos que dependen de otros principales<\/strong> y que casi figuran como trabajadores por cuenta ajena. Pero hay algo de lo que no se libran: de la cuota de aut\u00f3nomos.<\/p>\n\n\n\n<p>Con todo lo que cambi\u00f3 desde el 2023 con el nuevo sistema de cotizaci\u00f3n por ingresos reales, seguramente m\u00e1s de uno se est\u00e9 preguntando c\u00f3mo cambia y <strong>cu\u00e1nto se paga de cuota de aut\u00f3nomo colaborador en 2026<\/strong>. Todas esas dudas, y muchas otras m\u00e1s, se van a resolver aqu\u00ed, as\u00ed que sigue leyendo y presta mucha atenci\u00f3n.<\/p>\n\n\n\n<p><strong>En este art\u00edculo aprender\u00e1s:<\/strong><\/p>\n\n\n\n<ul class=\"wp-block-list\">\n<li><a href=\"#que-es\">\u00bfQu\u00e9 es un aut\u00f3nomo colaborador?<\/a><\/li>\n\n\n\n<li><a href=\"#cuota-autonomos-colaboradores\">\u00bfQu\u00e9 es la cuota de aut\u00f3nomos colaboradores?<\/a><\/li>\n\n\n\n<li><a href=\"#principales-novedades\">Principales novedades de las cuotas de aut\u00f3nomos colaboradores en 2026<\/a><\/li>\n\n\n\n<li><a href=\"#cuanto-es-cutoa-autonomos-colaboradores\">\u00bfCu\u00e1nto es la cuota de aut\u00f3nomos colaboradores en 2026?<\/a><\/li>\n\n\n\n<li><a href=\"#quien-paga-cuota-autonomos-colaboradores\">\u00bfQui\u00e9n paga la cuota de los aut\u00f3nomos colaboradores?<\/a><\/li>\n\n\n\n<li><a href=\"#Obligaciones-laborales:-Registro-horario-y-PRL\">Obligaciones laborales: Registro horario y PRL<\/a><\/li>\n\n\n\n<li><a href=\"#Prestaciones:-Baja-m\u00e9dica-y-Cese-de-actividad\">Prestaciones: Baja m\u00e9dica y Cese de actividad<\/a><\/li>\n<\/ul>\n\n\n\n<div class=\"wp-block-group box-destacada has-background\" style=\"background-color:#fef9f5\"><div class=\"wp-block-group__inner-container is-layout-flow wp-block-group-is-layout-flow\">\n<p class=\"has-text-align-center has-medium-font-size\"><strong>\u00bfQu\u00e9 es un aut\u00f3nomo colaborador?<\/strong><\/p>\n\n\n\n<p>\ud83d\udcf9 <strong>V\u00eddeo explicativo: <\/strong>En el siguiente v\u00eddeo explicamos en detalle que es, cu\u00e1nto pagan de cuota y los requisitos de un aut\u00f3nomo colaborador si quieres contratar a un familiar en tu negocio. <\/p>\n\n\n\n<div class=\"iframe-container\">\n\n<iframe class=\"responsive-iframe\" title=\"YouTube video player\" src=\"https:\/\/www.youtube.com\/embed\/lNh8Ghjrj_g?si=DebMveHVxANIgShr\" frameborder=\"0\" allowfullscreen=\"allowfullscreen\"><\/iframe>\n\n<\/div>\n\n\n\n<div style=\"height:25px\" aria-hidden=\"true\" class=\"wp-block-spacer\"><\/div>\n\n\n\n<div class=\"btn-div-destacado\"><a href=\"https:\/\/getquipu.com\/es\/cuentas\/registro\" class=\"btn-destacado\" target=\"_blank\" rel=\"noreferrer noopener\">Prueba Quipu Gratis<\/a><\/div>\n\n\n\n<div style=\"height:20px\" aria-hidden=\"true\" class=\"wp-block-spacer\"><\/div>\n\n\n\n<p class=\"has-text-align-center has-small-font-size\"><em>Prueba gratuita de 15 d\u00edas. Sin permanencia. Sin introducir tu tarjeta.<\/em><\/p>\n<\/div><\/div>\n\n\n\n<h2 class=\"wp-block-heading\" id=\"que-es\">\u00bfQu\u00e9 es un aut\u00f3nomo colaborador?<\/h2>\n\n\n\n<p>Un <a href=\"https:\/\/getquipu.com\/blog\/que-es-un-autonomo-colaborador\/\">aut\u00f3nomo colaborador<\/a> es todo familiar directo de un trabajador aut\u00f3nomo que trabaja para \u00e9l y con el que comparte vivienda. Es <strong>una persona que no puede estar dada de alta como trabajador por cuenta ajena<\/strong>, que conviva con el aut\u00f3nomo titular y est\u00e9 a su cargo y que sea familia directa.<\/p>\n\n\n\n<p>Pueden ser c\u00f3nyuges, parientes ascendientes o descendientes\u2026 Todas las opciones posibles hasta familiares de segundo grado (sin contar t\u00edos, primos, sobrinos ni biznietos). De hecho, incluso hijos adoptados pueden ser aut\u00f3nomos colaboradores.<\/p>\n\n\n\n<p>Aunque debes tener cuenta que puede haber ciertos requisitos, adem\u00e1s del parentesco, para que un aut\u00f3nomo pueda ser considerado colaborador. Por ejemplo, <strong>la convivencia.<\/strong><\/p>\n\n\n\n<p>Lo m\u00e1s curioso de esta figura es que, aunque debe darse de alta en el RETA, no tiene por qu\u00e9 hacerlo en Hacienda. \u00bfQu\u00e9 significa eso? Que <strong>un aut\u00f3nomo colaborador no tiene que pagar IRPF ni IVA trimestralmente<\/strong>, cosa que s\u00ed debe hacer el titular. S\u00ed debe percibir sus ingresos del titular para el que trabaja y presentar la declaraci\u00f3n de la RENTA tributando por los ingresos obtenidos como si fuera una n\u00f3mina. Vamos, que a <strong>efectos fiscales es como un asalariado.<\/strong><\/p>\n\n\n\n<h2 class=\"wp-block-heading\" id=\"cuota-autonomos-colaboradores\">\u00bfQu\u00e9 es la cuota de aut\u00f3nomos colaboradores?<\/h2>\n\n\n\n<p>La cuota de aut\u00f3nomos colaboradores es <strong>un pago mensual que se debe hacer obligatoriamente a la Seguridad Social.<\/strong> La principal diferencia en este caso con respecto a otros trabajadores por cuenta propia es que esta cuota no la paga el colaborador, sino el aut\u00f3nomo titular del negocio.<\/p>\n\n\n\n<p>Por otra parte, esta cuota sirve para que estos colaboradores tengan acceso a las prestaciones y ayudas que tiene todo trabajador por cuenta ajena. Desde el paro hasta las coberturas por bajas o accidentes, pasando por las formaciones y otras tantas opciones.<\/p>\n\n\n\n<p>Cabe mencionar que, aunque no la paguen ellos, <strong>s\u00ed que es posible que los aut\u00f3nomos colaboradores disfruten de bonificaciones<\/strong> en su cuota.<\/p>\n\n\n\n<h2 class=\"wp-block-heading\" id=\"principales-novedades\">Principales novedades de las cuotas de aut\u00f3nomos colaboradores en 2026<\/h2>\n\n\n\n<p>Como sucede con el resto, las cuotas de aut\u00f3nomos colaboradores sufrieron numerosos cambios con el nuevo sistema de cotizaci\u00f3n que entr\u00f3 en vigor en 2023. Y va a seguir sucediendo igual en 2026. Estas son sus principales novedades:<\/p>\n\n\n\n<ul class=\"wp-block-list\">\n<li><strong>Nueva base de cotizaci\u00f3n m\u00ednima:<\/strong> los aut\u00f3nomos colaboradores tienen una base m\u00ednima de cotizaci\u00f3n de 1.000 euros. Esta base m\u00ednima se pact\u00f3 con las organizaciones de aut\u00f3nomos en 2023 y continu\u00f3 en 2024. Para este 2026, la base m\u00ednima se mantiene fijada en 1.000 euros, vinculada al Salario M\u00ednimo Interprofesional.<\/li>\n\n\n\n<li><strong>Nueva cuota m\u00ednima:<\/strong> a ra\u00edz de lo anterior, la cuota m\u00ednima de los aut\u00f3nomos colaboradores en 2026 ronda los 315\u20ac. Esto es resultado de aplicar el tipo de cotizaci\u00f3n vigente (aproximadamente un 31,5% debido al aumento del MEI) sobre la base m\u00ednima de 1.000 euros.<\/li>\n\n\n\n<li><strong>Adi\u00f3s a la tarifa plana:<\/strong> los aut\u00f3nomos colaboradores no podr\u00e1n acogerse a <a href=\"https:\/\/getquipu.com\/blog\/tarifa-plana-autonomos\/\">la tarifa plana para nuevos aut\u00f3nomos<\/a> de 80 euros. Sin embargo, s\u00ed podr\u00e1n disfrutar de bonificaciones espec\u00edficas sobre su cuota durante los primeros 24 meses de actividad, aunque con condiciones diferentes a la tarifa plana general.<\/li>\n<\/ul>\n\n\n\n<h2 class=\"wp-block-heading\" id=\"cuanto-es-cutoa-autonomos-colaboradores\">\u00bfCu\u00e1nto es la cuota de aut\u00f3nomos colaboradores en 2026?<\/h2>\n\n\n\n<p>La cuota de aut\u00f3nomos colaboradores en 2026 nace del cambio en la cantidad m\u00ednima de cotizaci\u00f3n que se impuso a trav\u00e9s del <a href=\"https:\/\/getquipu.com\/blog\/nuevo-sistema-de-cotizacion-para-autonomos-en-funcion-de-ingresos-reales\/\">sistema de cotizaci\u00f3n por ingresos reales<\/a>, con el acuerdo entre organizaciones de aut\u00f3nomos y Seguridad Social.<\/p>\n\n\n\n<p>La normativa actual confirma que ning\u00fan aut\u00f3nomo colaborador puede cotizar en 2026 por una base inferior a los 1.000 euros. Esto se traduce, aplicando el tipo del 31,5% (que incluye el incremento del <a href=\"https:\/\/getquipu.com\/blog\/mecanismo-de-equidad-intergeneracional\/\">Mecanismo de Equidad Intergeneracional<\/a> al 0,9%), en <strong>una cuota mensual m\u00ednima aproximada de 315\u20ac<\/strong> al mes.<\/p>\n\n\n\n<p>En cualquier caso, hay que tener en cuenta que estamos hablando de una cuota m\u00ednima, pero los aut\u00f3nomos colaboradores cotizan tambi\u00e9n por sus ingresos reales. Esto significa que si sus rendimientos netos aumentan, es posible que tengan que cotizar por <strong>tramos superiores<\/strong>, como el resto de los aut\u00f3nomos.<\/p>\n\n\n\n<p>Por suerte, estos aut\u00f3nomos pueden seguir disfrutando de las bonificaciones establecidas espec\u00edficamente para ellos, y de las que ya hemos hablado antes.<\/p>\n\n\n\n<p>Es decir, durante los primeros 18 meses de su actividad a partir de 2026, la cuota de un aut\u00f3nomo colaborador puede rondar los <strong>157,5\u20ac<\/strong> gracias a la bonificaci\u00f3n del 50%. A partir de ese plazo, y durante los 6 meses restantes, se podr\u00eda pagar alrededor de <strong>236\u20ac al mes<\/strong> (con una bonificaci\u00f3n del 25%).<\/p>\n\n\n\n<h2 class=\"wp-block-heading\" id=\"quien-paga-cuota-autonomos-colaboradores\">\u00bfQui\u00e9n paga la cuota de los aut\u00f3nomos colaboradores?<\/h2>\n\n\n\n<p>En un principio, el aut\u00f3nomo colaborador tiene las mismas obligaciones a nivel de cotizaci\u00f3n que el resto de trabajadores por cuenta propia. Por lo tanto, deber\u00edan ser ellos quienes abonen sus cotizaciones a la Seguridad Social.<\/p>\n\n\n\n<p>No obstante, al ser una figura particular, que depende del aut\u00f3nomo titular, <strong>se pueden domiciliar<\/strong> estas cotizaciones en la cuenta bancaria del <strong>aut\u00f3nomo titular.<\/strong> De hecho, en caso de impago de la cuota del colaborador, la <strong>responsabilidad subsidiaria recaer\u00e1 sobre el due\u00f1o<\/strong> del negocio.<\/p>\n\n\n\n<p>La parte positiva para los titulares es que pueden contar esos pagos como <strong>gastos deducibles<\/strong> del negocio, cuando toque declarar impuestos, cosa que reducir\u00e1 su factura fiscal.<\/p>\n\n\n\n<p class=\"has-background\" style=\"background-color:#e7f5ff\">\ud83d\udd17 <strong>Ampliar informaci\u00f3n: <\/strong>Si quieres saber m\u00e1s sobre <a href=\"https:\/\/getquipu.com\/blog\/cuando-y-como-pagar-cuota-autonomos\/\">cu\u00e1ndo y c\u00f3mo se paga la cuota de aut\u00f3nomos<\/a> te recomendamos que leas nuestro art\u00edculo espec\u00edfico.<\/p>\n\n\n\n<h2 class=\"wp-block-heading\" id=\"Obligaciones-laborales:-Registro-horario-y-PRL\">Obligaciones laborales: Registro horario y PRL<\/h2>\n\n\n\n<p>Aunque a efectos fiscales el colaborador tenga sus particularidades, a nivel laboral el aut\u00f3nomo titular adquiere responsabilidades similares a las de tener un asalariado. Es obligatorio llevar un <strong>registro horario<\/strong> de la jornada laboral del familiar colaborador, cumpliendo con la normativa de control de presencia.<\/p>\n\n\n\n<p>Adem\u00e1s, el titular debe garantizar el cumplimiento de la <strong>Prevenci\u00f3n de Riesgos Laborales (PRL)<\/strong>. Esto implica evaluar los riesgos del puesto de trabajo y proporcionar la formaci\u00f3n y medidas de seguridad necesarias, ya que la seguridad y salud del colaborador es responsabilidad del titular del negocio.<\/p>\n\n\n\n<h2 class=\"wp-block-heading\" id=\"Prestaciones:-Baja-m\u00e9dica-y-Cese-de-actividad\">Prestaciones: Baja m\u00e9dica y Cese de actividad<\/h2>\n\n\n\n<p>Los aut\u00f3nomos colaboradores tienen derecho a las prestaciones de la Seguridad Social, incluyendo la incapacidad temporal (baja m\u00e9dica) en las mismas condiciones que otros trabajadores del RETA. Sin embargo, existen matices importantes respecto al paro de los aut\u00f3nomos, conocido como <strong>Cese de Actividad<\/strong>.<\/p>\n\n\n\n<p>Para acceder al cese de actividad, la administraci\u00f3n es mucho m\u00e1s exigente con los colaboradores al ser familiares directos. A menudo, el SEPE o la mutua pueden requerir pruebas adicionales para demostrar que la relaci\u00f3n laboral y el cese son reales y no una simulaci\u00f3n, dificultando en ocasiones el acceso a esta prestaci\u00f3n en comparaci\u00f3n con un aut\u00f3nomo ordinario.<\/p>\n\n\n\n<h2 class=\"wp-block-heading\">M\u00e1s art\u00edculos relacionados con la cuota de aut\u00f3nomos<\/h2>\n\n\n\n<ul class=\"wp-block-list\">\n<li><a href=\"https:\/\/getquipu.com\/blog\/nueva-cuota-de-autonomos\/\"><strong>Cuota de aut\u00f3nomos en 2026<\/strong><\/a><\/li>\n\n\n\n<li><a href=\"https:\/\/getquipu.com\/blog\/cuotas-de-autonomos-societarios\/\"><strong>Cuota de aut\u00f3nomos societarios en 2026<\/strong><\/a><\/li>\n\n\n\n<li><a href=\"https:\/\/getquipu.com\/blog\/cuota-cero-de-autonomos\/\"><strong>Cuota cero para aut\u00f3nomos<\/strong><\/a><\/li>\n\n\n\n<li><a href=\"https:\/\/getquipu.com\/blog\/cuota-de-autonomos-primer-ano\/\"><strong>\u00bfCu\u00e1nto se paga de aut\u00f3nomos en el primer a\u00f1o?<\/strong><\/a><\/li>\n<\/ul>\n\n\n\n<p><\/p>\n","protected":false},"excerpt":{"rendered":"<p>Dentro del colectivo de trabajadores por cuenta propia se encuentra una figura particular, la de los aut\u00f3nomos colaboradores. Quiz\u00e1 no los conozcas, pero conforman un perfil muy espec\u00edfico de aut\u00f3nomos<\/p>\n","protected":false},"author":56,"featured_media":50499,"comment_status":"closed","ping_status":"closed","sticky":false,"template":"","format":"standard","meta":{"footnotes":""},"categories":[480],"tags":[],"class_list":["post-35711","post","type-post","status-publish","format-standard","has-post-thumbnail","hentry","category-nuevos-autonomos","generate-columns","tablet-grid-50","mobile-grid-100","grid-parent","grid-50","resize-featured-image"],"yoast_head":"<!-- This site is optimized with the Yoast SEO plugin v23.9 - https:\/\/yoast.com\/wordpress\/plugins\/seo\/ -->\n<title>Cuotas de aut\u00f3nomos colaboradores en 2026: \u00bfqu\u00e9 cambia?<\/title>\n<meta name=\"description\" content=\"\u00bfNo sabes qu\u00e9 cuota de aut\u00f3nomo colaborador tienes que pagar? Te contamos todo lo que tienes que saber. \u00a1Entra y desc\u00fabrelo!\" \/>\n<meta name=\"robots\" content=\"index, follow, max-snippet:-1, max-image-preview:large, max-video-preview:-1\" \/>\n<link rel=\"canonical\" href=\"https:\/\/getquipu.com\/blog\/cuotas-de-autonomos-colaboradores\/\" \/>\n<meta property=\"og:locale\" content=\"es_ES\" \/>\n<meta property=\"og:type\" content=\"article\" \/>\n<meta property=\"og:title\" content=\"Cuotas de aut\u00f3nomos colaboradores en 2026: \u00bfqu\u00e9 cambia?\" \/>\n<meta property=\"og:description\" content=\"\u00bfNo sabes qu\u00e9 cuota de aut\u00f3nomo colaborador tienes que pagar? Te contamos todo lo que tienes que saber. \u00a1Entra y desc\u00fabrelo!\" \/>\n<meta property=\"og:url\" content=\"https:\/\/getquipu.com\/blog\/cuotas-de-autonomos-colaboradores\/\" \/>\n<meta property=\"og:site_name\" content=\"Aut\u00f3nomos, empresas y asesor\u00edas\" \/>\n<meta property=\"article:published_time\" content=\"2023-02-01T11:27:13+00:00\" \/>\n<meta property=\"article:modified_time\" content=\"2026-02-16T15:10:52+00:00\" \/>\n<meta property=\"og:image\" content=\"https:\/\/getquipu.com\/wp-content\/uploads\/2023\/02\/16154201\/cuotas-autonomos-colaboradores.png\" \/>\n\t<meta property=\"og:image:width\" content=\"768\" \/>\n\t<meta property=\"og:image:height\" content=\"295\" \/>\n\t<meta property=\"og:image:type\" content=\"image\/png\" \/>\n<meta name=\"author\" content=\"Rub\u00e9n Garc\u00eda - Contasult\" \/>\n<meta name=\"twitter:card\" content=\"summary_large_image\" \/>\n<meta name=\"twitter:label1\" content=\"Escrito por\" \/>\n\t<meta name=\"twitter:data1\" content=\"Rub\u00e9n Garc\u00eda - Contasult\" \/>\n\t<meta name=\"twitter:label2\" content=\"Tiempo de lectura\" \/>\n\t<meta name=\"twitter:data2\" content=\"7 minutos\" \/>\n<script type=\"application\/ld+json\" class=\"yoast-schema-graph\">{\"@context\":\"https:\/\/schema.org\",\"@graph\":[{\"@type\":\"Article\",\"@id\":\"https:\/\/getquipu.com\/blog\/cuotas-de-autonomos-colaboradores\/#article\",\"isPartOf\":{\"@id\":\"https:\/\/getquipu.com\/blog\/cuotas-de-autonomos-colaboradores\/\"},\"author\":{\"name\":\"Rub\u00e9n Garc\u00eda - Contasult\",\"@id\":\"https:\/\/getquipu.com\/blog\/#\/schema\/person\/5298ffeaaaa019c45010197415c196ec\"},\"headline\":\"Cuotas de aut\u00f3nomos colaboradores en 2026: \u00bfcu\u00e1nto se paga?\",\"datePublished\":\"2023-02-01T11:27:13+00:00\",\"dateModified\":\"2026-02-16T15:10:52+00:00\",\"mainEntityOfPage\":{\"@id\":\"https:\/\/getquipu.com\/blog\/cuotas-de-autonomos-colaboradores\/\"},\"wordCount\":1424,\"publisher\":{\"@id\":\"https:\/\/getquipu.com\/blog\/#organization\"},\"image\":{\"@id\":\"https:\/\/getquipu.com\/blog\/cuotas-de-autonomos-colaboradores\/#primaryimage\"},\"thumbnailUrl\":\"https:\/\/getquipu.com\/wp-content\/uploads\/2023\/02\/16154201\/cuotas-autonomos-colaboradores.png\",\"articleSection\":[\"Nuevos Aut\u00f3nomos\"],\"inLanguage\":\"es\"},{\"@type\":\"WebPage\",\"@id\":\"https:\/\/getquipu.com\/blog\/cuotas-de-autonomos-colaboradores\/\",\"url\":\"https:\/\/getquipu.com\/blog\/cuotas-de-autonomos-colaboradores\/\",\"name\":\"Cuotas de aut\u00f3nomos colaboradores en 2026: \u00bfqu\u00e9 cambia?\",\"isPartOf\":{\"@id\":\"https:\/\/getquipu.com\/blog\/#website\"},\"primaryImageOfPage\":{\"@id\":\"https:\/\/getquipu.com\/blog\/cuotas-de-autonomos-colaboradores\/#primaryimage\"},\"image\":{\"@id\":\"https:\/\/getquipu.com\/blog\/cuotas-de-autonomos-colaboradores\/#primaryimage\"},\"thumbnailUrl\":\"https:\/\/getquipu.com\/wp-content\/uploads\/2023\/02\/16154201\/cuotas-autonomos-colaboradores.png\",\"datePublished\":\"2023-02-01T11:27:13+00:00\",\"dateModified\":\"2026-02-16T15:10:52+00:00\",\"description\":\"\u00bfNo sabes qu\u00e9 cuota de aut\u00f3nomo colaborador tienes que pagar? Te contamos todo lo que tienes que saber. \u00a1Entra y desc\u00fabrelo!\",\"breadcrumb\":{\"@id\":\"https:\/\/getquipu.com\/blog\/cuotas-de-autonomos-colaboradores\/#breadcrumb\"},\"inLanguage\":\"es\",\"potentialAction\":[{\"@type\":\"ReadAction\",\"target\":[\"https:\/\/getquipu.com\/blog\/cuotas-de-autonomos-colaboradores\/\"]}]},{\"@type\":\"ImageObject\",\"inLanguage\":\"es\",\"@id\":\"https:\/\/getquipu.com\/blog\/cuotas-de-autonomos-colaboradores\/#primaryimage\",\"url\":\"https:\/\/getquipu.com\/wp-content\/uploads\/2023\/02\/16154201\/cuotas-autonomos-colaboradores.png\",\"contentUrl\":\"https:\/\/getquipu.com\/wp-content\/uploads\/2023\/02\/16154201\/cuotas-autonomos-colaboradores.png\",\"width\":768,\"height\":295,\"caption\":\"cuotas de aut\u00f3nomos colaboradores\"},{\"@type\":\"BreadcrumbList\",\"@id\":\"https:\/\/getquipu.com\/blog\/cuotas-de-autonomos-colaboradores\/#breadcrumb\",\"itemListElement\":[{\"@type\":\"ListItem\",\"position\":1,\"name\":\"Blog\",\"item\":\"https:\/\/getquipu.com\/blog\/\"},{\"@type\":\"ListItem\",\"position\":2,\"name\":\"Nuevos Aut\u00f3nomos\",\"item\":\"https:\/\/getquipu.com\/blog\/category\/nuevos-autonomos\/\"},{\"@type\":\"ListItem\",\"position\":3,\"name\":\"Cuotas de aut\u00f3nomos colaboradores en 2026: \u00bfcu\u00e1nto se paga?\"}]},{\"@type\":\"WebSite\",\"@id\":\"https:\/\/getquipu.com\/blog\/#website\",\"url\":\"https:\/\/getquipu.com\/blog\/\",\"name\":\"Aut\u00f3nomos, empresas y asesor\u00edas\",\"description\":\"Informaci\u00f3n \u00fatil sobre fiscalidad y eficiencia administrativa en negocios como el tuyo.\",\"publisher\":{\"@id\":\"https:\/\/getquipu.com\/blog\/#organization\"},\"potentialAction\":[{\"@type\":\"SearchAction\",\"target\":{\"@type\":\"EntryPoint\",\"urlTemplate\":\"https:\/\/getquipu.com\/blog\/?s={search_term_string}\"},\"query-input\":{\"@type\":\"PropertyValueSpecification\",\"valueRequired\":true,\"valueName\":\"search_term_string\"}}],\"inLanguage\":\"es\"},{\"@type\":\"Organization\",\"@id\":\"https:\/\/getquipu.com\/blog\/#organization\",\"name\":\"Quipu\",\"url\":\"https:\/\/getquipu.com\/blog\/\",\"logo\":{\"@type\":\"ImageObject\",\"inLanguage\":\"es\",\"@id\":\"https:\/\/getquipu.com\/blog\/#\/schema\/logo\/image\/\",\"url\":\"https:\/\/getquipu.com\/wp-content\/uploads\/2022\/06\/20105810\/logo-quipu.png\",\"contentUrl\":\"https:\/\/getquipu.com\/wp-content\/uploads\/2022\/06\/20105810\/logo-quipu.png\",\"width\":399,\"height\":399,\"caption\":\"Quipu\"},\"image\":{\"@id\":\"https:\/\/getquipu.com\/blog\/#\/schema\/logo\/image\/\"}},{\"@type\":\"Person\",\"@id\":\"https:\/\/getquipu.com\/blog\/#\/schema\/person\/5298ffeaaaa019c45010197415c196ec\",\"name\":\"Rub\u00e9n Garc\u00eda - Contasult\",\"image\":{\"@type\":\"ImageObject\",\"inLanguage\":\"es\",\"@id\":\"https:\/\/getquipu.com\/blog\/#\/schema\/person\/image\/\",\"url\":\"https:\/\/secure.gravatar.com\/avatar\/0d8f6768b8d079a1da3e8aad06ea63f9?s=96&d=mm&r=g\",\"contentUrl\":\"https:\/\/secure.gravatar.com\/avatar\/0d8f6768b8d079a1da3e8aad06ea63f9?s=96&d=mm&r=g\",\"caption\":\"Rub\u00e9n Garc\u00eda - Contasult\"},\"description\":\"Rub\u00e9n es director del departamento laboral de Contasult y especialista en RRHH. Graduado en Comercio internacional y Socio Fundador Artyco Media, S.L\",\"url\":\"https:\/\/getquipu.com\/blog\/author\/rubencontasult\/\"}]}<\/script>\n<!-- \/ Yoast SEO plugin. -->","yoast_head_json":{"title":"Cuotas de aut\u00f3nomos colaboradores en 2026: \u00bfqu\u00e9 cambia?","description":"\u00bfNo sabes qu\u00e9 cuota de aut\u00f3nomo colaborador tienes que pagar? Te contamos todo lo que tienes que saber. \u00a1Entra y desc\u00fabrelo!","robots":{"index":"index","follow":"follow","max-snippet":"max-snippet:-1","max-image-preview":"max-image-preview:large","max-video-preview":"max-video-preview:-1"},"canonical":"https:\/\/getquipu.com\/blog\/cuotas-de-autonomos-colaboradores\/","og_locale":"es_ES","og_type":"article","og_title":"Cuotas de aut\u00f3nomos colaboradores en 2026: \u00bfqu\u00e9 cambia?","og_description":"\u00bfNo sabes qu\u00e9 cuota de aut\u00f3nomo colaborador tienes que pagar? Te contamos todo lo que tienes que saber. \u00a1Entra y desc\u00fabrelo!","og_url":"https:\/\/getquipu.com\/blog\/cuotas-de-autonomos-colaboradores\/","og_site_name":"Aut\u00f3nomos, empresas y asesor\u00edas","article_published_time":"2023-02-01T11:27:13+00:00","article_modified_time":"2026-02-16T15:10:52+00:00","og_image":[{"width":768,"height":295,"url":"https:\/\/getquipu.com\/wp-content\/uploads\/2023\/02\/16154201\/cuotas-autonomos-colaboradores.png","type":"image\/png"}],"author":"Rub\u00e9n Garc\u00eda - Contasult","twitter_card":"summary_large_image","twitter_misc":{"Escrito por":"Rub\u00e9n Garc\u00eda - Contasult","Tiempo de lectura":"7 minutos"},"schema":{"@context":"https:\/\/schema.org","@graph":[{"@type":"Article","@id":"https:\/\/getquipu.com\/blog\/cuotas-de-autonomos-colaboradores\/#article","isPartOf":{"@id":"https:\/\/getquipu.com\/blog\/cuotas-de-autonomos-colaboradores\/"},"author":{"name":"Rub\u00e9n Garc\u00eda - Contasult","@id":"https:\/\/getquipu.com\/blog\/#\/schema\/person\/5298ffeaaaa019c45010197415c196ec"},"headline":"Cuotas de aut\u00f3nomos colaboradores en 2026: \u00bfcu\u00e1nto se paga?","datePublished":"2023-02-01T11:27:13+00:00","dateModified":"2026-02-16T15:10:52+00:00","mainEntityOfPage":{"@id":"https:\/\/getquipu.com\/blog\/cuotas-de-autonomos-colaboradores\/"},"wordCount":1424,"publisher":{"@id":"https:\/\/getquipu.com\/blog\/#organization"},"image":{"@id":"https:\/\/getquipu.com\/blog\/cuotas-de-autonomos-colaboradores\/#primaryimage"},"thumbnailUrl":"https:\/\/getquipu.com\/wp-content\/uploads\/2023\/02\/16154201\/cuotas-autonomos-colaboradores.png","articleSection":["Nuevos Aut\u00f3nomos"],"inLanguage":"es"},{"@type":"WebPage","@id":"https:\/\/getquipu.com\/blog\/cuotas-de-autonomos-colaboradores\/","url":"https:\/\/getquipu.com\/blog\/cuotas-de-autonomos-colaboradores\/","name":"Cuotas de aut\u00f3nomos colaboradores en 2026: \u00bfqu\u00e9 cambia?","isPartOf":{"@id":"https:\/\/getquipu.com\/blog\/#website"},"primaryImageOfPage":{"@id":"https:\/\/getquipu.com\/blog\/cuotas-de-autonomos-colaboradores\/#primaryimage"},"image":{"@id":"https:\/\/getquipu.com\/blog\/cuotas-de-autonomos-colaboradores\/#primaryimage"},"thumbnailUrl":"https:\/\/getquipu.com\/wp-content\/uploads\/2023\/02\/16154201\/cuotas-autonomos-colaboradores.png","datePublished":"2023-02-01T11:27:13+00:00","dateModified":"2026-02-16T15:10:52+00:00","description":"\u00bfNo sabes qu\u00e9 cuota de aut\u00f3nomo colaborador tienes que pagar? Te contamos todo lo que tienes que saber. \u00a1Entra y desc\u00fabrelo!","breadcrumb":{"@id":"https:\/\/getquipu.com\/blog\/cuotas-de-autonomos-colaboradores\/#breadcrumb"},"inLanguage":"es","potentialAction":[{"@type":"ReadAction","target":["https:\/\/getquipu.com\/blog\/cuotas-de-autonomos-colaboradores\/"]}]},{"@type":"ImageObject","inLanguage":"es","@id":"https:\/\/getquipu.com\/blog\/cuotas-de-autonomos-colaboradores\/#primaryimage","url":"https:\/\/getquipu.com\/wp-content\/uploads\/2023\/02\/16154201\/cuotas-autonomos-colaboradores.png","contentUrl":"https:\/\/getquipu.com\/wp-content\/uploads\/2023\/02\/16154201\/cuotas-autonomos-colaboradores.png","width":768,"height":295,"caption":"cuotas de aut\u00f3nomos colaboradores"},{"@type":"BreadcrumbList","@id":"https:\/\/getquipu.com\/blog\/cuotas-de-autonomos-colaboradores\/#breadcrumb","itemListElement":[{"@type":"ListItem","position":1,"name":"Blog","item":"https:\/\/getquipu.com\/blog\/"},{"@type":"ListItem","position":2,"name":"Nuevos Aut\u00f3nomos","item":"https:\/\/getquipu.com\/blog\/category\/nuevos-autonomos\/"},{"@type":"ListItem","position":3,"name":"Cuotas de aut\u00f3nomos colaboradores en 2026: \u00bfcu\u00e1nto se paga?"}]},{"@type":"WebSite","@id":"https:\/\/getquipu.com\/blog\/#website","url":"https:\/\/getquipu.com\/blog\/","name":"Aut\u00f3nomos, empresas y asesor\u00edas","description":"Informaci\u00f3n \u00fatil sobre fiscalidad y eficiencia administrativa en negocios como el tuyo.","publisher":{"@id":"https:\/\/getquipu.com\/blog\/#organization"},"potentialAction":[{"@type":"SearchAction","target":{"@type":"EntryPoint","urlTemplate":"https:\/\/getquipu.com\/blog\/?s={search_term_string}"},"query-input":{"@type":"PropertyValueSpecification","valueRequired":true,"valueName":"search_term_string"}}],"inLanguage":"es"},{"@type":"Organization","@id":"https:\/\/getquipu.com\/blog\/#organization","name":"Quipu","url":"https:\/\/getquipu.com\/blog\/","logo":{"@type":"ImageObject","inLanguage":"es","@id":"https:\/\/getquipu.com\/blog\/#\/schema\/logo\/image\/","url":"https:\/\/getquipu.com\/wp-content\/uploads\/2022\/06\/20105810\/logo-quipu.png","contentUrl":"https:\/\/getquipu.com\/wp-content\/uploads\/2022\/06\/20105810\/logo-quipu.png","width":399,"height":399,"caption":"Quipu"},"image":{"@id":"https:\/\/getquipu.com\/blog\/#\/schema\/logo\/image\/"}},{"@type":"Person","@id":"https:\/\/getquipu.com\/blog\/#\/schema\/person\/5298ffeaaaa019c45010197415c196ec","name":"Rub\u00e9n Garc\u00eda - Contasult","image":{"@type":"ImageObject","inLanguage":"es","@id":"https:\/\/getquipu.com\/blog\/#\/schema\/person\/image\/","url":"https:\/\/secure.gravatar.com\/avatar\/0d8f6768b8d079a1da3e8aad06ea63f9?s=96&d=mm&r=g","contentUrl":"https:\/\/secure.gravatar.com\/avatar\/0d8f6768b8d079a1da3e8aad06ea63f9?s=96&d=mm&r=g","caption":"Rub\u00e9n Garc\u00eda - Contasult"},"description":"Rub\u00e9n es director del departamento laboral de Contasult y especialista en RRHH. Graduado en Comercio internacional y Socio Fundador Artyco Media, S.L","url":"https:\/\/getquipu.com\/blog\/author\/rubencontasult\/"}]}},"_links":{"self":[{"href":"https:\/\/getquipu.com\/blog\/wp-json\/wp\/v2\/posts\/35711","targetHints":{"allow":["GET"]}}],"collection":[{"href":"https:\/\/getquipu.com\/blog\/wp-json\/wp\/v2\/posts"}],"about":[{"href":"https:\/\/getquipu.com\/blog\/wp-json\/wp\/v2\/types\/post"}],"author":[{"embeddable":true,"href":"https:\/\/getquipu.com\/blog\/wp-json\/wp\/v2\/users\/56"}],"replies":[{"embeddable":true,"href":"https:\/\/getquipu.com\/blog\/wp-json\/wp\/v2\/comments?post=35711"}],"version-history":[{"count":19,"href":"https:\/\/getquipu.com\/blog\/wp-json\/wp\/v2\/posts\/35711\/revisions"}],"predecessor-version":[{"id":53108,"href":"https:\/\/getquipu.com\/blog\/wp-json\/wp\/v2\/posts\/35711\/revisions\/53108"}],"wp:featuredmedia":[{"embeddable":true,"href":"https:\/\/getquipu.com\/blog\/wp-json\/wp\/v2\/media\/50499"}],"wp:attachment":[{"href":"https:\/\/getquipu.com\/blog\/wp-json\/wp\/v2\/media?parent=35711"}],"wp:term":[{"taxonomy":"category","embeddable":true,"href":"https:\/\/getquipu.com\/blog\/wp-json\/wp\/v2\/categories?post=35711"},{"taxonomy":"post_tag","embeddable":true,"href":"https:\/\/getquipu.com\/blog\/wp-json\/wp\/v2\/tags?post=35711"}],"curies":[{"name":"wp","href":"https:\/\/api.w.org\/{rel}","templated":true}]}}