{"id":34081,"date":"2022-12-27T17:04:14","date_gmt":"2022-12-27T16:04:14","guid":{"rendered":"https:\/\/getquipu.com\/blog\/?p=34081"},"modified":"2024-11-13T16:29:19","modified_gmt":"2024-11-13T15:29:19","slug":"el-iva-en-las-asociaciones-sin-animo-de-lucro","status":"publish","type":"post","link":"https:\/\/getquipu.com\/blog\/el-iva-en-las-asociaciones-sin-animo-de-lucro\/","title":{"rendered":"El IVA en las asociaciones sin \u00e1nimo de lucro"},"content":{"rendered":"\n<p>Las asociaciones sin \u00e1nimo de lucro est\u00e1n por todas partes. Estas organizaciones, con <strong>unos prop\u00f3sitos muy diferentes a los de una empresa convencional<\/strong>, tienen mucho en com\u00fan con la actividad de todo aut\u00f3nomo. Y es que sobre ellas tambi\u00e9n sobrevuela la sombra del IVA.<\/p>\n\n\n\n<p>Pero, \u00bfc\u00f3mo funciona el IVA en una asociaci\u00f3n sin \u00e1nimo de lucro, en una cuya finalidad es brindar ayuda? Eso es exactamente lo que vamos a ver aqu\u00ed, resolviendo todas las dudas habituales en este terreno.<\/p>\n\n\n\n<p><strong>En este art\u00edculo aprender\u00e1s:<\/strong><\/p>\n\n\n\n<ul class=\"wp-block-list\">\n<li><a href=\"#que-es\">\u00bfQu\u00e9 es una asociaci\u00f3n u organizaci\u00f3n sin \u00e1nimo de lucro?<\/a><\/li>\n\n\n\n<li><a href=\"#asociaciones-sujetas-iva\">\u00bfEst\u00e1n sujetas a IVA las asociaciones sin \u00e1nimo de lucro?<\/a><\/li>\n\n\n\n<li><a href=\"#exenciones-iva-asociaciones\">Exenciones de IVA para asociaciones sin \u00e1nimo de lucro<\/a><\/li>\n\n\n\n<li><a href=\"#cuotas-asociados\">\u00bfLas cuotas de los asociados a la asociaci\u00f3n est\u00e1n sujetas a IVA?<\/a><\/li>\n\n\n\n<li><a href=\"#plazo-iva-asociaciones\">Plazos de presentaci\u00f3n del IVA en las asociaciones sin \u00e1nimo de lucro<\/a><\/li>\n\n\n\n<li><a href=\"#modelos-iva-asociaciones\">Modelos de IVA que deben presentar las asociaciones sin \u00e1nimo de lucro<\/a><\/li>\n<\/ul>\n\n\n\n<h2 class=\"wp-block-heading\" id=\"que-es\">\u00bfQu\u00e9 es una asociaci\u00f3n u organizaci\u00f3n sin \u00e1nimo de lucro?<\/h2>\n\n\n\n<p>Una asociaci\u00f3n u organizaci\u00f3n sin \u00e1nimo de lucro es una agrupaci\u00f3n de personas unidas para <strong>desarrollar una actividad cuyo objetivo no es obtener un beneficio econ\u00f3mico<\/strong>, sino algo de car\u00e1cter humanitario, social o altruista en general. Estas asociaciones est\u00e1n reguladas seg\u00fan la Ley Org\u00e1nica 1\/2022, de 22 de marzo, reguladora del Derecho de Asociaci\u00f3n.<\/p>\n\n\n\n<p>Ese fin altruista las diferencia de las empresas tradicionales, aunque puede llevar a cabo actividades econ\u00f3micas para financiar los proyectos que lleva a cabo, en cuyo caso tiene que emitir facturas.<\/p>\n\n\n\n<h2 class=\"wp-block-heading\" id=\"asociaciones-sujetas-iva\">\u00bfEst\u00e1n sujetas a IVA las asociaciones sin \u00e1nimo de lucro?<\/h2>\n\n\n\n<p>La respuesta es un rotundo s\u00ed. Todas <strong>las asociaciones sin \u00e1nimo de lucro est\u00e1n sujetas a IVA<\/strong>, independientemente del fin que persigan. Aunque se dediquen a causas humanitarias, protecci\u00f3n social o cualquier otro cometido, est\u00e1n obligadas a declarar el Impuesto de Valor A\u00f1adido.<\/p>\n\n\n\n<p>\u00bfEl motivo de ello? El hecho de recibir contraprestaciones por bienes y servicios. En todas las asociaciones entran en juego factores de producci\u00f3n ligados a la producci\u00f3n o distribuci\u00f3n de servicios o bienes. Y esto, al final, va de la mano del IVA.<\/p>\n\n\n\n<p>\u00bfY qu\u00e9 es lo que se declara en estos casos? Toda entrega de bienes o prestaci\u00f3n de servicios que haya realizado la asociaci\u00f3n, incluso si estos van destinados a los propios socios.<\/p>\n\n\n\n<p>Ahora bien, hay que mencionar que <strong>existen varias rentas que est\u00e1n exentas<\/strong> y, por lo tanto, no est\u00e1n sujetas a IVA. Aunque esto es algo que vamos a detallar a continuaci\u00f3n.<\/p>\n\n\n\n<h2 class=\"wp-block-heading\" id=\"exenciones-iva-asociaciones\">Exenciones de IVA para asociaciones sin \u00e1nimo de lucro<\/h2>\n\n\n\n<p>Las <strong>exenciones de IVA en asociaciones sin \u00e1nimo de lucro<\/strong> se dan cuando en su interior hay lugar para actividades que no se consideren de car\u00e1cter econ\u00f3mico.<\/p>\n\n\n\n<p>Dado que puede ser una definici\u00f3n un tanto vaga, el <strong>art\u00edculo 20.1.14 de la Ley 37\/1992 <\/strong>lo deja bastante claro. Estas son las rentas exentas de IVA:<\/p>\n\n\n\n<ul class=\"wp-block-list\">\n<li>Prestaciones de servicios propias de bibliotecas, archivos y centros de documentaci\u00f3n.<\/li>\n\n\n\n<li>Representaciones teatrales, coreogr\u00e1ficas, musicales, cinematogr\u00e1ficas y audiovisuales.<\/li>\n\n\n\n<li>Visitas a galer\u00edas de arte, museos, monumentos, lugares hist\u00f3ricos, zool\u00f3gicos, pinacotecas, jardines bot\u00e1nicos, parques naturales y otros espacios naturales protegidos.<\/li>\n<\/ul>\n\n\n\n<p>Debido a esto, cabe la posibilidad de que en una asociaci\u00f3n sin \u00e1nimo de lucro haya actividades que est\u00e9n obligadas a declarar el iVA y otras que est\u00e9n exentas de IVA. En estos casos, se tiene que aplicar la prorrata del IVA a la hora de hacer las liquidaciones trimestrales, de las que hablaremos m\u00e1s adelante en profundidad.<\/p>\n\n\n\n<h2 class=\"wp-block-heading\" id=\"cuotas-asociados\">\u00bfLas cuotas de los asociados a la asociaci\u00f3n est\u00e1n sujetas a IVA?<\/h2>\n\n\n\n<p>Generalmente, la cuota de un socio no est\u00e1 ligada como tal a una actividad econ\u00f3mica, ya que la asociaci\u00f3n no est\u00e1 \u201cvendiendo\u201d algo al socio. En base a esto, y como hemos visto hasta ahora, estas cuotas nunca estar\u00e1n sujetas a IVA y, adem\u00e1s, figurar\u00e1n como rentas exentas en caso de declarar el Impuesto de Sociedades.<\/p>\n\n\n\n<p>Ahora bien, <strong>si un socio recibiera una serie de servicios por pagar una cuota<\/strong> m\u00e1s o menos elevada, o si dicho dinero no se destina a la finalidad o el objeto social de la asociaci\u00f3n, entonces la cuota s\u00ed deber\u00eda estar asociada a IVA.<\/p>\n\n\n\n<p>Puede resultar un tanto peliagudo, porque es dif\u00edcil determinar si el dinero de las cuotas se destina a recibir servicios de la asociaci\u00f3n o a ayudar a que esta lleve a cabo sus labores. No obstante, basta con que haya una cuota fija para todos y que su importe no sea importante de cara al coste de los servicios que lleva a cabo la asociaci\u00f3n.<\/p>\n\n\n\n<h2 class=\"wp-block-heading\" id=\"plazo-iva-asociaciones\">Plazos de presentaci\u00f3n del IVA en las asociaciones sin \u00e1nimo de lucro<\/h2>\n\n\n\n<p>Como en cualquier empresa, las asociaciones sin \u00e1nimo de lucro tienen que presentar las liquidaciones del IVA una vez por cada trimestre. Los plazos son los habituales para los aut\u00f3nomos, y el c\u00e1lculo de las liquidaciones sigue exactamente el mismo criterio: la diferencia entre el IVA repercutido y el soportado.<\/p>\n\n\n\n<p>Estos son los plazos de presentaci\u00f3n del IVA en las asociaciones sin \u00e1nimo de lucro:<\/p>\n\n\n\n<ul class=\"wp-block-list\">\n<li><strong>Primer trimestre <\/strong>(del 1 de enero al 31 de marzo): presentaci\u00f3n entre el 1 y el 20 de Abril.<\/li>\n\n\n\n<li><strong>Segundo trimestre<\/strong> (del 1 de abril al 30 de junio): presentaci\u00f3n entre el 1 y el 20 de Julio.<\/li>\n\n\n\n<li><strong>Tercer trimestre<\/strong> (del 1 de julio al 30 de septiembre):presentaci\u00f3n entre el 1 y el 20 de Octubre.<\/li>\n\n\n\n<li><strong>Cuarto trimestre<\/strong> (del 1 de octubre al 31 de diciembre): presentaci\u00f3n entre el 1 y el 30 de Enero del a\u00f1o siguiente.<\/li>\n<\/ul>\n\n\n\n<p>A todo esto hay que a\u00f1adir la presentaci\u00f3n del resumen anual del IVA que siempre se hace a a\u00f1o vencido, entre el 1 y el 30 de enero. Como se puede ver, son los mismos plazos y obligaciones de los aut\u00f3nomos en general.<\/p>\n\n\n\n<h2 class=\"wp-block-heading\" id=\"modelos-iva-asociaciones\">Modelos de IVA que deben presentar las asociaciones sin \u00e1nimo de lucro<\/h2>\n\n\n\n<p>Como sucede con cualquier aut\u00f3nomo o empresa que deba liquidar el IVA, las asociaciones sin \u00e1nimo de lucro <strong>tienen dos modelos principales a presentar <\/strong>a lo largo del a\u00f1o para cumplir sus obligaciones con la Agencia Tributaria:<\/p>\n\n\n\n<ul class=\"wp-block-list\">\n<li><strong>Modelo 303:<\/strong>liquidaci\u00f3n trimestral del IVA que se presenta en enero, abril, julio y octubre.<\/li>\n\n\n\n<li><strong>Modelo 390:<\/strong> resumen anual de todo el IVA liquidado a lo largo del a\u00f1o en la organizaci\u00f3n.<\/li>\n<\/ul>\n\n\n\n<p>No es nada fuera de lo normal, de hecho, los modelos se presentan como los presentar\u00eda cualquier empresa de manera cotidiana. No hay diferencias de ning\u00fan tipo. La \u00fanica posible se da en caso de que todas las actividades de la organizaci\u00f3n est\u00e9n exentas de IVA, en cuyo caso no hay que presentar ning\u00fan modelo.<\/p>\n\n\n\n<p class=\"has-background\" style=\"background-color:#e7f5ff\">\ud83d\udd17 <strong>Ampliar informaci\u00f3n: <\/strong>Si quieres saber m\u00e1s sobre <a href=\"https:\/\/getquipu.com\/blog\/declaracion-trimestral-iva\/\">c\u00f3mo funciona la declaraci\u00f3n trimestral de IVA<\/a> te recomendamos que leas nuestro art\u00edculo espec\u00edfico.<\/p>\n","protected":false},"excerpt":{"rendered":"<p>Las asociaciones sin \u00e1nimo de lucro est\u00e1n por todas partes. Estas organizaciones, con unos prop\u00f3sitos muy diferentes a los de una empresa convencional, tienen mucho en com\u00fan con la actividad<\/p>\n","protected":false},"author":3,"featured_media":34090,"comment_status":"closed","ping_status":"closed","sticky":false,"template":"","format":"standard","meta":{"footnotes":""},"categories":[466],"tags":[],"class_list":["post-34081","post","type-post","status-publish","format-standard","has-post-thumbnail","hentry","category-iva","generate-columns","tablet-grid-50","mobile-grid-100","grid-parent","grid-50","resize-featured-image"],"yoast_head":"<!-- This site is optimized with the Yoast SEO plugin v23.9 - https:\/\/yoast.com\/wordpress\/plugins\/seo\/ -->\n<title>El IVA en las asociaciones sin \u00e1nimo de lucro (2026)<\/title>\n<meta name=\"description\" content=\"\u00bfTienes dudas sobre el funcionamiento del IVA en las asociaciones sin \u00e1nimo de lucro? Te contamos todo lo que tienes que saber. \u00a1Desc\u00fabrelo!\" \/>\n<meta name=\"robots\" content=\"index, follow, max-snippet:-1, max-image-preview:large, max-video-preview:-1\" \/>\n<link rel=\"canonical\" href=\"https:\/\/getquipu.com\/blog\/el-iva-en-las-asociaciones-sin-animo-de-lucro\/\" \/>\n<meta property=\"og:locale\" content=\"es_ES\" \/>\n<meta property=\"og:type\" content=\"article\" \/>\n<meta property=\"og:title\" content=\"El IVA en las asociaciones sin \u00e1nimo de lucro (2026)\" \/>\n<meta property=\"og:description\" content=\"\u00bfTienes dudas sobre el funcionamiento del IVA en las asociaciones sin \u00e1nimo de lucro? Te contamos todo lo que tienes que saber. \u00a1Desc\u00fabrelo!\" \/>\n<meta property=\"og:url\" content=\"https:\/\/getquipu.com\/blog\/el-iva-en-las-asociaciones-sin-animo-de-lucro\/\" \/>\n<meta property=\"og:site_name\" content=\"Aut\u00f3nomos, empresas y asesor\u00edas\" \/>\n<meta property=\"article:published_time\" content=\"2022-12-27T16:04:14+00:00\" \/>\n<meta property=\"article:modified_time\" content=\"2024-11-13T15:29:19+00:00\" \/>\n<meta property=\"og:image\" content=\"https:\/\/getquipu.com\/wp-content\/uploads\/2022\/12\/27170333\/iva-en-las-asociaciones.png\" \/>\n\t<meta property=\"og:image:width\" content=\"768\" \/>\n\t<meta property=\"og:image:height\" content=\"295\" \/>\n\t<meta property=\"og:image:type\" content=\"image\/png\" \/>\n<meta name=\"author\" content=\"Roger Doba\u00f1o - CEO Quipu\" \/>\n<meta name=\"twitter:card\" content=\"summary_large_image\" \/>\n<meta name=\"twitter:creator\" content=\"@rogerdobano\" \/>\n<meta name=\"twitter:label1\" content=\"Escrito por\" \/>\n\t<meta name=\"twitter:data1\" content=\"Roger Doba\u00f1o - CEO Quipu\" \/>\n\t<meta name=\"twitter:label2\" content=\"Tiempo de lectura\" \/>\n\t<meta name=\"twitter:data2\" content=\"6 minutos\" \/>\n<script type=\"application\/ld+json\" class=\"yoast-schema-graph\">{\"@context\":\"https:\/\/schema.org\",\"@graph\":[{\"@type\":\"Article\",\"@id\":\"https:\/\/getquipu.com\/blog\/el-iva-en-las-asociaciones-sin-animo-de-lucro\/#article\",\"isPartOf\":{\"@id\":\"https:\/\/getquipu.com\/blog\/el-iva-en-las-asociaciones-sin-animo-de-lucro\/\"},\"author\":{\"name\":\"Roger Doba\u00f1o - CEO Quipu\",\"@id\":\"https:\/\/getquipu.com\/blog\/#\/schema\/person\/373ccc5d513d88aea29fc8135422fa2e\"},\"headline\":\"El IVA en las asociaciones sin \u00e1nimo de lucro\",\"datePublished\":\"2022-12-27T16:04:14+00:00\",\"dateModified\":\"2024-11-13T15:29:19+00:00\",\"mainEntityOfPage\":{\"@id\":\"https:\/\/getquipu.com\/blog\/el-iva-en-las-asociaciones-sin-animo-de-lucro\/\"},\"wordCount\":1177,\"publisher\":{\"@id\":\"https:\/\/getquipu.com\/blog\/#organization\"},\"image\":{\"@id\":\"https:\/\/getquipu.com\/blog\/el-iva-en-las-asociaciones-sin-animo-de-lucro\/#primaryimage\"},\"thumbnailUrl\":\"https:\/\/getquipu.com\/wp-content\/uploads\/2022\/12\/27170333\/iva-en-las-asociaciones.png\",\"articleSection\":[\"IVA\"],\"inLanguage\":\"es\"},{\"@type\":\"WebPage\",\"@id\":\"https:\/\/getquipu.com\/blog\/el-iva-en-las-asociaciones-sin-animo-de-lucro\/\",\"url\":\"https:\/\/getquipu.com\/blog\/el-iva-en-las-asociaciones-sin-animo-de-lucro\/\",\"name\":\"El IVA en las asociaciones sin \u00e1nimo de lucro (2026)\",\"isPartOf\":{\"@id\":\"https:\/\/getquipu.com\/blog\/#website\"},\"primaryImageOfPage\":{\"@id\":\"https:\/\/getquipu.com\/blog\/el-iva-en-las-asociaciones-sin-animo-de-lucro\/#primaryimage\"},\"image\":{\"@id\":\"https:\/\/getquipu.com\/blog\/el-iva-en-las-asociaciones-sin-animo-de-lucro\/#primaryimage\"},\"thumbnailUrl\":\"https:\/\/getquipu.com\/wp-content\/uploads\/2022\/12\/27170333\/iva-en-las-asociaciones.png\",\"datePublished\":\"2022-12-27T16:04:14+00:00\",\"dateModified\":\"2024-11-13T15:29:19+00:00\",\"description\":\"\u00bfTienes dudas sobre el funcionamiento del IVA en las asociaciones sin \u00e1nimo de lucro? Te contamos todo lo que tienes que saber. \u00a1Desc\u00fabrelo!\",\"breadcrumb\":{\"@id\":\"https:\/\/getquipu.com\/blog\/el-iva-en-las-asociaciones-sin-animo-de-lucro\/#breadcrumb\"},\"inLanguage\":\"es\",\"potentialAction\":[{\"@type\":\"ReadAction\",\"target\":[\"https:\/\/getquipu.com\/blog\/el-iva-en-las-asociaciones-sin-animo-de-lucro\/\"]}]},{\"@type\":\"ImageObject\",\"inLanguage\":\"es\",\"@id\":\"https:\/\/getquipu.com\/blog\/el-iva-en-las-asociaciones-sin-animo-de-lucro\/#primaryimage\",\"url\":\"https:\/\/getquipu.com\/wp-content\/uploads\/2022\/12\/27170333\/iva-en-las-asociaciones.png\",\"contentUrl\":\"https:\/\/getquipu.com\/wp-content\/uploads\/2022\/12\/27170333\/iva-en-las-asociaciones.png\",\"width\":768,\"height\":295,\"caption\":\"asociaci\u00f3n sin \u00e1nimo de lucro revisando el funcionamiento del IVA\"},{\"@type\":\"BreadcrumbList\",\"@id\":\"https:\/\/getquipu.com\/blog\/el-iva-en-las-asociaciones-sin-animo-de-lucro\/#breadcrumb\",\"itemListElement\":[{\"@type\":\"ListItem\",\"position\":1,\"name\":\"Blog\",\"item\":\"https:\/\/getquipu.com\/blog\/\"},{\"@type\":\"ListItem\",\"position\":2,\"name\":\"IVA\",\"item\":\"https:\/\/getquipu.com\/blog\/category\/iva\/\"},{\"@type\":\"ListItem\",\"position\":3,\"name\":\"El IVA en las asociaciones sin \u00e1nimo de lucro\"}]},{\"@type\":\"WebSite\",\"@id\":\"https:\/\/getquipu.com\/blog\/#website\",\"url\":\"https:\/\/getquipu.com\/blog\/\",\"name\":\"Aut\u00f3nomos, empresas y asesor\u00edas\",\"description\":\"Informaci\u00f3n \u00fatil sobre fiscalidad y eficiencia administrativa en negocios como el tuyo.\",\"publisher\":{\"@id\":\"https:\/\/getquipu.com\/blog\/#organization\"},\"potentialAction\":[{\"@type\":\"SearchAction\",\"target\":{\"@type\":\"EntryPoint\",\"urlTemplate\":\"https:\/\/getquipu.com\/blog\/?s={search_term_string}\"},\"query-input\":{\"@type\":\"PropertyValueSpecification\",\"valueRequired\":true,\"valueName\":\"search_term_string\"}}],\"inLanguage\":\"es\"},{\"@type\":\"Organization\",\"@id\":\"https:\/\/getquipu.com\/blog\/#organization\",\"name\":\"Quipu\",\"url\":\"https:\/\/getquipu.com\/blog\/\",\"logo\":{\"@type\":\"ImageObject\",\"inLanguage\":\"es\",\"@id\":\"https:\/\/getquipu.com\/blog\/#\/schema\/logo\/image\/\",\"url\":\"https:\/\/getquipu.com\/wp-content\/uploads\/2022\/06\/20105810\/logo-quipu.png\",\"contentUrl\":\"https:\/\/getquipu.com\/wp-content\/uploads\/2022\/06\/20105810\/logo-quipu.png\",\"width\":399,\"height\":399,\"caption\":\"Quipu\"},\"image\":{\"@id\":\"https:\/\/getquipu.com\/blog\/#\/schema\/logo\/image\/\"}},{\"@type\":\"Person\",\"@id\":\"https:\/\/getquipu.com\/blog\/#\/schema\/person\/373ccc5d513d88aea29fc8135422fa2e\",\"name\":\"Roger Doba\u00f1o - CEO Quipu\",\"image\":{\"@type\":\"ImageObject\",\"inLanguage\":\"es\",\"@id\":\"https:\/\/getquipu.com\/blog\/#\/schema\/person\/image\/\",\"url\":\"https:\/\/secure.gravatar.com\/avatar\/34af94bfd8e5677657b0a2d961dc4974?s=96&d=mm&r=g\",\"contentUrl\":\"https:\/\/secure.gravatar.com\/avatar\/34af94bfd8e5677657b0a2d961dc4974?s=96&d=mm&r=g\",\"caption\":\"Roger Doba\u00f1o - CEO Quipu\"},\"description\":\"Roger es CEO y Fundador de Quipu, un software en la nube que lleva +10 a\u00f1os ayudando a aut\u00f3nomos, pymes y asesor\u00edas a digitalizar su operativa precontable. A ra\u00edz de una mala experiencia como aut\u00f3nomo, Roger se propuso crear un programa que acompa\u00f1ara a los empresarios a lidiar con la administraci\u00f3n.\",\"sameAs\":[\"https:\/\/getquipu.com\",\"https:\/\/www.linkedin.com\/in\/rogerdobano\/\",\"https:\/\/x.com\/@rogerdobano\"],\"url\":\"https:\/\/getquipu.com\/blog\/author\/roger\/\"}]}<\/script>\n<!-- \/ Yoast SEO plugin. -->","yoast_head_json":{"title":"El IVA en las asociaciones sin \u00e1nimo de lucro (2026)","description":"\u00bfTienes dudas sobre el funcionamiento del IVA en las asociaciones sin \u00e1nimo de lucro? Te contamos todo lo que tienes que saber. \u00a1Desc\u00fabrelo!","robots":{"index":"index","follow":"follow","max-snippet":"max-snippet:-1","max-image-preview":"max-image-preview:large","max-video-preview":"max-video-preview:-1"},"canonical":"https:\/\/getquipu.com\/blog\/el-iva-en-las-asociaciones-sin-animo-de-lucro\/","og_locale":"es_ES","og_type":"article","og_title":"El IVA en las asociaciones sin \u00e1nimo de lucro (2026)","og_description":"\u00bfTienes dudas sobre el funcionamiento del IVA en las asociaciones sin \u00e1nimo de lucro? Te contamos todo lo que tienes que saber. \u00a1Desc\u00fabrelo!","og_url":"https:\/\/getquipu.com\/blog\/el-iva-en-las-asociaciones-sin-animo-de-lucro\/","og_site_name":"Aut\u00f3nomos, empresas y asesor\u00edas","article_published_time":"2022-12-27T16:04:14+00:00","article_modified_time":"2024-11-13T15:29:19+00:00","og_image":[{"width":768,"height":295,"url":"https:\/\/getquipu.com\/wp-content\/uploads\/2022\/12\/27170333\/iva-en-las-asociaciones.png","type":"image\/png"}],"author":"Roger Doba\u00f1o - CEO Quipu","twitter_card":"summary_large_image","twitter_creator":"@rogerdobano","twitter_misc":{"Escrito por":"Roger Doba\u00f1o - CEO Quipu","Tiempo de lectura":"6 minutos"},"schema":{"@context":"https:\/\/schema.org","@graph":[{"@type":"Article","@id":"https:\/\/getquipu.com\/blog\/el-iva-en-las-asociaciones-sin-animo-de-lucro\/#article","isPartOf":{"@id":"https:\/\/getquipu.com\/blog\/el-iva-en-las-asociaciones-sin-animo-de-lucro\/"},"author":{"name":"Roger Doba\u00f1o - CEO Quipu","@id":"https:\/\/getquipu.com\/blog\/#\/schema\/person\/373ccc5d513d88aea29fc8135422fa2e"},"headline":"El IVA en las asociaciones sin \u00e1nimo de lucro","datePublished":"2022-12-27T16:04:14+00:00","dateModified":"2024-11-13T15:29:19+00:00","mainEntityOfPage":{"@id":"https:\/\/getquipu.com\/blog\/el-iva-en-las-asociaciones-sin-animo-de-lucro\/"},"wordCount":1177,"publisher":{"@id":"https:\/\/getquipu.com\/blog\/#organization"},"image":{"@id":"https:\/\/getquipu.com\/blog\/el-iva-en-las-asociaciones-sin-animo-de-lucro\/#primaryimage"},"thumbnailUrl":"https:\/\/getquipu.com\/wp-content\/uploads\/2022\/12\/27170333\/iva-en-las-asociaciones.png","articleSection":["IVA"],"inLanguage":"es"},{"@type":"WebPage","@id":"https:\/\/getquipu.com\/blog\/el-iva-en-las-asociaciones-sin-animo-de-lucro\/","url":"https:\/\/getquipu.com\/blog\/el-iva-en-las-asociaciones-sin-animo-de-lucro\/","name":"El IVA en las asociaciones sin \u00e1nimo de lucro (2026)","isPartOf":{"@id":"https:\/\/getquipu.com\/blog\/#website"},"primaryImageOfPage":{"@id":"https:\/\/getquipu.com\/blog\/el-iva-en-las-asociaciones-sin-animo-de-lucro\/#primaryimage"},"image":{"@id":"https:\/\/getquipu.com\/blog\/el-iva-en-las-asociaciones-sin-animo-de-lucro\/#primaryimage"},"thumbnailUrl":"https:\/\/getquipu.com\/wp-content\/uploads\/2022\/12\/27170333\/iva-en-las-asociaciones.png","datePublished":"2022-12-27T16:04:14+00:00","dateModified":"2024-11-13T15:29:19+00:00","description":"\u00bfTienes dudas sobre el funcionamiento del IVA en las asociaciones sin \u00e1nimo de lucro? Te contamos todo lo que tienes que saber. \u00a1Desc\u00fabrelo!","breadcrumb":{"@id":"https:\/\/getquipu.com\/blog\/el-iva-en-las-asociaciones-sin-animo-de-lucro\/#breadcrumb"},"inLanguage":"es","potentialAction":[{"@type":"ReadAction","target":["https:\/\/getquipu.com\/blog\/el-iva-en-las-asociaciones-sin-animo-de-lucro\/"]}]},{"@type":"ImageObject","inLanguage":"es","@id":"https:\/\/getquipu.com\/blog\/el-iva-en-las-asociaciones-sin-animo-de-lucro\/#primaryimage","url":"https:\/\/getquipu.com\/wp-content\/uploads\/2022\/12\/27170333\/iva-en-las-asociaciones.png","contentUrl":"https:\/\/getquipu.com\/wp-content\/uploads\/2022\/12\/27170333\/iva-en-las-asociaciones.png","width":768,"height":295,"caption":"asociaci\u00f3n sin \u00e1nimo de lucro revisando el funcionamiento del IVA"},{"@type":"BreadcrumbList","@id":"https:\/\/getquipu.com\/blog\/el-iva-en-las-asociaciones-sin-animo-de-lucro\/#breadcrumb","itemListElement":[{"@type":"ListItem","position":1,"name":"Blog","item":"https:\/\/getquipu.com\/blog\/"},{"@type":"ListItem","position":2,"name":"IVA","item":"https:\/\/getquipu.com\/blog\/category\/iva\/"},{"@type":"ListItem","position":3,"name":"El IVA en las asociaciones sin \u00e1nimo de lucro"}]},{"@type":"WebSite","@id":"https:\/\/getquipu.com\/blog\/#website","url":"https:\/\/getquipu.com\/blog\/","name":"Aut\u00f3nomos, empresas y asesor\u00edas","description":"Informaci\u00f3n \u00fatil sobre fiscalidad y eficiencia administrativa en negocios como el tuyo.","publisher":{"@id":"https:\/\/getquipu.com\/blog\/#organization"},"potentialAction":[{"@type":"SearchAction","target":{"@type":"EntryPoint","urlTemplate":"https:\/\/getquipu.com\/blog\/?s={search_term_string}"},"query-input":{"@type":"PropertyValueSpecification","valueRequired":true,"valueName":"search_term_string"}}],"inLanguage":"es"},{"@type":"Organization","@id":"https:\/\/getquipu.com\/blog\/#organization","name":"Quipu","url":"https:\/\/getquipu.com\/blog\/","logo":{"@type":"ImageObject","inLanguage":"es","@id":"https:\/\/getquipu.com\/blog\/#\/schema\/logo\/image\/","url":"https:\/\/getquipu.com\/wp-content\/uploads\/2022\/06\/20105810\/logo-quipu.png","contentUrl":"https:\/\/getquipu.com\/wp-content\/uploads\/2022\/06\/20105810\/logo-quipu.png","width":399,"height":399,"caption":"Quipu"},"image":{"@id":"https:\/\/getquipu.com\/blog\/#\/schema\/logo\/image\/"}},{"@type":"Person","@id":"https:\/\/getquipu.com\/blog\/#\/schema\/person\/373ccc5d513d88aea29fc8135422fa2e","name":"Roger Doba\u00f1o - CEO Quipu","image":{"@type":"ImageObject","inLanguage":"es","@id":"https:\/\/getquipu.com\/blog\/#\/schema\/person\/image\/","url":"https:\/\/secure.gravatar.com\/avatar\/34af94bfd8e5677657b0a2d961dc4974?s=96&d=mm&r=g","contentUrl":"https:\/\/secure.gravatar.com\/avatar\/34af94bfd8e5677657b0a2d961dc4974?s=96&d=mm&r=g","caption":"Roger Doba\u00f1o - CEO Quipu"},"description":"Roger es CEO y Fundador de Quipu, un software en la nube que lleva +10 a\u00f1os ayudando a aut\u00f3nomos, pymes y asesor\u00edas a digitalizar su operativa precontable. A ra\u00edz de una mala experiencia como aut\u00f3nomo, Roger se propuso crear un programa que acompa\u00f1ara a los empresarios a lidiar con la administraci\u00f3n.","sameAs":["https:\/\/getquipu.com","https:\/\/www.linkedin.com\/in\/rogerdobano\/","https:\/\/x.com\/@rogerdobano"],"url":"https:\/\/getquipu.com\/blog\/author\/roger\/"}]}},"_links":{"self":[{"href":"https:\/\/getquipu.com\/blog\/wp-json\/wp\/v2\/posts\/34081","targetHints":{"allow":["GET"]}}],"collection":[{"href":"https:\/\/getquipu.com\/blog\/wp-json\/wp\/v2\/posts"}],"about":[{"href":"https:\/\/getquipu.com\/blog\/wp-json\/wp\/v2\/types\/post"}],"author":[{"embeddable":true,"href":"https:\/\/getquipu.com\/blog\/wp-json\/wp\/v2\/users\/3"}],"replies":[{"embeddable":true,"href":"https:\/\/getquipu.com\/blog\/wp-json\/wp\/v2\/comments?post=34081"}],"version-history":[{"count":3,"href":"https:\/\/getquipu.com\/blog\/wp-json\/wp\/v2\/posts\/34081\/revisions"}],"predecessor-version":[{"id":49923,"href":"https:\/\/getquipu.com\/blog\/wp-json\/wp\/v2\/posts\/34081\/revisions\/49923"}],"wp:featuredmedia":[{"embeddable":true,"href":"https:\/\/getquipu.com\/blog\/wp-json\/wp\/v2\/media\/34090"}],"wp:attachment":[{"href":"https:\/\/getquipu.com\/blog\/wp-json\/wp\/v2\/media?parent=34081"}],"wp:term":[{"taxonomy":"category","embeddable":true,"href":"https:\/\/getquipu.com\/blog\/wp-json\/wp\/v2\/categories?post=34081"},{"taxonomy":"post_tag","embeddable":true,"href":"https:\/\/getquipu.com\/blog\/wp-json\/wp\/v2\/tags?post=34081"}],"curies":[{"name":"wp","href":"https:\/\/api.w.org\/{rel}","templated":true}]}}