{"id":33430,"date":"2022-12-13T16:54:33","date_gmt":"2022-12-13T15:54:33","guid":{"rendered":"https:\/\/getquipu.com\/blog\/?p=33430"},"modified":"2024-11-13T16:48:31","modified_gmt":"2024-11-13T15:48:31","slug":"el-iva-en-las-exportaciones","status":"publish","type":"post","link":"https:\/\/getquipu.com\/blog\/el-iva-en-las-exportaciones\/","title":{"rendered":"El funcionamiento del IVA en las exportaciones"},"content":{"rendered":"\n<p>Muchos empresarios y profesionales aut\u00f3nomos deciden llevar su negocio m\u00e1s all\u00e1 de sus fronteras y dar el paso a vender en otros pa\u00edses. Adem\u00e1s de un minucioso estudio de mercado y una estrategia de expansi\u00f3n, aquellos que decidan vender fuera de su pa\u00eds deber\u00e1n <strong>conocer todos los detalles sobre c\u00f3mo funciona el IVA en la exportaci\u00f3n<\/strong>, un aspecto clave para la contabilidad de los negocios con proyecci\u00f3n internacional.<\/p>\n\n\n\n<p>\u00bfCrees que ya sabes todo sobre el IVA en las exportaciones? Entonces quiz\u00e1 te sorprendamos en este post. Sigue leyendo y te contamos todo lo que necesitas saber sobre el IVA en las exportaciones.<\/p>\n\n\n\n<p><strong>En este articulo aprender\u00e1s:<\/strong><\/p>\n\n\n\n<ul class=\"wp-block-list\"><li><a href=\"#que-se-considera\">\u00bfQu\u00e9 se considera una exportaci\u00f3n en materia de IVA?<\/a><\/li><li><a href=\"#ley\">\u00bfQu\u00e9 Ley recoge el tratamiento del IVA en las exportaciones?<\/a><\/li><li><a href=\"#iva-exportaciones-ue\">El IVA en las exportaciones a pa\u00edses de la UE<\/a><\/li><li><a href=\"#iva-exportaciones-fuera-ue\">El IVA en las exportaciones a pa\u00edses fuera de la UE<\/a><\/li><li><a href=\"#iva-soportado-exportaciones\">\u00bfY qu\u00e9 pasa con el IVA soportado de las exportaciones fuera de la UE?<\/a><\/li><li><a href=\"#canarias-ceuta-melilla-exportacion\">\u00bfVender a Canarias, Ceuta y Melilla tambi\u00e9n se considera exportaci\u00f3n?<\/a><\/li><li><a href=\"#ejemplos\">Ejemplos del tratamiento del IVA en exportaciones<\/a><\/li><\/ul>\n\n\n\n<h2 class=\"wp-block-heading\" id=\"que-se-considera\">\u00bfQu\u00e9 se considera una exportaci\u00f3n en materia de IVA?<\/h2>\n\n\n\n<p>Si hablamos del IVA en la exportaci\u00f3n primero hay que tener claro qu\u00e9 tipo de operaciones se consideran exportaci\u00f3n y cu\u00e1les no, pues el tratamiento del IVA cambiar\u00e1 seg\u00fan esta consideraci\u00f3n.<\/p>\n\n\n\n<p>Por norma general, <strong>se considera una exportaci\u00f3n al tr\u00e1fico leg\u00edtimo de productos y servicios desde un pa\u00eds hacia otro<\/strong>. Sin embargo, no todas las ventas entre distintos pa\u00edses se consideran exportaciones, esto es as\u00ed porque algunos territorios cuentan con una econom\u00eda com\u00fan, como es el caso de la Uni\u00f3n Europea (UE), donde el IVA en las exportaciones es otro cantar. Para hablar de una exportaci\u00f3n con todas las letras en materia de IVA, tendr\u00e1 que ser una operaci\u00f3n donde un producto o servicio sale fuera de la UE o a un pa\u00eds que no dispone de IVA, aunque s\u00ed que sea un Estado Miembro de la Uni\u00f3n Europea.<\/p>\n\n\n\n<h2 class=\"wp-block-heading\" id=\"ley\">\u00bfQu\u00e9 Ley recoge el tratamiento del IVA en las exportaciones?<\/h2>\n\n\n\n<p>Existen muchos aspectos legales en relaci\u00f3n al IVA en las exportaciones y en Espa\u00f1a todos ellos quedan recogidos en <a href=\"https:\/\/www.boe.es\/eli\/es\/l\/1992\/12\/28\/37\/con\" target=\"_blank\" rel=\"noreferrer noopener\">la Ley 37\/1992, de 28 de Diciembre<\/a>, del Impuesto sobre el Valor A\u00f1adido, tambi\u00e9n conocida como \u201cLey del IVA\u201d. Este texto legislativo regula todo lo relacionado con el IVA en Espa\u00f1a, as\u00ed como el tratamiento del IVA en la exportaci\u00f3n.<\/p>\n\n\n\n<p>Los aspectos relacionados con la gesti\u00f3n del IVA en la UE forman parte de un marco com\u00fan que queda establecido en la Directiva Europea 2006\/112\/CE del Consejo, relativa al sistema com\u00fan del impuesto sobre el valor a\u00f1adido. Esta directiva se integra en las legislaciones de cada pa\u00eds de la UE y garantiza el buen funcionamiento del IVA a nivel intracomunitario.<\/p>\n\n\n\n<p class=\"has-background\" style=\"background-color:#e7f5ff\">\ud83d\udd17 <strong>Ampliar informaci\u00f3n:<\/strong> Si quieres saber m\u00e1s sobre <a href=\"https:\/\/getquipu.com\/blog\/el-iva-en-la-operaciones-triangulares\/\">c\u00f3mo funciona el IVA en las operaciones triangulares<\/a> te recomendamos que leas nuestro art\u00edculo espec\u00edfico.<\/p>\n\n\n\n<h2 class=\"wp-block-heading\" id=\"iva-exportaciones-ue\">El IVA en las exportaciones a pa\u00edses de la UE<\/h2>\n\n\n\n<p>Aunque generalmente se considera exportaci\u00f3n a la venta de productos o servicios a otro pa\u00eds, en el caso de las operaciones que se realizan dentro de la UE <strong>no van a ser consideradas t\u00e9cnicamente como una exportaci\u00f3n<\/strong>. Esto es as\u00ed porque la UE ha eliminado las \u201cfronteras fiscales\u201d entre sus Estados Miembros, lo que permite mayor flexibilidad del IVA en la exportaci\u00f3n de productos y servicios y da lugar a un nombre m\u00e1s adecuado para estas actividades: operaciones intracomunitarias.<\/p>\n\n\n\n<p>Por norma general,<strong> las operaciones intracomunitarias (entre pa\u00edses de la UE) est\u00e1n exentas de IVA<\/strong>, de forma que si un empresario espa\u00f1ol quiere vender productos a otra empresa situada en un pa\u00eds de la UE, este podr\u00e1 hacerlo sin aplicar el IVA en su factura. Sin embargo, para hacer estas operaciones exentas de IVA hay que cumplir unos requisitos.<\/p>\n\n\n\n<ul class=\"wp-block-list\"><li>En primer lugar, es necesario<strong> inscribirse en el Registro de Operadores Intracomunitarios (ROI)<\/strong>. Para disfrutar de la exenci\u00f3n del IVA en las exportaciones dentro de la UE todas las partes de la operaci\u00f3n deben estar inscritas en este registro.&nbsp;<\/li><\/ul>\n\n\n\n<ul class=\"wp-block-list\"><li>Si ya estamos inscritos en el ROI entonces podemos <strong>obtener un n\u00famero de IVA intracomunitario<\/strong>, lo que nos permitir\u00e1 hacer operaciones intracomunitarias exentas de IVA. Si quieres saber c\u00f3mo obtener este n\u00famero no te pierdas nuestro art\u00edculo sobre <a href=\"https:\/\/getquipu.com\/blog\/numero-de-iva\/\">qu\u00e9 es el n\u00famero de IVA y c\u00f3mo conseguirlo<\/a>.&nbsp;<\/li><\/ul>\n\n\n\n<p class=\"has-background\" style=\"background-color:#e7f5ff\">\ud83d\udd17 <strong>Ampliar informaci\u00f3n: <\/strong>Si quieres saber m\u00e1s sobre <a href=\"https:\/\/getquipu.com\/blog\/numero-de-iva\/\">qu\u00e9 es el n\u00famero de IVA y c\u00f3mo conseguirlo<\/a> te recomendamos que leas nuestro art\u00edculo espec\u00edfico.<\/p>\n\n\n\n<p>Una vez que ya estamos dentro del ROI y tenemos un n\u00famero de IVA para nuestras operaciones de compra-venta dentro de la UE, debemos informar de estas operaciones a Hacienda a trav\u00e9s del modelo 349 de operaciones intracomunitarias.<\/p>\n\n\n\n<h2 class=\"wp-block-heading\" id=\"iva-exportaciones-fuera-ue\">El IVA en las exportaciones a pa\u00edses fuera de la UE<\/h2>\n\n\n\n<p>En las exportaciones a pa\u00edses fuera de la UE, tambi\u00e9n conocidas como operaciones extracomunitarias, no hay que incluir el IVA en las facturas de ventas. Esto es as\u00ed porque las operaciones con pa\u00edses de fuera de la UE se consideran exportaciones y, seg\u00fan la Ley, <strong>la exportaci\u00f3n de servicios y mercanc\u00edas est\u00e1 exenta de IVA<\/strong>, una exenci\u00f3n que se aplica en las ventas a otras empresas as\u00ed como a particulares.<\/p>\n\n\n\n<p>No obstante, los profesionales y empresarios que hagan este tratamiento del IVA en la exportaci\u00f3n tendr\u00e1n que informar de estas operaciones extracomunitarias a Hacienda a trav\u00e9s del <a href=\"https:\/\/getquipu.com\/blog\/modelo-303-de-iva\/\">modelo 303<\/a>. <\/p>\n\n\n\n<h2 class=\"wp-block-heading\" id=\"iva-soportado-exportaciones\">\u00bfY qu\u00e9 pasa con el IVA soportado de las exportaciones fuera de la UE?<\/h2>\n\n\n\n<p>Adem\u00e1s de no incluir el IVA en las facturas, existen otras ventajas relativas al IVA en las exportaciones para aquellos que hagan operaciones extracomunitarias. Aquellos profesionales y empresarios que cumplan unos requisitos <strong>podr\u00e1n disfrutar tambi\u00e9n de la conocida como exenci\u00f3n plena del IVA<\/strong>, lo que quiere decir que no s\u00f3lo no se aplicar\u00e1 el IVA en la factura de venta, sino que adem\u00e1s s\u00ed que se podr\u00e1 deducir el IVA de las adquisiciones relacionadas con esa exportaci\u00f3n. De esta forma, no se aplica el IVA en la factura de venta pero s\u00ed se puede recuperar el dinero por las compras necesarias para esa exportaci\u00f3n, lo que es una clara ventaja para el negocio.<\/p>\n\n\n\n<p>Los requisitos para hacer exportaciones a pa\u00edses fuera de la UE con exenci\u00f3n plena de IVA son los siguientes:<\/p>\n\n\n\n<ul class=\"wp-block-list\"><li>Debe tratarse de una <strong>operaci\u00f3n de venta acreditada ante la Agencia Tributaria<\/strong> correspondiente.&nbsp;<\/li><\/ul>\n\n\n\n<ul class=\"wp-block-list\"><li>Si la operaci\u00f3n es una venta de mercanc\u00edas, \u00e9stas tendr\u00e1n un <strong>plazo de 30 d\u00edas como m\u00e1ximo para salir del territorio comunitario<\/strong> (Uni\u00f3n Europea).<\/li><\/ul>\n\n\n\n<ul class=\"wp-block-list\"><li>Adem\u00e1s, los profesionales y empresas que realicen operaciones que impliquen gesti\u00f3n de transacciones en aduanas necesitar\u00e1n tambi\u00e9n <a href=\"https:\/\/getquipu.com\/blog\/numero-eori\/\"><strong>obtener el n\u00famero EORI<\/strong><\/a>, clave para importaciones y exportaciones.&nbsp;<\/li><\/ul>\n\n\n<div class=\"gb-container gb-container-b2fecea6 new-banner\">\n<div class=\"gb-grid-wrapper gb-grid-wrapper-0fc70046\">\n<div class=\"gb-grid-column gb-grid-column-6f7203a6\"><div class=\"gb-container gb-container-6f7203a6 text-div\">\n\n<p class=\"title-banner has-text-color\" style=\"color:#003829;font-size:19px\">\u00bfSabes cu\u00e1nto IVA tendr\u00e1s que pagar a final de trimestre?<\/p>\n\n\n\n<p class=\"text-banner\">Con Quipu tendr\u00e1s una previsi\u00f3n en tiempo real sobre los impuestos que tendr\u00e1s que pagar. <\/p>\n\n\n\n<p class=\"btn-p-banner\"><a href=\"https:\/\/getquipu.com\/es\/programa-facturacion\" data-type=\"URL\" data-id=\"https:\/\/getquipu.com\/es\/programa-facturacion\">Ver m\u00e1s<\/a><\/p>\n\n<\/div><\/div>\n\n<div class=\"gb-grid-column gb-grid-column-c144d8bb\"><div class=\"gb-container gb-container-c144d8bb img-banner\">\n\n<figure class=\"wp-block-image size-full\"><img decoding=\"async\" width=\"1024\" height=\"573\" src=\"https:\/\/getquipu.com\/wp-content\/uploads\/2023\/05\/22102032\/Group-3296-1-1.png\" alt=\"\" class=\"wp-image-38796\" srcset=\"https:\/\/getquipu.com\/wp-content\/uploads\/2023\/05\/22102032\/Group-3296-1-1.png 1024w, https:\/\/getquipu.com\/wp-content\/uploads\/2023\/05\/22102032\/Group-3296-1-1-300x168.png 300w, https:\/\/getquipu.com\/wp-content\/uploads\/2023\/05\/22102032\/Group-3296-1-1-768x430.png 768w\" sizes=\"(max-width: 1024px) 100vw, 1024px\" \/><\/figure>\n\n<\/div><\/div>\n<\/div>\n<\/div>\n\n\n<h2 class=\"wp-block-heading\" id=\"canarias-ceuta-melilla-exportacion\">\u00bfVender a Canarias, Ceuta y Melilla tambi\u00e9n se considera exportaci\u00f3n?<\/h2>\n\n\n\n<p>Efectivamente. La venta de productos y servicios a estos territorios <strong>se considera una exportaci\u00f3n<\/strong>, pues se trata de localizaciones con una gesti\u00f3n distinta del impuesto. De esta forma, como se trata de una exportaci\u00f3n, las operaciones de venta de productos y servicios destinados a estos territorios estar\u00e1n exentas de IVA y, por tanto, no tenemos que incluirlo en la factura. En resumen: Canarias, Ceuta y Melilla tendr\u00e1n el mismo tratamiento que cualquier otro pa\u00eds en lo que se refiere al IVA en la exportaci\u00f3n.<\/p>\n\n\n\n<p class=\"has-background\" style=\"background-color:#e7f5ff\">\ud83d\udd17 <strong>Ampliar informaci\u00f3n:<\/strong> Si quieres saber m\u00e1s sobre <a href=\"https:\/\/getquipu.com\/blog\/iva-en-las-importaciones\/\">c\u00f3mo funciona el IVA en las importaciones<\/a> te recomendamos que leas nuestro art\u00edculo espec\u00edfico.<\/p>\n\n\n\n<h2 class=\"wp-block-heading\" id=\"ejemplos\">Ejemplos del tratamiento del IVA en exportaciones<\/h2>\n\n\n\n<p>Llegamos al final de este art\u00edculo sobre c\u00f3mo funciona el IVA en las exportaciones y qu\u00e9 mejor que utilizar <strong>unos ejemplos para poner en contexto todo lo que hemos visto<\/strong>. Lo haremos atendiendo a los distintos tratamientos del IVA en exportaci\u00f3n que hemos visto, aquellos relativos a operaciones intracomunitarias y los de operaciones extracomunitarias.<\/p>\n\n\n\n<p>Supongamos que somos una empresa espa\u00f1ola que vende productos de artes gr\u00e1ficas para empresas y logramos expandir nuestro negocio en Francia. Si queremos vender nuestras artes gr\u00e1ficas a una empresa francesa, <strong>entonces estaremos ante una operaci\u00f3n intracomunitaria<\/strong>. Si queremos que esta operaci\u00f3n est\u00e9 exenta de IVA (lo que supone una ventaja econ\u00f3mica) solo podremos hacerlo si tanto nosotros (proveedores) como nuestro cliente franc\u00e9s estamos inscritos en el ROI y contamos con nuestro n\u00famero de IVA, esencial para identificarnos como operadores intracomunitarios y disfrutar de la exenci\u00f3n del IVA en la factura.<\/p>\n\n\n\n<p>Ahora pongamos otro ejemplo y supongamos que queremos expandir nuestro negocio de artes gr\u00e1ficas m\u00e1s all\u00e1 de las fronteras europeas y queremos vender tambi\u00e9n en pa\u00edses africanos. Si, por ejemplo, queremos vender una serie de r\u00f3tulos gr\u00e1ficos a Argelia, el tratamiento del IVA en las exportaciones ser\u00e1 ligeramente distinto. En este caso, <strong>la operaci\u00f3n tambi\u00e9n estar\u00e1 exenta de IVA porque se trata de una exportaci\u00f3n<\/strong>, por lo tanto no tendremos que incluir el IVA en la factura. Pero esa no es la \u00fanica ventaja, ya que al ser una operaci\u00f3n extracomunitaria nuestro negocio de artes gr\u00e1ficas podr\u00e1 beneficiarse de la conocida como exenci\u00f3n plena del IVA, con la que, adem\u00e1s de no incluir el IVA en la factura, podremos deducirnos el IVA de las compras relacionadas con esa exportaci\u00f3n (por ejemplo, el pago del transporte de la mercanc\u00eda). No obstante, esto solo podemos hacerlo si cumplimos con los requisitos de estas operaciones, como que la operaci\u00f3n est\u00e9 acreditada por la Agencia Tributaria correspondiente, disponer de un n\u00famero EORI y que la mercanc\u00eda salga del territorio comunitario en un plazo m\u00e1ximo de 30 d\u00edas.<\/p>\n","protected":false},"excerpt":{"rendered":"<p>Muchos empresarios y profesionales aut\u00f3nomos deciden llevar su negocio m\u00e1s all\u00e1 de sus fronteras y dar el paso a vender en otros pa\u00edses. Adem\u00e1s de un minucioso estudio de mercado<\/p>\n","protected":false},"author":3,"featured_media":33432,"comment_status":"closed","ping_status":"closed","sticky":false,"template":"","format":"standard","meta":{"footnotes":""},"categories":[466],"tags":[],"class_list":["post-33430","post","type-post","status-publish","format-standard","has-post-thumbnail","hentry","category-iva","generate-columns","tablet-grid-50","mobile-grid-100","grid-parent","grid-50","resize-featured-image"],"yoast_head":"<!-- This site is optimized with the Yoast SEO plugin v23.9 - https:\/\/yoast.com\/wordpress\/plugins\/seo\/ -->\n<title>El funcionamiento del IVA en las exportaciones (2026)<\/title>\n<meta name=\"description\" content=\"\u00bfTienes dudas sobre el funcionamiento del IVA en las exportaciones? Te contamos todo lo que tienes que saber sobre ello. \u00a1Entra y desc\u00fabrelo!\" \/>\n<meta name=\"robots\" content=\"index, follow, max-snippet:-1, max-image-preview:large, max-video-preview:-1\" \/>\n<link rel=\"canonical\" href=\"https:\/\/getquipu.com\/blog\/el-iva-en-las-exportaciones\/\" \/>\n<meta property=\"og:locale\" content=\"es_ES\" \/>\n<meta property=\"og:type\" content=\"article\" \/>\n<meta property=\"og:title\" content=\"El funcionamiento del IVA en las exportaciones (2026)\" \/>\n<meta property=\"og:description\" content=\"\u00bfTienes dudas sobre el funcionamiento del IVA en las exportaciones? Te contamos todo lo que tienes que saber sobre ello. \u00a1Entra y desc\u00fabrelo!\" \/>\n<meta property=\"og:url\" content=\"https:\/\/getquipu.com\/blog\/el-iva-en-las-exportaciones\/\" \/>\n<meta property=\"og:site_name\" content=\"Aut\u00f3nomos, empresas y asesor\u00edas\" \/>\n<meta property=\"article:published_time\" content=\"2022-12-13T15:54:33+00:00\" \/>\n<meta property=\"article:modified_time\" content=\"2024-11-13T15:48:31+00:00\" \/>\n<meta property=\"og:image\" content=\"https:\/\/getquipu.com\/wp-content\/uploads\/2022\/12\/13162625\/el-iva-en-las-exportaciones.png\" \/>\n\t<meta property=\"og:image:width\" content=\"768\" \/>\n\t<meta property=\"og:image:height\" content=\"295\" \/>\n\t<meta property=\"og:image:type\" content=\"image\/png\" \/>\n<meta name=\"author\" content=\"Roger Doba\u00f1o - CEO Quipu\" \/>\n<meta name=\"twitter:card\" content=\"summary_large_image\" \/>\n<meta name=\"twitter:creator\" content=\"@rogerdobano\" \/>\n<meta name=\"twitter:label1\" content=\"Escrito por\" \/>\n\t<meta name=\"twitter:data1\" content=\"Roger Doba\u00f1o - CEO Quipu\" \/>\n\t<meta name=\"twitter:label2\" content=\"Tiempo de lectura\" \/>\n\t<meta name=\"twitter:data2\" content=\"15 minutos\" \/>\n<script type=\"application\/ld+json\" class=\"yoast-schema-graph\">{\"@context\":\"https:\/\/schema.org\",\"@graph\":[{\"@type\":\"Article\",\"@id\":\"https:\/\/getquipu.com\/blog\/el-iva-en-las-exportaciones\/#article\",\"isPartOf\":{\"@id\":\"https:\/\/getquipu.com\/blog\/el-iva-en-las-exportaciones\/\"},\"author\":{\"name\":\"Roger Doba\u00f1o - CEO Quipu\",\"@id\":\"https:\/\/getquipu.com\/blog\/#\/schema\/person\/373ccc5d513d88aea29fc8135422fa2e\"},\"headline\":\"El funcionamiento del IVA en las exportaciones\",\"datePublished\":\"2022-12-13T15:54:33+00:00\",\"dateModified\":\"2024-11-13T15:48:31+00:00\",\"mainEntityOfPage\":{\"@id\":\"https:\/\/getquipu.com\/blog\/el-iva-en-las-exportaciones\/\"},\"wordCount\":1701,\"publisher\":{\"@id\":\"https:\/\/getquipu.com\/blog\/#organization\"},\"image\":{\"@id\":\"https:\/\/getquipu.com\/blog\/el-iva-en-las-exportaciones\/#primaryimage\"},\"thumbnailUrl\":\"https:\/\/getquipu.com\/wp-content\/uploads\/2022\/12\/13162625\/el-iva-en-las-exportaciones.png\",\"articleSection\":[\"IVA\"],\"inLanguage\":\"es\"},{\"@type\":\"WebPage\",\"@id\":\"https:\/\/getquipu.com\/blog\/el-iva-en-las-exportaciones\/\",\"url\":\"https:\/\/getquipu.com\/blog\/el-iva-en-las-exportaciones\/\",\"name\":\"El funcionamiento del IVA en las exportaciones (2026)\",\"isPartOf\":{\"@id\":\"https:\/\/getquipu.com\/blog\/#website\"},\"primaryImageOfPage\":{\"@id\":\"https:\/\/getquipu.com\/blog\/el-iva-en-las-exportaciones\/#primaryimage\"},\"image\":{\"@id\":\"https:\/\/getquipu.com\/blog\/el-iva-en-las-exportaciones\/#primaryimage\"},\"thumbnailUrl\":\"https:\/\/getquipu.com\/wp-content\/uploads\/2022\/12\/13162625\/el-iva-en-las-exportaciones.png\",\"datePublished\":\"2022-12-13T15:54:33+00:00\",\"dateModified\":\"2024-11-13T15:48:31+00:00\",\"description\":\"\u00bfTienes dudas sobre el funcionamiento del IVA en las exportaciones? Te contamos todo lo que tienes que saber sobre ello. \u00a1Entra y desc\u00fabrelo!\",\"breadcrumb\":{\"@id\":\"https:\/\/getquipu.com\/blog\/el-iva-en-las-exportaciones\/#breadcrumb\"},\"inLanguage\":\"es\",\"potentialAction\":[{\"@type\":\"ReadAction\",\"target\":[\"https:\/\/getquipu.com\/blog\/el-iva-en-las-exportaciones\/\"]}]},{\"@type\":\"ImageObject\",\"inLanguage\":\"es\",\"@id\":\"https:\/\/getquipu.com\/blog\/el-iva-en-las-exportaciones\/#primaryimage\",\"url\":\"https:\/\/getquipu.com\/wp-content\/uploads\/2022\/12\/13162625\/el-iva-en-las-exportaciones.png\",\"contentUrl\":\"https:\/\/getquipu.com\/wp-content\/uploads\/2022\/12\/13162625\/el-iva-en-las-exportaciones.png\",\"width\":768,\"height\":295,\"caption\":\"el iva en las exportaciones\"},{\"@type\":\"BreadcrumbList\",\"@id\":\"https:\/\/getquipu.com\/blog\/el-iva-en-las-exportaciones\/#breadcrumb\",\"itemListElement\":[{\"@type\":\"ListItem\",\"position\":1,\"name\":\"Blog\",\"item\":\"https:\/\/getquipu.com\/blog\/\"},{\"@type\":\"ListItem\",\"position\":2,\"name\":\"IVA\",\"item\":\"https:\/\/getquipu.com\/blog\/category\/iva\/\"},{\"@type\":\"ListItem\",\"position\":3,\"name\":\"El funcionamiento del IVA en las exportaciones\"}]},{\"@type\":\"WebSite\",\"@id\":\"https:\/\/getquipu.com\/blog\/#website\",\"url\":\"https:\/\/getquipu.com\/blog\/\",\"name\":\"Aut\u00f3nomos, empresas y asesor\u00edas\",\"description\":\"Informaci\u00f3n \u00fatil sobre fiscalidad y eficiencia administrativa en negocios como el tuyo.\",\"publisher\":{\"@id\":\"https:\/\/getquipu.com\/blog\/#organization\"},\"potentialAction\":[{\"@type\":\"SearchAction\",\"target\":{\"@type\":\"EntryPoint\",\"urlTemplate\":\"https:\/\/getquipu.com\/blog\/?s={search_term_string}\"},\"query-input\":{\"@type\":\"PropertyValueSpecification\",\"valueRequired\":true,\"valueName\":\"search_term_string\"}}],\"inLanguage\":\"es\"},{\"@type\":\"Organization\",\"@id\":\"https:\/\/getquipu.com\/blog\/#organization\",\"name\":\"Quipu\",\"url\":\"https:\/\/getquipu.com\/blog\/\",\"logo\":{\"@type\":\"ImageObject\",\"inLanguage\":\"es\",\"@id\":\"https:\/\/getquipu.com\/blog\/#\/schema\/logo\/image\/\",\"url\":\"https:\/\/getquipu.com\/wp-content\/uploads\/2022\/06\/20105810\/logo-quipu.png\",\"contentUrl\":\"https:\/\/getquipu.com\/wp-content\/uploads\/2022\/06\/20105810\/logo-quipu.png\",\"width\":399,\"height\":399,\"caption\":\"Quipu\"},\"image\":{\"@id\":\"https:\/\/getquipu.com\/blog\/#\/schema\/logo\/image\/\"}},{\"@type\":\"Person\",\"@id\":\"https:\/\/getquipu.com\/blog\/#\/schema\/person\/373ccc5d513d88aea29fc8135422fa2e\",\"name\":\"Roger Doba\u00f1o - CEO Quipu\",\"image\":{\"@type\":\"ImageObject\",\"inLanguage\":\"es\",\"@id\":\"https:\/\/getquipu.com\/blog\/#\/schema\/person\/image\/\",\"url\":\"https:\/\/secure.gravatar.com\/avatar\/34af94bfd8e5677657b0a2d961dc4974?s=96&d=mm&r=g\",\"contentUrl\":\"https:\/\/secure.gravatar.com\/avatar\/34af94bfd8e5677657b0a2d961dc4974?s=96&d=mm&r=g\",\"caption\":\"Roger Doba\u00f1o - CEO Quipu\"},\"description\":\"Roger es CEO y Fundador de Quipu, un software en la nube que lleva +10 a\u00f1os ayudando a aut\u00f3nomos, pymes y asesor\u00edas a digitalizar su operativa precontable. A ra\u00edz de una mala experiencia como aut\u00f3nomo, Roger se propuso crear un programa que acompa\u00f1ara a los empresarios a lidiar con la administraci\u00f3n.\",\"sameAs\":[\"https:\/\/getquipu.com\",\"https:\/\/www.linkedin.com\/in\/rogerdobano\/\",\"https:\/\/x.com\/@rogerdobano\"],\"url\":\"https:\/\/getquipu.com\/blog\/author\/roger\/\"}]}<\/script>\n<!-- \/ Yoast SEO plugin. -->","yoast_head_json":{"title":"El funcionamiento del IVA en las exportaciones (2026)","description":"\u00bfTienes dudas sobre el funcionamiento del IVA en las exportaciones? Te contamos todo lo que tienes que saber sobre ello. \u00a1Entra y desc\u00fabrelo!","robots":{"index":"index","follow":"follow","max-snippet":"max-snippet:-1","max-image-preview":"max-image-preview:large","max-video-preview":"max-video-preview:-1"},"canonical":"https:\/\/getquipu.com\/blog\/el-iva-en-las-exportaciones\/","og_locale":"es_ES","og_type":"article","og_title":"El funcionamiento del IVA en las exportaciones (2026)","og_description":"\u00bfTienes dudas sobre el funcionamiento del IVA en las exportaciones? Te contamos todo lo que tienes que saber sobre ello. \u00a1Entra y desc\u00fabrelo!","og_url":"https:\/\/getquipu.com\/blog\/el-iva-en-las-exportaciones\/","og_site_name":"Aut\u00f3nomos, empresas y asesor\u00edas","article_published_time":"2022-12-13T15:54:33+00:00","article_modified_time":"2024-11-13T15:48:31+00:00","og_image":[{"width":768,"height":295,"url":"https:\/\/getquipu.com\/wp-content\/uploads\/2022\/12\/13162625\/el-iva-en-las-exportaciones.png","type":"image\/png"}],"author":"Roger Doba\u00f1o - CEO Quipu","twitter_card":"summary_large_image","twitter_creator":"@rogerdobano","twitter_misc":{"Escrito por":"Roger Doba\u00f1o - CEO Quipu","Tiempo de lectura":"15 minutos"},"schema":{"@context":"https:\/\/schema.org","@graph":[{"@type":"Article","@id":"https:\/\/getquipu.com\/blog\/el-iva-en-las-exportaciones\/#article","isPartOf":{"@id":"https:\/\/getquipu.com\/blog\/el-iva-en-las-exportaciones\/"},"author":{"name":"Roger Doba\u00f1o - CEO Quipu","@id":"https:\/\/getquipu.com\/blog\/#\/schema\/person\/373ccc5d513d88aea29fc8135422fa2e"},"headline":"El funcionamiento del IVA en las exportaciones","datePublished":"2022-12-13T15:54:33+00:00","dateModified":"2024-11-13T15:48:31+00:00","mainEntityOfPage":{"@id":"https:\/\/getquipu.com\/blog\/el-iva-en-las-exportaciones\/"},"wordCount":1701,"publisher":{"@id":"https:\/\/getquipu.com\/blog\/#organization"},"image":{"@id":"https:\/\/getquipu.com\/blog\/el-iva-en-las-exportaciones\/#primaryimage"},"thumbnailUrl":"https:\/\/getquipu.com\/wp-content\/uploads\/2022\/12\/13162625\/el-iva-en-las-exportaciones.png","articleSection":["IVA"],"inLanguage":"es"},{"@type":"WebPage","@id":"https:\/\/getquipu.com\/blog\/el-iva-en-las-exportaciones\/","url":"https:\/\/getquipu.com\/blog\/el-iva-en-las-exportaciones\/","name":"El funcionamiento del IVA en las exportaciones (2026)","isPartOf":{"@id":"https:\/\/getquipu.com\/blog\/#website"},"primaryImageOfPage":{"@id":"https:\/\/getquipu.com\/blog\/el-iva-en-las-exportaciones\/#primaryimage"},"image":{"@id":"https:\/\/getquipu.com\/blog\/el-iva-en-las-exportaciones\/#primaryimage"},"thumbnailUrl":"https:\/\/getquipu.com\/wp-content\/uploads\/2022\/12\/13162625\/el-iva-en-las-exportaciones.png","datePublished":"2022-12-13T15:54:33+00:00","dateModified":"2024-11-13T15:48:31+00:00","description":"\u00bfTienes dudas sobre el funcionamiento del IVA en las exportaciones? Te contamos todo lo que tienes que saber sobre ello. \u00a1Entra y desc\u00fabrelo!","breadcrumb":{"@id":"https:\/\/getquipu.com\/blog\/el-iva-en-las-exportaciones\/#breadcrumb"},"inLanguage":"es","potentialAction":[{"@type":"ReadAction","target":["https:\/\/getquipu.com\/blog\/el-iva-en-las-exportaciones\/"]}]},{"@type":"ImageObject","inLanguage":"es","@id":"https:\/\/getquipu.com\/blog\/el-iva-en-las-exportaciones\/#primaryimage","url":"https:\/\/getquipu.com\/wp-content\/uploads\/2022\/12\/13162625\/el-iva-en-las-exportaciones.png","contentUrl":"https:\/\/getquipu.com\/wp-content\/uploads\/2022\/12\/13162625\/el-iva-en-las-exportaciones.png","width":768,"height":295,"caption":"el iva en las exportaciones"},{"@type":"BreadcrumbList","@id":"https:\/\/getquipu.com\/blog\/el-iva-en-las-exportaciones\/#breadcrumb","itemListElement":[{"@type":"ListItem","position":1,"name":"Blog","item":"https:\/\/getquipu.com\/blog\/"},{"@type":"ListItem","position":2,"name":"IVA","item":"https:\/\/getquipu.com\/blog\/category\/iva\/"},{"@type":"ListItem","position":3,"name":"El funcionamiento del IVA en las exportaciones"}]},{"@type":"WebSite","@id":"https:\/\/getquipu.com\/blog\/#website","url":"https:\/\/getquipu.com\/blog\/","name":"Aut\u00f3nomos, empresas y asesor\u00edas","description":"Informaci\u00f3n \u00fatil sobre fiscalidad y eficiencia administrativa en negocios como el tuyo.","publisher":{"@id":"https:\/\/getquipu.com\/blog\/#organization"},"potentialAction":[{"@type":"SearchAction","target":{"@type":"EntryPoint","urlTemplate":"https:\/\/getquipu.com\/blog\/?s={search_term_string}"},"query-input":{"@type":"PropertyValueSpecification","valueRequired":true,"valueName":"search_term_string"}}],"inLanguage":"es"},{"@type":"Organization","@id":"https:\/\/getquipu.com\/blog\/#organization","name":"Quipu","url":"https:\/\/getquipu.com\/blog\/","logo":{"@type":"ImageObject","inLanguage":"es","@id":"https:\/\/getquipu.com\/blog\/#\/schema\/logo\/image\/","url":"https:\/\/getquipu.com\/wp-content\/uploads\/2022\/06\/20105810\/logo-quipu.png","contentUrl":"https:\/\/getquipu.com\/wp-content\/uploads\/2022\/06\/20105810\/logo-quipu.png","width":399,"height":399,"caption":"Quipu"},"image":{"@id":"https:\/\/getquipu.com\/blog\/#\/schema\/logo\/image\/"}},{"@type":"Person","@id":"https:\/\/getquipu.com\/blog\/#\/schema\/person\/373ccc5d513d88aea29fc8135422fa2e","name":"Roger Doba\u00f1o - CEO Quipu","image":{"@type":"ImageObject","inLanguage":"es","@id":"https:\/\/getquipu.com\/blog\/#\/schema\/person\/image\/","url":"https:\/\/secure.gravatar.com\/avatar\/34af94bfd8e5677657b0a2d961dc4974?s=96&d=mm&r=g","contentUrl":"https:\/\/secure.gravatar.com\/avatar\/34af94bfd8e5677657b0a2d961dc4974?s=96&d=mm&r=g","caption":"Roger Doba\u00f1o - CEO Quipu"},"description":"Roger es CEO y Fundador de Quipu, un software en la nube que lleva +10 a\u00f1os ayudando a aut\u00f3nomos, pymes y asesor\u00edas a digitalizar su operativa precontable. A ra\u00edz de una mala experiencia como aut\u00f3nomo, Roger se propuso crear un programa que acompa\u00f1ara a los empresarios a lidiar con la administraci\u00f3n.","sameAs":["https:\/\/getquipu.com","https:\/\/www.linkedin.com\/in\/rogerdobano\/","https:\/\/x.com\/@rogerdobano"],"url":"https:\/\/getquipu.com\/blog\/author\/roger\/"}]}},"_links":{"self":[{"href":"https:\/\/getquipu.com\/blog\/wp-json\/wp\/v2\/posts\/33430","targetHints":{"allow":["GET"]}}],"collection":[{"href":"https:\/\/getquipu.com\/blog\/wp-json\/wp\/v2\/posts"}],"about":[{"href":"https:\/\/getquipu.com\/blog\/wp-json\/wp\/v2\/types\/post"}],"author":[{"embeddable":true,"href":"https:\/\/getquipu.com\/blog\/wp-json\/wp\/v2\/users\/3"}],"replies":[{"embeddable":true,"href":"https:\/\/getquipu.com\/blog\/wp-json\/wp\/v2\/comments?post=33430"}],"version-history":[{"count":3,"href":"https:\/\/getquipu.com\/blog\/wp-json\/wp\/v2\/posts\/33430\/revisions"}],"predecessor-version":[{"id":34052,"href":"https:\/\/getquipu.com\/blog\/wp-json\/wp\/v2\/posts\/33430\/revisions\/34052"}],"wp:featuredmedia":[{"embeddable":true,"href":"https:\/\/getquipu.com\/blog\/wp-json\/wp\/v2\/media\/33432"}],"wp:attachment":[{"href":"https:\/\/getquipu.com\/blog\/wp-json\/wp\/v2\/media?parent=33430"}],"wp:term":[{"taxonomy":"category","embeddable":true,"href":"https:\/\/getquipu.com\/blog\/wp-json\/wp\/v2\/categories?post=33430"},{"taxonomy":"post_tag","embeddable":true,"href":"https:\/\/getquipu.com\/blog\/wp-json\/wp\/v2\/tags?post=33430"}],"curies":[{"name":"wp","href":"https:\/\/api.w.org\/{rel}","templated":true}]}}