{"id":32896,"date":"2022-11-10T13:37:04","date_gmt":"2022-11-10T12:37:04","guid":{"rendered":"https:\/\/getquipu.com\/blog\/?p=32896"},"modified":"2022-12-15T12:57:15","modified_gmt":"2022-12-15T11:57:15","slug":"caducidad-iva-a-compensar","status":"publish","type":"post","link":"https:\/\/getquipu.com\/blog\/caducidad-iva-a-compensar\/","title":{"rendered":"\u00bfCu\u00e1l es la caducidad del IVA a compensar?"},"content":{"rendered":"\n<p>El IVA a compensar es un resguardo econ\u00f3mico com\u00fan para muchos profesionales y empresas que acumulan este IVA en las arcas de Hacienda <strong>con el objetivo de compensar futuros pagos en las declaraciones del IVA<\/strong>. Sin embargo, esto no se puede hacer indefinidamente, sino que hay que tener en cuenta los plazos de caducidad del IVA a compensar, o tendremos que recurrir a otros m\u00e9todos para recuperar ese dinero que nos pertenece.<\/p>\n\n\n\n<p>En este art\u00edculo te contamos <strong>todo lo que tienes que saber sobre la caducidad de las cuotas de IVA<\/strong> a compensar: \u00bfqu\u00e9 plazo existe?, \u00bfqu\u00e9 ley lo regula?, \u00bfy si se me pasa el plazo?, \u00bfc\u00f3mo solicitar la devoluci\u00f3n a Hacienda?. Sigue leyendo y te explicamos todo punto por punto.<\/p>\n\n\n\n<p><strong>En este art\u00edculo aprender\u00e1s:<\/strong><\/p>\n\n\n\n<ul class=\"wp-block-list\"><li><a href=\"#que-es\">\u00bfQu\u00e9 entendemos por IVA a compensar?<\/a><\/li><li><a href=\"#ley\">\u00bfQu\u00e9 Ley establece la caducidad del IVA a compensar?<\/a><\/li><li><a href=\"#plazo\">\u00bfQu\u00e9 plazo existe para solicitar el IVA a compensar?<\/a><\/li><li><a href=\"#exceso-plazo\">\u00bfQu\u00e9 pasa si me excedo del plazo existente?<\/a><\/li><li><a href=\"#tiempo-devolucion-hacienda\">\u00bfCu\u00e1nto tiempo tiene Hacienda para devolver el IVA?<\/a><\/li><li><a href=\"#como-solicitar\">\u00bfC\u00f3mo hacer la solicitud de devoluci\u00f3n del IVA?<\/a><\/li><\/ul>\n\n\n\n<h2 class=\"wp-block-heading\" id=\"que-es\">\u00bfQu\u00e9 entendemos por IVA a compensar?<\/h2>\n\n\n\n<p>El IVA a compensar hace referencia <strong>al dinero que Hacienda nos proporciona a modo de compensaci\u00f3n tras una liquidaci\u00f3n del IVA con importe negativo<\/strong>. Este importe negativo en una declaraci\u00f3n surge cuando <a href=\"https:\/\/getquipu.com\/blog\/iva-soportado-y-repercutivo\/\">el IVA soportado es mayor que el IVA repercutido<\/a> en una declaraci\u00f3n (has pagado m\u00e1s IVA en tus compras que el IVA que has cobrado en tus ventas).<\/p>\n\n\n\n<p>En ese momento se pueden hacer dos cosas: dejarlo como IVA a compensar (Hacienda compensar\u00e1 ese importe en una declaraci\u00f3n futura) o solicitar la devoluci\u00f3n del importe a Hacienda. Muchas empresas eligen la compensaci\u00f3n para pagar menos en declaraciones posteriores. Sin embargo, esto no puede hacerse a la ligera y por mucho tiempo, pues existe una caducidad de iva a compensar que hay que tener en cuenta.<\/p>\n\n\n\n<p class=\"has-background\" style=\"background-color:#e7f5ff\">\ud83d\udd17 <strong>Ampliar informaci\u00f3n:<\/strong> Si quieres saber m\u00e1s <a href=\"https:\/\/getquipu.com\/blog\/iva-a-devolver-o-a-compensar\/\">sobre si te interesa m\u00e1s solicitar la compensaci\u00f3n o la devoluci\u00f3n del IVA<\/a> te recomendamos que leas nuestro art\u00edculo espec\u00edfico.<\/p>\n\n\n\n<h2 class=\"wp-block-heading\" id=\"ley\">\u00bfQu\u00e9 Ley establece la caducidad del IVA a compensar?<\/h2>\n\n\n\n<p>La legislaci\u00f3n espa\u00f1ola contempla la caducidad del IVA a compensar en <a href=\"https:\/\/www.boe.es\/eli\/es\/l\/1992\/12\/28\/37\/con\" target=\"_blank\" rel=\"noreferrer noopener\">la Ley 37\/1992, de 28 de diciembre, del Impuesto sobre el Valor A\u00f1adido<\/a>, conocida como la \u201cLey del IVA\u201d.<\/p>\n\n\n\n<p>En su <strong>art\u00edculo 99<\/strong>, sobre el ejercicio de derecho a la deducci\u00f3n, se establece el plazo de caducidad de las cuotas de IVA a compensar, entre otras particularidades de esta compensaci\u00f3n y devoluciones.<\/p>\n\n\n\n<h2 class=\"wp-block-heading\" id=\"plazo\">\u00bfQu\u00e9 plazo existe para solicitar el IVA a compensar?<\/h2>\n\n\n\n<p>Seg\u00fan la Ley del IVA, <strong>la caducidad del IVA a compensar tiene un plazo de cuatro a\u00f1os<\/strong>, a contar desde que se present\u00f3 la declaraci\u00f3n o liquidaci\u00f3n del IVA donde ocurre el exceso de IVA soportado. Esto quiere decir que no se puede solicitar compensaci\u00f3n por actividades cuya declaraci\u00f3n se hizo hace m\u00e1s de cuatro a\u00f1os. Las empresas y profesionales aut\u00f3nomos pueden ejercer esta compensaci\u00f3n a trav\u00e9s de cualquiera de las declaraciones trimestrales del IVA.<\/p>\n\n\n<div class=\"gb-container gb-container-b2fecea6 new-banner\">\n<div class=\"gb-grid-wrapper gb-grid-wrapper-0fc70046\">\n<div class=\"gb-grid-column gb-grid-column-6f7203a6\"><div class=\"gb-container gb-container-6f7203a6 text-div\">\n\n<p class=\"title-banner has-text-color\" style=\"color:#003829;font-size:19px\">\u00bfSabes cu\u00e1nto IVA tendr\u00e1s que pagar a final de trimestre?<\/p>\n\n\n\n<p class=\"text-banner\">Con Quipu tendr\u00e1s una previsi\u00f3n en tiempo real sobre los impuestos que tendr\u00e1s que pagar. <\/p>\n\n\n\n<p class=\"btn-p-banner\"><a href=\"https:\/\/getquipu.com\/es\/programa-facturacion\" data-type=\"URL\" data-id=\"https:\/\/getquipu.com\/es\/programa-facturacion\">Ver m\u00e1s<\/a><\/p>\n\n<\/div><\/div>\n\n<div class=\"gb-grid-column gb-grid-column-c144d8bb\"><div class=\"gb-container gb-container-c144d8bb img-banner\">\n\n<figure class=\"wp-block-image size-full\"><img decoding=\"async\" width=\"1024\" height=\"573\" src=\"https:\/\/getquipu.com\/wp-content\/uploads\/2023\/05\/22102032\/Group-3296-1-1.png\" alt=\"\" class=\"wp-image-38796\" srcset=\"https:\/\/getquipu.com\/wp-content\/uploads\/2023\/05\/22102032\/Group-3296-1-1.png 1024w, https:\/\/getquipu.com\/wp-content\/uploads\/2023\/05\/22102032\/Group-3296-1-1-300x168.png 300w, https:\/\/getquipu.com\/wp-content\/uploads\/2023\/05\/22102032\/Group-3296-1-1-768x430.png 768w\" sizes=\"(max-width: 1024px) 100vw, 1024px\" \/><\/figure>\n\n<\/div><\/div>\n<\/div>\n<\/div>\n\n\n<h2 class=\"wp-block-heading\" id=\"exceso-plazo\">\u00bfQu\u00e9 pasa si me excedo del plazo existente?<\/h2>\n\n\n\n<p>En el caso de que se te pase el plazo de la caducidad de IVA a compensar <strong>todav\u00eda tienes algunas opciones<\/strong> para recuperar el dinero, aunque no ser\u00e1 en forma de compensaci\u00f3n, sino de devoluci\u00f3n.<\/p>\n\n\n\n<p>Con el objetivo de garantizar la \u201cneutralidad\u201d del IVA, cuando se produce la caducidad del IVA a compensar (4 a\u00f1os despu\u00e9s de la declaraci\u00f3n con exceso de IVA soportado), nace el derecho a obtener una devoluci\u00f3n de las cuotas soportadas de IVA con un nuevo plazo de cuatro a\u00f1os. Para esto, hay que hacer una solicitud de devoluci\u00f3n de IVA.<\/p>\n\n\n\n<p class=\"has-background\" style=\"background-color:#e7f5ff\">\ud83d\udd17 <strong>Ampliar informaci\u00f3n:<\/strong> Si quieres saber m\u00e1s sobre <a href=\"https:\/\/getquipu.com\/blog\/devolucion-de-iva\/\">la devoluci\u00f3n del IVA en aut\u00f3nomos<\/a> te recomendamos que leas nuestro art\u00edculo especifico.<\/p>\n\n\n\n<h2 class=\"wp-block-heading\" id=\"tiempo-devolucion-hacienda\">\u00bfCu\u00e1nto tiempo tiene Hacienda para devolver el IVA?<\/h2>\n\n\n\n<p>Los plazos son estrictos para ambas partes, pues de la misma forma que las empresas y aut\u00f3nomos cuentan con una fecha de caducidad del IVA a compensar, la Agencia Tributaria (Hacienda) tambi\u00e9n tiene un plazo para abonar la devoluci\u00f3n correspondiente: <strong>hasta 6 meses despu\u00e9s de la fecha l\u00edmite para solicitar la devoluci\u00f3n<\/strong> (30 de enero). Es decir, seis meses despu\u00e9s del 30 de enero (fecha l\u00edmite de la \u00faltima declaraci\u00f3n trimestral del a\u00f1o), por lo tanto, podemos decir que el plazo final es el 30 de julio.<\/p>\n\n\n\n<p>Adem\u00e1s, si Hacienda no cumple estos plazos para la devoluci\u00f3n, la empresa o aut\u00f3nomo tendr\u00e1 derecho a <strong>cobrar intereses de demora fijados en un 3,75%.<\/strong> Por ejemplo, si Hacienda se retrasa 30 d\u00edas para una devoluci\u00f3n de 1.000 euros nos tendr\u00eda que pagar finalmente 1.003,08 euros.<\/p>\n\n\n\n<h2 class=\"wp-block-heading\" id=\"como-solicitar\">\u00bfC\u00f3mo hacer la solicitud de devoluci\u00f3n del IVA?<\/h2>\n\n\n\n<p>Si te ha pillado el plazo de la caducidad de las cuotas de IVA a compensar o simplemente quieres la devoluci\u00f3n, ver\u00e1s que es un proceso sencillo. Al igual que tantos otros procedimientos con Hacienda, <strong>la solicitud de devoluci\u00f3n del IVA se realiza marcando una casilla<\/strong>, en este caso es la casilla [110] que encontrar\u00e1s al rellenar el modelo 303 de declaraci\u00f3n del IVA trimestral.<\/p>\n\n\n\n<p>Sin embargo, esto no se puede hacer en cualquier momento, pues como todo, tiene sus plazos: solo se puede hacer en la declaraci\u00f3n del \u00faltimo trimestre del a\u00f1o, cuyo plazo acaba el 30 de enero del a\u00f1o siguiente. De esta forma, si se te pasa hacerlo un a\u00f1o, tendr\u00e1s que esperar hasta el \u00faltimo trimestre del a\u00f1o siguiente para hacerlo.<\/p>\n","protected":false},"excerpt":{"rendered":"<p>El IVA a compensar es un resguardo econ\u00f3mico com\u00fan para muchos profesionales y empresas que acumulan este IVA en las arcas de Hacienda con el objetivo de compensar futuros pagos<\/p>\n","protected":false},"author":3,"featured_media":32898,"comment_status":"closed","ping_status":"closed","sticky":false,"template":"","format":"standard","meta":{"footnotes":""},"categories":[466],"tags":[],"class_list":["post-32896","post","type-post","status-publish","format-standard","has-post-thumbnail","hentry","category-iva","generate-columns","tablet-grid-50","mobile-grid-100","grid-parent","grid-50","resize-featured-image"],"yoast_head":"<!-- This site is optimized with the Yoast SEO plugin v23.9 - https:\/\/yoast.com\/wordpress\/plugins\/seo\/ -->\n<title>\u00bfCu\u00e1l es la caducidad del IVA a compensar? (2026)<\/title>\n<meta name=\"description\" content=\"\u00bfTienes que solicitar la devoluci\u00f3n del IVA pero no sabes si tiene caducidad? Te contamos todo lo que necesitas saber. \u00a1Entra y desc\u00fabrelo!\" \/>\n<meta name=\"robots\" content=\"index, follow, max-snippet:-1, max-image-preview:large, max-video-preview:-1\" \/>\n<link rel=\"canonical\" href=\"https:\/\/getquipu.com\/blog\/caducidad-iva-a-compensar\/\" \/>\n<meta property=\"og:locale\" content=\"es_ES\" \/>\n<meta property=\"og:type\" content=\"article\" \/>\n<meta property=\"og:title\" content=\"\u00bfCu\u00e1l es la caducidad del IVA a compensar? (2026)\" \/>\n<meta property=\"og:description\" content=\"\u00bfTienes que solicitar la devoluci\u00f3n del IVA pero no sabes si tiene caducidad? Te contamos todo lo que necesitas saber. \u00a1Entra y desc\u00fabrelo!\" \/>\n<meta property=\"og:url\" content=\"https:\/\/getquipu.com\/blog\/caducidad-iva-a-compensar\/\" \/>\n<meta property=\"og:site_name\" content=\"Aut\u00f3nomos, empresas y asesor\u00edas\" \/>\n<meta property=\"article:published_time\" content=\"2022-11-10T12:37:04+00:00\" \/>\n<meta property=\"article:modified_time\" content=\"2022-12-15T11:57:15+00:00\" \/>\n<meta property=\"og:image\" content=\"https:\/\/getquipu.com\/wp-content\/uploads\/2022\/11\/10133554\/caducidad-iva-a-compensar.png\" \/>\n\t<meta property=\"og:image:width\" content=\"768\" \/>\n\t<meta property=\"og:image:height\" content=\"295\" \/>\n\t<meta property=\"og:image:type\" content=\"image\/png\" \/>\n<meta name=\"author\" content=\"Roger Doba\u00f1o - CEO Quipu\" \/>\n<meta name=\"twitter:card\" content=\"summary_large_image\" \/>\n<meta name=\"twitter:creator\" content=\"@rogerdobano\" \/>\n<meta name=\"twitter:label1\" content=\"Escrito por\" \/>\n\t<meta name=\"twitter:data1\" content=\"Roger Doba\u00f1o - CEO Quipu\" \/>\n\t<meta name=\"twitter:label2\" content=\"Tiempo de lectura\" \/>\n\t<meta name=\"twitter:data2\" content=\"5 minutos\" \/>\n<script type=\"application\/ld+json\" class=\"yoast-schema-graph\">{\"@context\":\"https:\/\/schema.org\",\"@graph\":[{\"@type\":\"Article\",\"@id\":\"https:\/\/getquipu.com\/blog\/caducidad-iva-a-compensar\/#article\",\"isPartOf\":{\"@id\":\"https:\/\/getquipu.com\/blog\/caducidad-iva-a-compensar\/\"},\"author\":{\"name\":\"Roger Doba\u00f1o - CEO Quipu\",\"@id\":\"https:\/\/getquipu.com\/blog\/#\/schema\/person\/373ccc5d513d88aea29fc8135422fa2e\"},\"headline\":\"\u00bfCu\u00e1l es la caducidad del IVA a compensar?\",\"datePublished\":\"2022-11-10T12:37:04+00:00\",\"dateModified\":\"2022-12-15T11:57:15+00:00\",\"mainEntityOfPage\":{\"@id\":\"https:\/\/getquipu.com\/blog\/caducidad-iva-a-compensar\/\"},\"wordCount\":967,\"publisher\":{\"@id\":\"https:\/\/getquipu.com\/blog\/#organization\"},\"image\":{\"@id\":\"https:\/\/getquipu.com\/blog\/caducidad-iva-a-compensar\/#primaryimage\"},\"thumbnailUrl\":\"https:\/\/getquipu.com\/wp-content\/uploads\/2022\/11\/10133554\/caducidad-iva-a-compensar.png\",\"articleSection\":[\"IVA\"],\"inLanguage\":\"es\"},{\"@type\":\"WebPage\",\"@id\":\"https:\/\/getquipu.com\/blog\/caducidad-iva-a-compensar\/\",\"url\":\"https:\/\/getquipu.com\/blog\/caducidad-iva-a-compensar\/\",\"name\":\"\u00bfCu\u00e1l es la caducidad del IVA a compensar? (2026)\",\"isPartOf\":{\"@id\":\"https:\/\/getquipu.com\/blog\/#website\"},\"primaryImageOfPage\":{\"@id\":\"https:\/\/getquipu.com\/blog\/caducidad-iva-a-compensar\/#primaryimage\"},\"image\":{\"@id\":\"https:\/\/getquipu.com\/blog\/caducidad-iva-a-compensar\/#primaryimage\"},\"thumbnailUrl\":\"https:\/\/getquipu.com\/wp-content\/uploads\/2022\/11\/10133554\/caducidad-iva-a-compensar.png\",\"datePublished\":\"2022-11-10T12:37:04+00:00\",\"dateModified\":\"2022-12-15T11:57:15+00:00\",\"description\":\"\u00bfTienes que solicitar la devoluci\u00f3n del IVA pero no sabes si tiene caducidad? Te contamos todo lo que necesitas saber. \u00a1Entra y desc\u00fabrelo!\",\"breadcrumb\":{\"@id\":\"https:\/\/getquipu.com\/blog\/caducidad-iva-a-compensar\/#breadcrumb\"},\"inLanguage\":\"es\",\"potentialAction\":[{\"@type\":\"ReadAction\",\"target\":[\"https:\/\/getquipu.com\/blog\/caducidad-iva-a-compensar\/\"]}]},{\"@type\":\"ImageObject\",\"inLanguage\":\"es\",\"@id\":\"https:\/\/getquipu.com\/blog\/caducidad-iva-a-compensar\/#primaryimage\",\"url\":\"https:\/\/getquipu.com\/wp-content\/uploads\/2022\/11\/10133554\/caducidad-iva-a-compensar.png\",\"contentUrl\":\"https:\/\/getquipu.com\/wp-content\/uploads\/2022\/11\/10133554\/caducidad-iva-a-compensar.png\",\"width\":768,\"height\":295,\"caption\":\"aut\u00f3nomo revisando la caducidad del iva a compensar\"},{\"@type\":\"BreadcrumbList\",\"@id\":\"https:\/\/getquipu.com\/blog\/caducidad-iva-a-compensar\/#breadcrumb\",\"itemListElement\":[{\"@type\":\"ListItem\",\"position\":1,\"name\":\"Blog\",\"item\":\"https:\/\/getquipu.com\/blog\/\"},{\"@type\":\"ListItem\",\"position\":2,\"name\":\"IVA\",\"item\":\"https:\/\/getquipu.com\/blog\/category\/iva\/\"},{\"@type\":\"ListItem\",\"position\":3,\"name\":\"\u00bfCu\u00e1l es la caducidad del IVA a compensar?\"}]},{\"@type\":\"WebSite\",\"@id\":\"https:\/\/getquipu.com\/blog\/#website\",\"url\":\"https:\/\/getquipu.com\/blog\/\",\"name\":\"Aut\u00f3nomos, empresas y asesor\u00edas\",\"description\":\"Informaci\u00f3n \u00fatil sobre fiscalidad y eficiencia administrativa en negocios como el tuyo.\",\"publisher\":{\"@id\":\"https:\/\/getquipu.com\/blog\/#organization\"},\"potentialAction\":[{\"@type\":\"SearchAction\",\"target\":{\"@type\":\"EntryPoint\",\"urlTemplate\":\"https:\/\/getquipu.com\/blog\/?s={search_term_string}\"},\"query-input\":{\"@type\":\"PropertyValueSpecification\",\"valueRequired\":true,\"valueName\":\"search_term_string\"}}],\"inLanguage\":\"es\"},{\"@type\":\"Organization\",\"@id\":\"https:\/\/getquipu.com\/blog\/#organization\",\"name\":\"Quipu\",\"url\":\"https:\/\/getquipu.com\/blog\/\",\"logo\":{\"@type\":\"ImageObject\",\"inLanguage\":\"es\",\"@id\":\"https:\/\/getquipu.com\/blog\/#\/schema\/logo\/image\/\",\"url\":\"https:\/\/getquipu.com\/wp-content\/uploads\/2022\/06\/20105810\/logo-quipu.png\",\"contentUrl\":\"https:\/\/getquipu.com\/wp-content\/uploads\/2022\/06\/20105810\/logo-quipu.png\",\"width\":399,\"height\":399,\"caption\":\"Quipu\"},\"image\":{\"@id\":\"https:\/\/getquipu.com\/blog\/#\/schema\/logo\/image\/\"}},{\"@type\":\"Person\",\"@id\":\"https:\/\/getquipu.com\/blog\/#\/schema\/person\/373ccc5d513d88aea29fc8135422fa2e\",\"name\":\"Roger Doba\u00f1o - CEO Quipu\",\"image\":{\"@type\":\"ImageObject\",\"inLanguage\":\"es\",\"@id\":\"https:\/\/getquipu.com\/blog\/#\/schema\/person\/image\/\",\"url\":\"https:\/\/secure.gravatar.com\/avatar\/34af94bfd8e5677657b0a2d961dc4974?s=96&d=mm&r=g\",\"contentUrl\":\"https:\/\/secure.gravatar.com\/avatar\/34af94bfd8e5677657b0a2d961dc4974?s=96&d=mm&r=g\",\"caption\":\"Roger Doba\u00f1o - CEO Quipu\"},\"description\":\"Roger es CEO y Fundador de Quipu, un software en la nube que lleva +10 a\u00f1os ayudando a aut\u00f3nomos, pymes y asesor\u00edas a digitalizar su operativa precontable. A ra\u00edz de una mala experiencia como aut\u00f3nomo, Roger se propuso crear un programa que acompa\u00f1ara a los empresarios a lidiar con la administraci\u00f3n.\",\"sameAs\":[\"https:\/\/getquipu.com\",\"https:\/\/www.linkedin.com\/in\/rogerdobano\/\",\"https:\/\/x.com\/@rogerdobano\"],\"url\":\"https:\/\/getquipu.com\/blog\/author\/roger\/\"}]}<\/script>\n<!-- \/ Yoast SEO plugin. -->","yoast_head_json":{"title":"\u00bfCu\u00e1l es la caducidad del IVA a compensar? (2026)","description":"\u00bfTienes que solicitar la devoluci\u00f3n del IVA pero no sabes si tiene caducidad? Te contamos todo lo que necesitas saber. \u00a1Entra y desc\u00fabrelo!","robots":{"index":"index","follow":"follow","max-snippet":"max-snippet:-1","max-image-preview":"max-image-preview:large","max-video-preview":"max-video-preview:-1"},"canonical":"https:\/\/getquipu.com\/blog\/caducidad-iva-a-compensar\/","og_locale":"es_ES","og_type":"article","og_title":"\u00bfCu\u00e1l es la caducidad del IVA a compensar? (2026)","og_description":"\u00bfTienes que solicitar la devoluci\u00f3n del IVA pero no sabes si tiene caducidad? Te contamos todo lo que necesitas saber. \u00a1Entra y desc\u00fabrelo!","og_url":"https:\/\/getquipu.com\/blog\/caducidad-iva-a-compensar\/","og_site_name":"Aut\u00f3nomos, empresas y asesor\u00edas","article_published_time":"2022-11-10T12:37:04+00:00","article_modified_time":"2022-12-15T11:57:15+00:00","og_image":[{"width":768,"height":295,"url":"https:\/\/getquipu.com\/wp-content\/uploads\/2022\/11\/10133554\/caducidad-iva-a-compensar.png","type":"image\/png"}],"author":"Roger Doba\u00f1o - CEO Quipu","twitter_card":"summary_large_image","twitter_creator":"@rogerdobano","twitter_misc":{"Escrito por":"Roger Doba\u00f1o - CEO Quipu","Tiempo de lectura":"5 minutos"},"schema":{"@context":"https:\/\/schema.org","@graph":[{"@type":"Article","@id":"https:\/\/getquipu.com\/blog\/caducidad-iva-a-compensar\/#article","isPartOf":{"@id":"https:\/\/getquipu.com\/blog\/caducidad-iva-a-compensar\/"},"author":{"name":"Roger Doba\u00f1o - CEO Quipu","@id":"https:\/\/getquipu.com\/blog\/#\/schema\/person\/373ccc5d513d88aea29fc8135422fa2e"},"headline":"\u00bfCu\u00e1l es la caducidad del IVA a compensar?","datePublished":"2022-11-10T12:37:04+00:00","dateModified":"2022-12-15T11:57:15+00:00","mainEntityOfPage":{"@id":"https:\/\/getquipu.com\/blog\/caducidad-iva-a-compensar\/"},"wordCount":967,"publisher":{"@id":"https:\/\/getquipu.com\/blog\/#organization"},"image":{"@id":"https:\/\/getquipu.com\/blog\/caducidad-iva-a-compensar\/#primaryimage"},"thumbnailUrl":"https:\/\/getquipu.com\/wp-content\/uploads\/2022\/11\/10133554\/caducidad-iva-a-compensar.png","articleSection":["IVA"],"inLanguage":"es"},{"@type":"WebPage","@id":"https:\/\/getquipu.com\/blog\/caducidad-iva-a-compensar\/","url":"https:\/\/getquipu.com\/blog\/caducidad-iva-a-compensar\/","name":"\u00bfCu\u00e1l es la caducidad del IVA a compensar? (2026)","isPartOf":{"@id":"https:\/\/getquipu.com\/blog\/#website"},"primaryImageOfPage":{"@id":"https:\/\/getquipu.com\/blog\/caducidad-iva-a-compensar\/#primaryimage"},"image":{"@id":"https:\/\/getquipu.com\/blog\/caducidad-iva-a-compensar\/#primaryimage"},"thumbnailUrl":"https:\/\/getquipu.com\/wp-content\/uploads\/2022\/11\/10133554\/caducidad-iva-a-compensar.png","datePublished":"2022-11-10T12:37:04+00:00","dateModified":"2022-12-15T11:57:15+00:00","description":"\u00bfTienes que solicitar la devoluci\u00f3n del IVA pero no sabes si tiene caducidad? Te contamos todo lo que necesitas saber. \u00a1Entra y desc\u00fabrelo!","breadcrumb":{"@id":"https:\/\/getquipu.com\/blog\/caducidad-iva-a-compensar\/#breadcrumb"},"inLanguage":"es","potentialAction":[{"@type":"ReadAction","target":["https:\/\/getquipu.com\/blog\/caducidad-iva-a-compensar\/"]}]},{"@type":"ImageObject","inLanguage":"es","@id":"https:\/\/getquipu.com\/blog\/caducidad-iva-a-compensar\/#primaryimage","url":"https:\/\/getquipu.com\/wp-content\/uploads\/2022\/11\/10133554\/caducidad-iva-a-compensar.png","contentUrl":"https:\/\/getquipu.com\/wp-content\/uploads\/2022\/11\/10133554\/caducidad-iva-a-compensar.png","width":768,"height":295,"caption":"aut\u00f3nomo revisando la caducidad del iva a compensar"},{"@type":"BreadcrumbList","@id":"https:\/\/getquipu.com\/blog\/caducidad-iva-a-compensar\/#breadcrumb","itemListElement":[{"@type":"ListItem","position":1,"name":"Blog","item":"https:\/\/getquipu.com\/blog\/"},{"@type":"ListItem","position":2,"name":"IVA","item":"https:\/\/getquipu.com\/blog\/category\/iva\/"},{"@type":"ListItem","position":3,"name":"\u00bfCu\u00e1l es la caducidad del IVA a compensar?"}]},{"@type":"WebSite","@id":"https:\/\/getquipu.com\/blog\/#website","url":"https:\/\/getquipu.com\/blog\/","name":"Aut\u00f3nomos, empresas y asesor\u00edas","description":"Informaci\u00f3n \u00fatil sobre fiscalidad y eficiencia administrativa en negocios como el tuyo.","publisher":{"@id":"https:\/\/getquipu.com\/blog\/#organization"},"potentialAction":[{"@type":"SearchAction","target":{"@type":"EntryPoint","urlTemplate":"https:\/\/getquipu.com\/blog\/?s={search_term_string}"},"query-input":{"@type":"PropertyValueSpecification","valueRequired":true,"valueName":"search_term_string"}}],"inLanguage":"es"},{"@type":"Organization","@id":"https:\/\/getquipu.com\/blog\/#organization","name":"Quipu","url":"https:\/\/getquipu.com\/blog\/","logo":{"@type":"ImageObject","inLanguage":"es","@id":"https:\/\/getquipu.com\/blog\/#\/schema\/logo\/image\/","url":"https:\/\/getquipu.com\/wp-content\/uploads\/2022\/06\/20105810\/logo-quipu.png","contentUrl":"https:\/\/getquipu.com\/wp-content\/uploads\/2022\/06\/20105810\/logo-quipu.png","width":399,"height":399,"caption":"Quipu"},"image":{"@id":"https:\/\/getquipu.com\/blog\/#\/schema\/logo\/image\/"}},{"@type":"Person","@id":"https:\/\/getquipu.com\/blog\/#\/schema\/person\/373ccc5d513d88aea29fc8135422fa2e","name":"Roger Doba\u00f1o - CEO Quipu","image":{"@type":"ImageObject","inLanguage":"es","@id":"https:\/\/getquipu.com\/blog\/#\/schema\/person\/image\/","url":"https:\/\/secure.gravatar.com\/avatar\/34af94bfd8e5677657b0a2d961dc4974?s=96&d=mm&r=g","contentUrl":"https:\/\/secure.gravatar.com\/avatar\/34af94bfd8e5677657b0a2d961dc4974?s=96&d=mm&r=g","caption":"Roger Doba\u00f1o - CEO Quipu"},"description":"Roger es CEO y Fundador de Quipu, un software en la nube que lleva +10 a\u00f1os ayudando a aut\u00f3nomos, pymes y asesor\u00edas a digitalizar su operativa precontable. A ra\u00edz de una mala experiencia como aut\u00f3nomo, Roger se propuso crear un programa que acompa\u00f1ara a los empresarios a lidiar con la administraci\u00f3n.","sameAs":["https:\/\/getquipu.com","https:\/\/www.linkedin.com\/in\/rogerdobano\/","https:\/\/x.com\/@rogerdobano"],"url":"https:\/\/getquipu.com\/blog\/author\/roger\/"}]}},"_links":{"self":[{"href":"https:\/\/getquipu.com\/blog\/wp-json\/wp\/v2\/posts\/32896","targetHints":{"allow":["GET"]}}],"collection":[{"href":"https:\/\/getquipu.com\/blog\/wp-json\/wp\/v2\/posts"}],"about":[{"href":"https:\/\/getquipu.com\/blog\/wp-json\/wp\/v2\/types\/post"}],"author":[{"embeddable":true,"href":"https:\/\/getquipu.com\/blog\/wp-json\/wp\/v2\/users\/3"}],"replies":[{"embeddable":true,"href":"https:\/\/getquipu.com\/blog\/wp-json\/wp\/v2\/comments?post=32896"}],"version-history":[{"count":4,"href":"https:\/\/getquipu.com\/blog\/wp-json\/wp\/v2\/posts\/32896\/revisions"}],"predecessor-version":[{"id":33611,"href":"https:\/\/getquipu.com\/blog\/wp-json\/wp\/v2\/posts\/32896\/revisions\/33611"}],"wp:featuredmedia":[{"embeddable":true,"href":"https:\/\/getquipu.com\/blog\/wp-json\/wp\/v2\/media\/32898"}],"wp:attachment":[{"href":"https:\/\/getquipu.com\/blog\/wp-json\/wp\/v2\/media?parent=32896"}],"wp:term":[{"taxonomy":"category","embeddable":true,"href":"https:\/\/getquipu.com\/blog\/wp-json\/wp\/v2\/categories?post=32896"},{"taxonomy":"post_tag","embeddable":true,"href":"https:\/\/getquipu.com\/blog\/wp-json\/wp\/v2\/tags?post=32896"}],"curies":[{"name":"wp","href":"https:\/\/api.w.org\/{rel}","templated":true}]}}