{"id":30941,"date":"2022-08-30T13:16:42","date_gmt":"2022-08-30T11:16:42","guid":{"rendered":"https:\/\/getquipu.com\/blog\/?p=30941"},"modified":"2026-03-12T12:55:49","modified_gmt":"2026-03-12T11:55:49","slug":"cuota-de-autonomos-primer-ano","status":"publish","type":"post","link":"https:\/\/getquipu.com\/blog\/cuota-de-autonomos-primer-ano\/","title":{"rendered":"\u00bfCu\u00e1nto se paga de aut\u00f3nomos el primer a\u00f1o?"},"content":{"rendered":"\n<p>La cuota de aut\u00f3nomos es una de las principales barreras de entrada para trabajar por cuenta propia. El miedo a tener que pagar una cantidad elevada por las cotizaciones todos los meses, especialmente al principio cuando hay menos ingresos, frena a muchos emprendedores.<\/p>\n\n\n\n<p>Pero, <strong>\u00bfcu\u00e1nto se paga realmente de aut\u00f3nomos el primer a\u00f1o en 2026?<\/strong><\/p>\n\n\n\n<p>Afortunadamente, el sistema actual est\u00e1 pensado para proteger a quienes dan sus primeros pasos. Con la <strong>Tarifa Plana<\/strong>, es posible pagar una cuota reducida muy inferior a la general. Eso s\u00ed, es importante conocer la \u00abletra peque\u00f1a\u00bb del pago real (que no son exactamente 80 euros) y las ayudas auton\u00f3micas disponibles.<\/p>\n\n\n\n<h2 class=\"wp-block-heading\" id=\"que-es\">\u00bfQu\u00e9 entendemos por la cuota de aut\u00f3nomo?<\/h2>\n\n\n\n<p>La cuota de aut\u00f3nomos es un pago mensual obligatorio que los trabajadores por cuenta propia hacen a la Seguridad Social. Su importe es un porcentaje (tipo de cotizaci\u00f3n) que se aplica sobre la <strong>Base de Cotizaci\u00f3n<\/strong> que el aut\u00f3nomo elige en funci\u00f3n de sus ingresos netos.<\/p>\n\n\n\n<p>Gracias a esta cuota, los aut\u00f3nomos acceden a prestaciones similares a las de los asalariados: sanidad, baja por enfermedad (Incapacidad Temporal), baja por maternidad\/paternidad, cese de actividad (el \u00abparo del aut\u00f3nomo\u00bb) y formaci\u00f3n.<\/p>\n\n\n\n<blockquote class=\"wp-block-quote is-layout-flow wp-block-quote-is-layout-flow\">\n<p><strong>Importante:<\/strong> Las pensiones futuras, como la jubilaci\u00f3n, se calculan a partir de estas cuotas. A mayor cuota pagada hoy, mayor protecci\u00f3n el d\u00eda de ma\u00f1ana.<\/p>\n<\/blockquote>\n\n\n\n<p class=\"has-background\" style=\"background-color:#e7f5ff\">\ud83d\udd17<strong> Ampliar informaci\u00f3n: <\/strong>Si quieres saber m\u00e1s sobre <a href=\"https:\/\/getquipu.com\/blog\/nueva-cuota-de-autonomos\/\">la cuota de aut\u00f3nomos para el a\u00f1o 2025<\/a> te recomendamos que leas nuestro art\u00edculo espec\u00edfico.<\/p>\n\n\n\n<h2 class=\"wp-block-heading\">La tarifa reducida de 80 euros (y el coste real con el MEI)<\/h2>\n\n\n\n<p>Para los nuevos emprendedores, el sistema ofrece un \u00abaterrizaje suave\u00bb. Aquellos que se den de alta por primera vez (o no lo hayan sido en los 2 \u00faltimos a\u00f1os) pueden acceder a la <strong>Tarifa Plana<\/strong>.<\/p>\n\n\n\n<h3 class=\"wp-block-heading\">\u00bfEn qu\u00e9 consiste realmente?<\/h3>\n\n\n\n<p>Legalmente se establece una cuota fija de <strong>80 euros mensuales<\/strong>. Sin embargo, <strong>en 2026 el recibo que llega al banco es ligeramente superior<\/strong>.<\/p>\n\n\n\n<p>Esto se debe al <strong>MEI (Mecanismo de Equidad Intergeneracional)<\/strong>, un recargo que en 2026 se sit\u00faa en el <strong>0,8%<\/strong> aprox. sobre la base de cotizaci\u00f3n.<\/p>\n\n\n\n<ul class=\"wp-block-list\">\n<li><strong>Cuota base bonificada:<\/strong> 80,00 \u20ac<\/li>\n\n\n\n<li><strong>Coste real aproximado:<\/strong> <strong>87,60 \u20ac al mes<\/strong>.<\/li>\n<\/ul>\n\n\n\n<h3 class=\"wp-block-heading\">Duraci\u00f3n de la ayuda<\/h3>\n\n\n\n<ol start=\"1\" class=\"wp-block-list\">\n<li><strong>Primeros 12 meses:<\/strong> Cuota reducida (~87,60 \u20ac) para todos los nuevos aut\u00f3nomos, independientemente de lo que facturen.<\/li>\n\n\n\n<li><strong>Siguientes 12 meses (hasta el mes 24):<\/strong> Se mantiene esta cuota reducida <strong>solo si tus ingresos netos son inferiores al SMI<\/strong> (Salario M\u00ednimo Interprofesional). Dado que el SMI anual en 2026 es de <strong>16.576 \u20ac<\/strong>, si tus rendimientos netos est\u00e1n por debajo de esa cifra, seguir\u00e1s pagando lo mismo un a\u00f1o m\u00e1s.<\/li>\n<\/ol>\n\n\n\n<div class=\"wp-block-group box-destacada has-background\" style=\"background-color:#fef9f5\"><div class=\"wp-block-group__inner-container is-layout-flow wp-block-group-is-layout-flow\">\n<p class=\"has-text-align-center has-medium-font-size\"><strong>Tarifa Plana de aut\u00f3nomos 202<\/strong>6<\/p>\n\n\n\n<p>\ud83d\udcf9 <strong>V\u00eddeo explicativo: <\/strong>En el siguiente v\u00eddeo te explicamos todo lo que necesitas saber sobre la nueva tarifa plana de aut\u00f3nomos para 2026:<\/p>\n\n\n\n<div class=\"iframe-container\">\n\n<iframe class=\"responsive-iframe\" title=\"YouTube video player\" src=\"https:\/\/www.youtube.com\/embed\/QRVTMnstbSo\" frameborder=\"0\" allowfullscreen=\"allowfullscreen\"><\/iframe>\n\n<\/div>\n\n\n\n<div style=\"height:25px\" aria-hidden=\"true\" class=\"wp-block-spacer\"><\/div>\n\n\n\n<div class=\"btn-div-destacado\"><a href=\"https:\/\/getquipu.com\/es\/cuentas\/registro\" class=\"btn-destacado\" target=\"_blank\" rel=\"noreferrer noopener\">Prueba Quipu Gratis<\/a><\/div>\n\n\n\n<div style=\"height:20px\" aria-hidden=\"true\" class=\"wp-block-spacer\"><\/div>\n\n\n\n<p class=\"has-text-align-center has-small-font-size\"><em>Prueba gratuita de 15 d\u00edas. Sin permanencia. Sin introducir tu tarjeta.<\/em><\/p>\n<\/div><\/div>\n\n\n\n<h2 class=\"wp-block-heading\">\u00bfCu\u00e1les son los requisitos y c\u00f3mo se solicita?<\/h2>\n\n\n\n<p>Los requisitos para acceder son sencillos:<\/p>\n\n\n\n<ul class=\"wp-block-list\">\n<li>No haber estado de alta como aut\u00f3nomo en los <strong>2 a\u00f1os anteriores<\/strong> (o 3 a\u00f1os si ya disfrutaste de tarifa plana anteriormente).<\/li>\n\n\n\n<li>No tener deudas pendientes con Hacienda ni con la Seguridad Social.<\/li>\n\n\n\n<li>No ser aut\u00f3nomo colaborador (familiar).<\/li>\n<\/ul>\n\n\n\n<h3 class=\"wp-block-heading\">\u00bfC\u00f3mo se solicita?<\/h3>\n\n\n\n<p>La solicitud es pr\u00e1cticamente autom\u00e1tica. Al darte de alta en la Seguridad Social (RETA) a trav\u00e9s del portal Importass o mediante un PAE, indicas que cumples los requisitos. La Tesorer\u00eda aplicar\u00e1 la reducci\u00f3n de oficio desde el primer recibo.<\/p>\n\n\n\n<h2 class=\"wp-block-heading\">Entonces, \u00bfcu\u00e1l es el coste de aut\u00f3nomos el primer a\u00f1o?<\/h2>\n\n\n\n<p>Si te acoges a la Tarifa Plana, las cuentas son claras y mucho m\u00e1s favorables que en el r\u00e9gimen general, aunque debemos ajustar el c\u00e1lculo con el MEI vigente.<\/p>\n\n\n\n<ul class=\"wp-block-list\">\n<li><strong>Aut\u00f3nomo con Tarifa Plana:<\/strong> 87,60 \u20ac x 12 meses = <strong>1.051,20 \u20ac anuales<\/strong>.<\/li>\n\n\n\n<li><strong>Aut\u00f3nomo sin Tarifa Plana (Base m\u00ednima):<\/strong> ~205 \u20ac x 12 meses = <strong>2.460 \u20ac anuales<\/strong>.<\/li>\n<\/ul>\n\n\n\n<p>El ahorro el primer a\u00f1o supera los <strong>1.400 euros<\/strong>.<\/p>\n\n\n\n<h3 class=\"wp-block-heading\">La \u00abCuota Cero\u00bb: Un ahorro extra (Ojo a los plazos)<\/h3>\n\n\n\n<p>Varias Comunidades Aut\u00f3nomas (Madrid, Andaluc\u00eda, Baleares, Extremadura, Galicia, etc.) cuentan con programas de \u00abCuota Cero\u00bb que bonifican el 100% de la cuota, devolviendo el dinero al aut\u00f3nomo a posteriori.<\/p>\n\n\n\n<blockquote class=\"wp-block-quote is-layout-flow wp-block-quote-is-layout-flow\">\n<p><strong>Nota a Noviembre de 2025:<\/strong> Las ayudas de Cuota Cero dependen de cada comunidad y de la convocatoria vigente. Algunas regiones han cerrado ya sus plazos de solicitud para 2025, mientras que otras mantienen programas abiertos o preparan nuevas l\u00edneas para 2026. Consulta siempre la normativa espec\u00edfica de tu CCAA.<\/p>\n<\/blockquote>\n\n\n\n<h2 class=\"wp-block-heading\">\u00bfY si no me puedo acoger a la tarifa reducida? Tabla Real 2026<\/h2>\n\n\n\n<p>Si no cumples los requisitos para la Tarifa Plana (por ejemplo, porque ya fuiste aut\u00f3nomo hace poco), tendr\u00e1s que cotizar por tus <strong>ingresos reales<\/strong> desde el primer d\u00eda.<\/p>\n\n\n\n<p>Aunque el sistema por tramos entr\u00f3 en vigor en 2023, en 2026 se aplican unas bases y cuotas espec\u00edficas que han reducido ligeramente la carga para los ingresos m\u00e1s bajos y la han aumentado para los altos.<\/p>\n\n\n\n<p><strong>Tabla de cuotas aut\u00f3nomos 2026 (Estimaci\u00f3n Vigente)<\/strong><\/p>\n\n\n\n<figure class=\"wp-block-table\"><table class=\"has-fixed-layout\"><thead><tr><td><strong>Tramo<\/strong><\/td><td><strong>Rendimientos Netos Mensuales<\/strong><\/td><td><strong>Cuota M\u00ednima Aprox.<\/strong><\/td><\/tr><\/thead><tbody><tr><td><strong>1<\/strong><\/td><td>Menos de 670 \u20ac<\/td><td><strong>200 \u20ac<\/strong><\/td><\/tr><tr><td><strong>2<\/strong><\/td><td>Entre 670 \u20ac y 900 \u20ac<\/td><td><strong>220 \u20ac<\/strong><\/td><\/tr><tr><td><strong>3<\/strong><\/td><td>Entre 900 \u20ac y 1.166,70 \u20ac<\/td><td><strong>260 \u20ac<\/strong><\/td><\/tr><tr><td><strong>4<\/strong><\/td><td>Entre 1.166,70 \u20ac y 1.300 \u20ac<\/td><td><strong>299 \u20ac<\/strong><\/td><\/tr><tr><td><strong>5<\/strong><\/td><td>Entre 1.300 \u20ac y 1.500 \u20ac<\/td><td><strong>302 \u20ac<\/strong><\/td><\/tr><tr><td><strong>6<\/strong><\/td><td>Entre 1.500 \u20ac y 1.700 \u20ac<\/td><td><strong>302 \u20ac<\/strong><\/td><\/tr><tr><td><strong>7<\/strong><\/td><td>Entre 1.700 \u20ac y 1.850 \u20ac<\/td><td><strong>359 \u20ac<\/strong><\/td><\/tr><tr><td><strong>8<\/strong><\/td><td>Entre 1.850 \u20ac y 2.030 \u20ac<\/td><td><strong>380 \u20ac<\/strong><\/td><\/tr><tr><td><strong>9<\/strong><\/td><td>Entre 2.030 \u20ac y 2.330 \u20ac<\/td><td><strong>400 \u20ac<\/strong><\/td><\/tr><tr><td><strong>10<\/strong><\/td><td>Entre 2.330 \u20ac y 2.760 \u20ac<\/td><td><strong>426 \u20ac<\/strong><\/td><\/tr><tr><td><strong>11<\/strong><\/td><td>Entre 2.760 \u20ac y 3.190 \u20ac<\/td><td><strong>452 \u20ac<\/strong><\/td><\/tr><tr><td><strong>12<\/strong><\/td><td>Entre 3.190 \u20ac y 3.620 \u20ac<\/td><td><strong>477 \u20ac<\/strong><\/td><\/tr><tr><td><strong>13<\/strong><\/td><td>Entre 3.621 \u20ac y 4.050 \u20ac<\/td><td><strong>503 \u20ac<\/strong><\/td><\/tr><tr><td><strong>14<\/strong><\/td><td>Entre 4.050 \u20ac y 6.000 \u20ac<\/td><td><strong>544 \u20ac<\/strong><\/td><\/tr><tr><td><strong>15<\/strong><\/td><td>M\u00e1s de 6.000 \u20ac<\/td><td><strong>605 \u20ac<\/strong><\/td><\/tr><\/tbody><\/table><\/figure>\n\n\n\n<p>*Nota: Cuotas redondeadas incluyendo tipos vigentes y MEI. La cifra exacta puede variar c\u00e9ntimos seg\u00fan la regularizaci\u00f3n final.<\/p>\n\n\n\n<h2 class=\"wp-block-heading\">Ejemplo pr\u00e1ctico: El coste del segundo a\u00f1o<\/h2>\n\n\n\n<p>Imaginemos que Laura se da de alta como dise\u00f1adora en enero de 2026.<\/p>\n\n\n\n<ul class=\"wp-block-list\">\n<li><strong>A\u00f1o 1:<\/strong> Paga su cuota reducida (~87,60 \u20ac). <strong>Coste total anual: ~1.051 \u20ac.<\/strong><\/li>\n<\/ul>\n\n\n\n<p>Para el <strong>A\u00f1o 2<\/strong>, Laura prev\u00e9 ganar <strong>20.000 \u20ac netos anuales<\/strong>.<\/p>\n\n\n\n<ol start=\"1\" class=\"wp-block-list\">\n<li><strong>\u00bfMantiene la Tarifa Plana?<\/strong> No, porque supera el SMI anual (16.576 \u20ac).<\/li>\n\n\n\n<li><strong>\u00bfCu\u00e1nto pagar\u00e1?<\/strong> Sus ingresos netos mensuales son aprox. <strong>1.666 \u20ac<\/strong>. Mirando la tabla de 2026, esto la sit\u00faa en el <strong>Tramo 6<\/strong> (de 1.500 \u20ac a 1.700 \u20ac).<\/li>\n\n\n\n<li><strong>Nueva cuota:<\/strong> Laura pasar\u00e1 a pagar una cuota aproximada de <strong>302 \u20ac al mes<\/strong>.<\/li>\n<\/ol>\n\n\n\n<div class=\"wp-block-group box-destacada has-background\" style=\"background-color:#fef9f5\"><div class=\"wp-block-group__inner-container is-layout-flow wp-block-group-is-layout-flow\">\n<p class=\"has-text-align-center has-medium-font-size\"><strong>\u00bfQu\u00e9 cambios llegan en 2026 para los aut\u00f3nomos en Espa\u00f1a?<\/strong><\/p>\n\n\n\n<p>\ud83d\udcf9 <strong>V\u00eddeo explicativo: <\/strong>En este v\u00eddeo nos centramos en la nueva cuota de aut\u00f3nomos de 2026, los tramos de cotizaci\u00f3n que se ver\u00e1n afectados y las verdaderas implicaciones que trae el aumento del control digital de Hacienda. <\/p>\n\n\n\n<div class=\"iframe-container\">\n\n<iframe class=\"responsive-iframe\" title=\"YouTube video player\" src=\"https:\/\/www.youtube.com\/embed\/tJF1_wgyd14\" frameborder=\"0\" allowfullscreen=\"allowfullscreen\"><\/iframe>\n\n<\/div>\n\n\n\n<div style=\"height:25px\" aria-hidden=\"true\" class=\"wp-block-spacer\"><\/div>\n\n\n\n<div class=\"btn-div-destacado\"><a href=\"https:\/\/getquipu.com\/es\/cuentas\/registro\" class=\"btn-destacado\" target=\"_blank\" rel=\"noreferrer noopener\">Prueba Quipu Gratis<\/a><\/div>\n\n\n\n<div style=\"height:20px\" aria-hidden=\"true\" class=\"wp-block-spacer\"><\/div>\n\n\n\n<p class=\"has-text-align-center has-small-font-size\"><em>Prueba gratuita de 15 d\u00edas. Sin permanencia. Sin introducir tu tarjeta.<\/em><\/p>\n<\/div><\/div>\n\n\n\n<div style=\"height:100px\" aria-hidden=\"true\" class=\"wp-block-spacer\"><\/div>\n\n\n\n<hr class=\"wp-block-separator has-alpha-channel-opacity\"\/>\n","protected":false},"excerpt":{"rendered":"<p>La cuota de aut\u00f3nomos es una de las principales barreras de entrada para trabajar por cuenta propia. El miedo a tener que pagar una cantidad elevada por las cotizaciones todos<\/p>\n","protected":false},"author":3,"featured_media":30943,"comment_status":"closed","ping_status":"open","sticky":false,"template":"","format":"standard","meta":{"footnotes":""},"categories":[480],"tags":[],"class_list":["post-30941","post","type-post","status-publish","format-standard","has-post-thumbnail","hentry","category-nuevos-autonomos","generate-columns","tablet-grid-50","mobile-grid-100","grid-parent","grid-50","resize-featured-image"],"yoast_head":"<!-- This site is optimized with the Yoast SEO plugin v23.9 - https:\/\/yoast.com\/wordpress\/plugins\/seo\/ -->\n<title>\u00bfCu\u00e1nto se paga de aut\u00f3nomos el primer a\u00f1o? (Actualizado 2026)<\/title>\n<meta name=\"description\" content=\"\u00bfQuieres saber cu\u00e1nto se paga de aut\u00f3nomos el primer a\u00f1o? Te explicamos todo lo relacionado con este tema. \u00a1Entra y desc\u00fabrelo!\" \/>\n<meta name=\"robots\" content=\"index, follow, max-snippet:-1, max-image-preview:large, max-video-preview:-1\" \/>\n<link rel=\"canonical\" href=\"https:\/\/getquipu.com\/blog\/cuota-de-autonomos-primer-ano\/\" \/>\n<meta property=\"og:locale\" content=\"es_ES\" \/>\n<meta property=\"og:type\" content=\"article\" \/>\n<meta property=\"og:title\" content=\"\u00bfCu\u00e1nto se paga de aut\u00f3nomos el primer a\u00f1o? (Actualizado 2026)\" \/>\n<meta property=\"og:description\" content=\"\u00bfQuieres saber cu\u00e1nto se paga de aut\u00f3nomos el primer a\u00f1o? Te explicamos todo lo relacionado con este tema. \u00a1Entra y desc\u00fabrelo!\" \/>\n<meta property=\"og:url\" content=\"https:\/\/getquipu.com\/blog\/cuota-de-autonomos-primer-ano\/\" \/>\n<meta property=\"og:site_name\" content=\"Aut\u00f3nomos, empresas y asesor\u00edas\" \/>\n<meta property=\"article:published_time\" content=\"2022-08-30T11:16:42+00:00\" \/>\n<meta property=\"article:modified_time\" content=\"2026-03-12T11:55:49+00:00\" \/>\n<meta property=\"og:image\" content=\"https:\/\/getquipu.com\/wp-content\/uploads\/2022\/08\/30131551\/cuota-autonomo-cuanto-pagar.png\" \/>\n\t<meta property=\"og:image:width\" content=\"768\" \/>\n\t<meta property=\"og:image:height\" content=\"295\" \/>\n\t<meta property=\"og:image:type\" content=\"image\/png\" \/>\n<meta name=\"author\" content=\"Roger Doba\u00f1o - CEO Quipu\" \/>\n<meta name=\"twitter:card\" content=\"summary_large_image\" \/>\n<meta name=\"twitter:creator\" content=\"@rogerdobano\" \/>\n<meta name=\"twitter:label1\" content=\"Escrito por\" \/>\n\t<meta name=\"twitter:data1\" content=\"Roger Doba\u00f1o - CEO Quipu\" \/>\n\t<meta name=\"twitter:label2\" content=\"Tiempo de lectura\" \/>\n\t<meta name=\"twitter:data2\" content=\"6 minutos\" \/>\n<script type=\"application\/ld+json\" class=\"yoast-schema-graph\">{\"@context\":\"https:\/\/schema.org\",\"@graph\":[{\"@type\":\"Article\",\"@id\":\"https:\/\/getquipu.com\/blog\/cuota-de-autonomos-primer-ano\/#article\",\"isPartOf\":{\"@id\":\"https:\/\/getquipu.com\/blog\/cuota-de-autonomos-primer-ano\/\"},\"author\":{\"name\":\"Roger Doba\u00f1o - CEO Quipu\",\"@id\":\"https:\/\/getquipu.com\/blog\/#\/schema\/person\/373ccc5d513d88aea29fc8135422fa2e\"},\"headline\":\"\u00bfCu\u00e1nto se paga de aut\u00f3nomos el primer a\u00f1o?\",\"datePublished\":\"2022-08-30T11:16:42+00:00\",\"dateModified\":\"2026-03-12T11:55:49+00:00\",\"mainEntityOfPage\":{\"@id\":\"https:\/\/getquipu.com\/blog\/cuota-de-autonomos-primer-ano\/\"},\"wordCount\":1057,\"publisher\":{\"@id\":\"https:\/\/getquipu.com\/blog\/#organization\"},\"image\":{\"@id\":\"https:\/\/getquipu.com\/blog\/cuota-de-autonomos-primer-ano\/#primaryimage\"},\"thumbnailUrl\":\"https:\/\/getquipu.com\/wp-content\/uploads\/2022\/08\/30131551\/cuota-autonomo-cuanto-pagar.png\",\"articleSection\":[\"Nuevos Aut\u00f3nomos\"],\"inLanguage\":\"es\"},{\"@type\":\"WebPage\",\"@id\":\"https:\/\/getquipu.com\/blog\/cuota-de-autonomos-primer-ano\/\",\"url\":\"https:\/\/getquipu.com\/blog\/cuota-de-autonomos-primer-ano\/\",\"name\":\"\u00bfCu\u00e1nto se paga de aut\u00f3nomos el primer a\u00f1o? (Actualizado 2026)\",\"isPartOf\":{\"@id\":\"https:\/\/getquipu.com\/blog\/#website\"},\"primaryImageOfPage\":{\"@id\":\"https:\/\/getquipu.com\/blog\/cuota-de-autonomos-primer-ano\/#primaryimage\"},\"image\":{\"@id\":\"https:\/\/getquipu.com\/blog\/cuota-de-autonomos-primer-ano\/#primaryimage\"},\"thumbnailUrl\":\"https:\/\/getquipu.com\/wp-content\/uploads\/2022\/08\/30131551\/cuota-autonomo-cuanto-pagar.png\",\"datePublished\":\"2022-08-30T11:16:42+00:00\",\"dateModified\":\"2026-03-12T11:55:49+00:00\",\"description\":\"\u00bfQuieres saber cu\u00e1nto se paga de aut\u00f3nomos el primer a\u00f1o? Te explicamos todo lo relacionado con este tema. \u00a1Entra y desc\u00fabrelo!\",\"breadcrumb\":{\"@id\":\"https:\/\/getquipu.com\/blog\/cuota-de-autonomos-primer-ano\/#breadcrumb\"},\"inLanguage\":\"es\",\"potentialAction\":[{\"@type\":\"ReadAction\",\"target\":[\"https:\/\/getquipu.com\/blog\/cuota-de-autonomos-primer-ano\/\"]}]},{\"@type\":\"ImageObject\",\"inLanguage\":\"es\",\"@id\":\"https:\/\/getquipu.com\/blog\/cuota-de-autonomos-primer-ano\/#primaryimage\",\"url\":\"https:\/\/getquipu.com\/wp-content\/uploads\/2022\/08\/30131551\/cuota-autonomo-cuanto-pagar.png\",\"contentUrl\":\"https:\/\/getquipu.com\/wp-content\/uploads\/2022\/08\/30131551\/cuota-autonomo-cuanto-pagar.png\",\"width\":768,\"height\":295},{\"@type\":\"BreadcrumbList\",\"@id\":\"https:\/\/getquipu.com\/blog\/cuota-de-autonomos-primer-ano\/#breadcrumb\",\"itemListElement\":[{\"@type\":\"ListItem\",\"position\":1,\"name\":\"Blog\",\"item\":\"https:\/\/getquipu.com\/blog\/\"},{\"@type\":\"ListItem\",\"position\":2,\"name\":\"Nuevos Aut\u00f3nomos\",\"item\":\"https:\/\/getquipu.com\/blog\/category\/nuevos-autonomos\/\"},{\"@type\":\"ListItem\",\"position\":3,\"name\":\"\u00bfCu\u00e1nto se paga de aut\u00f3nomos el primer a\u00f1o?\"}]},{\"@type\":\"WebSite\",\"@id\":\"https:\/\/getquipu.com\/blog\/#website\",\"url\":\"https:\/\/getquipu.com\/blog\/\",\"name\":\"Aut\u00f3nomos, empresas y asesor\u00edas\",\"description\":\"Informaci\u00f3n \u00fatil sobre fiscalidad y eficiencia administrativa en negocios como el tuyo.\",\"publisher\":{\"@id\":\"https:\/\/getquipu.com\/blog\/#organization\"},\"potentialAction\":[{\"@type\":\"SearchAction\",\"target\":{\"@type\":\"EntryPoint\",\"urlTemplate\":\"https:\/\/getquipu.com\/blog\/?s={search_term_string}\"},\"query-input\":{\"@type\":\"PropertyValueSpecification\",\"valueRequired\":true,\"valueName\":\"search_term_string\"}}],\"inLanguage\":\"es\"},{\"@type\":\"Organization\",\"@id\":\"https:\/\/getquipu.com\/blog\/#organization\",\"name\":\"Quipu\",\"url\":\"https:\/\/getquipu.com\/blog\/\",\"logo\":{\"@type\":\"ImageObject\",\"inLanguage\":\"es\",\"@id\":\"https:\/\/getquipu.com\/blog\/#\/schema\/logo\/image\/\",\"url\":\"https:\/\/getquipu.com\/wp-content\/uploads\/2022\/06\/20105810\/logo-quipu.png\",\"contentUrl\":\"https:\/\/getquipu.com\/wp-content\/uploads\/2022\/06\/20105810\/logo-quipu.png\",\"width\":399,\"height\":399,\"caption\":\"Quipu\"},\"image\":{\"@id\":\"https:\/\/getquipu.com\/blog\/#\/schema\/logo\/image\/\"}},{\"@type\":\"Person\",\"@id\":\"https:\/\/getquipu.com\/blog\/#\/schema\/person\/373ccc5d513d88aea29fc8135422fa2e\",\"name\":\"Roger Doba\u00f1o - CEO Quipu\",\"image\":{\"@type\":\"ImageObject\",\"inLanguage\":\"es\",\"@id\":\"https:\/\/getquipu.com\/blog\/#\/schema\/person\/image\/\",\"url\":\"https:\/\/secure.gravatar.com\/avatar\/34af94bfd8e5677657b0a2d961dc4974?s=96&d=mm&r=g\",\"contentUrl\":\"https:\/\/secure.gravatar.com\/avatar\/34af94bfd8e5677657b0a2d961dc4974?s=96&d=mm&r=g\",\"caption\":\"Roger Doba\u00f1o - CEO Quipu\"},\"description\":\"Roger es CEO y Fundador de Quipu, un software en la nube que lleva +10 a\u00f1os ayudando a aut\u00f3nomos, pymes y asesor\u00edas a digitalizar su operativa precontable. A ra\u00edz de una mala experiencia como aut\u00f3nomo, Roger se propuso crear un programa que acompa\u00f1ara a los empresarios a lidiar con la administraci\u00f3n.\",\"sameAs\":[\"https:\/\/getquipu.com\",\"https:\/\/www.linkedin.com\/in\/rogerdobano\/\",\"https:\/\/x.com\/@rogerdobano\"],\"url\":\"https:\/\/getquipu.com\/blog\/author\/roger\/\"}]}<\/script>\n<!-- \/ Yoast SEO plugin. -->","yoast_head_json":{"title":"\u00bfCu\u00e1nto se paga de aut\u00f3nomos el primer a\u00f1o? (Actualizado 2026)","description":"\u00bfQuieres saber cu\u00e1nto se paga de aut\u00f3nomos el primer a\u00f1o? Te explicamos todo lo relacionado con este tema. \u00a1Entra y desc\u00fabrelo!","robots":{"index":"index","follow":"follow","max-snippet":"max-snippet:-1","max-image-preview":"max-image-preview:large","max-video-preview":"max-video-preview:-1"},"canonical":"https:\/\/getquipu.com\/blog\/cuota-de-autonomos-primer-ano\/","og_locale":"es_ES","og_type":"article","og_title":"\u00bfCu\u00e1nto se paga de aut\u00f3nomos el primer a\u00f1o? (Actualizado 2026)","og_description":"\u00bfQuieres saber cu\u00e1nto se paga de aut\u00f3nomos el primer a\u00f1o? Te explicamos todo lo relacionado con este tema. \u00a1Entra y desc\u00fabrelo!","og_url":"https:\/\/getquipu.com\/blog\/cuota-de-autonomos-primer-ano\/","og_site_name":"Aut\u00f3nomos, empresas y asesor\u00edas","article_published_time":"2022-08-30T11:16:42+00:00","article_modified_time":"2026-03-12T11:55:49+00:00","og_image":[{"width":768,"height":295,"url":"https:\/\/getquipu.com\/wp-content\/uploads\/2022\/08\/30131551\/cuota-autonomo-cuanto-pagar.png","type":"image\/png"}],"author":"Roger Doba\u00f1o - CEO Quipu","twitter_card":"summary_large_image","twitter_creator":"@rogerdobano","twitter_misc":{"Escrito por":"Roger Doba\u00f1o - CEO Quipu","Tiempo de lectura":"6 minutos"},"schema":{"@context":"https:\/\/schema.org","@graph":[{"@type":"Article","@id":"https:\/\/getquipu.com\/blog\/cuota-de-autonomos-primer-ano\/#article","isPartOf":{"@id":"https:\/\/getquipu.com\/blog\/cuota-de-autonomos-primer-ano\/"},"author":{"name":"Roger Doba\u00f1o - CEO Quipu","@id":"https:\/\/getquipu.com\/blog\/#\/schema\/person\/373ccc5d513d88aea29fc8135422fa2e"},"headline":"\u00bfCu\u00e1nto se paga de aut\u00f3nomos el primer a\u00f1o?","datePublished":"2022-08-30T11:16:42+00:00","dateModified":"2026-03-12T11:55:49+00:00","mainEntityOfPage":{"@id":"https:\/\/getquipu.com\/blog\/cuota-de-autonomos-primer-ano\/"},"wordCount":1057,"publisher":{"@id":"https:\/\/getquipu.com\/blog\/#organization"},"image":{"@id":"https:\/\/getquipu.com\/blog\/cuota-de-autonomos-primer-ano\/#primaryimage"},"thumbnailUrl":"https:\/\/getquipu.com\/wp-content\/uploads\/2022\/08\/30131551\/cuota-autonomo-cuanto-pagar.png","articleSection":["Nuevos Aut\u00f3nomos"],"inLanguage":"es"},{"@type":"WebPage","@id":"https:\/\/getquipu.com\/blog\/cuota-de-autonomos-primer-ano\/","url":"https:\/\/getquipu.com\/blog\/cuota-de-autonomos-primer-ano\/","name":"\u00bfCu\u00e1nto se paga de aut\u00f3nomos el primer a\u00f1o? (Actualizado 2026)","isPartOf":{"@id":"https:\/\/getquipu.com\/blog\/#website"},"primaryImageOfPage":{"@id":"https:\/\/getquipu.com\/blog\/cuota-de-autonomos-primer-ano\/#primaryimage"},"image":{"@id":"https:\/\/getquipu.com\/blog\/cuota-de-autonomos-primer-ano\/#primaryimage"},"thumbnailUrl":"https:\/\/getquipu.com\/wp-content\/uploads\/2022\/08\/30131551\/cuota-autonomo-cuanto-pagar.png","datePublished":"2022-08-30T11:16:42+00:00","dateModified":"2026-03-12T11:55:49+00:00","description":"\u00bfQuieres saber cu\u00e1nto se paga de aut\u00f3nomos el primer a\u00f1o? Te explicamos todo lo relacionado con este tema. \u00a1Entra y desc\u00fabrelo!","breadcrumb":{"@id":"https:\/\/getquipu.com\/blog\/cuota-de-autonomos-primer-ano\/#breadcrumb"},"inLanguage":"es","potentialAction":[{"@type":"ReadAction","target":["https:\/\/getquipu.com\/blog\/cuota-de-autonomos-primer-ano\/"]}]},{"@type":"ImageObject","inLanguage":"es","@id":"https:\/\/getquipu.com\/blog\/cuota-de-autonomos-primer-ano\/#primaryimage","url":"https:\/\/getquipu.com\/wp-content\/uploads\/2022\/08\/30131551\/cuota-autonomo-cuanto-pagar.png","contentUrl":"https:\/\/getquipu.com\/wp-content\/uploads\/2022\/08\/30131551\/cuota-autonomo-cuanto-pagar.png","width":768,"height":295},{"@type":"BreadcrumbList","@id":"https:\/\/getquipu.com\/blog\/cuota-de-autonomos-primer-ano\/#breadcrumb","itemListElement":[{"@type":"ListItem","position":1,"name":"Blog","item":"https:\/\/getquipu.com\/blog\/"},{"@type":"ListItem","position":2,"name":"Nuevos Aut\u00f3nomos","item":"https:\/\/getquipu.com\/blog\/category\/nuevos-autonomos\/"},{"@type":"ListItem","position":3,"name":"\u00bfCu\u00e1nto se paga de aut\u00f3nomos el primer a\u00f1o?"}]},{"@type":"WebSite","@id":"https:\/\/getquipu.com\/blog\/#website","url":"https:\/\/getquipu.com\/blog\/","name":"Aut\u00f3nomos, empresas y asesor\u00edas","description":"Informaci\u00f3n \u00fatil sobre fiscalidad y eficiencia administrativa en negocios como el tuyo.","publisher":{"@id":"https:\/\/getquipu.com\/blog\/#organization"},"potentialAction":[{"@type":"SearchAction","target":{"@type":"EntryPoint","urlTemplate":"https:\/\/getquipu.com\/blog\/?s={search_term_string}"},"query-input":{"@type":"PropertyValueSpecification","valueRequired":true,"valueName":"search_term_string"}}],"inLanguage":"es"},{"@type":"Organization","@id":"https:\/\/getquipu.com\/blog\/#organization","name":"Quipu","url":"https:\/\/getquipu.com\/blog\/","logo":{"@type":"ImageObject","inLanguage":"es","@id":"https:\/\/getquipu.com\/blog\/#\/schema\/logo\/image\/","url":"https:\/\/getquipu.com\/wp-content\/uploads\/2022\/06\/20105810\/logo-quipu.png","contentUrl":"https:\/\/getquipu.com\/wp-content\/uploads\/2022\/06\/20105810\/logo-quipu.png","width":399,"height":399,"caption":"Quipu"},"image":{"@id":"https:\/\/getquipu.com\/blog\/#\/schema\/logo\/image\/"}},{"@type":"Person","@id":"https:\/\/getquipu.com\/blog\/#\/schema\/person\/373ccc5d513d88aea29fc8135422fa2e","name":"Roger Doba\u00f1o - CEO Quipu","image":{"@type":"ImageObject","inLanguage":"es","@id":"https:\/\/getquipu.com\/blog\/#\/schema\/person\/image\/","url":"https:\/\/secure.gravatar.com\/avatar\/34af94bfd8e5677657b0a2d961dc4974?s=96&d=mm&r=g","contentUrl":"https:\/\/secure.gravatar.com\/avatar\/34af94bfd8e5677657b0a2d961dc4974?s=96&d=mm&r=g","caption":"Roger Doba\u00f1o - CEO Quipu"},"description":"Roger es CEO y Fundador de Quipu, un software en la nube que lleva +10 a\u00f1os ayudando a aut\u00f3nomos, pymes y asesor\u00edas a digitalizar su operativa precontable. A ra\u00edz de una mala experiencia como aut\u00f3nomo, Roger se propuso crear un programa que acompa\u00f1ara a los empresarios a lidiar con la administraci\u00f3n.","sameAs":["https:\/\/getquipu.com","https:\/\/www.linkedin.com\/in\/rogerdobano\/","https:\/\/x.com\/@rogerdobano"],"url":"https:\/\/getquipu.com\/blog\/author\/roger\/"}]}},"_links":{"self":[{"href":"https:\/\/getquipu.com\/blog\/wp-json\/wp\/v2\/posts\/30941","targetHints":{"allow":["GET"]}}],"collection":[{"href":"https:\/\/getquipu.com\/blog\/wp-json\/wp\/v2\/posts"}],"about":[{"href":"https:\/\/getquipu.com\/blog\/wp-json\/wp\/v2\/types\/post"}],"author":[{"embeddable":true,"href":"https:\/\/getquipu.com\/blog\/wp-json\/wp\/v2\/users\/3"}],"replies":[{"embeddable":true,"href":"https:\/\/getquipu.com\/blog\/wp-json\/wp\/v2\/comments?post=30941"}],"version-history":[{"count":36,"href":"https:\/\/getquipu.com\/blog\/wp-json\/wp\/v2\/posts\/30941\/revisions"}],"predecessor-version":[{"id":53299,"href":"https:\/\/getquipu.com\/blog\/wp-json\/wp\/v2\/posts\/30941\/revisions\/53299"}],"wp:featuredmedia":[{"embeddable":true,"href":"https:\/\/getquipu.com\/blog\/wp-json\/wp\/v2\/media\/30943"}],"wp:attachment":[{"href":"https:\/\/getquipu.com\/blog\/wp-json\/wp\/v2\/media?parent=30941"}],"wp:term":[{"taxonomy":"category","embeddable":true,"href":"https:\/\/getquipu.com\/blog\/wp-json\/wp\/v2\/categories?post=30941"},{"taxonomy":"post_tag","embeddable":true,"href":"https:\/\/getquipu.com\/blog\/wp-json\/wp\/v2\/tags?post=30941"}],"curies":[{"name":"wp","href":"https:\/\/api.w.org\/{rel}","templated":true}]}}