{"id":2674,"date":"2015-05-27T12:18:49","date_gmt":"2015-05-27T10:18:49","guid":{"rendered":"http:\/\/getquipu.com\/blog\/?p=2674"},"modified":"2025-09-08T13:08:23","modified_gmt":"2025-09-08T11:08:23","slug":"puedo-anadir-cuota-tarifa-autonomos-como-gasto","status":"publish","type":"post","link":"https:\/\/getquipu.com\/blog\/puedo-anadir-cuota-tarifa-autonomos-como-gasto\/","title":{"rendered":"\u00bfPuedo a\u00f1adir la cuota de aut\u00f3nomos como gasto?"},"content":{"rendered":"\n<p>Una de las preguntas m\u00e1s frecuentes que nos hacemos en nuestra constante b\u00fasqueda de rentabilidad y ahorro es si podemos deducirnos la cuota de aut\u00f3nomos como gasto en nuestra actividad.<\/p>\n\n\n\n<p>En otras ocasiones hemos hablado del hecho de desgravar diferentes conceptos relacionados con nuestra actividad econ\u00f3mica. Pero, yendo al quid de la cuesti\u00f3n, \u00bfes posible deducir la cuota de aut\u00f3nomos o no? \u00a1Te lo contamos!<\/p>\n\n\n\n<p><strong>En este art\u00edculo aprender\u00e1s:<\/strong><\/p>\n\n\n\n<ul class=\"wp-block-list\">\n<li><a href=\"#que-es\">\u00bfQu\u00e9 es la tarifa de aut\u00f3nomos?<\/a><\/li>\n\n\n\n<li><a href=\"#deducir-cuota-autonomo\">\u00bfPuedo deducirme la cuota de aut\u00f3nomo?<\/a><\/li>\n\n\n\n<li><a href=\"#registrar-gasto-cuota-autonomo\">\u00bfC\u00f3mo registrar el gasto de la cuota de aut\u00f3nomo?<\/a><\/li>\n\n\n\n<li><a href=\"#otros-gastos-para-deducir-autonomo\">\u00bfQu\u00e9 otros gastos me puedo deducir como aut\u00f3nomo?<\/a><\/li>\n<\/ul>\n\n\n\n<h2 class=\"wp-block-heading\" id=\"que-es\">\u00bfQu\u00e9 es la tarifa de aut\u00f3nomos?<\/h2>\n\n\n\n<p>Toda persona que opta por llevar a cabo una actividad como trabajador por cuenta propia, sin estar sujeta a un contrato laboral con una compa\u00f1\u00eda, debe afrontar <strong>una serie de gastos fijos para poder desarrollar dicha actividad<\/strong>. Uno de ellos es la cuota de aut\u00f3nomos, una tarifa fija que todo emprendedor debe de pagar al final de cada mes, aunque hay opciones como la llamada<a style=\"\" href=\"https:\/\/getquipu.com\/blog\/tarifa-plana-autonomos\/\"> tarifa plana para aut\u00f3nomos<\/a> que ofrecen la opci\u00f3n de pagar una cuota m\u00e1s reducida.<\/p>\n\n\n\n<p>Con el pago de esa cuota de aut\u00f3nomos, los trabajadores por cuenta propia tienen derecho a los mismos servicios y prestaciones (jubilaci\u00f3n, maternidad, etc) que los trabajadores por cuenta ajena.<\/p>\n\n\n\n<p class=\"has-background\" style=\"background-color:#e7f5ff\">\ud83d\udd17 <strong>Ampliar informaci\u00f3n:<\/strong> Si quieres saber m\u00e1s sobre <a href=\"https:\/\/getquipu.com\/blog\/que-es-la-cuota-de-autonomos-y-para-que-sirve\/\">qu\u00e9 es y para qu\u00e9 sirve la cuota de aut\u00f3nomos<\/a> te recomendamos que leas nuestro art\u00edculo espec\u00edfico.<\/p>\n\n\n\n<p>Actualmente, <a href=\"https:\/\/getquipu.com\/blog\/nuevo-sistema-de-cotizacion-para-autonomos-en-funcion-de-ingresos-reales\/\">la cuota de aut\u00f3nomos se calcula en funci\u00f3n de los ingresos reales <\/a>que se tengan. De tal modo que cuanto m\u00e1s ingrese el aut\u00f3nomo, mayor ser\u00e1 la cuota que tenga que pagar. Para este a\u00f1o 2023, la cuota m\u00ednima de aut\u00f3nomos est\u00e1 en 230\u20ac y la cuota m\u00e1xima est\u00e1 en 260\u20ac.<\/p>\n\n\n\n<h2 class=\"wp-block-heading\" id=\"deducir-cuota-autonomo\">\u00bfPuedo deducirme la cuota de aut\u00f3nomo?<\/h2>\n\n\n\n<p>Tenemos una gran noticia para ti: <strong>s\u00ed, la tarifa de aut\u00f3nomos es deducible<\/strong>. Tendemos a pensar que no, que al ser una cantidad que abonamos directamente a la Seguridad Social no hay deducci\u00f3n posible, pero no solo puedes deduc\u00edrtela, sino que adem\u00e1s el proceso es muy sencillo de realizar. <\/p>\n\n\n\n<p>Tan solo necesitas un extracto bancario en el que se refleje el pago de la cuota de aut\u00f3nomos, por lo que no tendr\u00e1s que andar lidiando con facturas.<\/p>\n\n\n\n<p class=\"has-background\" style=\"background-color:#e7f5ff\">\ud83d\udd17 <strong>Ampliar informaci\u00f3n: <\/strong>Si quieres saber m\u00e1s sobre <a href=\"https:\/\/getquipu.com\/blog\/nueva-cuota-de-autonomos\/\">la cuota de aut\u00f3nomos en 2025 <\/a>te recomendamos que leas nuestro art\u00edculo espec\u00edfico.<\/p>\n\n\n\n<p>Piensa que para ti es un gasto que tienes a la hora de poder desarrollar tu negocio, y que por tanto es ineludible y obligatorio, \u00bfqu\u00e9 menos que tener una peque\u00f1a ayuda con la que facilitar un poco tu camino? Cada trimestre, seg\u00fan la cuota que tengas, te supone un gasto considerable, que lo ser\u00e1 m\u00e1s a\u00fan en un futuro pr\u00f3ximo.&nbsp;<\/p>\n\n\n\n<h2 class=\"wp-block-heading\" id=\"registrar-gasto-cuota-autonomo\">\u00bfC\u00f3mo registrar el gasto de la cuota de aut\u00f3nomo?<\/h2>\n\n\n\n<p>Tal y como ya te hemos dicho, deducir la cuota de aut\u00f3nomos resulta tan sencillo que ni siquiera necesitas registrar factura para hacerlo. Esto se debe a que no incluye IVA, por lo que <strong>lo \u00fanico que necesitas es un recibo de tu banco<\/strong> que justifique que la has abonado en tiempo y forma y, por tanto, que todo est\u00e1 en orden con ella.<\/p>\n\n\n\n<p>Ahora bien, ya sabes que para poder deducir un gasto este debe estar correctamente registrado en tus cuentas.&nbsp;<\/p>\n\n\n\n<ul class=\"wp-block-list\">\n<li>Para ello debes generar un nuevo gasto en tu programa de facturaci\u00f3n y a\u00f1adir como proveedor a la Tesorer\u00eda General de la Seguridad Social.<\/li>\n\n\n\n<li>Es necesario poner como fecha la del recibo, y debe figurar un concepto claro.<\/li>\n\n\n\n<li>Como concepto del gasto, se debe de poner algo similar a \u00abCuota de aut\u00f3nomos mes XX\u00bb.<\/li>\n\n\n\n<li>Seguidamente introduciremos la cantidad correspondiente de la cuota de aut\u00f3nomo de ese mes.<\/li>\n\n\n\n<li>Ya solo faltar\u00e1 a\u00f1adir el tipo de gasto que es, \u00a1y listo!<\/li>\n<\/ul>\n\n\n\n<h2 class=\"wp-block-heading\" id=\"otros-gastos-para-deducir-autonomo\">\u00bfQu\u00e9 otros gastos me puedo deducir como aut\u00f3nomo?<\/h2>\n\n\n\n<p>Igual que con la cuota de aut\u00f3nomo ocurre que con el resto de tickets que para ti suponen un gasto, como ir a comer con un cliente, la gasolina de tus desplazamientos\u2026<\/p>\n\n\n\n<p>Nos conviene tener controlado todo gasto que pueda ser deducible, ya que todo lo que podamos ahorrar en tributaci\u00f3n<strong> lo ganaremos en un mayor margen de rentabilidad para nuestro negocio<\/strong> y una mayor liquidez.<\/p>\n\n\n\n<p>Aqu\u00ed te dejamos un breve listado con los principales ejemplos de gastos que podr\u00e1s deducirte como aut\u00f3nomo:<\/p>\n\n\n\n<ul class=\"wp-block-list\">\n<li>Los pagos a otros aut\u00f3nomos por sus servicios se consideran gastos deducibles.<\/li>\n\n\n\n<li>De igual modo, se pueden deducir las cotizaciones tanto del trabajador por cuenta propia como de los trabajadores por cuenta ajena a su cargo, as\u00ed como los pagos de salarios o las indemnizaciones a estos \u00faltimos.<\/li>\n\n\n\n<li>El pago de alquileres, tanto de centros de trabajo como de veh\u00edculos y otros activos no amortizables. Aqu\u00ed tambi\u00e9n se incluye la asistencia t\u00e9cnica.<\/li>\n\n\n\n<li>Tambi\u00e9n son deducibles los gastos en productos financieros como ciertos seguros o planes de pensiones, as\u00ed como la inversi\u00f3n en formaci\u00f3n.<\/li>\n\n\n\n<li>Gastos exteriores como el combustible, el mantenimiento y la compra de veh\u00edculos, las facturas telef\u00f3nicas o la inversi\u00f3n en publicidad, aunque deben estar directamente relacionados con la actividad econ\u00f3mica.<\/li>\n\n\n\n<li>Pueden deducirse tambi\u00e9n los consumos de explotaci\u00f3n, as\u00ed como impuestos como el de actividades econ\u00f3micas o bienes inmuebles.<\/li>\n\n\n\n<li>Los costes derivados por la depreciaci\u00f3n de bienes materiales o intangibles tambi\u00e9n entrar\u00edan dentro de esta selecci\u00f3n de gastos deducibles para un aut\u00f3nomo.<\/li>\n<\/ul>\n\n\n\n<p>Como ves, m\u00e1s all\u00e1 de poder deducirte la tarifa de aut\u00f3nomos, existen toda una serie de beneficios de los que puedes aprovecharte si tu actividad econ\u00f3mica implica ciertos gastos.<\/p>\n\n\n\n<script type=\"application\/ld+json\">\n{\n  \"@context\": \"https:\/\/schema.org\",\n  \"@graph\": [\n    {\n      \"@type\": \"Organization\",\n      \"@id\": \"https:\/\/getquipu.com\/#organization\",\n      \"name\": \"Quipu\",\n      \"url\": \"https:\/\/getquipu.com\/\"\n    },\n    {\n      \"@type\": \"BreadcrumbList\",\n      \"@id\": \"https:\/\/getquipu.com\/blog\/puedo-anadir-cuota-tarifa-autonomos-como-gasto\/#breadcrumbs\",\n      \"itemListElement\": [\n        {\n          \"@type\": \"ListItem\",\n          \"position\": 1,\n          \"name\": \"Blog\",\n          \"item\": \"https:\/\/getquipu.com\/blog\/\"\n        },\n        {\n          \"@type\": \"ListItem\",\n          \"position\": 2,\n          \"name\": \"Nuevos Aut\u00f3nomos\",\n          \"item\": \"https:\/\/getquipu.com\/blog\/category\/nuevos-autonomos\/\"\n        },\n        {\n          \"@type\": \"ListItem\",\n          \"position\": 3,\n          \"name\": \"\u00bfPuedo a\u00f1adir la cuota de aut\u00f3nomos como gasto?\",\n          \"item\": \"https:\/\/getquipu.com\/blog\/puedo-anadir-cuota-tarifa-autonomos-como-gasto\/\"\n        }\n      ]\n    },\n    {\n      \"@type\": \"BlogPosting\",\n      \"@id\": \"https:\/\/getquipu.com\/blog\/puedo-anadir-cuota-tarifa-autonomos-como-gasto\/#article\",\n      \"mainEntityOfPage\": {\n        \"@type\": \"WebPage\",\n        \"@id\": \"https:\/\/getquipu.com\/blog\/puedo-anadir-cuota-tarifa-autonomos-como-gasto\/\"\n      },\n      \"isPartOf\": {\n        \"@type\": \"Blog\",\n        \"@id\": \"https:\/\/getquipu.com\/blog\/#blog\",\n        \"name\": \"Blog de Quipu\",\n        \"url\": \"https:\/\/getquipu.com\/blog\/\"\n      },\n      \"headline\": \"\u00bfPuedo a\u00f1adir la cuota de aut\u00f3nomos como gasto?\",\n      \"alternativeHeadline\": \"C\u00f3mo deducir la cuota de aut\u00f3nomos (pasos y ejemplos)\",\n      \"inLanguage\": \"es-ES\",\n      \"articleSection\": [\"Nuevos Aut\u00f3nomos\", \"Fiscalidad\", \"Deducir\"],\n      \"keywords\": [\"cuota de aut\u00f3nomos\", \"gasto deducible\", \"Seguridad Social\", \"aut\u00f3nomos 2025\", \"contabilidad\", \"IRPF\"],\n      \"description\": \"S\u00ed: la cuota de aut\u00f3nomos es deducible. Te explicamos qu\u00e9 es, c\u00f3mo registrarla sin factura (con el recibo bancario) y qu\u00e9 otros gastos puedes deducir como aut\u00f3nomo.\",\n      \"author\": {\n        \"@type\": \"Person\",\n        \"name\": \"Roger Doba\u00f1o\",\n        \"jobTitle\": \"CEO de Quipu\",\n        \"url\": \"https:\/\/getquipu.com\/blog\/author\/roger\/\"\n      },\n      \"publisher\": {\n        \"@type\": \"Organization\",\n        \"@id\": \"https:\/\/getquipu.com\/#organization\"\n      },\n      \"datePublished\": \"2015-05-27T12:18:00+02:00\",\n      \"dateModified\": \"2025-09-08T00:00:00+02:00\",\n      \"isAccessibleForFree\": true\n    },\n    {\n      \"@type\": \"FAQPage\",\n      \"@id\": \"https:\/\/getquipu.com\/blog\/puedo-anadir-cuota-tarifa-autonomos-como-gasto\/#faq\",\n      \"mainEntity\": [\n        {\n          \"@type\": \"Question\",\n          \"name\": \"\u00bfQu\u00e9 es la tarifa de aut\u00f3nomos?\",\n          \"acceptedAnswer\": {\n            \"@type\": \"Answer\",\n            \"text\": \"Es la cuota mensual que paga el trabajador por cuenta propia a la Seguridad Social para acceder a prestaciones como jubilaci\u00f3n o maternidad. Existen modalidades como la tarifa plana y, desde el nuevo sistema, la cuota se ajusta a los ingresos reales.\"\n          }\n        },\n        {\n          \"@type\": \"Question\",\n          \"name\": \"\u00bfPuedo deducirme la cuota de aut\u00f3nomo?\",\n          \"acceptedAnswer\": {\n            \"@type\": \"Answer\",\n            \"text\": \"S\u00ed. La cuota de aut\u00f3nomos es un gasto deducible. No necesitas factura: basta con el extracto o recibo bancario donde conste el cargo de la Tesorer\u00eda General de la Seguridad Social.\"\n          }\n        },\n        {\n          \"@type\": \"Question\",\n          \"name\": \"\u00bfC\u00f3mo registrar el gasto de la cuota de aut\u00f3nomo?\",\n          \"acceptedAnswer\": {\n            \"@type\": \"Answer\",\n            \"text\": \"Crea un gasto en tu programa de facturaci\u00f3n con la Tesorer\u00eda General de la Seguridad Social como proveedor, usa la fecha del recibo, a\u00f1ade un concepto claro (por ejemplo, \u00abCuota de aut\u00f3nomos mes XX\u00bb) e introduce el importe del mes.\"\n          }\n        },\n        {\n          \"@type\": \"Question\",\n          \"name\": \"\u00bfQu\u00e9 otros gastos me puedo deducir como aut\u00f3nomo?\",\n          \"acceptedAnswer\": {\n            \"@type\": \"Answer\",\n            \"text\": \"Entre otros: pagos a otros profesionales, cotizaciones, salarios e indemnizaciones, alquileres y asistencia t\u00e9cnica, seguros y formaci\u00f3n, combustible y veh\u00edculo afecto, tel\u00e9fono y publicidad, consumos de explotaci\u00f3n, ciertos impuestos y amortizaciones.\"\n          }\n        }\n      ]\n    }\n  ]\n}\n<\/script>\n\n","protected":false},"excerpt":{"rendered":"<p>Una de las preguntas m\u00e1s frecuentes que nos hacemos en nuestra constante b\u00fasqueda de rentabilidad y ahorro es si podemos deducirnos la cuota de aut\u00f3nomos como gasto en nuestra actividad.<\/p>\n","protected":false},"author":3,"featured_media":25887,"comment_status":"closed","ping_status":"closed","sticky":false,"template":"","format":"standard","meta":{"footnotes":""},"categories":[480],"tags":[],"class_list":["post-2674","post","type-post","status-publish","format-standard","has-post-thumbnail","hentry","category-nuevos-autonomos","generate-columns","tablet-grid-50","mobile-grid-100","grid-parent","grid-50","resize-featured-image"],"yoast_head":"<!-- This site is optimized with the Yoast SEO plugin v23.9 - https:\/\/yoast.com\/wordpress\/plugins\/seo\/ -->\n<title>\u00bfPuedo a\u00f1adir la cuota de aut\u00f3nomos como gasto? (2026)<\/title>\n<meta name=\"description\" content=\"\u00bfNo sabes si puedes incluir la cuota de aut\u00f3nomo como gasto? Te contamos lo que necesitas saber. \u00a1Entra y desc\u00fabrelo!\" \/>\n<meta name=\"robots\" content=\"index, follow, max-snippet:-1, max-image-preview:large, max-video-preview:-1\" \/>\n<link rel=\"canonical\" href=\"https:\/\/getquipu.com\/blog\/puedo-anadir-cuota-tarifa-autonomos-como-gasto\/\" \/>\n<meta property=\"og:locale\" content=\"es_ES\" \/>\n<meta property=\"og:type\" content=\"article\" \/>\n<meta property=\"og:title\" content=\"\u00bfPuedo a\u00f1adir la cuota de aut\u00f3nomos como gasto? (2026)\" \/>\n<meta property=\"og:description\" content=\"\u00bfNo sabes si puedes incluir la cuota de aut\u00f3nomo como gasto? Te contamos lo que necesitas saber. \u00a1Entra y desc\u00fabrelo!\" \/>\n<meta property=\"og:url\" content=\"https:\/\/getquipu.com\/blog\/puedo-anadir-cuota-tarifa-autonomos-como-gasto\/\" \/>\n<meta property=\"og:site_name\" content=\"Aut\u00f3nomos, empresas y asesor\u00edas\" \/>\n<meta property=\"article:published_time\" content=\"2015-05-27T10:18:49+00:00\" \/>\n<meta property=\"article:modified_time\" content=\"2025-09-08T11:08:23+00:00\" \/>\n<meta property=\"og:image\" content=\"https:\/\/getquipu.com\/wp-content\/uploads\/2022\/03\/08111123\/cuota-de-autonomo-como-gasto-portada.png\" \/>\n\t<meta property=\"og:image:width\" content=\"768\" \/>\n\t<meta property=\"og:image:height\" content=\"295\" \/>\n\t<meta property=\"og:image:type\" content=\"image\/png\" \/>\n<meta name=\"author\" content=\"Roger Doba\u00f1o - CEO Quipu\" \/>\n<meta name=\"twitter:card\" content=\"summary_large_image\" \/>\n<meta name=\"twitter:creator\" content=\"@rogerdobano\" \/>\n<meta name=\"twitter:label1\" content=\"Escrito por\" \/>\n\t<meta name=\"twitter:data1\" content=\"Roger Doba\u00f1o - CEO Quipu\" \/>\n\t<meta name=\"twitter:label2\" content=\"Tiempo de lectura\" \/>\n\t<meta name=\"twitter:data2\" content=\"5 minutos\" \/>\n<script type=\"application\/ld+json\" class=\"yoast-schema-graph\">{\"@context\":\"https:\/\/schema.org\",\"@graph\":[{\"@type\":\"Article\",\"@id\":\"https:\/\/getquipu.com\/blog\/puedo-anadir-cuota-tarifa-autonomos-como-gasto\/#article\",\"isPartOf\":{\"@id\":\"https:\/\/getquipu.com\/blog\/puedo-anadir-cuota-tarifa-autonomos-como-gasto\/\"},\"author\":{\"name\":\"Roger Doba\u00f1o - CEO Quipu\",\"@id\":\"https:\/\/getquipu.com\/blog\/#\/schema\/person\/373ccc5d513d88aea29fc8135422fa2e\"},\"headline\":\"\u00bfPuedo a\u00f1adir la cuota de aut\u00f3nomos como gasto?\",\"datePublished\":\"2015-05-27T10:18:49+00:00\",\"dateModified\":\"2025-09-08T11:08:23+00:00\",\"mainEntityOfPage\":{\"@id\":\"https:\/\/getquipu.com\/blog\/puedo-anadir-cuota-tarifa-autonomos-como-gasto\/\"},\"wordCount\":1001,\"publisher\":{\"@id\":\"https:\/\/getquipu.com\/blog\/#organization\"},\"image\":{\"@id\":\"https:\/\/getquipu.com\/blog\/puedo-anadir-cuota-tarifa-autonomos-como-gasto\/#primaryimage\"},\"thumbnailUrl\":\"https:\/\/getquipu.com\/wp-content\/uploads\/2022\/03\/08111123\/cuota-de-autonomo-como-gasto-portada.png\",\"articleSection\":[\"Nuevos Aut\u00f3nomos\"],\"inLanguage\":\"es\"},{\"@type\":\"WebPage\",\"@id\":\"https:\/\/getquipu.com\/blog\/puedo-anadir-cuota-tarifa-autonomos-como-gasto\/\",\"url\":\"https:\/\/getquipu.com\/blog\/puedo-anadir-cuota-tarifa-autonomos-como-gasto\/\",\"name\":\"\u00bfPuedo a\u00f1adir la cuota de aut\u00f3nomos como gasto? (2026)\",\"isPartOf\":{\"@id\":\"https:\/\/getquipu.com\/blog\/#website\"},\"primaryImageOfPage\":{\"@id\":\"https:\/\/getquipu.com\/blog\/puedo-anadir-cuota-tarifa-autonomos-como-gasto\/#primaryimage\"},\"image\":{\"@id\":\"https:\/\/getquipu.com\/blog\/puedo-anadir-cuota-tarifa-autonomos-como-gasto\/#primaryimage\"},\"thumbnailUrl\":\"https:\/\/getquipu.com\/wp-content\/uploads\/2022\/03\/08111123\/cuota-de-autonomo-como-gasto-portada.png\",\"datePublished\":\"2015-05-27T10:18:49+00:00\",\"dateModified\":\"2025-09-08T11:08:23+00:00\",\"description\":\"\u00bfNo sabes si puedes incluir la cuota de aut\u00f3nomo como gasto? Te contamos lo que necesitas saber. \u00a1Entra y desc\u00fabrelo!\",\"breadcrumb\":{\"@id\":\"https:\/\/getquipu.com\/blog\/puedo-anadir-cuota-tarifa-autonomos-como-gasto\/#breadcrumb\"},\"inLanguage\":\"es\",\"potentialAction\":[{\"@type\":\"ReadAction\",\"target\":[\"https:\/\/getquipu.com\/blog\/puedo-anadir-cuota-tarifa-autonomos-como-gasto\/\"]}]},{\"@type\":\"ImageObject\",\"inLanguage\":\"es\",\"@id\":\"https:\/\/getquipu.com\/blog\/puedo-anadir-cuota-tarifa-autonomos-como-gasto\/#primaryimage\",\"url\":\"https:\/\/getquipu.com\/wp-content\/uploads\/2022\/03\/08111123\/cuota-de-autonomo-como-gasto-portada.png\",\"contentUrl\":\"https:\/\/getquipu.com\/wp-content\/uploads\/2022\/03\/08111123\/cuota-de-autonomo-como-gasto-portada.png\",\"width\":768,\"height\":295,\"caption\":\"deducirme la cuota de autonomo como gasto\"},{\"@type\":\"BreadcrumbList\",\"@id\":\"https:\/\/getquipu.com\/blog\/puedo-anadir-cuota-tarifa-autonomos-como-gasto\/#breadcrumb\",\"itemListElement\":[{\"@type\":\"ListItem\",\"position\":1,\"name\":\"Blog\",\"item\":\"https:\/\/getquipu.com\/blog\/\"},{\"@type\":\"ListItem\",\"position\":2,\"name\":\"Nuevos Aut\u00f3nomos\",\"item\":\"https:\/\/getquipu.com\/blog\/category\/nuevos-autonomos\/\"},{\"@type\":\"ListItem\",\"position\":3,\"name\":\"\u00bfPuedo a\u00f1adir la cuota de aut\u00f3nomos como gasto?\"}]},{\"@type\":\"WebSite\",\"@id\":\"https:\/\/getquipu.com\/blog\/#website\",\"url\":\"https:\/\/getquipu.com\/blog\/\",\"name\":\"Aut\u00f3nomos, empresas y asesor\u00edas\",\"description\":\"Informaci\u00f3n \u00fatil sobre fiscalidad y eficiencia administrativa en negocios como el tuyo.\",\"publisher\":{\"@id\":\"https:\/\/getquipu.com\/blog\/#organization\"},\"potentialAction\":[{\"@type\":\"SearchAction\",\"target\":{\"@type\":\"EntryPoint\",\"urlTemplate\":\"https:\/\/getquipu.com\/blog\/?s={search_term_string}\"},\"query-input\":{\"@type\":\"PropertyValueSpecification\",\"valueRequired\":true,\"valueName\":\"search_term_string\"}}],\"inLanguage\":\"es\"},{\"@type\":\"Organization\",\"@id\":\"https:\/\/getquipu.com\/blog\/#organization\",\"name\":\"Quipu\",\"url\":\"https:\/\/getquipu.com\/blog\/\",\"logo\":{\"@type\":\"ImageObject\",\"inLanguage\":\"es\",\"@id\":\"https:\/\/getquipu.com\/blog\/#\/schema\/logo\/image\/\",\"url\":\"https:\/\/getquipu.com\/wp-content\/uploads\/2022\/06\/20105810\/logo-quipu.png\",\"contentUrl\":\"https:\/\/getquipu.com\/wp-content\/uploads\/2022\/06\/20105810\/logo-quipu.png\",\"width\":399,\"height\":399,\"caption\":\"Quipu\"},\"image\":{\"@id\":\"https:\/\/getquipu.com\/blog\/#\/schema\/logo\/image\/\"}},{\"@type\":\"Person\",\"@id\":\"https:\/\/getquipu.com\/blog\/#\/schema\/person\/373ccc5d513d88aea29fc8135422fa2e\",\"name\":\"Roger Doba\u00f1o - CEO Quipu\",\"image\":{\"@type\":\"ImageObject\",\"inLanguage\":\"es\",\"@id\":\"https:\/\/getquipu.com\/blog\/#\/schema\/person\/image\/\",\"url\":\"https:\/\/secure.gravatar.com\/avatar\/34af94bfd8e5677657b0a2d961dc4974?s=96&d=mm&r=g\",\"contentUrl\":\"https:\/\/secure.gravatar.com\/avatar\/34af94bfd8e5677657b0a2d961dc4974?s=96&d=mm&r=g\",\"caption\":\"Roger Doba\u00f1o - CEO Quipu\"},\"description\":\"Roger es CEO y Fundador de Quipu, un software en la nube que lleva +10 a\u00f1os ayudando a aut\u00f3nomos, pymes y asesor\u00edas a digitalizar su operativa precontable. A ra\u00edz de una mala experiencia como aut\u00f3nomo, Roger se propuso crear un programa que acompa\u00f1ara a los empresarios a lidiar con la administraci\u00f3n.\",\"sameAs\":[\"https:\/\/getquipu.com\",\"https:\/\/www.linkedin.com\/in\/rogerdobano\/\",\"https:\/\/x.com\/@rogerdobano\"],\"url\":\"https:\/\/getquipu.com\/blog\/author\/roger\/\"}]}<\/script>\n<!-- \/ Yoast SEO plugin. -->","yoast_head_json":{"title":"\u00bfPuedo a\u00f1adir la cuota de aut\u00f3nomos como gasto? (2026)","description":"\u00bfNo sabes si puedes incluir la cuota de aut\u00f3nomo como gasto? Te contamos lo que necesitas saber. \u00a1Entra y desc\u00fabrelo!","robots":{"index":"index","follow":"follow","max-snippet":"max-snippet:-1","max-image-preview":"max-image-preview:large","max-video-preview":"max-video-preview:-1"},"canonical":"https:\/\/getquipu.com\/blog\/puedo-anadir-cuota-tarifa-autonomos-como-gasto\/","og_locale":"es_ES","og_type":"article","og_title":"\u00bfPuedo a\u00f1adir la cuota de aut\u00f3nomos como gasto? (2026)","og_description":"\u00bfNo sabes si puedes incluir la cuota de aut\u00f3nomo como gasto? Te contamos lo que necesitas saber. \u00a1Entra y desc\u00fabrelo!","og_url":"https:\/\/getquipu.com\/blog\/puedo-anadir-cuota-tarifa-autonomos-como-gasto\/","og_site_name":"Aut\u00f3nomos, empresas y asesor\u00edas","article_published_time":"2015-05-27T10:18:49+00:00","article_modified_time":"2025-09-08T11:08:23+00:00","og_image":[{"width":768,"height":295,"url":"https:\/\/getquipu.com\/wp-content\/uploads\/2022\/03\/08111123\/cuota-de-autonomo-como-gasto-portada.png","type":"image\/png"}],"author":"Roger Doba\u00f1o - CEO Quipu","twitter_card":"summary_large_image","twitter_creator":"@rogerdobano","twitter_misc":{"Escrito por":"Roger Doba\u00f1o - CEO Quipu","Tiempo de lectura":"5 minutos"},"schema":{"@context":"https:\/\/schema.org","@graph":[{"@type":"Article","@id":"https:\/\/getquipu.com\/blog\/puedo-anadir-cuota-tarifa-autonomos-como-gasto\/#article","isPartOf":{"@id":"https:\/\/getquipu.com\/blog\/puedo-anadir-cuota-tarifa-autonomos-como-gasto\/"},"author":{"name":"Roger Doba\u00f1o - CEO Quipu","@id":"https:\/\/getquipu.com\/blog\/#\/schema\/person\/373ccc5d513d88aea29fc8135422fa2e"},"headline":"\u00bfPuedo a\u00f1adir la cuota de aut\u00f3nomos como gasto?","datePublished":"2015-05-27T10:18:49+00:00","dateModified":"2025-09-08T11:08:23+00:00","mainEntityOfPage":{"@id":"https:\/\/getquipu.com\/blog\/puedo-anadir-cuota-tarifa-autonomos-como-gasto\/"},"wordCount":1001,"publisher":{"@id":"https:\/\/getquipu.com\/blog\/#organization"},"image":{"@id":"https:\/\/getquipu.com\/blog\/puedo-anadir-cuota-tarifa-autonomos-como-gasto\/#primaryimage"},"thumbnailUrl":"https:\/\/getquipu.com\/wp-content\/uploads\/2022\/03\/08111123\/cuota-de-autonomo-como-gasto-portada.png","articleSection":["Nuevos Aut\u00f3nomos"],"inLanguage":"es"},{"@type":"WebPage","@id":"https:\/\/getquipu.com\/blog\/puedo-anadir-cuota-tarifa-autonomos-como-gasto\/","url":"https:\/\/getquipu.com\/blog\/puedo-anadir-cuota-tarifa-autonomos-como-gasto\/","name":"\u00bfPuedo a\u00f1adir la cuota de aut\u00f3nomos como gasto? (2026)","isPartOf":{"@id":"https:\/\/getquipu.com\/blog\/#website"},"primaryImageOfPage":{"@id":"https:\/\/getquipu.com\/blog\/puedo-anadir-cuota-tarifa-autonomos-como-gasto\/#primaryimage"},"image":{"@id":"https:\/\/getquipu.com\/blog\/puedo-anadir-cuota-tarifa-autonomos-como-gasto\/#primaryimage"},"thumbnailUrl":"https:\/\/getquipu.com\/wp-content\/uploads\/2022\/03\/08111123\/cuota-de-autonomo-como-gasto-portada.png","datePublished":"2015-05-27T10:18:49+00:00","dateModified":"2025-09-08T11:08:23+00:00","description":"\u00bfNo sabes si puedes incluir la cuota de aut\u00f3nomo como gasto? Te contamos lo que necesitas saber. \u00a1Entra y desc\u00fabrelo!","breadcrumb":{"@id":"https:\/\/getquipu.com\/blog\/puedo-anadir-cuota-tarifa-autonomos-como-gasto\/#breadcrumb"},"inLanguage":"es","potentialAction":[{"@type":"ReadAction","target":["https:\/\/getquipu.com\/blog\/puedo-anadir-cuota-tarifa-autonomos-como-gasto\/"]}]},{"@type":"ImageObject","inLanguage":"es","@id":"https:\/\/getquipu.com\/blog\/puedo-anadir-cuota-tarifa-autonomos-como-gasto\/#primaryimage","url":"https:\/\/getquipu.com\/wp-content\/uploads\/2022\/03\/08111123\/cuota-de-autonomo-como-gasto-portada.png","contentUrl":"https:\/\/getquipu.com\/wp-content\/uploads\/2022\/03\/08111123\/cuota-de-autonomo-como-gasto-portada.png","width":768,"height":295,"caption":"deducirme la cuota de autonomo como gasto"},{"@type":"BreadcrumbList","@id":"https:\/\/getquipu.com\/blog\/puedo-anadir-cuota-tarifa-autonomos-como-gasto\/#breadcrumb","itemListElement":[{"@type":"ListItem","position":1,"name":"Blog","item":"https:\/\/getquipu.com\/blog\/"},{"@type":"ListItem","position":2,"name":"Nuevos Aut\u00f3nomos","item":"https:\/\/getquipu.com\/blog\/category\/nuevos-autonomos\/"},{"@type":"ListItem","position":3,"name":"\u00bfPuedo a\u00f1adir la cuota de aut\u00f3nomos como gasto?"}]},{"@type":"WebSite","@id":"https:\/\/getquipu.com\/blog\/#website","url":"https:\/\/getquipu.com\/blog\/","name":"Aut\u00f3nomos, empresas y asesor\u00edas","description":"Informaci\u00f3n \u00fatil sobre fiscalidad y eficiencia administrativa en negocios como el tuyo.","publisher":{"@id":"https:\/\/getquipu.com\/blog\/#organization"},"potentialAction":[{"@type":"SearchAction","target":{"@type":"EntryPoint","urlTemplate":"https:\/\/getquipu.com\/blog\/?s={search_term_string}"},"query-input":{"@type":"PropertyValueSpecification","valueRequired":true,"valueName":"search_term_string"}}],"inLanguage":"es"},{"@type":"Organization","@id":"https:\/\/getquipu.com\/blog\/#organization","name":"Quipu","url":"https:\/\/getquipu.com\/blog\/","logo":{"@type":"ImageObject","inLanguage":"es","@id":"https:\/\/getquipu.com\/blog\/#\/schema\/logo\/image\/","url":"https:\/\/getquipu.com\/wp-content\/uploads\/2022\/06\/20105810\/logo-quipu.png","contentUrl":"https:\/\/getquipu.com\/wp-content\/uploads\/2022\/06\/20105810\/logo-quipu.png","width":399,"height":399,"caption":"Quipu"},"image":{"@id":"https:\/\/getquipu.com\/blog\/#\/schema\/logo\/image\/"}},{"@type":"Person","@id":"https:\/\/getquipu.com\/blog\/#\/schema\/person\/373ccc5d513d88aea29fc8135422fa2e","name":"Roger Doba\u00f1o - CEO Quipu","image":{"@type":"ImageObject","inLanguage":"es","@id":"https:\/\/getquipu.com\/blog\/#\/schema\/person\/image\/","url":"https:\/\/secure.gravatar.com\/avatar\/34af94bfd8e5677657b0a2d961dc4974?s=96&d=mm&r=g","contentUrl":"https:\/\/secure.gravatar.com\/avatar\/34af94bfd8e5677657b0a2d961dc4974?s=96&d=mm&r=g","caption":"Roger Doba\u00f1o - CEO Quipu"},"description":"Roger es CEO y Fundador de Quipu, un software en la nube que lleva +10 a\u00f1os ayudando a aut\u00f3nomos, pymes y asesor\u00edas a digitalizar su operativa precontable. A ra\u00edz de una mala experiencia como aut\u00f3nomo, Roger se propuso crear un programa que acompa\u00f1ara a los empresarios a lidiar con la administraci\u00f3n.","sameAs":["https:\/\/getquipu.com","https:\/\/www.linkedin.com\/in\/rogerdobano\/","https:\/\/x.com\/@rogerdobano"],"url":"https:\/\/getquipu.com\/blog\/author\/roger\/"}]}},"_links":{"self":[{"href":"https:\/\/getquipu.com\/blog\/wp-json\/wp\/v2\/posts\/2674","targetHints":{"allow":["GET"]}}],"collection":[{"href":"https:\/\/getquipu.com\/blog\/wp-json\/wp\/v2\/posts"}],"about":[{"href":"https:\/\/getquipu.com\/blog\/wp-json\/wp\/v2\/types\/post"}],"author":[{"embeddable":true,"href":"https:\/\/getquipu.com\/blog\/wp-json\/wp\/v2\/users\/3"}],"replies":[{"embeddable":true,"href":"https:\/\/getquipu.com\/blog\/wp-json\/wp\/v2\/comments?post=2674"}],"version-history":[{"count":45,"href":"https:\/\/getquipu.com\/blog\/wp-json\/wp\/v2\/posts\/2674\/revisions"}],"predecessor-version":[{"id":52254,"href":"https:\/\/getquipu.com\/blog\/wp-json\/wp\/v2\/posts\/2674\/revisions\/52254"}],"wp:featuredmedia":[{"embeddable":true,"href":"https:\/\/getquipu.com\/blog\/wp-json\/wp\/v2\/media\/25887"}],"wp:attachment":[{"href":"https:\/\/getquipu.com\/blog\/wp-json\/wp\/v2\/media?parent=2674"}],"wp:term":[{"taxonomy":"category","embeddable":true,"href":"https:\/\/getquipu.com\/blog\/wp-json\/wp\/v2\/categories?post=2674"},{"taxonomy":"post_tag","embeddable":true,"href":"https:\/\/getquipu.com\/blog\/wp-json\/wp\/v2\/tags?post=2674"}],"curies":[{"name":"wp","href":"https:\/\/api.w.org\/{rel}","templated":true}]}}