{"id":25997,"date":"2022-03-08T16:25:48","date_gmt":"2022-03-08T15:25:48","guid":{"rendered":"https:\/\/getquipu.com\/blog\/?p=25997"},"modified":"2024-11-06T17:19:09","modified_gmt":"2024-11-06T16:19:09","slug":"base-imponible-factura","status":"publish","type":"post","link":"https:\/\/getquipu.com\/blog\/base-imponible-factura\/","title":{"rendered":"Base imponible de un factura: qu\u00e9 es y c\u00f3mo calcularla"},"content":{"rendered":"\n<p>La base imponible de una factura es <strong>uno de los elementos m\u00e1s importantes de cualquier proceso de facturaci\u00f3n<\/strong> y, por lo tanto, un concepto clave para cualquier negocio. A partir del c\u00e1lculo de la base imponible, las empresas y aut\u00f3nomos pueden conocer el importe del beneficio real de su actividad sin considerar los impuestos o retenciones.<\/p>\n\n\n\n<p>Saber <strong>c\u00f3mo hallar la base imponible<\/strong> de una factura es esencial en la actividad de cualquier profesional, pues se trata de una de las partes de una factura m\u00e1s importantes. En este art\u00edculo vamos a explicar de forma detallada y con ejemplos qu\u00e9 es la base imponible en una factura, c\u00f3mo calcular la base imponible con IVA y con IRPF, as\u00ed como la diferencia que existe entre base imponible y base liquidable.<\/p>\n\n\n\n<p><strong>En este art\u00edculo aprender\u00e1s<\/strong>:<\/p>\n\n\n\n<ul class=\"wp-block-list\">\n<li><a href=\"#que-es\">\u00bfQu\u00e9 es la base imponible en una factura?<\/a><\/li>\n\n\n\n<li><a href=\"#que-podemos-incluir\">\u00bfQu\u00e9 podemos incluir en la base imponible?<\/a><\/li>\n\n\n\n<li><a href=\"#como-calcular\">\u00bfC\u00f3mo calcular la base imponible de una factura?<\/a><\/li>\n\n\n\n<li><a href=\"#diferencia\">\u00bfCu\u00e1l es la diferencia entre la base imponible y la base liquidable?<\/a><\/li>\n\n\n\n<li><a href=\"#ejemplo\">Ejemplo de la base imponible de una factura<\/a><\/li>\n<\/ul>\n\n\n\n<div class=\"wp-block-group has-background\" style=\"background-color:#fef9f5\"><div class=\"wp-block-group__inner-container is-layout-flow wp-block-group-is-layout-flow\">\n<p class=\"has-text-align-center has-medium-font-size\"><strong>\u00bfC\u00f3mo funcionan la base imponible, IVA y IRPF en una factura?<\/strong><\/p>\n\n\n\n<p>\ud83d\udcf9 <strong>V\u00eddeo explicativo:<\/strong> En el siguiente v\u00eddeo te mostramos c\u00f3mo calcular la base imponible, el IVA y el IRPF en una factura. Adem\u00e1s, te explicamos su importancia en la presentaci\u00f3n de impuestos.<\/p>\n\n\n\n<div class=\"iframe-container\">\n\n<iframe class=\"responsive-iframe\" title=\"YouTube video player\" src=\"https:\/\/www.youtube.com\/embed\/8L4pjx87wF4?rel=0\" frameborder=\"0\" allowfullscreen=\"allowfullscreen\"><\/iframe>\n\n<\/div>\n\n\n\n<div style=\"height:20px\" aria-hidden=\"true\" class=\"wp-block-spacer\"><\/div>\n\n\n\n<div class=\"btn-div-destacado\"><a href=\"https:\/\/getquipu.com\/es\/cuentas\/registro\" class=\"btn-destacado\" target=\"_blank\" rel=\"noreferrer noopener\">Prueba Quipu Gratis<\/a><\/div>\n\n\n\n<div style=\"height:15px\" aria-hidden=\"true\" class=\"wp-block-spacer\"><\/div>\n\n\n\n<p class=\"has-text-align-center has-small-font-size\">Prueba gratuita de 15 d\u00edas. Sin permanencia. Sin introducir tu tarjeta.<\/p>\n<\/div><\/div>\n\n\n\n<h2 class=\"wp-block-heading\" id=\"que-es\">\u00bfQu\u00e9 es la base imponible en una factura?<\/h2>\n\n\n\n<p>La base imponible de una factura es <strong>el importe de la venta antes de calcular los impuestos y retenciones<\/strong>. Se trata del importe neto que las empresas y aut\u00f3nomos cobran por su trabajo sin incluir impuestos como el IVA o retenciones como el IRPF.<\/p>\n\n\n\n<p>Lo contamos con un ejemplo sencillo: un aut\u00f3nomo vende un vende un curso online a un cliente por un precio de 100 euros + IVA, esos 100 euros son la base imponible de la factura. Este importe ser\u00e1 la base para calcular el resto de impuestos y retenciones como el IVA. <\/p>\n\n\n\n<p>Para calcular el IVA de esta venta, tendremos que obtener el 21% (IVA general) de 100 euros (la base imponible). En este caso el IVA ser\u00eda de 21 euros.<\/p>\n\n\n\n<figure class=\"wp-block-table aligncenter\"><table><tbody><tr><td>Base Imponible<\/td><td class=\"has-text-align-center\" data-align=\"center\">100 \u20ac<\/td><\/tr><tr><td>IVA (21%)<\/td><td class=\"has-text-align-center\" data-align=\"center\">21 \u20ac<\/td><\/tr><tr><td><strong>PRECIO TOTAL<\/strong><\/td><td class=\"has-text-align-center\" data-align=\"center\"><strong>121 \u20ac<\/strong><\/td><\/tr><\/tbody><\/table><\/figure>\n\n\n\n<h2 class=\"wp-block-heading\" id=\"que-podemos-incluir\">\u00bfQu\u00e9 podemos incluir en la base imponible?<\/h2>\n\n\n\n<p>La base imponible en una factura es un importe que debe tener en cuenta todas las operaciones necesarias para la fabricaci\u00f3n, desarrollo o entrega de un producto o servicio. Sin embargo, hay algunos recargos como los descuentos o intereses de demora que no se pueden incluir en la base imponible.<\/p>\n\n\n\n<p>Se<strong> puede incluir<\/strong> en la base imponible:<\/p>\n\n\n\n<ul class=\"wp-block-list\">\n<li>Comisiones.<\/li>\n\n\n\n<li>Gastos de transporte.<\/li>\n\n\n\n<li>Envases y embalajes (incluso los susceptibles de devoluci\u00f3n).<\/li>\n\n\n\n<li>Seguros.<\/li>\n\n\n\n<li>Primas por prestaciones anticipadas.<\/li>\n\n\n\n<li>Deudas asumidas en contraprestaci\u00f3n de la operaci\u00f3n.<\/li>\n\n\n\n<li>Cualquier otro gasto que se repercute al cliente, salvo los suplidos (ver m\u00e1s adelante).<\/li>\n<\/ul>\n\n\n\n<p><strong>NO se puede incluir<\/strong> en la base imponible:<\/p>\n\n\n\n<ul class=\"wp-block-list\">\n<li>Los descuentos y bonificaciones concedidos antes o simult\u00e1neamente al momento de la operaci\u00f3n. Si \u00e9stos se aplican despu\u00e9s de realizarse la operaci\u00f3n, debe modificarse la base imponible. Lo mismo ocurre cuando se devuelven envases o embalajes susceptibles de reutilizaci\u00f3n.<\/li>\n<\/ul>\n\n\n\n<ul class=\"wp-block-list\">\n<li>Los intereses por el aplazamiento o demora en el pago, aplicados despu\u00e9s de la entrega del producto o servicio, siempre que se indiquen de forma separada en la factura.&nbsp;<\/li>\n<\/ul>\n\n\n\n<ul class=\"wp-block-list\">\n<li>Los suplidos (gasto que el profesional paga en nombre del cliente). Ten en cuenta que no todos los gastos son suplidos. En nuestro blog puedes aprender m\u00e1s sobre <a href=\"https:\/\/getquipu.com\/blog\/que-es-gasto-suplido-factura\/\">qu\u00e9 es un gasto suplido en una factura<\/a>.\u00a0<\/li>\n<\/ul>\n\n\n<div class=\"gb-container gb-container-b2fecea6 new-banner\">\n<div class=\"gb-grid-wrapper gb-grid-wrapper-0fc70046\">\n<div class=\"gb-grid-column gb-grid-column-6f7203a6\"><div class=\"gb-container gb-container-6f7203a6 text-div\">\n\n<p class=\"title-banner has-text-color\" style=\"color:#003829;font-size:19px\">Facturaci\u00f3n inteligente<\/p>\n\n\n\n<p class=\"text-banner\">Quipu simplifica la gesti\u00f3n de tu negocio, automatizando tareas y agilizando todos tus procesos.<\/p>\n\n\n\n<p class=\"btn-p-banner\"><a href=\"https:\/\/getquipu.com\/es\/programa-facturacion\" data-type=\"URL\" data-id=\"https:\/\/getquipu.com\/es\/programa-facturacion\">Ver m\u00e1s<\/a><\/p>\n\n<\/div><\/div>\n\n<div class=\"gb-grid-column gb-grid-column-c144d8bb\"><div class=\"gb-container gb-container-c144d8bb img-banner\">\n\n<figure class=\"wp-block-image size-full\"><img decoding=\"async\" width=\"1024\" height=\"573\" src=\"https:\/\/getquipu.com\/wp-content\/uploads\/2023\/05\/16134604\/Group-3296.webp\" alt=\"\" class=\"wp-image-38551\" srcset=\"https:\/\/getquipu.com\/wp-content\/uploads\/2023\/05\/16134604\/Group-3296.webp 1024w, https:\/\/getquipu.com\/wp-content\/uploads\/2023\/05\/16134604\/Group-3296-300x168.webp 300w, https:\/\/getquipu.com\/wp-content\/uploads\/2023\/05\/16134604\/Group-3296-768x430.webp 768w\" sizes=\"(max-width: 1024px) 100vw, 1024px\" \/><\/figure>\n\n<\/div><\/div>\n<\/div>\n<\/div>\n\n\n<h2 class=\"wp-block-heading\" id=\"como-calcular\">\u00bfC\u00f3mo calcular la base imponible de una factura?<\/h2>\n\n\n\n<p>Ahora que ya sabes en qu\u00e9 consiste la base imponible y qu\u00e9 conceptos se incluyen, vamos a explicar de forma detallada <strong>c\u00f3mo se calcula la base imponible de una factura<\/strong> atendiendo a dos casu\u00edsticas: facturas con IVA y facturas con IVA e IRPF.<\/p>\n\n\n\n<h3 class=\"wp-block-heading\">\u00bfC\u00f3mo calcular la base imponible de una factura con IVA?<\/h3>\n\n\n\n<p>Muchas veces queremos darle un precio total a un cliente con impuestos incluidos, as\u00ed le indicamos directamente cu\u00e1nto dinero se va a gastar. En estos casos tendremos que<strong> obtener el valor de la base imponible a partir del precio total<\/strong>. <\/p>\n\n\n\n<p>En general el tipo de IVA m\u00e1s com\u00fan es el del 21% y es el que vamos a aplicar en este ejemplo. Puedes aprender m\u00e1s sobre esto en nuestro art\u00edculo sobre <a href=\"https:\/\/getquipu.com\/blog\/que-es-el-iva-tipos-impositivos-y-cual-debo-aplicar-como-autonomo\/\">los tipos de IVA<\/a>.<\/p>\n\n\n\n<p>En este caso, volviendo al ejemplo del curso online (IVA general del 21%) ser\u00eda as\u00ed: <\/p>\n\n\n\n<p class=\"has-text-align-center\">121\u20ac \/ 1,21 = 100\u20ac<\/p>\n\n\n\n<p>En el caso de que ya sepamos cu\u00e1l es la base imponible (la cifra que queremos cobrar sin impuestos) podemos utilizar la siguiente f\u00f3rmula para calcular el IVA y obtener el precio total:<\/p>\n\n\n\n<p class=\"has-text-align-center\"><strong>Base imponible * Tipo de IVA = Precio total<\/strong><\/p>\n\n\n\n<p>De esta forma, en nuestro ejemplo el c\u00e1lculo ser\u00eda:<\/p>\n\n\n\n<p class=\"has-text-align-center\">100 * 1,21 = 121\u20ac.<\/p>\n\n\n\n<h3 class=\"wp-block-heading\">\u00bfC\u00f3mo calcular la base imponible de una factura con IRPF?<\/h3>\n\n\n\n<p>Muchas facturas emitidas por aut\u00f3nomos deben incluir el IVA y adem\u00e1s la retenci\u00f3n de IRPF correspondiente. Mientras que el IVA es un importe que se suma, el IRPF es un importe de retenci\u00f3n, y por tanto debe restarse del total.<\/p>\n\n\n\n<p>Para saber cu\u00e1l es la base imponible de una factura con IVA e IRPF el proceso es un poco m\u00e1s complejo, pero todo se resume en la misma f\u00f3rmula si sabemos cu\u00e1l es el precio total:<\/p>\n\n\n\n<p class=\"has-text-align-center\"><strong>Base imponible = Precio total \/ (1 + 0,Tipo de IVA &#8211; 0,Tipo de IRPF)<\/strong><\/p>\n\n\n\n<p>Vamos a ver esta f\u00f3rmula aplicada con el mismo ejemplo del curso online, con un precio total de 121 euros, un IVA del 21% y ahora tambi\u00e9n una retenci\u00f3n de IRPF del 15% (la m\u00e1s com\u00fan).<\/p>\n\n\n\n<p>La factura de nuestro vendedor quedar\u00eda as\u00ed:<\/p>\n\n\n\n<figure class=\"wp-block-table\"><table><tbody><tr><td><\/td><td class=\"has-text-align-center\" data-align=\"center\"><strong>Importe<\/strong><\/td><td class=\"has-text-align-center\" data-align=\"center\"><strong>Operaci\u00f3n<\/strong><\/td><\/tr><tr><td>Base Imponible<\/td><td class=\"has-text-align-center\" data-align=\"center\">114,15\u20ac<\/td><td class=\"has-text-align-center\" data-align=\"center\">Precio total \/ (1+0,21-0,15)<\/td><\/tr><tr><td>+ IVA (21%)<\/td><td class=\"has-text-align-center\" data-align=\"center\">23,97\u20ac<\/td><td class=\"has-text-align-center\" data-align=\"center\">21% de 114,15<\/td><\/tr><tr><td>&#8211; IRPF (15%)<\/td><td class=\"has-text-align-center\" data-align=\"center\">17,12\u20ac<\/td><td class=\"has-text-align-center\" data-align=\"center\">15% de 114,15<\/td><\/tr><tr><td><strong>PRECIO TOTAL<\/strong><\/td><td class=\"has-text-align-center\" data-align=\"center\"><strong>121\u20ac<\/strong><\/td><td class=\"has-text-align-center\" data-align=\"center\">Base imponible + IVA &#8211; IRPF<\/td><\/tr><\/tbody><\/table><\/figure>\n\n\n\n<p>En este caso la base imponible de la factura son 114,15 euros, a la que le sumamos su 21% de IVA y le restamos el 15% de IRPF para sacar el precio final.<\/p>\n\n\n\n<p>Aunque estos porcentajes son los m\u00e1s comunes, recuerda que en tu caso deber\u00e1s aplicar el porcentaje de IVA y de la retenci\u00f3n de IRPF que te corresponda. Puedes aprender m\u00e1s sobre esto en nuestro art\u00edculo sobre <a href=\"https:\/\/getquipu.com\/blog\/el-iva-y-el-irpf-en-una-factura-de-autonomo\/\">el IVA y el IRPF en una factura<\/a>.<\/p>\n\n\n\n<h2 class=\"wp-block-heading\" id=\"diferencia\">\u00bfCu\u00e1l es la diferencia entre la base imponible y la base liquidable?<\/h2>\n\n\n\n<p>Los conceptos de base imponible y base liquidable son muy comunes cuando llega el momento de hacer la declaraci\u00f3n de la renta, aunque tambi\u00e9n podemos considerar ambos conceptos en una factura.<\/p>\n\n\n\n<p>La base imponible, como hemos visto, es el importe que sirve de base para calcular los impuestos que hay que pagar. Sin embargo, <strong>la base liquidable es el resultado de deducir los impuestos y retenciones de la base imponible<\/strong>. Es por eso que para calcular la base liquidable, primero hay que conocer la base imponible.<\/p>\n\n\n\n<p>La diferencia: mientras que la base imponible es el punto de partida para calcular los impuestos, la base liquidable es el importe que ya recoge los impuestos y deducciones aplicadas y, por tanto, coincide con el precio total que el cliente debe pagar.<\/p>\n\n\n\n<p class=\"has-background\" style=\"background-color:#e7f5ff\"><strong><strong>\ud83d\udd17 Ampliar informaci\u00f3n<\/strong><\/strong>: Para poner en pr\u00e1ctica lo aprendido en este art\u00edculo te sugerimos que utilices&nbsp;<a href=\"https:\/\/getquipu.com\/blog\/calculadora-de-base-imponible\/\">la calculadora de base imponible<\/a>&nbsp;que hemos creado desde Quipu.<\/p>\n\n\n\n<h2 class=\"wp-block-heading\" id=\"ejemplo\">Ejemplo de la base imponible de una factura<\/h2>\n\n\n\n<p>Ahora que ya hemos visto cu\u00e1l es la base imponible de una factura y c\u00f3mo se calcula vamos a cerrar con un ejemplo gr\u00e1fico siguiendo el tema del curso online para que quede m\u00e1s claro:<\/p>\n\n\n\n<figure class=\"wp-block-image size-large\"><img decoding=\"async\" width=\"760\" height=\"179\" src=\"https:\/\/getquipu.com\/wp-content\/uploads\/2022\/07\/11170128\/base-imponible-factura.jpg\" alt=\"ejemplo de la base imponible de una factura\" class=\"wp-image-28403\"\/><\/figure>\n\n\n\n<p>Como ves, en primer lugar tenemos la base imponible de la factura con un importe de 100 \u20ac, que es la suma de los productos vendidos (uno en este caso). Despu\u00e9s, se le suma un IVA del 21% (21\u20ac) y se le resta una retenci\u00f3n del IRPF del 15% (15\u20ac). De esta forma (100\u20ac + 21\u20ac  15\u20ac) Obtenemos el importe total o base liquidable, que es lo que el cliente debe pagarnos (106\u20ac)<\/p>\n","protected":false},"excerpt":{"rendered":"<p>La base imponible de una factura es uno de los elementos m\u00e1s importantes de cualquier proceso de facturaci\u00f3n y, por lo tanto, un concepto clave para cualquier negocio. A partir<\/p>\n","protected":false},"author":3,"featured_media":26002,"comment_status":"closed","ping_status":"open","sticky":false,"template":"","format":"standard","meta":{"footnotes":""},"categories":[478],"tags":[],"class_list":["post-25997","post","type-post","status-publish","format-standard","has-post-thumbnail","hentry","category-facturacion","generate-columns","tablet-grid-50","mobile-grid-100","grid-parent","grid-50","resize-featured-image"],"yoast_head":"<!-- This site is optimized with the Yoast SEO plugin v23.9 - https:\/\/yoast.com\/wordpress\/plugins\/seo\/ -->\n<title>Base imponible de un factura: qu\u00e9 es y c\u00f3mo calcularla<\/title>\n<meta name=\"description\" content=\"\u00bfTienes dudas sobre la base imponible de tus factura? Te contamos todo lo que necesitas saber sobre la base imponible. \u00a1Entra y desc\u00fabrelo!\" \/>\n<meta name=\"robots\" content=\"index, follow, max-snippet:-1, max-image-preview:large, max-video-preview:-1\" \/>\n<link rel=\"canonical\" href=\"https:\/\/getquipu.com\/blog\/base-imponible-factura\/\" \/>\n<meta property=\"og:locale\" content=\"es_ES\" \/>\n<meta property=\"og:type\" content=\"article\" \/>\n<meta property=\"og:title\" content=\"Base imponible de un factura: qu\u00e9 es y c\u00f3mo calcularla\" \/>\n<meta property=\"og:description\" content=\"\u00bfTienes dudas sobre la base imponible de tus factura? Te contamos todo lo que necesitas saber sobre la base imponible. \u00a1Entra y desc\u00fabrelo!\" \/>\n<meta property=\"og:url\" content=\"https:\/\/getquipu.com\/blog\/base-imponible-factura\/\" \/>\n<meta property=\"og:site_name\" content=\"Aut\u00f3nomos, empresas y asesor\u00edas\" \/>\n<meta property=\"article:published_time\" content=\"2022-03-08T15:25:48+00:00\" \/>\n<meta property=\"article:modified_time\" content=\"2024-11-06T16:19:09+00:00\" \/>\n<meta property=\"og:image\" content=\"https:\/\/getquipu.com\/wp-content\/uploads\/2022\/03\/08163421\/que-es-base-imponible-factura.png\" \/>\n\t<meta property=\"og:image:width\" content=\"768\" \/>\n\t<meta property=\"og:image:height\" content=\"295\" \/>\n\t<meta property=\"og:image:type\" content=\"image\/png\" \/>\n<meta name=\"author\" content=\"Roger Doba\u00f1o - CEO Quipu\" \/>\n<meta name=\"twitter:card\" content=\"summary_large_image\" \/>\n<meta name=\"twitter:creator\" content=\"@rogerdobano\" \/>\n<meta name=\"twitter:label1\" content=\"Escrito por\" \/>\n\t<meta name=\"twitter:data1\" content=\"Roger Doba\u00f1o - CEO Quipu\" \/>\n\t<meta name=\"twitter:label2\" content=\"Tiempo de lectura\" \/>\n\t<meta name=\"twitter:data2\" content=\"7 minutos\" \/>\n<script type=\"application\/ld+json\" class=\"yoast-schema-graph\">{\"@context\":\"https:\/\/schema.org\",\"@graph\":[{\"@type\":\"Article\",\"@id\":\"https:\/\/getquipu.com\/blog\/base-imponible-factura\/#article\",\"isPartOf\":{\"@id\":\"https:\/\/getquipu.com\/blog\/base-imponible-factura\/\"},\"author\":{\"name\":\"Roger Doba\u00f1o - CEO Quipu\",\"@id\":\"https:\/\/getquipu.com\/blog\/#\/schema\/person\/373ccc5d513d88aea29fc8135422fa2e\"},\"headline\":\"Base imponible de un factura: qu\u00e9 es y c\u00f3mo calcularla\",\"datePublished\":\"2022-03-08T15:25:48+00:00\",\"dateModified\":\"2024-11-06T16:19:09+00:00\",\"mainEntityOfPage\":{\"@id\":\"https:\/\/getquipu.com\/blog\/base-imponible-factura\/\"},\"wordCount\":1369,\"publisher\":{\"@id\":\"https:\/\/getquipu.com\/blog\/#organization\"},\"image\":{\"@id\":\"https:\/\/getquipu.com\/blog\/base-imponible-factura\/#primaryimage\"},\"thumbnailUrl\":\"https:\/\/getquipu.com\/wp-content\/uploads\/2022\/03\/08163421\/que-es-base-imponible-factura.png\",\"articleSection\":[\"Facturaci\u00f3n\"],\"inLanguage\":\"es\"},{\"@type\":\"WebPage\",\"@id\":\"https:\/\/getquipu.com\/blog\/base-imponible-factura\/\",\"url\":\"https:\/\/getquipu.com\/blog\/base-imponible-factura\/\",\"name\":\"Base imponible de un factura: qu\u00e9 es y c\u00f3mo calcularla\",\"isPartOf\":{\"@id\":\"https:\/\/getquipu.com\/blog\/#website\"},\"primaryImageOfPage\":{\"@id\":\"https:\/\/getquipu.com\/blog\/base-imponible-factura\/#primaryimage\"},\"image\":{\"@id\":\"https:\/\/getquipu.com\/blog\/base-imponible-factura\/#primaryimage\"},\"thumbnailUrl\":\"https:\/\/getquipu.com\/wp-content\/uploads\/2022\/03\/08163421\/que-es-base-imponible-factura.png\",\"datePublished\":\"2022-03-08T15:25:48+00:00\",\"dateModified\":\"2024-11-06T16:19:09+00:00\",\"description\":\"\u00bfTienes dudas sobre la base imponible de tus factura? Te contamos todo lo que necesitas saber sobre la base imponible. \u00a1Entra y desc\u00fabrelo!\",\"breadcrumb\":{\"@id\":\"https:\/\/getquipu.com\/blog\/base-imponible-factura\/#breadcrumb\"},\"inLanguage\":\"es\",\"potentialAction\":[{\"@type\":\"ReadAction\",\"target\":[\"https:\/\/getquipu.com\/blog\/base-imponible-factura\/\"]}]},{\"@type\":\"ImageObject\",\"inLanguage\":\"es\",\"@id\":\"https:\/\/getquipu.com\/blog\/base-imponible-factura\/#primaryimage\",\"url\":\"https:\/\/getquipu.com\/wp-content\/uploads\/2022\/03\/08163421\/que-es-base-imponible-factura.png\",\"contentUrl\":\"https:\/\/getquipu.com\/wp-content\/uploads\/2022\/03\/08163421\/que-es-base-imponible-factura.png\",\"width\":768,\"height\":295},{\"@type\":\"BreadcrumbList\",\"@id\":\"https:\/\/getquipu.com\/blog\/base-imponible-factura\/#breadcrumb\",\"itemListElement\":[{\"@type\":\"ListItem\",\"position\":1,\"name\":\"Blog\",\"item\":\"https:\/\/getquipu.com\/blog\/\"},{\"@type\":\"ListItem\",\"position\":2,\"name\":\"Facturaci\u00f3n\",\"item\":\"https:\/\/getquipu.com\/blog\/category\/facturacion\/\"},{\"@type\":\"ListItem\",\"position\":3,\"name\":\"Base imponible de un factura: qu\u00e9 es y c\u00f3mo calcularla\"}]},{\"@type\":\"WebSite\",\"@id\":\"https:\/\/getquipu.com\/blog\/#website\",\"url\":\"https:\/\/getquipu.com\/blog\/\",\"name\":\"Aut\u00f3nomos, empresas y asesor\u00edas\",\"description\":\"Informaci\u00f3n \u00fatil sobre fiscalidad y eficiencia administrativa en negocios como el tuyo.\",\"publisher\":{\"@id\":\"https:\/\/getquipu.com\/blog\/#organization\"},\"potentialAction\":[{\"@type\":\"SearchAction\",\"target\":{\"@type\":\"EntryPoint\",\"urlTemplate\":\"https:\/\/getquipu.com\/blog\/?s={search_term_string}\"},\"query-input\":{\"@type\":\"PropertyValueSpecification\",\"valueRequired\":true,\"valueName\":\"search_term_string\"}}],\"inLanguage\":\"es\"},{\"@type\":\"Organization\",\"@id\":\"https:\/\/getquipu.com\/blog\/#organization\",\"name\":\"Quipu\",\"url\":\"https:\/\/getquipu.com\/blog\/\",\"logo\":{\"@type\":\"ImageObject\",\"inLanguage\":\"es\",\"@id\":\"https:\/\/getquipu.com\/blog\/#\/schema\/logo\/image\/\",\"url\":\"https:\/\/getquipu.com\/wp-content\/uploads\/2022\/06\/20105810\/logo-quipu.png\",\"contentUrl\":\"https:\/\/getquipu.com\/wp-content\/uploads\/2022\/06\/20105810\/logo-quipu.png\",\"width\":399,\"height\":399,\"caption\":\"Quipu\"},\"image\":{\"@id\":\"https:\/\/getquipu.com\/blog\/#\/schema\/logo\/image\/\"}},{\"@type\":\"Person\",\"@id\":\"https:\/\/getquipu.com\/blog\/#\/schema\/person\/373ccc5d513d88aea29fc8135422fa2e\",\"name\":\"Roger Doba\u00f1o - CEO Quipu\",\"image\":{\"@type\":\"ImageObject\",\"inLanguage\":\"es\",\"@id\":\"https:\/\/getquipu.com\/blog\/#\/schema\/person\/image\/\",\"url\":\"https:\/\/secure.gravatar.com\/avatar\/34af94bfd8e5677657b0a2d961dc4974?s=96&d=mm&r=g\",\"contentUrl\":\"https:\/\/secure.gravatar.com\/avatar\/34af94bfd8e5677657b0a2d961dc4974?s=96&d=mm&r=g\",\"caption\":\"Roger Doba\u00f1o - CEO Quipu\"},\"description\":\"Roger es CEO y Fundador de Quipu, un software en la nube que lleva +10 a\u00f1os ayudando a aut\u00f3nomos, pymes y asesor\u00edas a digitalizar su operativa precontable. A ra\u00edz de una mala experiencia como aut\u00f3nomo, Roger se propuso crear un programa que acompa\u00f1ara a los empresarios a lidiar con la administraci\u00f3n.\",\"sameAs\":[\"https:\/\/getquipu.com\",\"https:\/\/www.linkedin.com\/in\/rogerdobano\/\",\"https:\/\/x.com\/@rogerdobano\"],\"url\":\"https:\/\/getquipu.com\/blog\/author\/roger\/\"}]}<\/script>\n<!-- \/ Yoast SEO plugin. -->","yoast_head_json":{"title":"Base imponible de un factura: qu\u00e9 es y c\u00f3mo calcularla","description":"\u00bfTienes dudas sobre la base imponible de tus factura? Te contamos todo lo que necesitas saber sobre la base imponible. \u00a1Entra y desc\u00fabrelo!","robots":{"index":"index","follow":"follow","max-snippet":"max-snippet:-1","max-image-preview":"max-image-preview:large","max-video-preview":"max-video-preview:-1"},"canonical":"https:\/\/getquipu.com\/blog\/base-imponible-factura\/","og_locale":"es_ES","og_type":"article","og_title":"Base imponible de un factura: qu\u00e9 es y c\u00f3mo calcularla","og_description":"\u00bfTienes dudas sobre la base imponible de tus factura? Te contamos todo lo que necesitas saber sobre la base imponible. \u00a1Entra y desc\u00fabrelo!","og_url":"https:\/\/getquipu.com\/blog\/base-imponible-factura\/","og_site_name":"Aut\u00f3nomos, empresas y asesor\u00edas","article_published_time":"2022-03-08T15:25:48+00:00","article_modified_time":"2024-11-06T16:19:09+00:00","og_image":[{"width":768,"height":295,"url":"https:\/\/getquipu.com\/wp-content\/uploads\/2022\/03\/08163421\/que-es-base-imponible-factura.png","type":"image\/png"}],"author":"Roger Doba\u00f1o - CEO Quipu","twitter_card":"summary_large_image","twitter_creator":"@rogerdobano","twitter_misc":{"Escrito por":"Roger Doba\u00f1o - CEO Quipu","Tiempo de lectura":"7 minutos"},"schema":{"@context":"https:\/\/schema.org","@graph":[{"@type":"Article","@id":"https:\/\/getquipu.com\/blog\/base-imponible-factura\/#article","isPartOf":{"@id":"https:\/\/getquipu.com\/blog\/base-imponible-factura\/"},"author":{"name":"Roger Doba\u00f1o - CEO Quipu","@id":"https:\/\/getquipu.com\/blog\/#\/schema\/person\/373ccc5d513d88aea29fc8135422fa2e"},"headline":"Base imponible de un factura: qu\u00e9 es y c\u00f3mo calcularla","datePublished":"2022-03-08T15:25:48+00:00","dateModified":"2024-11-06T16:19:09+00:00","mainEntityOfPage":{"@id":"https:\/\/getquipu.com\/blog\/base-imponible-factura\/"},"wordCount":1369,"publisher":{"@id":"https:\/\/getquipu.com\/blog\/#organization"},"image":{"@id":"https:\/\/getquipu.com\/blog\/base-imponible-factura\/#primaryimage"},"thumbnailUrl":"https:\/\/getquipu.com\/wp-content\/uploads\/2022\/03\/08163421\/que-es-base-imponible-factura.png","articleSection":["Facturaci\u00f3n"],"inLanguage":"es"},{"@type":"WebPage","@id":"https:\/\/getquipu.com\/blog\/base-imponible-factura\/","url":"https:\/\/getquipu.com\/blog\/base-imponible-factura\/","name":"Base imponible de un factura: qu\u00e9 es y c\u00f3mo calcularla","isPartOf":{"@id":"https:\/\/getquipu.com\/blog\/#website"},"primaryImageOfPage":{"@id":"https:\/\/getquipu.com\/blog\/base-imponible-factura\/#primaryimage"},"image":{"@id":"https:\/\/getquipu.com\/blog\/base-imponible-factura\/#primaryimage"},"thumbnailUrl":"https:\/\/getquipu.com\/wp-content\/uploads\/2022\/03\/08163421\/que-es-base-imponible-factura.png","datePublished":"2022-03-08T15:25:48+00:00","dateModified":"2024-11-06T16:19:09+00:00","description":"\u00bfTienes dudas sobre la base imponible de tus factura? Te contamos todo lo que necesitas saber sobre la base imponible. \u00a1Entra y desc\u00fabrelo!","breadcrumb":{"@id":"https:\/\/getquipu.com\/blog\/base-imponible-factura\/#breadcrumb"},"inLanguage":"es","potentialAction":[{"@type":"ReadAction","target":["https:\/\/getquipu.com\/blog\/base-imponible-factura\/"]}]},{"@type":"ImageObject","inLanguage":"es","@id":"https:\/\/getquipu.com\/blog\/base-imponible-factura\/#primaryimage","url":"https:\/\/getquipu.com\/wp-content\/uploads\/2022\/03\/08163421\/que-es-base-imponible-factura.png","contentUrl":"https:\/\/getquipu.com\/wp-content\/uploads\/2022\/03\/08163421\/que-es-base-imponible-factura.png","width":768,"height":295},{"@type":"BreadcrumbList","@id":"https:\/\/getquipu.com\/blog\/base-imponible-factura\/#breadcrumb","itemListElement":[{"@type":"ListItem","position":1,"name":"Blog","item":"https:\/\/getquipu.com\/blog\/"},{"@type":"ListItem","position":2,"name":"Facturaci\u00f3n","item":"https:\/\/getquipu.com\/blog\/category\/facturacion\/"},{"@type":"ListItem","position":3,"name":"Base imponible de un factura: qu\u00e9 es y c\u00f3mo calcularla"}]},{"@type":"WebSite","@id":"https:\/\/getquipu.com\/blog\/#website","url":"https:\/\/getquipu.com\/blog\/","name":"Aut\u00f3nomos, empresas y asesor\u00edas","description":"Informaci\u00f3n \u00fatil sobre fiscalidad y eficiencia administrativa en negocios como el tuyo.","publisher":{"@id":"https:\/\/getquipu.com\/blog\/#organization"},"potentialAction":[{"@type":"SearchAction","target":{"@type":"EntryPoint","urlTemplate":"https:\/\/getquipu.com\/blog\/?s={search_term_string}"},"query-input":{"@type":"PropertyValueSpecification","valueRequired":true,"valueName":"search_term_string"}}],"inLanguage":"es"},{"@type":"Organization","@id":"https:\/\/getquipu.com\/blog\/#organization","name":"Quipu","url":"https:\/\/getquipu.com\/blog\/","logo":{"@type":"ImageObject","inLanguage":"es","@id":"https:\/\/getquipu.com\/blog\/#\/schema\/logo\/image\/","url":"https:\/\/getquipu.com\/wp-content\/uploads\/2022\/06\/20105810\/logo-quipu.png","contentUrl":"https:\/\/getquipu.com\/wp-content\/uploads\/2022\/06\/20105810\/logo-quipu.png","width":399,"height":399,"caption":"Quipu"},"image":{"@id":"https:\/\/getquipu.com\/blog\/#\/schema\/logo\/image\/"}},{"@type":"Person","@id":"https:\/\/getquipu.com\/blog\/#\/schema\/person\/373ccc5d513d88aea29fc8135422fa2e","name":"Roger Doba\u00f1o - CEO Quipu","image":{"@type":"ImageObject","inLanguage":"es","@id":"https:\/\/getquipu.com\/blog\/#\/schema\/person\/image\/","url":"https:\/\/secure.gravatar.com\/avatar\/34af94bfd8e5677657b0a2d961dc4974?s=96&d=mm&r=g","contentUrl":"https:\/\/secure.gravatar.com\/avatar\/34af94bfd8e5677657b0a2d961dc4974?s=96&d=mm&r=g","caption":"Roger Doba\u00f1o - CEO Quipu"},"description":"Roger es CEO y Fundador de Quipu, un software en la nube que lleva +10 a\u00f1os ayudando a aut\u00f3nomos, pymes y asesor\u00edas a digitalizar su operativa precontable. A ra\u00edz de una mala experiencia como aut\u00f3nomo, Roger se propuso crear un programa que acompa\u00f1ara a los empresarios a lidiar con la administraci\u00f3n.","sameAs":["https:\/\/getquipu.com","https:\/\/www.linkedin.com\/in\/rogerdobano\/","https:\/\/x.com\/@rogerdobano"],"url":"https:\/\/getquipu.com\/blog\/author\/roger\/"}]}},"_links":{"self":[{"href":"https:\/\/getquipu.com\/blog\/wp-json\/wp\/v2\/posts\/25997","targetHints":{"allow":["GET"]}}],"collection":[{"href":"https:\/\/getquipu.com\/blog\/wp-json\/wp\/v2\/posts"}],"about":[{"href":"https:\/\/getquipu.com\/blog\/wp-json\/wp\/v2\/types\/post"}],"author":[{"embeddable":true,"href":"https:\/\/getquipu.com\/blog\/wp-json\/wp\/v2\/users\/3"}],"replies":[{"embeddable":true,"href":"https:\/\/getquipu.com\/blog\/wp-json\/wp\/v2\/comments?post=25997"}],"version-history":[{"count":30,"href":"https:\/\/getquipu.com\/blog\/wp-json\/wp\/v2\/posts\/25997\/revisions"}],"predecessor-version":[{"id":49616,"href":"https:\/\/getquipu.com\/blog\/wp-json\/wp\/v2\/posts\/25997\/revisions\/49616"}],"wp:featuredmedia":[{"embeddable":true,"href":"https:\/\/getquipu.com\/blog\/wp-json\/wp\/v2\/media\/26002"}],"wp:attachment":[{"href":"https:\/\/getquipu.com\/blog\/wp-json\/wp\/v2\/media?parent=25997"}],"wp:term":[{"taxonomy":"category","embeddable":true,"href":"https:\/\/getquipu.com\/blog\/wp-json\/wp\/v2\/categories?post=25997"},{"taxonomy":"post_tag","embeddable":true,"href":"https:\/\/getquipu.com\/blog\/wp-json\/wp\/v2\/tags?post=25997"}],"curies":[{"name":"wp","href":"https:\/\/api.w.org\/{rel}","templated":true}]}}