{"id":2265,"date":"2023-03-06T12:15:00","date_gmt":"2023-03-06T11:15:00","guid":{"rendered":"http:\/\/getquipu.com\/blog\/?p=2265"},"modified":"2026-08-17T22:55:26","modified_gmt":"2026-08-17T20:55:26","slug":"puedo-trabajar-como-autonomo-y-asalariado-al-mismo-tiempo","status":"publish","type":"post","link":"https:\/\/getquipu.com\/blog\/puedo-trabajar-como-autonomo-y-asalariado-al-mismo-tiempo\/","title":{"rendered":"Aut\u00f3nomo y asalariado a la vez: \u00bfes posible?"},"content":{"rendered":"\n<p>\u00bfEst\u00e1s trabajando como asalariado para una empresa y te ha surgido la posibilidad de trabajar con clientes propios? Si te est\u00e1 pasando y empiezas a ver la oportunidad de montar algo propio, pero te da miedo el riesgo que eso supone, puedes respirar con calma. Tienes la posibilidad de trabajar como aut\u00f3nomo y asalariado a la vez.<\/p>\n\n\n\n<p>Esta figura se llama<strong> aut\u00f3nomo en pluriactividad <\/strong>y se trata de una situaci\u00f3n bastante peculiar, ya que afecta a c\u00f3mo se cotiza, a las prestaciones que se tiene acceso e incluso a la jubilaci\u00f3n. Cambia muchas cosas, por eso hay que entender muy bien qu\u00e9 implica dar este paso y qu\u00e9 se puede o no se puede hacer. Por supuesto, aqu\u00ed te vamos a explicar todo eso y m\u00e1s.<\/p>\n\n\n\n<div class=\"wp-block-group box-sintesis has-background\" style=\"background-color:#BFE4F5\"><div class=\"wp-block-group__inner-container is-layout-flow wp-block-group-is-layout-flow\"><h2 class=\"wp-block-heading\">S\u00edntesis del art\u00edculo<\/h2><p>S\u00ed, en Espa\u00f1a <strong>se puede ser aut\u00f3nomo y asalariado<\/strong> al mismo tiempo de forma totalmente legal. Esta situaci\u00f3n, conocida como pluriactividad, te permite mantener tu n\u00f3mina mientras facturas por tu propio negocio. Al cotizar en dos reg\u00edmenes (General y RETA), accedes a bonificaciones en tu cuota, devoluciones por exceso de cotizaci\u00f3n y sumas bases para una mejor jubilaci\u00f3n, aunque tambi\u00e9n adquieres nuevas <a href=\"https:\/\/getquipu.com\/blog\/obligaciones-fiscales-de-los-autonomos\/\">obligaciones fiscales<\/a> y trimestrales con Hacienda.<\/p>\n<p><strong>Roger Doba\u00f1o \u00b7 CEO de Quipu<\/strong><\/p><\/div><\/div>\n\n\n\n<div class=\"wp-block-group box-destacada has-background\" style=\"background-color:#fef9f5\"><div class=\"wp-block-group__inner-container is-layout-flow wp-block-group-is-layout-flow\">\n<p class=\"has-text-align-center has-medium-font-size\"><strong>\u00bfAut\u00f3nomo y empleado al mismo tiempo?<\/strong><\/p>\n\n\n\n<p>En este v\u00eddeo te damos las claves para entender la <strong>pluriactividad<\/strong> de forma clara, pr\u00e1ctica y sin rodeos, para que sepas c\u00f3mo afecta a tus impuestos y a tu facturaci\u00f3n si te encuentras en esta situaci\u00f3n.<\/p>\n\n\n\n<div class=\"iframe-container\">\n\n<iframe class=\"responsive-iframe\" title=\"YouTube video player\" src=\"https:\/\/www.youtube.com\/embed\/w3HStuV10M8\" frameborder=\"0\" allowfullscreen=\"allowfullscreen\"><\/iframe>\n\n<\/div>\n\n\n\n<div style=\"height:25px\" aria-hidden=\"true\" class=\"wp-block-spacer\"><\/div>\n\n\n\n<div class=\"btn-div-destacado\"><a href=\"https:\/\/getquipu.com\/es\/cuentas\/registro\" class=\"btn-destacado\" target=\"_blank\" rel=\"noreferrer noopener\">Prueba Quipu Gratis<\/a><\/div>\n\n\n\n<div style=\"height:20px\" aria-hidden=\"true\" class=\"wp-block-spacer\"><\/div>\n\n\n\n<p class=\"has-text-align-center has-small-font-size\"><em>Prueba gratuita de 15 d\u00edas. Sin permanencia. Sin introducir tu tarjeta.<\/em><\/p>\n<\/div><\/div>\n\n\n\n<h2 class=\"wp-block-heading\"><strong>\u00bfPuedo ser aut\u00f3nomo y asalariado a la vez?<\/strong><\/h2>\n\n\n\n<p>Aunque sean dos mundos muy diferentes, en Espa\u00f1a es perfectamente posible ser aut\u00f3nomo y asalariado a la vez. Esta situaci\u00f3n est\u00e1 contemplada por la Ley, de hecho es lo que se conoce como <a href=\"https:\/\/getquipu.com\/blog\/pluriactividad-autonomos\/\">pluriactividad de los aut\u00f3nomos.<\/a><\/p>\n\n\n\n<p>Puedes mantener un negocio propio y, al mismo tiempo, trabajar estando contratado por una empresa ajena estando en n\u00f3mina. Adem\u00e1s, son dos opciones que se complementan a la perfecci\u00f3n. No vas a perder tu condici\u00f3n de asalariado por ser trabajador por cuenta propia, ni al rev\u00e9s (a menos que tu contrato te lo impida).<\/p>\n\n\n\n<h2 class=\"wp-block-heading\"><strong>Beneficios de ser aut\u00f3nomo y asalariado<\/strong><\/h2>\n\n\n\n<p>Ser aut\u00f3nomo y asalariado no solo diversifica tus ingresos, sino que te da acceso a beneficios directos en tus cotizaciones. Estas son las ventajas clave:<\/p>\n\n\n\n<p><strong>1. Ahorro en la Cuota: Elige tu Bonificaci\u00f3n<\/strong><\/p>\n\n\n\n<p>Esta es la ventaja econ\u00f3mica m\u00e1s directa. Si es tu primera alta como aut\u00f3nomo y ya trabajas por cuenta ajena, puedes elegir entre dos ayudas <strong>(son incompatibles entre s\u00ed)<\/strong>:<\/p>\n\n\n\n<ul class=\"wp-block-list\"><li>Opci\u00f3n A: <a href=\"https:\/\/getquipu.com\/blog\/tarifa-plana-autonomos\/\">La Tarifa Plana<\/a> (80 \u20ac\/mes)<br>Igual que cualquier nuevo aut\u00f3nomo, puedes acogerte a la tarifa plana de 80 \u20ac durante los primeros 12 meses. Se puede ampliar otros 12 meses si tus rendimientos netos no superan el SMI.<\/li><li>Opci\u00f3n B: La Bonificaci\u00f3n Espec\u00edfica por Pluriactividad. Al cotizar ya por cuenta ajena, la Seguridad Social te permite reducir tu base de cotizaci\u00f3n de aut\u00f3nomo (y por tanto tu cuota).<\/li><\/ul>\n\n\n\n<p><strong>Estos son los descuentos exactos para 2026:<\/strong><\/p>\n\n\n\n<figure class=\"wp-block-table\"><table class=\"has-fixed-layout\"><tbody><tr><td><strong>Si tu contrato asalariado es&#8230;<\/strong><\/td><td><strong>Primeros 18 Meses<\/strong><\/td><td><strong>Del mes 18 al 36<\/strong><\/td><\/tr><tr><td><strong>Jornada Completa<\/strong><\/td><td><strong>50% de descuento<\/strong> (Pagas la mitad de cuota)<\/td><td><strong>75% de descuento<\/strong><\/td><\/tr><tr><td><strong>Tiempo Parcial<\/strong> (&gt;50% jornada)<\/td><td><strong>75% de descuento<\/strong><\/td><td><strong>85% de descuento<\/strong><\/td><\/tr><\/tbody><\/table><\/figure>\n\n\n\n<h3 class=\"wp-block-heading\"><strong>\u00bfQu\u00e9 elijo: Tarifa Plana o Pluriactividad?<\/strong><\/h3>\n\n\n\n<ul class=\"wp-block-list\"><li><strong>Tarifa Plana (80\u20ac):<\/strong> Suele ser m\u00e1s barata durante el primer a\u00f1o (12 meses).<\/li><li><strong>Pluriactividad:<\/strong> El descuento es menor al principio, pero <strong>dura 3 a\u00f1os<\/strong> (36 meses). Si planeas ser aut\u00f3nomo a largo plazo, echa cuentas, porque a partir del mes 12 la Pluriactividad suele ganar a la Tarifa Plana.<\/li><\/ul>\n\n\n\n<p><strong>2. Devoluci\u00f3n por <\/strong><a href=\"https:\/\/getquipu.com\/blog\/devolucion-exceso-cotizacion-pluriactividad\/\"><strong>Exceso de Cotizaci\u00f3n<\/strong><\/a><\/p>\n\n\n\n<p>Al cotizar en dos reg\u00edmenes (General y RETA), es posible que tu cotizaci\u00f3n total supere el tope m\u00e1ximo legal. Si esto ocurre, la Seguridad Social te devuelve el exceso sin que tengas que pedirlo.<\/p>\n\n\n\n<p>En 2026, si tus cotizaciones por contingencias comunes (sumando n\u00f3mina y aut\u00f3nomo) superan el tope m\u00e1ximo establecido para el ejercicio vigente, la Tesorer\u00eda General de la Seguridad Social te reintegrar\u00e1 autom\u00e1ticamente el 50% del exceso. Para ampliar el proceso, consulta c\u00f3mo funciona la <a href=\"https:\/\/getquipu.com\/blog\/devolucion-de-cuotas-seguridad-social\/\">devoluci\u00f3n de cuotas por parte de la Seguridad Social<\/a>.<\/p>\n\n\n\n<p><strong>3. Doble Cotizaci\u00f3n = <\/strong><a href=\"https:\/\/getquipu.com\/blog\/la-jubilacion-del-trabajador-autonomo\/\"><strong>Mejor Jubilaci\u00f3n<\/strong><\/a><\/p>\n\n\n\n<p>Est\u00e1s cotizando en dos reg\u00edmenes a la vez. A la hora de jubilarte, la Seguridad Social sumar\u00e1 ambas bases de cotizaci\u00f3n para calcular tu pensi\u00f3n (con el l\u00edmite de la base m\u00e1xima). En la pr\u00e1ctica, esto casi siempre resulta en una pensi\u00f3n p\u00fablica m\u00e1s alta.<\/p>\n\n\n\n<p><strong>4. Diversificaci\u00f3n de Ingresos<\/strong><\/p>\n\n\n\n<p>Es la ventaja m\u00e1s obvia, pero la m\u00e1s importante para tu tranquilidad. Tienes la estabilidad de una n\u00f3mina fija mientras construyes tu propio proyecto. Si uno falla, tienes el otro.<\/p>\n\n\n\n<p><strong>5. Acceso a M\u00e1s Prestaciones<\/strong><\/p>\n\n\n\n<p>Al cotizar doble, tambi\u00e9n generas derecho a prestaciones por duplicado. Por ejemplo, podr\u00edas llegar a cobrar dos prestaciones de <a href=\"https:\/\/getquipu.com\/blog\/incapacidad-temporal-autonomos\/\">incapacidad temporal<\/a> (una por cada r\u00e9gimen) si la enfermedad te impide realizar ambas actividades.<\/p>\n\n\n\n<h2 class=\"wp-block-heading\"><strong>\u00bfTengo derecho a cobrar el paro si soy aut\u00f3nomo y asalariado?<\/strong><\/h2>\n\n\n\n<p>Una de las grandes dudas al estar en pluriactividad es qu\u00e9 ocurre con la prestaci\u00f3n por desempleo. Si te despiden de tu trabajo por cuenta ajena mientras sigues dado de alta en el RETA como aut\u00f3nomo, <strong>no podr\u00e1s cobrar el paro tradicional de forma simult\u00e1nea<\/strong>, ya que se considera que mantienes una actividad econ\u00f3mica activa que te genera ingresos.<\/p>\n\n\n\n<p>No obstante, si posteriormente te ves obligado a cerrar tu negocio y causar baja en el RETA, s\u00ed podr\u00edas acceder al paro que ten\u00edas acumulado o a la <a href=\"https:\/\/getquipu.com\/blog\/como-pedir-el-paro-siendo-autonomo\/\">prestaci\u00f3n por cese de actividad<\/a>, siempre y cuando cumplas con los per\u00edodos m\u00ednimos de cotizaci\u00f3n exigidos por la Seguridad Social.<\/p>\n\n\n\n\n<div style=\"height:25px\" class=\"wp-block-spacer\"><\/div>\n<div class=\"lead-magnet-banner\" style=\"margin:0 auto;max-width:100%;text-align:center\"><div class=\"hs-cta-embed hs-cta-simple-placeholder hs-cta-embed-407458353356\"\n  style=\"max-width:100%; max-height:100%; width:100%;height:auto\" data-hubspot-wrapper-cta-id=\"407458353356\">\n  <a href=\"https:\/\/cta-eu1.hubspot.com\/web-interactives\/public\/v1\/track\/redirect?encryptedPayload=AVxigLJU1wp80HdfWn7u1eGGZYSDHUmCPcyxAQs6%2BaH1W%2BDYVBUiaW2rhSubNkV6T6JsFjp20tpQ5gv1coC2CjpI3RsnkCDbQZ5k7eSNKAwm6tOMHi8F6x6scI6flqcyEHOBJMw8acyEP04VVxKPTx%2FLvhLUufw99UutbMLqj2F1W2ml2M3WZvR3fTkrYJiPj%2BBVasLjmqli5yF0%2F844gKl50oylcQ%3D%3D&#038;webInteractiveContentId=407458353356&#038;portalId=145818878\" target=\"_blank\" rel=\"noopener\" crossorigin=\"anonymous\">\n    <img decoding=\"async\" alt=\"1600 x 403\" loading=\"lazy\" src=\"https:\/\/hubspot-no-cache-eu1-prod.s3.amazonaws.com\/cta\/default\/145818878\/interactive-407458353356.png\" style=\"height: 100%; width: 100%; object-fit:contain\"\n      onerror=\"this.style.display='none'\" \/>\n  <\/a>\n<\/div><\/div>\n<div style=\"height:40px\" class=\"wp-block-spacer\"><\/div>\n\n\n<h2 class=\"wp-block-heading\"><strong>\u00bfQu\u00e9 dice la Ley sobre la pluriactividad<\/strong><\/h2>\n\n\n\n<p>Para profundizar en la pluriactividad y dejar unas l\u00edneas claras, en 2013 se puso en marcha la <a href=\"https:\/\/www.boe.es\/diario_boe\/txt.php?id=BOE-A-2013-10074\">Ley 14\/2013, de 27 de Septiembre<\/a>, de apoyo a los emprendedores y su internacionalizaci\u00f3n. M\u00e1s conocida como Ley de Emprendedores.<\/p>\n\n\n\n<p>En ella se indican expresamente cu\u00e1les son los beneficios y obligaciones que tienen los trabajadores asalariados que se den de alta en el RETA (R\u00e9gimen Especial de Trabajadores Aut\u00f3nomos) como aut\u00f3nomos a la hora de cotizar: reducci\u00f3n de bases de cotizaci\u00f3n (con los porcentajes actualizados vigentes que hemos explicado antes) e incompatibilidad con otras bonificaciones como la tarifa plana de la cuota.<\/p>\n\n\n\n<p>Adem\u00e1s, se indica que, para poder estar en situaci\u00f3n de pluriactividad, es fundamental estar dado de <a href=\"https:\/\/getquipu.com\/blog\/regimen-especial-de-trabajadores-autonomos-que-es-y-como-funciona\/\">alta en el RETA<\/a> y en el RGSS (R\u00e9gimen General de la Seguridad Social) y no tener firmada una cl\u00e1usula de exclusividad.<\/p>\n\n\n\n<p>Para entender mejor qu\u00e9 es esa cl\u00e1usula, hay que acudir a otro texto legal, el Estatuto de los Trabajadores, m\u00e1s concretamente al art\u00edculo 21. En este, se indica que las empresas tienen derecho a exigir una exclusividad a sus trabajadores a cambio de una compensaci\u00f3n (pacto de no concurrencia). En caso de firmar esta cl\u00e1usula e incumplirla, se puede proceder con el despido.<\/p>\n\n\n\n<h3 class=\"wp-block-heading\"><strong>Incompatibilidades: \u00bfTengo que avisar a mi empresa?<\/strong><\/h3>\n\n\n\n<p>A nivel general, no existe una obligaci\u00f3n legal expl\u00edcita de notificar a tu empresa que vas a darte de alta como aut\u00f3nomo, a menos que tu contrato incluya el mencionado pacto de exclusividad o tu actividad suponga una competencia directa. Sin embargo, hay una excepci\u00f3n importante: <strong>si eres funcionario o trabajador del sector p\u00fablico<\/strong>. En este escenario, la ley exige solicitar un reconocimiento de compatibilidad previo a la Administraci\u00f3n, el cual suele ser denegado si la actividad privada interfiere con tus funciones p\u00fablicas o si ya percibes un complemento de dedicaci\u00f3n exclusiva.<\/p>\n\n\n\n<h2 class=\"wp-block-heading\"><strong>Desventajas de ser aut\u00f3nomo y asalariado a la vez (Pluriactividad)<\/strong><\/h2>\n\n\n\n<p>Ser \u00abpluriactivo\u00bb ofrece seguridad, pero tambi\u00e9n exige un esfuerzo extra. Antes de lanzarte, valora la imagen completa:<\/p>\n\n\n\n<ul class=\"wp-block-list\"><li><strong>Sobrecarga de trabajo y gesti\u00f3n del tiempo:<\/strong> Compaginar una jornada laboral para otra empresa con las responsabilidades que exige levantar un negocio propio puede traducirse r\u00e1pidamente en estr\u00e9s si no te organizas adecuadamente.<\/li><li><strong>Mayor complejidad administrativa y fiscal:<\/strong> Tendr\u00e1s que sumar a tu vida la gesti\u00f3n de facturas y la presentaci\u00f3n obligatoria de impuestos trimestrales (IVA e IRPF).<\/li><li><strong>Salto de tramo en el IRPF:<\/strong> Al sumar los ingresos de tu n\u00f3mina con los beneficios de tu actividad como aut\u00f3nomo, es altamente probable que tu base imponible aumente, haci\u00e9ndote saltar a un tramo superior en tu Declaraci\u00f3n de la Renta.<\/li><\/ul>\n\n\n\n<figure class=\"wp-block-table\"><table class=\"has-fixed-layout\"><tbody><tr><td><strong>Ventajas Claras<\/strong><\/td><td><strong>Desventajas y Carga Extra<\/strong><\/td><\/tr><tr><td><strong>Estabilidad Financiera:<\/strong> Tienes un ingreso fijo (n\u00f3mina) que cubre tus gastos b\u00e1sicos.<\/td><td><strong>Mayor Carga Administrativa:<\/strong> Ahora no solo trabajas, <em>gestionas<\/em>. Debes facturar, presentar modelos trimestrales (IVA, IRPF) y llevar tu contabilidad.<\/td><\/tr><tr><td><strong>Bonificaciones de Cuota:<\/strong> Pagas una cuota de aut\u00f3nomo reducida durante los primeros a\u00f1os.<\/td><td><strong>Doble Carga de Trabajo:<\/strong> Es la realidad. Tu jornada laboral no termina a las 18:00. Tendr\u00e1s que dedicar tardes o fines de semana a tu actividad propia.<\/td><\/tr><tr><td><strong>Mejor Jubilaci\u00f3n:<\/strong> Cotizas doble y aumentas tu base reguladora futura.<\/td><td><strong>Presi\u00f3n Fiscal (IRPF):<\/strong> Es muy probable que tu Declaraci\u00f3n de la Renta te salga a pagar. Lo explicamos en detalle m\u00e1s abajo.<\/td><\/tr><\/tbody><\/table><\/figure>\n\n\n\n<h3 class=\"wp-block-heading\"><strong>Diferencia entre pluriactividad y pluriempleo<\/strong><\/h3>\n\n\n\n<p>La diferencia entre pluriactividad y pluriempleo radica en que pluriactividad es trabajar como asalariado y como aut\u00f3nomo al mismo tiempo. Pluriempleo significa trabajar para dos o m\u00e1s empresas al mismo tiempo, pero siempre como asalariado, o en el R\u00e9gimen General de la Seguridad Social.<\/p>\n\n\n\n<p>Son dos situaciones distintas que, adem\u00e1s, obligan a cotizar de formas diferentes.<\/p>\n\n\n\n<h2 class=\"wp-block-heading\"><strong>\u00bfC\u00f3mo se cotiza a la Seguridad Social por pluriactividad?<\/strong><\/h2>\n\n\n\n<p>La situaci\u00f3n de pluriactividad conlleva a cotizar por dos reg\u00edmenes distintos a la Seguridad Social: el r\u00e9gimen general, para trabajadores por cuenta ajena, y el RETA, para trabajadores por cuenta propia.<\/p>\n\n\n\n<p>Para empezar, esto significa que, a la hora de declarar tus impuestos, tendr\u00e1s que declarar por rendimientos del trabajo derivados del salario y rendimientos de actividades econ\u00f3micas derivados de los ingresos y gastos por tu actividad como aut\u00f3nomo. Para la declaraci\u00f3n de los beneficios de la actividad econ\u00f3mica habr\u00e1 que cotizar seg\u00fan el <a href=\"https:\/\/getquipu.com\/blog\/nuevo-sistema-de-cotizacion-para-autonomos-en-funcion-de-ingresos-reales\/\">nuevo sistema de cotizaci\u00f3n por ingresos reales<\/a>.<\/p>\n\n\n\n<p>En 2026, la cuota de los aut\u00f3nomos en pluriactividad se rige por el sistema de cotizaci\u00f3n por ingresos reales, ajust\u00e1ndose a los tramos y bases m\u00ednimas definidos para el a\u00f1o en curso.<\/p>\n\n\n\n<p>En cualquier caso, al iniciar la actividad, habr\u00e1 opci\u00f3n de acogerse a bonificaciones en la cuota de aut\u00f3nomos. Todo asalariado que se d\u00e9 de alta como aut\u00f3nomo y entre en pluriactividad puede optar por las bonificaciones en cotizaciones o, por otra parte, la tarifa plana en la cuota. No puede solicitar ambas.<\/p>\n\n\n\n<p>Asimismo, la Ley establece un tope de cotizaci\u00f3n por contingencias comunes que, si se supera al estar en pluriactividad, se puede reclamar, aunque la Seguridad Social ya lo hace de forma autom\u00e1tica. As\u00ed, obtienes una devoluci\u00f3n del 50% del excedente por contingencias comunes sobre el tope m\u00e1ximo anual vigente.<\/p>\n\n\n\n<p>Por \u00faltimo, cotizar por ambos reg\u00edmenes da acceso a mejores prestaciones en caso de incapacidad, paro u otras situaciones que vayan ligadas a ayudas econ\u00f3micas.<\/p>\n\n\n\n<h2 class=\"wp-block-heading\">C\u00f3mo afecta al IRPF ser aut\u00f3nomo y asalariado<\/h2>\n\n\n\n<p>Aqu\u00ed es donde la gesti\u00f3n se complica y donde debes tener m\u00e1s cuidado. Al tener dos pagadores (tu empresa y tus clientes), tus obligaciones fiscales cambian radicalmente.<\/p>\n\n\n\n<p><strong>1. Tienes dos fuentes de Renta<\/strong> En tu Declaraci\u00f3n de la Renta anual, deber\u00e1s declarar ingresos por:<\/p>\n\n\n\n<ul class=\"wp-block-list\"><li>Rendimientos del Trabajo: Tu n\u00f3mina.<\/li><li>Rendimientos de Actividades Econ\u00f3micas: Tus beneficios como aut\u00f3nomo.<\/li><\/ul>\n\n\n\n<p><strong>2. Est\u00e1s Obligado a Hacer la Declaraci\u00f3n de la Renta<\/strong> El l\u00edmite para no presentar la Renta si tienes dos pagadores es muy bajo. En la pr\u00e1ctica, <strong>si eres aut\u00f3nomo y asalariado, asume que est\u00e1s obligado a presentar la <a href=\"https:\/\/getquipu.com\/blog\/como-rellenar-la-declaracion-de-la-renta-paso-a-paso\/\">Declaraci\u00f3n de la Renta<\/a> s\u00ed o s\u00ed.<\/strong><\/p>\n\n\n\n<p><strong>3. El peligro de tener dos pagadores: El \u00absusto\u00bb de la Renta<\/strong><\/p>\n\n\n\n<p>Al ser pluriactivo, tienes dos pagadores: tu empresa y t\u00fa mismo. Esto suele provocar que la Declaraci\u00f3n de la Renta salga \u00aba pagar\u00bb si no tienes cuidado.<\/p>\n\n\n\n<p><strong>Ejemplo pr\u00e1ctico de por qu\u00e9 pasa esto:<\/strong><\/p>\n\n\n\n<ul class=\"wp-block-list\"><li><strong>Tu empresa<\/strong> te retiene un <strong>12%<\/strong> en la n\u00f3mina (calculado solo para tu sueldo de asalariado, por ejemplo, 20.000\u20ac).<\/li><li><strong>Como aut\u00f3nomo<\/strong> ganas otros 15.000\u20ac extra.<\/li><\/ul>\n\n\n\n<p><strong>4. Tus Obligaciones Trimestrales como Aut\u00f3nomo<\/strong> Recuerda que, adem\u00e1s de la Renta anual, sigues obligado a presentar tus impuestos trimestrales como aut\u00f3nomo:<\/p>\n\n\n\n<ul class=\"wp-block-list\"><li><strong><a href=\"https:\/\/getquipu.com\/blog\/modelo-303-de-iva\/\">Modelo 303<\/a>:<\/strong> Declaraci\u00f3n trimestral de IVA.<\/li><li><strong><a href=\"https:\/\/getquipu.com\/blog\/modelo-130-irpf\/\">Modelo 130<\/a>:<\/strong> Pago fraccionado del IRPF (un adelanto del 20% de tus beneficios a cuenta de la Renta).<\/li><\/ul>\n\n\n\n<p><strong>Quipu te lo pone f\u00e1cil:<\/strong> Nuestro software te ayuda a calcular tus impuestos trimestrales (Modelos 303 y 130) autom\u00e1ticamente a partir de tus facturas. As\u00ed, cuando llegue la Renta, tendr\u00e1s el control total de lo que has ganado y pagado, evitando sustos con Hacienda.<\/p>\n\n\n<div class=\"gb-container gb-container-b2fecea6 new-banner\">\n<div class=\"gb-grid-wrapper gb-grid-wrapper-0fc70046\">\n<div class=\"gb-grid-column gb-grid-column-6f7203a6\"><div class=\"gb-container gb-container-6f7203a6 text-div\">\n\n<p class=\"title-banner has-text-color\" style=\"color:#003829;font-size:19px\">Facturaci\u00f3n inteligente<\/p>\n\n\n\n<p class=\"text-banner\">Quipu simplifica la gesti\u00f3n de tu negocio, automatizando tareas y agilizando todos tus procesos.<\/p>\n\n\n\n<p class=\"btn-p-banner\"><a href=\"https:\/\/getquipu.com\/es\/programa-facturacion\" data-type=\"URL\" data-id=\"https:\/\/getquipu.com\/es\/programa-facturacion\">Ver m\u00e1s<\/a><\/p>\n\n<\/div><\/div>\n\n<div class=\"gb-grid-column gb-grid-column-c144d8bb\"><div class=\"gb-container gb-container-c144d8bb img-banner\">\n\n<figure class=\"wp-block-image size-full\"><img decoding=\"async\" width=\"1024\" height=\"573\" src=\"https:\/\/getquipu.com\/wp-content\/uploads\/2023\/05\/16134604\/Group-3296.webp\" alt=\"\" class=\"wp-image-38551\" srcset=\"https:\/\/getquipu.com\/wp-content\/uploads\/2023\/05\/16134604\/Group-3296.webp 1024w, https:\/\/getquipu.com\/wp-content\/uploads\/2023\/05\/16134604\/Group-3296-300x168.webp 300w, https:\/\/getquipu.com\/wp-content\/uploads\/2023\/05\/16134604\/Group-3296-768x430.webp 768w\" sizes=\"(max-width: 1024px) 100vw, 1024px\" \/><\/figure>\n\n<\/div><\/div>\n<\/div>\n<\/div>\n\n\n<h2 class=\"wp-block-heading\"><strong>\u00bfC\u00f3mo empezar de aut\u00f3nomo en pluriactividad?<\/strong><\/h2>\n\n\n\n<p>Para empezar de aut\u00f3nomo en pluriactividad hay que seguir un proceso que implica formalizar tu situaci\u00f3n tanto con Hacienda como con la Seguridad Social. El hecho de ser asalariado no te exime de estas obligaciones censales.<\/p>\n\n\n\n<h3 class=\"wp-block-heading\"><strong>Tr\u00e1mites de Alta: Hacienda y Seguridad Social<\/strong><\/h3>\n\n\n\n<p>El registro consta de dos pasos obligatorios que deben realizarse coordinadamente:<\/p>\n\n\n\n<ul class=\"wp-block-list\"><li><strong>Alta en Hacienda (Agencia Tributaria):<\/strong> Debes presentar el <a href=\"https:\/\/getquipu.com\/blog\/que-es-el-modelo-036-y-como-rellenarlo\/\">modelo 036<\/a> o el <a href=\"https:\/\/getquipu.com\/blog\/que-es-el-modelo-037-y-como-rellenarlo\/\">modelo 037<\/a> para darte de alta en el Censo de Empresarios, Profesionales y Retenedores. Aqu\u00ed indicar\u00e1s el ep\u00edgrafe del IAE (Impuesto de Actividades Econ\u00f3micas) que corresponde a tu actividad.<\/li><li><strong>Alta en la Seguridad Social (RETA):<\/strong> Tienes un plazo de 60 d\u00edas antes del inicio de la actividad para presentar el modelo <a href=\"https:\/\/getquipu.com\/blog\/modelo-ta-0521\/\">TA.0521<\/a>. Es en este momento donde informar\u00e1s de tu situaci\u00f3n de pluriactividad para optar a las bonificaciones correspondientes.<\/li><\/ul>\n\n\n\n<p>Opcional: solicitar las bonificaciones por pluriactividad a la hora de darse de alta en el RETA.<\/p>\n\n\n\n<p class=\"has-background\" style=\"background-color:#e7f5ff\">\ud83d\udd17<strong> Ampliar informaci\u00f3n: <\/strong>Si quieres saber m\u00e1s sobre <a href=\"https:\/\/getquipu.com\/blog\/como-darse-de-alta-como-autonomo-paso-a-paso\/\">c\u00f3mo darse de alta como aut\u00f3nomo<\/a> te recomendamos que leas nuestro art\u00edculo espec\u00edfico.<\/p>\n\n\n\n<h3 class=\"wp-block-heading\"><strong>Truco para pagar menos cuota (Exclusivo Pluriactividad)<\/strong><\/h3>\n\n\n\n<p>En el momento de rellenar tu alta en la Seguridad Social (TA.0521), ver\u00e1s una casilla sobre las Contingencias por Incapacidad Temporal (IT).<\/p>\n\n\n\n<p>Como tu empresa (asalariado) ya cotiza por ti para cubrir tu baja por enfermedad, la ley te permite renunciar a esta cobertura en tu cuota de aut\u00f3nomo.<\/p>\n\n\n\n<p><strong>\u00bfQu\u00e9 consigues?<\/strong> Ahorrarte un 3,30% extra en tu cuota mensual de aut\u00f3nomo.<\/p>\n\n\n\n<p><strong>\u00bfQu\u00e9 pierdes?<\/strong> Cobrar la baja por partida doble (solo la cobrar\u00edas por tu trabajo de asalariado).<\/p>\n\n\n\n<h2 class=\"wp-block-heading\">Preguntas frecuentes<\/h2>\n\n\n\n<h3 class=\"wp-block-heading\">\u00bfCu\u00e1les son las desventajas de la pluriactividad?<\/h3>\n\n\n\n<p>Las principales desventajas incluyen una mayor carga fiscal al sumar dos fuentes de ingresos (lo que puede elevar tu tramo de IRPF), la obligaci\u00f3n casi segura de presentar la Declaraci\u00f3n de la Renta, y la mayor complejidad administrativa al tener que liquidar el IVA y el IRPF trimestralmente.<\/p>\n\n\n\n<h3 class=\"wp-block-heading\">\u00bfCu\u00e1nto se paga siendo aut\u00f3nomo con pluriactividad?<\/h3>\n\n\n\n<p>En 2026, si es tu primera alta, puedes pagar los 80\u20ac mensuales de la Tarifa Plana durante el primer a\u00f1o. Si decides aplicar la bonificaci\u00f3n por pluriactividad, tu cuota depender\u00e1 de tus ingresos reales, pero tendr\u00e1s una reducci\u00f3n en la base de cotizaci\u00f3n durante los primeros 36 meses.<\/p>\n\n\n\n<h3 class=\"wp-block-heading\">\u00bfQu\u00e9 pasa si cotizo por cuenta ajena y aut\u00f3nomo?<\/h3>\n\n\n\n<p>Generas derechos en ambos reg\u00edmenes, lo que se traduce en una doble cotizaci\u00f3n de cara a tu jubilaci\u00f3n. Adem\u00e1s, si la suma de ambas cotizaciones supera el tope m\u00e1ximo anual legal, la Seguridad Social te devolver\u00e1 autom\u00e1ticamente el 50% del exceso cotizado por contingencias comunes.<\/p>\n\n\n\n<div class=\"wp-block-group has-background\" style=\"background-color:#fef9f5\"><div class=\"wp-block-group__inner-container is-layout-flow wp-block-group-is-layout-flow\">\n<p class=\"has-text-align-center has-medium-font-size\"><strong><strong>\u00bfPuedo facturar sin ser aut\u00f3nomo?<\/strong><\/strong><\/p>\n\n\n\n<p>\ud83d\udcf9 En este v\u00eddeo explicamos <strong>c\u00f3mo hacer una factura sin estar dado de alta como aut\u00f3nomo<\/strong>, en qu\u00e9 casos es legal y cu\u00e1ndo puedes tener problemas con Hacienda o la Seguridad Social. Analizamos qu\u00e9 se considera facturaci\u00f3n espor\u00e1dica, por qu\u00e9 no existe una regla clara basada en el SMI y cu\u00e1ndo una actividad pasa a ser habitual.<\/p>\n\n\n\n<div class=\"iframe-container\">\n\n<iframe class=\"responsive-iframe\" title=\"YouTube video player\" src=\"https:\/\/www.youtube.com\/embed\/8YRS9KQG9Ps\" frameborder=\"0\" allowfullscreen=\"allowfullscreen\"><\/iframe>\n\n<\/div>\n\n\n\n<div style=\"height:20px\" aria-hidden=\"true\" class=\"wp-block-spacer\"><\/div>\n\n\n\n<div class=\"btn-div-destacado\"><a href=\"https:\/\/getquipu.com\/es\/cuentas\/registro\" class=\"btn-destacado\" target=\"_blank\" rel=\"noreferrer noopener\">Prueba Quipu Gratis<\/a><\/div>\n\n\n\n<div style=\"height:15px\" aria-hidden=\"true\" class=\"wp-block-spacer\"><\/div>\n\n\n\n<p class=\"has-text-align-center has-small-font-size\">Prueba gratuita de 15 d\u00edas. Sin permanencia. Sin introducir tu tarjeta.<\/p>\n<\/div><\/div>\n","protected":false},"excerpt":{"rendered":"<p>\u00bfEst\u00e1s trabajando como asalariado para una empresa y te ha surgido la posibilidad de trabajar con clientes propios? Si te est\u00e1 pasando y empiezas a ver la oportunidad de montar<\/p>\n","protected":false},"author":3,"featured_media":25936,"comment_status":"closed","ping_status":"closed","sticky":false,"template":"","format":"standard","meta":{"footnotes":""},"categories":[480],"tags":[],"class_list":["post-2265","post","type-post","status-publish","format-standard","has-post-thumbnail","hentry","category-nuevos-autonomos","generate-columns","tablet-grid-50","mobile-grid-100","grid-parent","grid-50","resize-featured-image"],"yoast_head":"<!-- This site is optimized with the Yoast SEO plugin v23.9 - https:\/\/yoast.com\/wordpress\/plugins\/seo\/ -->\n<title>Aut\u00f3nomo y asalariado a la vez: \u00bfes posible? (2026)<\/title>\n<meta name=\"description\" content=\"\u00bfEres asalariado y quieres darte de alta como aut\u00f3nomo? Te contamos todo lo que necesitas saber. \u00a1Entra y desc\u00fabrelo!\" \/>\n<meta name=\"robots\" content=\"index, follow, max-snippet:-1, max-image-preview:large, max-video-preview:-1\" \/>\n<link rel=\"canonical\" href=\"https:\/\/getquipu.com\/blog\/puedo-trabajar-como-autonomo-y-asalariado-al-mismo-tiempo\/\" \/>\n<meta property=\"og:locale\" content=\"es_ES\" \/>\n<meta property=\"og:type\" content=\"article\" \/>\n<meta property=\"og:title\" content=\"Aut\u00f3nomo y asalariado a la vez: \u00bfes posible? (2026)\" \/>\n<meta property=\"og:description\" content=\"\u00bfEres asalariado y quieres darte de alta como aut\u00f3nomo? Te contamos todo lo que necesitas saber. \u00a1Entra y desc\u00fabrelo!\" \/>\n<meta property=\"og:url\" content=\"https:\/\/getquipu.com\/blog\/puedo-trabajar-como-autonomo-y-asalariado-al-mismo-tiempo\/\" \/>\n<meta property=\"og:site_name\" content=\"TeamSystem Quipu\" \/>\n<meta property=\"article:published_time\" content=\"2023-03-06T11:15:00+00:00\" \/>\n<meta property=\"article:modified_time\" content=\"2026-08-17T20:55:26+00:00\" \/>\n<meta property=\"og:image\" content=\"https:\/\/getquipu.com\/wp-content\/uploads\/2022\/03\/08121651\/trabajar-autonomo-asalariado-tiempo.png\" \/>\n\t<meta property=\"og:image:width\" content=\"768\" \/>\n\t<meta property=\"og:image:height\" content=\"295\" \/>\n\t<meta property=\"og:image:type\" content=\"image\/png\" \/>\n<meta name=\"author\" content=\"Roger Doba\u00f1o - CEO Quipu\" \/>\n<meta name=\"twitter:card\" content=\"summary_large_image\" \/>\n<meta name=\"twitter:creator\" content=\"@rogerdobano\" \/>\n<meta name=\"twitter:label1\" content=\"Escrito por\" \/>\n\t<meta name=\"twitter:data1\" content=\"Roger Doba\u00f1o - CEO Quipu\" \/>\n\t<meta name=\"twitter:label2\" content=\"Tiempo de lectura\" \/>\n\t<meta name=\"twitter:data2\" content=\"10 minutos\" \/>\n<script type=\"application\/ld+json\" class=\"yoast-schema-graph\">{\"@context\":\"https:\/\/schema.org\",\"@graph\":[{\"@type\":\"Article\",\"@id\":\"https:\/\/getquipu.com\/blog\/puedo-trabajar-como-autonomo-y-asalariado-al-mismo-tiempo\/#article\",\"isPartOf\":{\"@id\":\"https:\/\/getquipu.com\/blog\/puedo-trabajar-como-autonomo-y-asalariado-al-mismo-tiempo\/\"},\"author\":{\"name\":\"Roger Doba\u00f1o - CEO Quipu\",\"@id\":\"https:\/\/getquipu.com\/blog\/#\/schema\/person\/373ccc5d513d88aea29fc8135422fa2e\"},\"headline\":\"Aut\u00f3nomo y asalariado a la vez: \u00bfes posible?\",\"datePublished\":\"2023-03-06T11:15:00+00:00\",\"dateModified\":\"2026-08-17T20:55:26+00:00\",\"mainEntityOfPage\":{\"@id\":\"https:\/\/getquipu.com\/blog\/puedo-trabajar-como-autonomo-y-asalariado-al-mismo-tiempo\/\"},\"wordCount\":2760,\"publisher\":{\"@id\":\"https:\/\/getquipu.com\/blog\/#organization\"},\"image\":{\"@id\":\"https:\/\/getquipu.com\/blog\/puedo-trabajar-como-autonomo-y-asalariado-al-mismo-tiempo\/#primaryimage\"},\"thumbnailUrl\":\"https:\/\/getquipu.com\/wp-content\/uploads\/2022\/03\/08121651\/trabajar-autonomo-asalariado-tiempo.png\",\"articleSection\":[\"Nuevos Aut\u00f3nomos\"],\"inLanguage\":\"es\"},{\"@type\":\"WebPage\",\"@id\":\"https:\/\/getquipu.com\/blog\/puedo-trabajar-como-autonomo-y-asalariado-al-mismo-tiempo\/\",\"url\":\"https:\/\/getquipu.com\/blog\/puedo-trabajar-como-autonomo-y-asalariado-al-mismo-tiempo\/\",\"name\":\"Aut\u00f3nomo y asalariado a la vez: \u00bfes posible? (2026)\",\"isPartOf\":{\"@id\":\"https:\/\/getquipu.com\/blog\/#website\"},\"primaryImageOfPage\":{\"@id\":\"https:\/\/getquipu.com\/blog\/puedo-trabajar-como-autonomo-y-asalariado-al-mismo-tiempo\/#primaryimage\"},\"image\":{\"@id\":\"https:\/\/getquipu.com\/blog\/puedo-trabajar-como-autonomo-y-asalariado-al-mismo-tiempo\/#primaryimage\"},\"thumbnailUrl\":\"https:\/\/getquipu.com\/wp-content\/uploads\/2022\/03\/08121651\/trabajar-autonomo-asalariado-tiempo.png\",\"datePublished\":\"2023-03-06T11:15:00+00:00\",\"dateModified\":\"2026-08-17T20:55:26+00:00\",\"description\":\"\u00bfEres asalariado y quieres darte de alta como aut\u00f3nomo? Te contamos todo lo que necesitas saber. \u00a1Entra y desc\u00fabrelo!\",\"breadcrumb\":{\"@id\":\"https:\/\/getquipu.com\/blog\/puedo-trabajar-como-autonomo-y-asalariado-al-mismo-tiempo\/#breadcrumb\"},\"inLanguage\":\"es\",\"potentialAction\":[{\"@type\":\"ReadAction\",\"target\":[\"https:\/\/getquipu.com\/blog\/puedo-trabajar-como-autonomo-y-asalariado-al-mismo-tiempo\/\"]}]},{\"@type\":\"ImageObject\",\"inLanguage\":\"es\",\"@id\":\"https:\/\/getquipu.com\/blog\/puedo-trabajar-como-autonomo-y-asalariado-al-mismo-tiempo\/#primaryimage\",\"url\":\"https:\/\/getquipu.com\/wp-content\/uploads\/2022\/03\/08121651\/trabajar-autonomo-asalariado-tiempo.png\",\"contentUrl\":\"https:\/\/getquipu.com\/wp-content\/uploads\/2022\/03\/08121651\/trabajar-autonomo-asalariado-tiempo.png\",\"width\":768,\"height\":295,\"caption\":\"como ser asalariado y autonomo a la vez pluriactividad\"},{\"@type\":\"BreadcrumbList\",\"@id\":\"https:\/\/getquipu.com\/blog\/puedo-trabajar-como-autonomo-y-asalariado-al-mismo-tiempo\/#breadcrumb\",\"itemListElement\":[{\"@type\":\"ListItem\",\"position\":1,\"name\":\"Blog\",\"item\":\"https:\/\/getquipu.com\/blog\/\"},{\"@type\":\"ListItem\",\"position\":2,\"name\":\"Nuevos Aut\u00f3nomos\",\"item\":\"https:\/\/getquipu.com\/blog\/category\/nuevos-autonomos\/\"},{\"@type\":\"ListItem\",\"position\":3,\"name\":\"Aut\u00f3nomo y asalariado a la vez: \u00bfes posible?\"}]},{\"@type\":\"WebSite\",\"@id\":\"https:\/\/getquipu.com\/blog\/#website\",\"url\":\"https:\/\/getquipu.com\/blog\/\",\"name\":\"TeamSystem Quipu\",\"description\":\"Informaci\u00f3n \u00fatil sobre fiscalidad y eficiencia administrativa en negocios como el tuyo.\",\"publisher\":{\"@id\":\"https:\/\/getquipu.com\/blog\/#organization\"},\"potentialAction\":[{\"@type\":\"SearchAction\",\"target\":{\"@type\":\"EntryPoint\",\"urlTemplate\":\"https:\/\/getquipu.com\/blog\/?s={search_term_string}\"},\"query-input\":{\"@type\":\"PropertyValueSpecification\",\"valueRequired\":true,\"valueName\":\"search_term_string\"}}],\"inLanguage\":\"es\"},{\"@type\":\"Organization\",\"@id\":\"https:\/\/getquipu.com\/blog\/#organization\",\"name\":\"Quipu\",\"url\":\"https:\/\/getquipu.com\/blog\/\",\"logo\":{\"@type\":\"ImageObject\",\"inLanguage\":\"es\",\"@id\":\"https:\/\/getquipu.com\/blog\/#\/schema\/logo\/image\/\",\"url\":\"https:\/\/getquipu.com\/wp-content\/uploads\/2022\/06\/20105810\/logo-quipu.png\",\"contentUrl\":\"https:\/\/getquipu.com\/wp-content\/uploads\/2022\/06\/20105810\/logo-quipu.png\",\"width\":399,\"height\":399,\"caption\":\"Quipu\"},\"image\":{\"@id\":\"https:\/\/getquipu.com\/blog\/#\/schema\/logo\/image\/\"}},{\"@type\":\"Person\",\"@id\":\"https:\/\/getquipu.com\/blog\/#\/schema\/person\/373ccc5d513d88aea29fc8135422fa2e\",\"name\":\"Roger Doba\u00f1o - CEO Quipu\",\"image\":{\"@type\":\"ImageObject\",\"inLanguage\":\"es\",\"@id\":\"https:\/\/getquipu.com\/blog\/#\/schema\/person\/image\/\",\"url\":\"https:\/\/secure.gravatar.com\/avatar\/34af94bfd8e5677657b0a2d961dc4974?s=96&d=mm&r=g\",\"contentUrl\":\"https:\/\/secure.gravatar.com\/avatar\/34af94bfd8e5677657b0a2d961dc4974?s=96&d=mm&r=g\",\"caption\":\"Roger Doba\u00f1o - CEO Quipu\"},\"description\":\"Roger es CEO y Fundador de Quipu, un software en la nube que lleva +10 a\u00f1os ayudando a aut\u00f3nomos, pymes y asesor\u00edas a digitalizar su operativa precontable. A ra\u00edz de una mala experiencia como aut\u00f3nomo, Roger se propuso crear un programa que acompa\u00f1ara a los empresarios a lidiar con la administraci\u00f3n.\",\"sameAs\":[\"https:\/\/getquipu.com\",\"https:\/\/www.linkedin.com\/in\/rogerdobano\/\",\"https:\/\/x.com\/@rogerdobano\"],\"url\":\"https:\/\/getquipu.com\/blog\/author\/roger\/\"}]}<\/script>\n<!-- \/ Yoast SEO plugin. -->","yoast_head_json":{"title":"Aut\u00f3nomo y asalariado a la vez: \u00bfes posible? (2026)","description":"\u00bfEres asalariado y quieres darte de alta como aut\u00f3nomo? Te contamos todo lo que necesitas saber. \u00a1Entra y desc\u00fabrelo!","robots":{"index":"index","follow":"follow","max-snippet":"max-snippet:-1","max-image-preview":"max-image-preview:large","max-video-preview":"max-video-preview:-1"},"canonical":"https:\/\/getquipu.com\/blog\/puedo-trabajar-como-autonomo-y-asalariado-al-mismo-tiempo\/","og_locale":"es_ES","og_type":"article","og_title":"Aut\u00f3nomo y asalariado a la vez: \u00bfes posible? (2026)","og_description":"\u00bfEres asalariado y quieres darte de alta como aut\u00f3nomo? Te contamos todo lo que necesitas saber. \u00a1Entra y desc\u00fabrelo!","og_url":"https:\/\/getquipu.com\/blog\/puedo-trabajar-como-autonomo-y-asalariado-al-mismo-tiempo\/","og_site_name":"TeamSystem Quipu","article_published_time":"2023-03-06T11:15:00+00:00","article_modified_time":"2026-08-17T20:55:26+00:00","og_image":[{"width":768,"height":295,"url":"https:\/\/getquipu.com\/wp-content\/uploads\/2022\/03\/08121651\/trabajar-autonomo-asalariado-tiempo.png","type":"image\/png"}],"author":"Roger Doba\u00f1o - CEO Quipu","twitter_card":"summary_large_image","twitter_creator":"@rogerdobano","twitter_misc":{"Escrito por":"Roger Doba\u00f1o - CEO Quipu","Tiempo de lectura":"10 minutos"},"schema":{"@context":"https:\/\/schema.org","@graph":[{"@type":"Article","@id":"https:\/\/getquipu.com\/blog\/puedo-trabajar-como-autonomo-y-asalariado-al-mismo-tiempo\/#article","isPartOf":{"@id":"https:\/\/getquipu.com\/blog\/puedo-trabajar-como-autonomo-y-asalariado-al-mismo-tiempo\/"},"author":{"name":"Roger Doba\u00f1o - CEO Quipu","@id":"https:\/\/getquipu.com\/blog\/#\/schema\/person\/373ccc5d513d88aea29fc8135422fa2e"},"headline":"Aut\u00f3nomo y asalariado a la vez: \u00bfes posible?","datePublished":"2023-03-06T11:15:00+00:00","dateModified":"2026-08-17T20:55:26+00:00","mainEntityOfPage":{"@id":"https:\/\/getquipu.com\/blog\/puedo-trabajar-como-autonomo-y-asalariado-al-mismo-tiempo\/"},"wordCount":2760,"publisher":{"@id":"https:\/\/getquipu.com\/blog\/#organization"},"image":{"@id":"https:\/\/getquipu.com\/blog\/puedo-trabajar-como-autonomo-y-asalariado-al-mismo-tiempo\/#primaryimage"},"thumbnailUrl":"https:\/\/getquipu.com\/wp-content\/uploads\/2022\/03\/08121651\/trabajar-autonomo-asalariado-tiempo.png","articleSection":["Nuevos Aut\u00f3nomos"],"inLanguage":"es"},{"@type":"WebPage","@id":"https:\/\/getquipu.com\/blog\/puedo-trabajar-como-autonomo-y-asalariado-al-mismo-tiempo\/","url":"https:\/\/getquipu.com\/blog\/puedo-trabajar-como-autonomo-y-asalariado-al-mismo-tiempo\/","name":"Aut\u00f3nomo y asalariado a la vez: \u00bfes posible? (2026)","isPartOf":{"@id":"https:\/\/getquipu.com\/blog\/#website"},"primaryImageOfPage":{"@id":"https:\/\/getquipu.com\/blog\/puedo-trabajar-como-autonomo-y-asalariado-al-mismo-tiempo\/#primaryimage"},"image":{"@id":"https:\/\/getquipu.com\/blog\/puedo-trabajar-como-autonomo-y-asalariado-al-mismo-tiempo\/#primaryimage"},"thumbnailUrl":"https:\/\/getquipu.com\/wp-content\/uploads\/2022\/03\/08121651\/trabajar-autonomo-asalariado-tiempo.png","datePublished":"2023-03-06T11:15:00+00:00","dateModified":"2026-08-17T20:55:26+00:00","description":"\u00bfEres asalariado y quieres darte de alta como aut\u00f3nomo? Te contamos todo lo que necesitas saber. \u00a1Entra y desc\u00fabrelo!","breadcrumb":{"@id":"https:\/\/getquipu.com\/blog\/puedo-trabajar-como-autonomo-y-asalariado-al-mismo-tiempo\/#breadcrumb"},"inLanguage":"es","potentialAction":[{"@type":"ReadAction","target":["https:\/\/getquipu.com\/blog\/puedo-trabajar-como-autonomo-y-asalariado-al-mismo-tiempo\/"]}]},{"@type":"ImageObject","inLanguage":"es","@id":"https:\/\/getquipu.com\/blog\/puedo-trabajar-como-autonomo-y-asalariado-al-mismo-tiempo\/#primaryimage","url":"https:\/\/getquipu.com\/wp-content\/uploads\/2022\/03\/08121651\/trabajar-autonomo-asalariado-tiempo.png","contentUrl":"https:\/\/getquipu.com\/wp-content\/uploads\/2022\/03\/08121651\/trabajar-autonomo-asalariado-tiempo.png","width":768,"height":295,"caption":"como ser asalariado y autonomo a la vez pluriactividad"},{"@type":"BreadcrumbList","@id":"https:\/\/getquipu.com\/blog\/puedo-trabajar-como-autonomo-y-asalariado-al-mismo-tiempo\/#breadcrumb","itemListElement":[{"@type":"ListItem","position":1,"name":"Blog","item":"https:\/\/getquipu.com\/blog\/"},{"@type":"ListItem","position":2,"name":"Nuevos Aut\u00f3nomos","item":"https:\/\/getquipu.com\/blog\/category\/nuevos-autonomos\/"},{"@type":"ListItem","position":3,"name":"Aut\u00f3nomo y asalariado a la vez: \u00bfes posible?"}]},{"@type":"WebSite","@id":"https:\/\/getquipu.com\/blog\/#website","url":"https:\/\/getquipu.com\/blog\/","name":"TeamSystem Quipu","description":"Informaci\u00f3n \u00fatil sobre fiscalidad y eficiencia administrativa en negocios como el tuyo.","publisher":{"@id":"https:\/\/getquipu.com\/blog\/#organization"},"potentialAction":[{"@type":"SearchAction","target":{"@type":"EntryPoint","urlTemplate":"https:\/\/getquipu.com\/blog\/?s={search_term_string}"},"query-input":{"@type":"PropertyValueSpecification","valueRequired":true,"valueName":"search_term_string"}}],"inLanguage":"es"},{"@type":"Organization","@id":"https:\/\/getquipu.com\/blog\/#organization","name":"Quipu","url":"https:\/\/getquipu.com\/blog\/","logo":{"@type":"ImageObject","inLanguage":"es","@id":"https:\/\/getquipu.com\/blog\/#\/schema\/logo\/image\/","url":"https:\/\/getquipu.com\/wp-content\/uploads\/2022\/06\/20105810\/logo-quipu.png","contentUrl":"https:\/\/getquipu.com\/wp-content\/uploads\/2022\/06\/20105810\/logo-quipu.png","width":399,"height":399,"caption":"Quipu"},"image":{"@id":"https:\/\/getquipu.com\/blog\/#\/schema\/logo\/image\/"}},{"@type":"Person","@id":"https:\/\/getquipu.com\/blog\/#\/schema\/person\/373ccc5d513d88aea29fc8135422fa2e","name":"Roger Doba\u00f1o - CEO Quipu","image":{"@type":"ImageObject","inLanguage":"es","@id":"https:\/\/getquipu.com\/blog\/#\/schema\/person\/image\/","url":"https:\/\/secure.gravatar.com\/avatar\/34af94bfd8e5677657b0a2d961dc4974?s=96&d=mm&r=g","contentUrl":"https:\/\/secure.gravatar.com\/avatar\/34af94bfd8e5677657b0a2d961dc4974?s=96&d=mm&r=g","caption":"Roger Doba\u00f1o - CEO Quipu"},"description":"Roger es CEO y Fundador de Quipu, un software en la nube que lleva +10 a\u00f1os ayudando a aut\u00f3nomos, pymes y asesor\u00edas a digitalizar su operativa precontable. A ra\u00edz de una mala experiencia como aut\u00f3nomo, Roger se propuso crear un programa que acompa\u00f1ara a los empresarios a lidiar con la administraci\u00f3n.","sameAs":["https:\/\/getquipu.com","https:\/\/www.linkedin.com\/in\/rogerdobano\/","https:\/\/x.com\/@rogerdobano"],"url":"https:\/\/getquipu.com\/blog\/author\/roger\/"}]}},"_links":{"self":[{"href":"https:\/\/getquipu.com\/blog\/wp-json\/wp\/v2\/posts\/2265","targetHints":{"allow":["GET"]}}],"collection":[{"href":"https:\/\/getquipu.com\/blog\/wp-json\/wp\/v2\/posts"}],"about":[{"href":"https:\/\/getquipu.com\/blog\/wp-json\/wp\/v2\/types\/post"}],"author":[{"embeddable":true,"href":"https:\/\/getquipu.com\/blog\/wp-json\/wp\/v2\/users\/3"}],"replies":[{"embeddable":true,"href":"https:\/\/getquipu.com\/blog\/wp-json\/wp\/v2\/comments?post=2265"}],"version-history":[{"count":45,"href":"https:\/\/getquipu.com\/blog\/wp-json\/wp\/v2\/posts\/2265\/revisions"}],"predecessor-version":[{"id":53990,"href":"https:\/\/getquipu.com\/blog\/wp-json\/wp\/v2\/posts\/2265\/revisions\/53990"}],"wp:featuredmedia":[{"embeddable":true,"href":"https:\/\/getquipu.com\/blog\/wp-json\/wp\/v2\/media\/25936"}],"wp:attachment":[{"href":"https:\/\/getquipu.com\/blog\/wp-json\/wp\/v2\/media?parent=2265"}],"wp:term":[{"taxonomy":"category","embeddable":true,"href":"https:\/\/getquipu.com\/blog\/wp-json\/wp\/v2\/categories?post=2265"},{"taxonomy":"post_tag","embeddable":true,"href":"https:\/\/getquipu.com\/blog\/wp-json\/wp\/v2\/tags?post=2265"}],"curies":[{"name":"wp","href":"https:\/\/api.w.org\/{rel}","templated":true}]}}