{"id":21363,"date":"2022-08-01T16:22:00","date_gmt":"2022-08-01T14:22:00","guid":{"rendered":"https:\/\/getquipu.com\/blog\/?p=21363"},"modified":"2024-09-25T12:13:14","modified_gmt":"2024-09-25T10:13:14","slug":"modelo-309-para-que-sirve","status":"publish","type":"post","link":"https:\/\/getquipu.com\/blog\/modelo-309-para-que-sirve\/","title":{"rendered":"Modelo 309 AEAT: Para qu\u00e9 sirve, quien est\u00e1 obligado a presentarlo y cu\u00e1ndo."},"content":{"rendered":"\n<p>En el siguiente art\u00edculo ahondaremos en un modelo de IVA que no es de los m\u00e1s populares. Hoy te contaremos exactamente para qu\u00e9 sirve modelo 309 y<strong> adem\u00e1s aprender\u00e1s:<\/strong><\/p>\n\n\n\n<ul class=\"wp-block-list\">\n<li><a href=\"#para-que-sirve-modelo-309\">Qu\u00e9 es el modelo 309 de IVA <\/a><\/li>\n\n\n\n<li><a href=\"#obligado-presentar-modelo-309\">Qui\u00e9n est\u00e1 obligado a presentar el modelo 309 de IVA<\/a> <\/li>\n\n\n\n<li><a href=\"#cuando-modelo-309\">Cu\u00e1ndo se presenta el modelo 309 de IVA<\/a> <\/li>\n<\/ul>\n\n\n\n<p>Si ya conoc\u00e9is el modelo y lo que necesit\u00e1is es rellenarlo, os recomendamos leer el art\u00edculo que hemos preparado sobre <a href=\"https:\/\/getquipu.com\/blog\/modelo-309-como-rellenar-instrucciones\/\">c\u00f3mo rellenar el modelo 309 paso a paso<\/a>. <\/p>\n\n\n\n<h2 class=\"wp-block-heading\" id=\"para-que-sirve-modelo-309\">Para qu\u00e9 sirve el modelo 309 de IVA<\/h2>\n\n\n\n<p><strong>El 309 es un modelo de declaraciones no peri\u00f3dicas de IVA<\/strong>. Es decir, que lo primero que debes comprender es que, a pesar de ser un modelo de autoliquidaci\u00f3n de IVA, tiene poco que ver con el <a href=\"https:\/\/getquipu.com\/blog\/modelo-303-de-iva\/\">modelo 303<\/a> o con el <a href=\"https:\/\/getquipu.com\/blog\/modelo-390-aeat\/\">modelo 390<\/a>, dos de los que ya conocer\u00e1s de sobre y de los que en Quipu ya te hemos hablado largo y tendido.<\/p>\n\n\n\n<p>\u00bfY qu\u00e9 significa exactamente que la declaraci\u00f3n del modelo 309 no sea peri\u00f3dica? Pues que <strong>no es un documento que haya que presentar todos los trimestres<\/strong>, sino \u00fanicamente aquellos en los que hayas desarrollado una actividad que s\u00ed que conlleve dicha presentaci\u00f3n. Eso s\u00ed, no te preocupes, solo vas a tener que rellenarlo por dos motivos, por lo que la cosa no tiene ninguna p\u00e9rdida:<\/p>\n\n\n\n<ul class=\"wp-block-list\">\n<li>El primero de los casos afecta a la compra de un medio de transporte nuevo dentro de la Comunidad Europea. Con el modelo 309 se ingresa el IVA de dicha compra a las arcas del Estado.<\/li>\n<\/ul>\n\n\n\n<ul class=\"wp-block-list\">\n<li>El segundo afecta a un horizonte algo mayor, y es que el modelo 309 sirve para abonar el IVA si eres un sujeto pasivo que ha realizado compras intracomunitarias de bienes nuevos, que ha entregado bienes de inversi\u00f3n inmobiliaria o que ha entregado bienes y ha prestado servicios en procedimientos judiciales de ejecuci\u00f3n forzosa. <\/li>\n<\/ul>\n\n\n<div class=\"gb-container gb-container-b2fecea6 new-banner\">\n<div class=\"gb-grid-wrapper gb-grid-wrapper-0fc70046\">\n<div class=\"gb-grid-column gb-grid-column-6f7203a6\"><div class=\"gb-container gb-container-6f7203a6 text-div\">\n\n<p class=\"title-banner has-text-color\" style=\"color:#003829;font-size:19px\">Tus modelos tributarios al d\u00eda<\/p>\n\n\n\n<p class=\"text-banner\">\u00a1Con Quipu es posible! Todas tus obligaciones fiscales resueltas en una \u00fanica plataforma.<\/p>\n\n\n\n<p class=\"btn-p-banner\"><a href=\"https:\/\/getquipu.com\/es\/gestion-impuestos\" data-type=\"URL\" data-id=\"https:\/\/getquipu.com\/es\/gestion-impuestos\">Ver m\u00e1s<\/a><\/p>\n\n<\/div><\/div>\n\n<div class=\"gb-grid-column gb-grid-column-c144d8bb\"><div class=\"gb-container gb-container-c144d8bb img-banner\">\n\n<figure class=\"wp-block-image size-full\"><img decoding=\"async\" width=\"1024\" height=\"573\" src=\"https:\/\/getquipu.com\/wp-content\/uploads\/2023\/05\/22102429\/Group-3311-1.png\" alt=\"\" class=\"wp-image-38800\" srcset=\"https:\/\/getquipu.com\/wp-content\/uploads\/2023\/05\/22102429\/Group-3311-1.png 1024w, https:\/\/getquipu.com\/wp-content\/uploads\/2023\/05\/22102429\/Group-3311-1-300x168.png 300w, https:\/\/getquipu.com\/wp-content\/uploads\/2023\/05\/22102429\/Group-3311-1-768x430.png 768w\" sizes=\"(max-width: 1024px) 100vw, 1024px\" \/><\/figure>\n\n<\/div><\/div>\n<\/div>\n<\/div>\n\n\n<h2 class=\"wp-block-heading\" id=\"obligado-presentar-modelo-309\">Qui\u00e9n est\u00e1 obligado a presentar el modelo 309 de IVA<\/h2>\n\n\n\n<p>El modelo 309 est\u00e1 pensado para todos aquellos sujetos con actividad comercial que habitualmente <strong>no suelen tener el imperativo de tributar el IVA<\/strong>. Sin embargo, el hecho de realizar sus operaciones fuera de nuestras fronteras hace que s\u00ed que deban \u2018pasar por caja\u2019, aunque \u00fanicamente de forma puntual en caso de llevar a cabo una operaci\u00f3n de esta tipolog\u00eda.<\/p>\n\n\n\n<p class=\"has-background\" style=\"background-color:#eaf9ff\"><strong>\u2757\ufe0f DATO CLAVE:<\/strong> Todo aquel aut\u00f3nomo que no est\u00e9 obligado a rellenar el modelo 303 de forma trimestral para presentar el IVA, y que est\u00e9 en <a href=\"https:\/\/getquipu.com\/blog\/que-es-el-recargo-de-equivalencia-y-como-funciona\/\">r\u00e9gimen de recargo de equivalencia<\/a>, tendr\u00e1 que presentar el modelo 309 tras realizar una compra intracomunitaria.<\/p>\n\n\n\n<p>Tal y como hemos mencionado en el <a href=\"#para-que-sirve-modelo-309\">apartado anterior<\/a>, los primeros que est\u00e1n obligados a presentar el modelo 309 del IVA son los sujetos pasivos que hayan llevado a cabo una de estas actividades:<\/p>\n\n\n\n<ul class=\"wp-block-list\">\n<li>Compras intracomunitarias.<\/li>\n\n\n\n<li>Operaciones con inversi\u00f3n del sujeto pasivo.<\/li>\n\n\n\n<li>Transmisi\u00f3n de inmuebles renunciando a la exenci\u00f3n.<\/li>\n<\/ul>\n\n\n\n<p>Tambi\u00e9n lo est\u00e1n los agricultores en R\u00e9gimen de Agricultura, Ganader\u00eda y Pesca, as\u00ed como las <strong>personas jur\u00eddicas que no sean empresas<\/strong>, como puede ser una fundaci\u00f3n ben\u00e9fica. Por \u00faltimo, tambi\u00e9n deben completarlo los empresarios sin derecho a IVA deducible.<\/p>\n\n\n\n<p>En cualquiera de estos casos, en los que ninguno de ellos tributa sus impuestos trimestralmente mediante el modelo 303, los implicados en las compras intracomunitarias deben <strong>rellenar el modelo 309 para abonar los impuestos pertinentes derivados de la actividad<\/strong> que hayan llevado a cabo.<\/p>\n\n\n\n<p>Si tu caso est\u00e1 entre los descritos anteriormente necesitar\u00e1s saber <strong>cu\u00e1ndo presentar el modelo 309 del IVA<\/strong> y, sobre todo, c\u00f3mo hacerlo para no estar incurriendo en ning\u00fan tipo de falta.<\/p>\n\n\n\n<h2 class=\"wp-block-heading\" id=\"cuando-modelo-309\">Cu\u00e1ndo se presenta el modelo 309 en la AEAT<\/h2>\n\n\n\n<p>El modelo 309 se presenta en el caso que en ese <strong>trimestre <\/strong>concreto se haya<strong> desarrollado alg\u00fan tipo de actividad que obligue <\/strong>a hacerlo (tienes las actividades en el apartado anterior). Para no tener que hacerlo tras cada compra intracomunitaria, ya nos llevar\u00eda al caos, el modelo 309 funciona de forma similar al 303 en el apartado de tiempos.<\/p>\n\n\n\n<p>Si lo has presentado en alguna ocasi\u00f3n sabr\u00e1s que tienes varios d\u00edas despu\u00e9s de cada trimestre para presentar la documentaci\u00f3n pertinente, \u00bfverdad? Si no los has presentado nunca, te explicamos los plazos:<\/p>\n\n\n\n<ul class=\"wp-block-list\">\n<li>Si has hecho alguna compra intracomunitaria durante el <a href=\"https:\/\/getquipu.com\/blog\/plazos-presentacion-impuestos-primer-trimestre\/\">primer trimestre<\/a> del a\u00f1o, deber\u00e1s presentarlo entre los d\u00edas<strong> 1 y 20 de abril<\/strong> del a\u00f1o en curso.<\/li>\n<\/ul>\n\n\n\n<ul class=\"wp-block-list\">\n<li>En caso de haberla hecho durante el <a href=\"https:\/\/getquipu.com\/blog\/plazos-presentacion-impuestos-segundo-trimestre\/\">segundo trimestre<\/a>, entre los meses de abril y julio , podr\u00e1s hacerlo entre el<strong> 1 y el 20 de julio<\/strong>.<\/li>\n<\/ul>\n\n\n\n<ul class=\"wp-block-list\">\n<li>Si la operaci\u00f3n se desarroll\u00f3 entre los meses de julio y octubre, es decir, el <a href=\"https:\/\/getquipu.com\/blog\/declaracion-trimestral-impuestos-octubre\/\">tercer trimestre<\/a> deber\u00e1 efectuarse entre el<strong> 1 y el 20 de octubre<\/strong>.<\/li>\n<\/ul>\n\n\n\n<ul class=\"wp-block-list\">\n<li>Y en el caso de que dicha compra europea se haya llevado a cabo en el \u00faltimo tramo del a\u00f1o, en el <a href=\"https:\/\/getquipu.com\/blog\/plazos-presentacion-impuestos-cuarto-trimestre\/\">cuarto trimestre<\/a>, tendr\u00e1s algo m\u00e1s de tiempo. La Administraci\u00f3n tiene en cuenta los festivos navide\u00f1os, as\u00ed que podr\u00e1s presentar el modelo 309 de IVA entre los d\u00edas<strong> 1 y 30 de enero<\/strong> del a\u00f1o siguiente.<\/li>\n<\/ul>\n\n\n\n<p><\/p>\n\n\n\n<hr class=\"wp-block-separator has-css-opacity is-style-wide\"\/>\n\n\n\n<p>En realidad, aunque se trata de un elemento poco com\u00fan de la Administraci\u00f3n, los plazos del modelo 309 del IVA hacen que resulte bastante c\u00f3modo de cumplimentar y entregar a tiempo. <\/p>\n\n\n\n<p>Eso s\u00ed, conviene tener muy en cuenta en todo momento <strong>cu\u00e1ndo se desarrolla una actividad que implique la obligatoriedad<\/strong> <strong>de su cumplimentaci\u00f3n<\/strong>, ya que si se trata de algo muy puntual es muy sencillo que se te termine pasando. <\/p>\n\n\n\n<h2 class=\"wp-block-heading\">Modelo 309 Ejemplo <\/h2>\n\n\n<div class=\"wp-block-image\">\n<figure class=\"aligncenter size-large\"><img decoding=\"async\" width=\"708\" height=\"1000\" src=\"https:\/\/getquipu.com\/wp-content\/uploads\/2021\/10\/15162221\/modelo-309-impuestos-ejemplo.jpg\" alt=\"ejemplo modelo 309 IVA\" class=\"wp-image-21364\"\/><\/figure><\/div>\n\n\n<p>Ahora bien, como sabemos que no siempre resulta sencillo<a href=\"https:\/\/getquipu.com\/blog\/modelo-309-como-rellenar-instrucciones\/\"> rellenar un modelo como el 309<\/a>, sobre todo si es por primera vez, el equipo de Quipu te ha preparado un paso a paso para que te resulte lo m\u00e1s sencillo posible. <\/p>\n","protected":false},"excerpt":{"rendered":"<p>En el siguiente art\u00edculo ahondaremos en un modelo de IVA que no es de los m\u00e1s populares. Hoy te contaremos exactamente para qu\u00e9 sirve modelo 309 y adem\u00e1s aprender\u00e1s: Si<\/p>\n","protected":false},"author":3,"featured_media":21371,"comment_status":"closed","ping_status":"open","sticky":false,"template":"","format":"standard","meta":{"footnotes":""},"categories":[465],"tags":[],"class_list":["post-21363","post","type-post","status-publish","format-standard","has-post-thumbnail","hentry","category-modelos-tributarios","generate-columns","tablet-grid-50","mobile-grid-100","grid-parent","grid-50","resize-featured-image"],"yoast_head":"<!-- This site is optimized with the Yoast SEO plugin v23.9 - https:\/\/yoast.com\/wordpress\/plugins\/seo\/ -->\n<title>Modelo 309 AEAT: \u00bfQu\u00e9 es y para qu\u00e9 sirve \u00e9ste modelo de IVA?<\/title>\n<meta name=\"description\" content=\"En el siguiente art\u00edculo te contamos para qu\u00e9 sirve el modelo 309, cu\u00e1ndo hay que presentarlo y qui\u00e9nes est\u00e1n obligados a hacerlo.\" \/>\n<meta name=\"robots\" content=\"index, follow, max-snippet:-1, max-image-preview:large, max-video-preview:-1\" \/>\n<link rel=\"canonical\" href=\"https:\/\/getquipu.com\/blog\/modelo-309-para-que-sirve\/\" \/>\n<meta property=\"og:locale\" content=\"es_ES\" \/>\n<meta property=\"og:type\" content=\"article\" \/>\n<meta property=\"og:title\" content=\"Modelo 309 AEAT: \u00bfQu\u00e9 es y para qu\u00e9 sirve \u00e9ste modelo de IVA?\" \/>\n<meta property=\"og:description\" content=\"En el siguiente art\u00edculo te contamos para qu\u00e9 sirve el modelo 309, cu\u00e1ndo hay que presentarlo y qui\u00e9nes est\u00e1n obligados a hacerlo.\" \/>\n<meta property=\"og:url\" content=\"https:\/\/getquipu.com\/blog\/modelo-309-para-que-sirve\/\" \/>\n<meta property=\"og:site_name\" content=\"Aut\u00f3nomos, empresas y asesor\u00edas\" \/>\n<meta property=\"article:published_time\" content=\"2022-08-01T14:22:00+00:00\" \/>\n<meta property=\"article:modified_time\" content=\"2024-09-25T10:13:14+00:00\" \/>\n<meta property=\"og:image\" content=\"https:\/\/getquipu.com\/wp-content\/uploads\/2021\/10\/15162631\/modelo-309-iva-portada.png\" \/>\n\t<meta property=\"og:image:width\" content=\"1536\" \/>\n\t<meta property=\"og:image:height\" content=\"590\" \/>\n\t<meta property=\"og:image:type\" content=\"image\/png\" \/>\n<meta name=\"author\" content=\"Roger Doba\u00f1o - CEO Quipu\" \/>\n<meta name=\"twitter:card\" content=\"summary_large_image\" \/>\n<meta name=\"twitter:creator\" content=\"@rogerdobano\" \/>\n<meta name=\"twitter:label1\" content=\"Escrito por\" \/>\n\t<meta name=\"twitter:data1\" content=\"Roger Doba\u00f1o - CEO Quipu\" \/>\n\t<meta name=\"twitter:label2\" content=\"Tiempo de lectura\" \/>\n\t<meta name=\"twitter:data2\" content=\"5 minutos\" \/>\n<script type=\"application\/ld+json\" class=\"yoast-schema-graph\">{\"@context\":\"https:\/\/schema.org\",\"@graph\":[{\"@type\":\"Article\",\"@id\":\"https:\/\/getquipu.com\/blog\/modelo-309-para-que-sirve\/#article\",\"isPartOf\":{\"@id\":\"https:\/\/getquipu.com\/blog\/modelo-309-para-que-sirve\/\"},\"author\":{\"name\":\"Roger Doba\u00f1o - CEO Quipu\",\"@id\":\"https:\/\/getquipu.com\/blog\/#\/schema\/person\/373ccc5d513d88aea29fc8135422fa2e\"},\"headline\":\"Modelo 309 AEAT: Para qu\u00e9 sirve, quien est\u00e1 obligado a presentarlo y cu\u00e1ndo.\",\"datePublished\":\"2022-08-01T14:22:00+00:00\",\"dateModified\":\"2024-09-25T10:13:14+00:00\",\"mainEntityOfPage\":{\"@id\":\"https:\/\/getquipu.com\/blog\/modelo-309-para-que-sirve\/\"},\"wordCount\":978,\"publisher\":{\"@id\":\"https:\/\/getquipu.com\/blog\/#organization\"},\"image\":{\"@id\":\"https:\/\/getquipu.com\/blog\/modelo-309-para-que-sirve\/#primaryimage\"},\"thumbnailUrl\":\"https:\/\/getquipu.com\/wp-content\/uploads\/2021\/10\/15162631\/modelo-309-iva-portada.png\",\"articleSection\":[\"Modelos Tributarios\"],\"inLanguage\":\"es\"},{\"@type\":\"WebPage\",\"@id\":\"https:\/\/getquipu.com\/blog\/modelo-309-para-que-sirve\/\",\"url\":\"https:\/\/getquipu.com\/blog\/modelo-309-para-que-sirve\/\",\"name\":\"Modelo 309 AEAT: \u00bfQu\u00e9 es y para qu\u00e9 sirve \u00e9ste modelo de IVA?\",\"isPartOf\":{\"@id\":\"https:\/\/getquipu.com\/blog\/#website\"},\"primaryImageOfPage\":{\"@id\":\"https:\/\/getquipu.com\/blog\/modelo-309-para-que-sirve\/#primaryimage\"},\"image\":{\"@id\":\"https:\/\/getquipu.com\/blog\/modelo-309-para-que-sirve\/#primaryimage\"},\"thumbnailUrl\":\"https:\/\/getquipu.com\/wp-content\/uploads\/2021\/10\/15162631\/modelo-309-iva-portada.png\",\"datePublished\":\"2022-08-01T14:22:00+00:00\",\"dateModified\":\"2024-09-25T10:13:14+00:00\",\"description\":\"En el siguiente art\u00edculo te contamos para qu\u00e9 sirve el modelo 309, cu\u00e1ndo hay que presentarlo y qui\u00e9nes est\u00e1n obligados a hacerlo.\",\"breadcrumb\":{\"@id\":\"https:\/\/getquipu.com\/blog\/modelo-309-para-que-sirve\/#breadcrumb\"},\"inLanguage\":\"es\",\"potentialAction\":[{\"@type\":\"ReadAction\",\"target\":[\"https:\/\/getquipu.com\/blog\/modelo-309-para-que-sirve\/\"]}]},{\"@type\":\"ImageObject\",\"inLanguage\":\"es\",\"@id\":\"https:\/\/getquipu.com\/blog\/modelo-309-para-que-sirve\/#primaryimage\",\"url\":\"https:\/\/getquipu.com\/wp-content\/uploads\/2021\/10\/15162631\/modelo-309-iva-portada.png\",\"contentUrl\":\"https:\/\/getquipu.com\/wp-content\/uploads\/2021\/10\/15162631\/modelo-309-iva-portada.png\",\"width\":1536,\"height\":590,\"caption\":\"modelo 309 iva para que sirve portada\"},{\"@type\":\"BreadcrumbList\",\"@id\":\"https:\/\/getquipu.com\/blog\/modelo-309-para-que-sirve\/#breadcrumb\",\"itemListElement\":[{\"@type\":\"ListItem\",\"position\":1,\"name\":\"Blog\",\"item\":\"https:\/\/getquipu.com\/blog\/\"},{\"@type\":\"ListItem\",\"position\":2,\"name\":\"Modelos Tributarios\",\"item\":\"https:\/\/getquipu.com\/blog\/category\/modelos-tributarios\/\"},{\"@type\":\"ListItem\",\"position\":3,\"name\":\"Modelo 309 AEAT: Para qu\u00e9 sirve, quien est\u00e1 obligado a presentarlo y cu\u00e1ndo.\"}]},{\"@type\":\"WebSite\",\"@id\":\"https:\/\/getquipu.com\/blog\/#website\",\"url\":\"https:\/\/getquipu.com\/blog\/\",\"name\":\"Aut\u00f3nomos, empresas y asesor\u00edas\",\"description\":\"Informaci\u00f3n \u00fatil sobre fiscalidad y eficiencia administrativa en negocios como el tuyo.\",\"publisher\":{\"@id\":\"https:\/\/getquipu.com\/blog\/#organization\"},\"potentialAction\":[{\"@type\":\"SearchAction\",\"target\":{\"@type\":\"EntryPoint\",\"urlTemplate\":\"https:\/\/getquipu.com\/blog\/?s={search_term_string}\"},\"query-input\":{\"@type\":\"PropertyValueSpecification\",\"valueRequired\":true,\"valueName\":\"search_term_string\"}}],\"inLanguage\":\"es\"},{\"@type\":\"Organization\",\"@id\":\"https:\/\/getquipu.com\/blog\/#organization\",\"name\":\"Quipu\",\"url\":\"https:\/\/getquipu.com\/blog\/\",\"logo\":{\"@type\":\"ImageObject\",\"inLanguage\":\"es\",\"@id\":\"https:\/\/getquipu.com\/blog\/#\/schema\/logo\/image\/\",\"url\":\"https:\/\/getquipu.com\/wp-content\/uploads\/2022\/06\/20105810\/logo-quipu.png\",\"contentUrl\":\"https:\/\/getquipu.com\/wp-content\/uploads\/2022\/06\/20105810\/logo-quipu.png\",\"width\":399,\"height\":399,\"caption\":\"Quipu\"},\"image\":{\"@id\":\"https:\/\/getquipu.com\/blog\/#\/schema\/logo\/image\/\"}},{\"@type\":\"Person\",\"@id\":\"https:\/\/getquipu.com\/blog\/#\/schema\/person\/373ccc5d513d88aea29fc8135422fa2e\",\"name\":\"Roger Doba\u00f1o - CEO Quipu\",\"image\":{\"@type\":\"ImageObject\",\"inLanguage\":\"es\",\"@id\":\"https:\/\/getquipu.com\/blog\/#\/schema\/person\/image\/\",\"url\":\"https:\/\/secure.gravatar.com\/avatar\/34af94bfd8e5677657b0a2d961dc4974?s=96&d=mm&r=g\",\"contentUrl\":\"https:\/\/secure.gravatar.com\/avatar\/34af94bfd8e5677657b0a2d961dc4974?s=96&d=mm&r=g\",\"caption\":\"Roger Doba\u00f1o - CEO Quipu\"},\"description\":\"Roger es CEO y Fundador de Quipu, un software en la nube que lleva +10 a\u00f1os ayudando a aut\u00f3nomos, pymes y asesor\u00edas a digitalizar su operativa precontable. A ra\u00edz de una mala experiencia como aut\u00f3nomo, Roger se propuso crear un programa que acompa\u00f1ara a los empresarios a lidiar con la administraci\u00f3n.\",\"sameAs\":[\"https:\/\/getquipu.com\",\"https:\/\/www.linkedin.com\/in\/rogerdobano\/\",\"https:\/\/x.com\/@rogerdobano\"],\"url\":\"https:\/\/getquipu.com\/blog\/author\/roger\/\"}]}<\/script>\n<!-- \/ Yoast SEO plugin. -->","yoast_head_json":{"title":"Modelo 309 AEAT: \u00bfQu\u00e9 es y para qu\u00e9 sirve \u00e9ste modelo de IVA?","description":"En el siguiente art\u00edculo te contamos para qu\u00e9 sirve el modelo 309, cu\u00e1ndo hay que presentarlo y qui\u00e9nes est\u00e1n obligados a hacerlo.","robots":{"index":"index","follow":"follow","max-snippet":"max-snippet:-1","max-image-preview":"max-image-preview:large","max-video-preview":"max-video-preview:-1"},"canonical":"https:\/\/getquipu.com\/blog\/modelo-309-para-que-sirve\/","og_locale":"es_ES","og_type":"article","og_title":"Modelo 309 AEAT: \u00bfQu\u00e9 es y para qu\u00e9 sirve \u00e9ste modelo de IVA?","og_description":"En el siguiente art\u00edculo te contamos para qu\u00e9 sirve el modelo 309, cu\u00e1ndo hay que presentarlo y qui\u00e9nes est\u00e1n obligados a hacerlo.","og_url":"https:\/\/getquipu.com\/blog\/modelo-309-para-que-sirve\/","og_site_name":"Aut\u00f3nomos, empresas y asesor\u00edas","article_published_time":"2022-08-01T14:22:00+00:00","article_modified_time":"2024-09-25T10:13:14+00:00","og_image":[{"width":1536,"height":590,"url":"https:\/\/getquipu.com\/wp-content\/uploads\/2021\/10\/15162631\/modelo-309-iva-portada.png","type":"image\/png"}],"author":"Roger Doba\u00f1o - CEO Quipu","twitter_card":"summary_large_image","twitter_creator":"@rogerdobano","twitter_misc":{"Escrito por":"Roger Doba\u00f1o - CEO Quipu","Tiempo de lectura":"5 minutos"},"schema":{"@context":"https:\/\/schema.org","@graph":[{"@type":"Article","@id":"https:\/\/getquipu.com\/blog\/modelo-309-para-que-sirve\/#article","isPartOf":{"@id":"https:\/\/getquipu.com\/blog\/modelo-309-para-que-sirve\/"},"author":{"name":"Roger Doba\u00f1o - CEO Quipu","@id":"https:\/\/getquipu.com\/blog\/#\/schema\/person\/373ccc5d513d88aea29fc8135422fa2e"},"headline":"Modelo 309 AEAT: Para qu\u00e9 sirve, quien est\u00e1 obligado a presentarlo y cu\u00e1ndo.","datePublished":"2022-08-01T14:22:00+00:00","dateModified":"2024-09-25T10:13:14+00:00","mainEntityOfPage":{"@id":"https:\/\/getquipu.com\/blog\/modelo-309-para-que-sirve\/"},"wordCount":978,"publisher":{"@id":"https:\/\/getquipu.com\/blog\/#organization"},"image":{"@id":"https:\/\/getquipu.com\/blog\/modelo-309-para-que-sirve\/#primaryimage"},"thumbnailUrl":"https:\/\/getquipu.com\/wp-content\/uploads\/2021\/10\/15162631\/modelo-309-iva-portada.png","articleSection":["Modelos Tributarios"],"inLanguage":"es"},{"@type":"WebPage","@id":"https:\/\/getquipu.com\/blog\/modelo-309-para-que-sirve\/","url":"https:\/\/getquipu.com\/blog\/modelo-309-para-que-sirve\/","name":"Modelo 309 AEAT: \u00bfQu\u00e9 es y para qu\u00e9 sirve \u00e9ste modelo de IVA?","isPartOf":{"@id":"https:\/\/getquipu.com\/blog\/#website"},"primaryImageOfPage":{"@id":"https:\/\/getquipu.com\/blog\/modelo-309-para-que-sirve\/#primaryimage"},"image":{"@id":"https:\/\/getquipu.com\/blog\/modelo-309-para-que-sirve\/#primaryimage"},"thumbnailUrl":"https:\/\/getquipu.com\/wp-content\/uploads\/2021\/10\/15162631\/modelo-309-iva-portada.png","datePublished":"2022-08-01T14:22:00+00:00","dateModified":"2024-09-25T10:13:14+00:00","description":"En el siguiente art\u00edculo te contamos para qu\u00e9 sirve el modelo 309, cu\u00e1ndo hay que presentarlo y qui\u00e9nes est\u00e1n obligados a hacerlo.","breadcrumb":{"@id":"https:\/\/getquipu.com\/blog\/modelo-309-para-que-sirve\/#breadcrumb"},"inLanguage":"es","potentialAction":[{"@type":"ReadAction","target":["https:\/\/getquipu.com\/blog\/modelo-309-para-que-sirve\/"]}]},{"@type":"ImageObject","inLanguage":"es","@id":"https:\/\/getquipu.com\/blog\/modelo-309-para-que-sirve\/#primaryimage","url":"https:\/\/getquipu.com\/wp-content\/uploads\/2021\/10\/15162631\/modelo-309-iva-portada.png","contentUrl":"https:\/\/getquipu.com\/wp-content\/uploads\/2021\/10\/15162631\/modelo-309-iva-portada.png","width":1536,"height":590,"caption":"modelo 309 iva para que sirve portada"},{"@type":"BreadcrumbList","@id":"https:\/\/getquipu.com\/blog\/modelo-309-para-que-sirve\/#breadcrumb","itemListElement":[{"@type":"ListItem","position":1,"name":"Blog","item":"https:\/\/getquipu.com\/blog\/"},{"@type":"ListItem","position":2,"name":"Modelos Tributarios","item":"https:\/\/getquipu.com\/blog\/category\/modelos-tributarios\/"},{"@type":"ListItem","position":3,"name":"Modelo 309 AEAT: Para qu\u00e9 sirve, quien est\u00e1 obligado a presentarlo y cu\u00e1ndo."}]},{"@type":"WebSite","@id":"https:\/\/getquipu.com\/blog\/#website","url":"https:\/\/getquipu.com\/blog\/","name":"Aut\u00f3nomos, empresas y asesor\u00edas","description":"Informaci\u00f3n \u00fatil sobre fiscalidad y eficiencia administrativa en negocios como el tuyo.","publisher":{"@id":"https:\/\/getquipu.com\/blog\/#organization"},"potentialAction":[{"@type":"SearchAction","target":{"@type":"EntryPoint","urlTemplate":"https:\/\/getquipu.com\/blog\/?s={search_term_string}"},"query-input":{"@type":"PropertyValueSpecification","valueRequired":true,"valueName":"search_term_string"}}],"inLanguage":"es"},{"@type":"Organization","@id":"https:\/\/getquipu.com\/blog\/#organization","name":"Quipu","url":"https:\/\/getquipu.com\/blog\/","logo":{"@type":"ImageObject","inLanguage":"es","@id":"https:\/\/getquipu.com\/blog\/#\/schema\/logo\/image\/","url":"https:\/\/getquipu.com\/wp-content\/uploads\/2022\/06\/20105810\/logo-quipu.png","contentUrl":"https:\/\/getquipu.com\/wp-content\/uploads\/2022\/06\/20105810\/logo-quipu.png","width":399,"height":399,"caption":"Quipu"},"image":{"@id":"https:\/\/getquipu.com\/blog\/#\/schema\/logo\/image\/"}},{"@type":"Person","@id":"https:\/\/getquipu.com\/blog\/#\/schema\/person\/373ccc5d513d88aea29fc8135422fa2e","name":"Roger Doba\u00f1o - CEO Quipu","image":{"@type":"ImageObject","inLanguage":"es","@id":"https:\/\/getquipu.com\/blog\/#\/schema\/person\/image\/","url":"https:\/\/secure.gravatar.com\/avatar\/34af94bfd8e5677657b0a2d961dc4974?s=96&d=mm&r=g","contentUrl":"https:\/\/secure.gravatar.com\/avatar\/34af94bfd8e5677657b0a2d961dc4974?s=96&d=mm&r=g","caption":"Roger Doba\u00f1o - CEO Quipu"},"description":"Roger es CEO y Fundador de Quipu, un software en la nube que lleva +10 a\u00f1os ayudando a aut\u00f3nomos, pymes y asesor\u00edas a digitalizar su operativa precontable. A ra\u00edz de una mala experiencia como aut\u00f3nomo, Roger se propuso crear un programa que acompa\u00f1ara a los empresarios a lidiar con la administraci\u00f3n.","sameAs":["https:\/\/getquipu.com","https:\/\/www.linkedin.com\/in\/rogerdobano\/","https:\/\/x.com\/@rogerdobano"],"url":"https:\/\/getquipu.com\/blog\/author\/roger\/"}]}},"_links":{"self":[{"href":"https:\/\/getquipu.com\/blog\/wp-json\/wp\/v2\/posts\/21363","targetHints":{"allow":["GET"]}}],"collection":[{"href":"https:\/\/getquipu.com\/blog\/wp-json\/wp\/v2\/posts"}],"about":[{"href":"https:\/\/getquipu.com\/blog\/wp-json\/wp\/v2\/types\/post"}],"author":[{"embeddable":true,"href":"https:\/\/getquipu.com\/blog\/wp-json\/wp\/v2\/users\/3"}],"replies":[{"embeddable":true,"href":"https:\/\/getquipu.com\/blog\/wp-json\/wp\/v2\/comments?post=21363"}],"version-history":[{"count":25,"href":"https:\/\/getquipu.com\/blog\/wp-json\/wp\/v2\/posts\/21363\/revisions"}],"predecessor-version":[{"id":48881,"href":"https:\/\/getquipu.com\/blog\/wp-json\/wp\/v2\/posts\/21363\/revisions\/48881"}],"wp:featuredmedia":[{"embeddable":true,"href":"https:\/\/getquipu.com\/blog\/wp-json\/wp\/v2\/media\/21371"}],"wp:attachment":[{"href":"https:\/\/getquipu.com\/blog\/wp-json\/wp\/v2\/media?parent=21363"}],"wp:term":[{"taxonomy":"category","embeddable":true,"href":"https:\/\/getquipu.com\/blog\/wp-json\/wp\/v2\/categories?post=21363"},{"taxonomy":"post_tag","embeddable":true,"href":"https:\/\/getquipu.com\/blog\/wp-json\/wp\/v2\/tags?post=21363"}],"curies":[{"name":"wp","href":"https:\/\/api.w.org\/{rel}","templated":true}]}}