{"id":20969,"date":"2023-03-02T12:10:00","date_gmt":"2023-03-02T11:10:00","guid":{"rendered":"https:\/\/getquipu.com\/blog\/?p=20969"},"modified":"2024-11-11T13:39:19","modified_gmt":"2024-11-11T12:39:19","slug":"prestaciones-seguridad-social-autonomos","status":"publish","type":"post","link":"https:\/\/getquipu.com\/blog\/prestaciones-seguridad-social-autonomos\/","title":{"rendered":"Prestaciones de la Seguridad Social para aut\u00f3nomos: \u00bfcu\u00e1les son?"},"content":{"rendered":"\n<p>Los aut\u00f3nomos tienen derecho, al igual que todos los dem\u00e1s trabajadores, a cobrar <strong>una serie de prestaciones<\/strong> que les cubren en caso de contraer una enfermedad, tener un accidente, quedarse en paro o jubilarse, entre otras <strong>contingencias<\/strong>.<\/p>\n\n\n\n<p>Cada mes, a trav\u00e9s de la cuota, los aut\u00f3nomos est\u00e1n cotizando por <strong>hasta diez prestaciones distintas <\/strong>a las que un d\u00eda pueden tener derecho. Algunas de las m\u00e1s conocidas son la Incapacidad Temporal o permanente, el cese de actividad, la jubilaci\u00f3n o la maternidad y paternidad, entre otras.<\/p>\n\n\n\n<p>Si todav\u00eda no sabes <strong>cu\u00e1les son las prestaciones<\/strong> de la Seguridad Social que pueden cobrar los aut\u00f3nomos y qu\u00e9 <strong>requisitos <\/strong>hay que cumplir para optar a cada una, sigue leyendo.<\/p>\n\n\n\n<p><strong>En este art\u00edculo aprender\u00e1s:<\/strong><\/p>\n\n\n\n<ul class=\"wp-block-list\">\n<li><a href=\"#prestaciones-autonomos-calcular\">\u00bfQu\u00e9 son las prestaciones de los aut\u00f3nomos y c\u00f3mo se calculan?<\/a><\/li>\n\n\n\n<li><a href=\"https:\/\/getquipu.com\/blog\/prestaciones-seguridad-social-autonomos\/#incapacidad-temporal\">Prestaci\u00f3n por incapacidad temporal<\/a><\/li>\n\n\n\n<li><a href=\"https:\/\/getquipu.com\/blog\/prestaciones-seguridad-social-autonomos\/#incapacidad-permanente\">Prestaci\u00f3n por incapacidad permanente<\/a><\/li>\n\n\n\n<li><a href=\"https:\/\/getquipu.com\/blog\/prestaciones-seguridad-social-autonomos\/#maternidad-o-paternidad\">Prestaci\u00f3n por maternidad o paternidad<\/a><\/li>\n\n\n\n<li><a href=\"https:\/\/getquipu.com\/blog\/prestaciones-seguridad-social-autonomos\/#riesgo-embarazo\">Prestaci\u00f3n por riesgo durante el embarazo<\/a><\/li>\n\n\n\n<li><a href=\"https:\/\/getquipu.com\/blog\/prestaciones-seguridad-social-autonomos\/#cese-actividad\">Prestaci\u00f3n por cese de actividad<\/a><\/li>\n\n\n\n<li><a href=\"#prestacion-jubilacion\">Prestaci\u00f3n por jubilaci\u00f3n<\/a><\/li>\n\n\n\n<li><a href=\"#prestacion-cuidado-hijos\">Prestaci\u00f3n por cuidado de hijos con enfermedades graves<\/a><\/li>\n<\/ul>\n\n\n\n<div class=\"wp-block-group box-destacada has-background\" style=\"background-color:#fef9f5\"><div class=\"wp-block-group__inner-container is-layout-flow wp-block-group-is-layout-flow\">\n<p class=\"has-text-align-center has-medium-font-size\"><strong>10 PRESTACIONES de la Seguridad Social para AUT\u00d3NOMOS<\/strong><\/p>\n\n\n\n<p>\ud83d\udcf9 <strong>V\u00eddeo explicativo: <\/strong>En el siguiente v\u00eddeo explicamos en detalle todas las prestaciones a las que tienes derecho como aut\u00f3nomo y cu\u00e1les son los requisitos para acceder a ellas. <\/p>\n\n\n\n<div class=\"iframe-container\">\n\n<iframe class=\"responsive-iframe\" title=\"YouTube video player\" src=\"https:\/\/www.youtube.com\/embed\/GcEKV2SvvZs?rel=0\" frameborder=\"0\" allowfullscreen=\"allowfullscreen\"><\/iframe>\n\n<\/div>\n\n\n\n<div style=\"height:25px\" aria-hidden=\"true\" class=\"wp-block-spacer\"><\/div>\n\n\n\n<div class=\"btn-div-destacado\"><a href=\"https:\/\/getquipu.com\/es\/cuentas\/registro\" class=\"btn-destacado\" target=\"_blank\" rel=\"noreferrer noopener\">Prueba Quipu Gratis<\/a><\/div>\n\n\n\n<div style=\"height:20px\" aria-hidden=\"true\" class=\"wp-block-spacer\"><\/div>\n\n\n\n<p class=\"has-text-align-center has-small-font-size\"><em>Prueba gratuita de 15 d\u00edas. Sin permanencia. Sin introducir tu tarjeta.<\/em><\/p>\n<\/div><\/div>\n\n\n\n<h2 class=\"wp-block-heading\" id=\"prestaciones-autonomos-calcular\">\u00bfQu\u00e9 son las prestaciones de los aut\u00f3nomos y c\u00f3mo se calculan?<\/h2>\n\n\n\n<p>Las prestaciones son <strong>pagos que hace la Seguridad Social<\/strong> a los trabajadores para que puedan seguir teniendo ingresos si <strong>dejan de trabajar por distintos motivos.<\/strong> Algunas de las causas m\u00e1s habituales que dan derecho a una prestaci\u00f3n, es la baja por enfermedad o accidente de trabajo, el paro o la jubilaci\u00f3n, entre otras.<\/p>\n\n\n\n<p>Estas prestaciones, en el caso de los aut\u00f3nomos, <strong>se sufragan a trav\u00e9s de las cotizaciones<\/strong> que realizan todos los meses con su <a href=\"https:\/\/getquipu.com\/blog\/que-es-la-cuota-de-autonomos-y-para-que-sirve\/\">cuota a la Seguridad Social<\/a>.  Cada parte de esta cuota va destinada a una contingencia distinta, como puede ser la Incapacidad Temporal, el cese de actividad o la jubilaci\u00f3n.<\/p>\n\n\n\n<p>Tras la equiparaci\u00f3n de las prestaciones de los aut\u00f3nomos y los asalariados, a trav\u00e9s de la reforma del Estatuto del Aut\u00f3nomo, los trabajadores por cuenta propia tienen derecho a las <strong>mismas prestaciones que los asalariados<\/strong>, solo que tienen cumplir algunos requisitos que pueden ser distintos. <\/p>\n\n\n\n<p>El ejemplo m\u00e1s claro est\u00e1 en el cese de actividad, que a diferencia del paro de los asalariados, exige a los aut\u00f3nomos haber<strong> cerrado el negocio por una serie de causas<\/strong> muy concretas, como p\u00e9rdidas continuadas, deudas o un concurso de acreedores.<\/p>\n\n\n\n<p>Las prestaciones de los aut\u00f3nomos<strong> se sufragan a trav\u00e9s de la cuota <\/strong>y por lo tanto se van a calcular siempre en funci\u00f3n de dos factores:<\/p>\n\n\n\n<ol class=\"wp-block-list\">\n<li>La<strong> base<\/strong> de cotizaci\u00f3n<\/li>\n\n\n\n<li>El <strong>tiempo <\/strong>que se ha cotizado<\/li>\n<\/ol>\n\n\n\n<p>Como se ver\u00e1 en los siguientes apartados, en cada una de las prestaciones disponibles para aut\u00f3nomos se asigna como cobro un <strong>porcentaje de la base<\/strong> de cotizaci\u00f3n y se exige haber cotizado un tiempo m\u00ednimo para poder cobrar dicha prestaci\u00f3n.<\/p>\n\n\n<div class=\"gb-container gb-container-b2fecea6 new-banner\">\n<div class=\"gb-grid-wrapper gb-grid-wrapper-0fc70046\">\n<div class=\"gb-grid-column gb-grid-column-6f7203a6\"><div class=\"gb-container gb-container-6f7203a6 text-div\">\n\n<p class=\"title-banner has-text-color\" style=\"color:#003829;font-size:19px\">Tu negocio controlado y ordenado<\/p>\n\n\n\n<p class=\"text-banner\">Con Quipu, la gesti\u00f3n de tu facturaci\u00f3n es m\u00e1s f\u00e1cil y simple que nunca.<\/p>\n\n\n\n<p class=\"btn-p-banner\"><a href=\"https:\/\/getquipu.com\/es\/programa-facturacion\" data-type=\"URL\" data-id=\"https:\/\/getquipu.com\/es\/programa-facturacion\">Ver m\u00e1s<\/a><\/p>\n\n<\/div><\/div>\n\n<div class=\"gb-grid-column gb-grid-column-c144d8bb\"><div class=\"gb-container gb-container-c144d8bb img-banner\">\n\n<figure class=\"wp-block-image size-full\"><img decoding=\"async\" width=\"1024\" height=\"573\" src=\"https:\/\/getquipu.com\/wp-content\/uploads\/2023\/05\/16174555\/Frame-26-1-1.webp\" alt=\"\" class=\"wp-image-38570\" srcset=\"https:\/\/getquipu.com\/wp-content\/uploads\/2023\/05\/16174555\/Frame-26-1-1.webp 1024w, https:\/\/getquipu.com\/wp-content\/uploads\/2023\/05\/16174555\/Frame-26-1-1-300x168.webp 300w, https:\/\/getquipu.com\/wp-content\/uploads\/2023\/05\/16174555\/Frame-26-1-1-768x430.webp 768w\" sizes=\"(max-width: 1024px) 100vw, 1024px\" \/><\/figure>\n\n<\/div><\/div>\n<\/div>\n<\/div>\n\n\n<h2 class=\"wp-block-heading\" id=\"incapacidad-temporal\">Prestaci\u00f3n por incapacidad temporal<\/h2>\n\n\n\n<p>La prestaci\u00f3n por incapacidad temporal es una ayuda que se brinda a los aut\u00f3nomos&nbsp;<strong>en caso de sufrir una enfermedad com\u00fan<\/strong>, una enfermedad profesional o un accidente laboral.<\/p>\n\n\n\n<p>El objetivo de esta prestaci\u00f3n, por la que todos los aut\u00f3nomos est\u00e1n obligados a cotizar mensualmente a trav\u00e9s de su cuota, es <strong>ayudar econ\u00f3micamente al trabajador por cuenta propia <\/strong>cuando est\u00e1 incapacitado para desarrollar su actividad profesional durante un tiempo, perdiendo as\u00ed sus ingresos habituales. <\/p>\n\n\n\n<p>Ahora bien, la prestaci\u00f3n tiene una&nbsp;<strong>duraci\u00f3n m\u00e1xima de 12 meses<\/strong>&nbsp;prorrogables durante <strong>seis meses m\u00e1s o incluso un a\u00f1o <\/strong>en caso de necesitar m\u00e1s tiempo para el estudio m\u00e9dico. Despu\u00e9s habr\u00e1 que reincorporarse a la actividad o solicitar una <a href=\"https:\/\/getquipu.com\/blog\/incapacidad-permanente-autonomos\/\">Incapacidad Permanente.<\/a><\/p>\n\n\n\n<p>En cuanto a sus requisitos y la cuant\u00eda, depender\u00e1n de la causa que genere la Incapacidad temporal, es decir, si se debe a un Accidente de Trabajo o a una enfermedad profesional.<\/p>\n\n\n\n<h3 class=\"wp-block-heading\" id=\"accidente-trabajo\">Accidente de trabajo y enfermedad profesional<\/h3>\n\n\n\n<p>La Incapacidad Temporal por <strong>Accidente de Trabajo<\/strong> -como puede ser una ca\u00edda en el negocio- o <strong>enfermedad profesional <\/strong>-una enfermedad derivada del trabajo- cubre a los aut\u00f3nomos desde el <strong>primer d\u00eda <\/strong>de la solicitud.<\/p>\n\n\n\n<p>Desde el d\u00eda 1 cobrar\u00e1n el<strong> 75% de su base <\/strong>reguladora. Es decir, si cotizan por una base de 1.000 euros, cobrar\u00eda 750 euros al mes mientras est\u00e9n de baja.<\/p>\n\n\n\n<h3 class=\"wp-block-heading\" id=\"enfermedad-com\u00fan\">Enfermedad com\u00fan<\/h3>\n\n\n\n<p>La Incapacidad por enfermedad com\u00fan, como puede ser una gripe, cubre al aut\u00f3nomo desde el <strong>cuarto d\u00eda de baja<\/strong> (es decir, hasta el d\u00eda 4 no cobra nada). A partir del d\u00eda cuatro, cobrar\u00e1 un <strong>60% <\/strong>hasta el d\u00eda 20 de baja. A partir del d\u00eda 21 percibir\u00e1 un 75%. <\/p>\n\n\n\n<p class=\"has-background\" style=\"background-color:#e7f5ff\">\ud83d\udd17 <strong>Ampliar informaci\u00f3n: <\/strong>Si quieres saber m\u00e1s sobre <a href=\"https:\/\/getquipu.com\/blog\/incapacidad-temporal-autonomos\/\">la prestaci\u00f3n por incapacidad temporal<\/a> te recomendamos que leas nuestro art\u00edculo espec\u00edfico.<\/p>\n\n\n\n<h2 class=\"wp-block-heading\" id=\"incapacidad-permanente\">Prestaci\u00f3n por incapacidad permanente<\/h2>\n\n\n\n<p>La prestaci\u00f3n por incapacidad permanente es una ayuda que se da a los aut\u00f3nomos que&nbsp;<strong>no pueden seguir trabajando a causa de un accidente o una enfermedad<\/strong>.<\/p>\n\n\n\n<p>Para entender bien c\u00f3mo funciona, hay que tener en cuenta varias cosas. La primera es que es requisito indispensable haber cotizado previamente y, en caso de derivar de contingencias profesionales, haberse acogido a la prestaci\u00f3n por incapacidad temporal antes o al mismo tiempo.<\/p>\n\n\n\n<p>Por otro lado, existen cuatro tipos de prestaciones por incapacidad permanente:<\/p>\n\n\n\n<h3 class=\"wp-block-heading\" id=\"incapacidad-permanente-parcial\">Incapacidad Permanente Parcial<\/h3>\n\n\n\n<p>La Incapacidad Permanente parcial es una prestaci\u00f3n que cubre a los aut\u00f3nomos cuando se ven impedidos para desarrollar su actividad.<\/p>\n\n\n\n<p>Para acceder a esta cobertura hay que tener reconocida una&nbsp;<strong>disminuci\u00f3n del 33% en la capacidad para desempe\u00f1ar su trabajo.&nbsp;<\/strong>La cuant\u00eda equivale a una indemnizaci\u00f3n a tanto alzado&nbsp;<strong>24 meses de la base reguladora<\/strong>&nbsp;por contingencias profesionales.<\/p>\n\n\n\n<h3 class=\"wp-block-heading\" id=\"incapacidad-permanente-total\">Incapacidad Permanente total<\/h3>\n\n\n\n<p>La prestaci\u00f3n por Incapacidad Permanente total se da cuando el aut\u00f3nomo se ve impedido totalmente para desarrollar su actividad habitual -aunque s\u00ed podr\u00eda realizar trabajos distintos- .<\/p>\n\n\n\n<p>&nbsp;La prestaci\u00f3n ser\u00e1 de&nbsp;<strong>una pensi\u00f3n vitalicia del 55% de la base reguladora<\/strong>. Cuando se cumplan 55 a\u00f1os, podr\u00e1 ser del&nbsp;<strong>75% de la base reguladora.<\/strong><\/p>\n\n\n\n<h3 class=\"wp-block-heading\" id=\"incapacidad-permanente-absoluta\">Incapacidad Permanente absoluta<\/h3>\n\n\n\n<p>La prestaci\u00f3n por Incapacidad Permanente absoluta se da cuando el aut\u00f3nomo se ve completamente impedido para desarrollar cualquier actividad, de su sector o cualquier otro.<\/p>\n\n\n\n<p>La prestaci\u00f3n ser\u00e1 de un<strong>&nbsp;100%<\/strong>&nbsp;de la base reguladora.<\/p>\n\n\n\n<h3 class=\"wp-block-heading\" id=\"Gran-invalidez\">Gran Invalidez<\/h3>\n\n\n\n<p>Este tipo de incapacidad se da cuando el aut\u00f3nomo requiere la&nbsp;<strong>asistencia de otra persona<\/strong>&nbsp;para realizar las actividades m\u00e1s b\u00e1sicas. <\/p>\n\n\n\n<p>La prestaci\u00f3n consiste en a\u00f1adir a la prestaci\u00f3n que ya tiene (normalmente del 100% de su base)<strong>&nbsp;<\/strong>un&nbsp;45% de la base m\u00ednima&nbsp; y un 30 % de la \u00faltima base de la contingencia que dio lugar a la incapacidad.&nbsp; Esto ser\u00eda, al menos, un&nbsp;<strong>175% de la base m\u00ednima<\/strong>&nbsp;de cotizaci\u00f3n.<\/p>\n\n\n\n<p class=\"has-background\" style=\"background-color:#e7f5ff\">\ud83d\udd17 <strong>Ampliar informaci\u00f3n: <\/strong>Si quieres saber m\u00e1s sobre <a href=\"https:\/\/getquipu.com\/blog\/incapacidad-permanente-autonomos\/\">la prestaci\u00f3n por incapacidad permanente<\/a> te recomendamos que leas nuestro art\u00edculo espec\u00edfico.<\/p>\n\n\n\n<h2 class=\"wp-block-heading\" id=\"maternidad-o-paternidad\">Prestaci\u00f3n por maternidad o paternidad<\/h2>\n\n\n\n<p>La prestaci\u00f3n por maternidad o paternidad&nbsp;<strong>se ha equiparado en los \u00faltimos a\u00f1os<\/strong>. Esta ayuda comienza ofreciendo un descanso de hasta 16 semanas, con la posibilidad de optar por la opci\u00f3n a tiempo parcial, obteniendo unas retribuciones del 50% respecto a la prestaci\u00f3n total.<\/p>\n\n\n\n<p>En este caso, la cuant\u00eda de la prestaci\u00f3n es del<strong>&nbsp;100% de la base de cotizaci\u00f3n<\/strong>. Se exige estar al corriente de pagos con la seguridad social, comunicar la baja en los 15 d\u00edas siguientes al nacimiento, adopci\u00f3n o acogida y haber cotizado al menos 180 d\u00edas en los \u00faltimos 7 a\u00f1os, o 360 en toda&nbsp;<a href=\"https:\/\/getquipu.com\/blog\/vida-laboral-de-un-autonomo\/\">la vida laboral<\/a>. Aunque este \u00faltimo requisito depende de la edad del aut\u00f3nomo solicitante.<\/p>\n\n\n\n<p>El plazo se puede ampliar por cada hijo, y solo las 6 primeras semanas son de obligado cumplimiento. Las restantes pueden transferirse al otro progenitor o, incluso, espaciarse en los plazos deseados.<\/p>\n\n\n\n<p>Adem\u00e1s, los aut\u00f3nomos no pagar\u00e1n cuota durante el cobro de esta prestaci\u00f3n. Por otro lado, al reincorporarse al negocio, las madres tendr\u00e1n derecho durante un tiempo a un 100% de bonificaci\u00f3n de sus cuotas.<\/p>\n\n\n\n<p class=\"has-background\" style=\"background-color:#e7f5ff\">\ud83d\udd17 <strong>Ampliar informaci\u00f3n: <\/strong>Si quieres saber m\u00e1s sobre<a href=\"https:\/\/getquipu.com\/blog\/baja-de-paternidad-autonomo\/\"> la baja por paternidad de los aut\u00f3nomos<\/a> o <a href=\"https:\/\/getquipu.com\/blog\/baja-maternidad-autonomas\/\">la baja por maternidad de las aut\u00f3nomas<\/a> te recomendamos que leas nuestro art\u00edculo espec\u00edfico.<\/p>\n\n\n\n<h2 class=\"wp-block-heading\" id=\"riesgo-embarazo\">Prestaci\u00f3n por riesgo durante el embarazo<\/h2>\n\n\n\n<p>La prestaci\u00f3n por riesgo durante el embarazo se brinda a todas las mujeres aut\u00f3nomas que,&nbsp;<strong>por un posible impacto negativo en la salud del feto<\/strong>, tienen que cesar su actividad antes del nacimiento.<\/p>\n\n\n\n<p>Exige contar con el certificado correspondiente en el Servicio P\u00fablico de Salud, adem\u00e1s de presentar la solicitud en un plazo de 15 d\u00edas, declarando la imposibilidad de poder realizar cualquier clase de actividad profesional.<\/p>\n\n\n\n<p>La prestaci\u00f3n comienza al d\u00eda siguiente de emitirse el certificado m\u00e9dico correspondiente, y su cuant\u00eda es de un&nbsp;<strong>100% de la base reguladora<\/strong>. Adem\u00e1s, exige el cese inmediato de la actividad.<\/p>\n\n\n\n<p class=\"has-background\" style=\"background-color:#e7f5ff\">\ud83d\udd17 <strong>Ampliar informaci\u00f3n: <\/strong>Si quieres saber m\u00e1s sobre<a href=\"https:\/\/getquipu.com\/blog\/prestacion-por-riesgo-durante-el-embarazo\/\"> la prestaci\u00f3n por riesgo durante el embarazo<\/a> te recomendamos que leas nuestro art\u00edculo espec\u00edfico.<\/p>\n\n\n\n<h2 class=\"wp-block-heading\" id=\"cese-actividad\">Prestaci\u00f3n por cese de actividad<\/h2>\n\n\n\n<p>La prestaci\u00f3n por cese de actividad es lo que com\u00fanmente se conoce como&nbsp;<a href=\"https:\/\/getquipu.com\/blog\/como-pedir-el-paro-siendo-autonomo\/\">el paro de los aut\u00f3nomos<\/a>. Como su propio nombre indica, es una&nbsp;<strong>protecci\u00f3n econ\u00f3mica que se da a los trabajadores por cuenta propia<\/strong>&nbsp;que, por razones ajenas a ellos, deben detener su actividad profesional durante un tiempo.<\/p>\n\n\n\n<p>A d\u00eda de hoy&nbsp;<strong>existen hasta diez motivos distintos para acceder al cese de actividad<\/strong>: desde atravesar una mala situaci\u00f3n econ\u00f3mica, hasta haber perdido la licencia administrativa. De hecho, en 2023, se han introducido nuevos motivos por los que un aut\u00f3nomo puede cobrar el paro e incluso se ha a\u00f1adido la posibilidad de acceder a la prestaci\u00f3n sin cerrar del todo el negocio<\/p>\n\n\n\n<p>Esta prestaci\u00f3n tiene algunos requisitos haber cotizado al menos 12 meses ininterrumpidos en el RETA, haber transcurrido al menos 18 meses desde la \u00faltima prestaci\u00f3n por cese de actividad, no estar en edad ordinaria de jubilaci\u00f3n y firmar un compromiso para volver al mercado laboral en cuanto sea posible.<\/p>\n\n\n\n<p>Adem\u00e1s, habr\u00e1 que cumplir las condiciones espec\u00edficas de cada tipo de cese de actividad. Por ejemplo, para acceder al paro por p\u00e9rdida de licencia administrativa habr\u00eda que demostrar la p\u00e9rdida de esta licencia.<\/p>\n\n\n\n<p>Esta prestaci\u00f3n&nbsp;<strong>puede durar desde 4 meses&nbsp;<\/strong>(habiendo cotizado m\u00e1s de un a\u00f1o)&nbsp;<strong>hasta 2 a\u00f1os<\/strong>&nbsp;si se han cotizado 48 meses o m\u00e1s como aut\u00f3nomo<\/p>\n\n\n\n<p>En cuanto a la cuant\u00eda, la prestaci\u00f3n se calcula aplicando<strong>&nbsp;un 70% o un 50% a esta base.<\/strong>&nbsp;Por ejemplo, con la mayor\u00eda de causas de cese de actividad, el aut\u00f3nomo percibir\u00eda algo m\u00e1s de 670 euros al mes si cotiz\u00f3 por la base m\u00ednima, mientras que con los dos nuevos supuestos cobrar\u00eda 480 euros mensuales.<\/p>\n\n\n\n<p class=\"has-background\" style=\"background-color:#e7f5ff\">\ud83d\udd17 <strong>Ampliar informaci\u00f3n: <\/strong>Si quieres saber m\u00e1s sobre<a href=\"https:\/\/getquipu.com\/blog\/prestacion-por-cese-de-actividad-de-los-autonomos\/\"> la prestaci\u00f3n por cese de actividad<\/a> te recomendamos que leas nuestro art\u00edculo espec\u00edfico.<\/p>\n\n\n\n<h2 class=\"wp-block-heading\" id=\"prestacion-jubilacion\">Prestaci\u00f3n por jubilaci\u00f3n<\/h2>\n\n\n\n<p>Los aut\u00f3nomos tienen derecho, al igual que cualquier trabajador, a una prestaci\u00f3n que les cubra cuando se retiren<\/p>\n\n\n\n<p>Seg\u00fan la Seguridad Social, en octubre de 2023 -\u00faltimos datos disponibles- la pensi\u00f3n media de jubilaci\u00f3n de los aut\u00f3nomos fue de&nbsp;<strong>917, 17 euros mensuales<\/strong>, mientras que la de los trabajadores asalariados fue de 1.533,57 euros mensuales.<\/p>\n\n\n\n<p>La jubilaci\u00f3n como aut\u00f3nomo va a depender de<strong>&nbsp;tres factores<\/strong>:&nbsp;<strong>por qu\u00e9 base has cotizado&nbsp;<\/strong>durante los \u00faltimos a\u00f1os;&nbsp;<strong>durante cu\u00e1nto tiempo<\/strong>&nbsp;has cotizado a lo largo de toda tu vida laboral,&nbsp;<strong>y a qu\u00e9 edad accedes<\/strong>&nbsp;a la pensi\u00f3n.<\/p>\n\n\n\n<p>En 2023 solo quienes tengan&nbsp;<strong>cotizados de 37 a\u00f1os y 9 meses<\/strong>&nbsp;en adelante podr\u00e1n jubilarse a los 65 a\u00f1os con el 100% de la pensi\u00f3n. En cambio, si tienes cotizados m\u00e1s de 15 a\u00f1os pero menos de 37 a\u00f1os y 9 meses, no podr\u00e1s jubilarte hasta los 66 a\u00f1os y 4 meses.<\/p>\n\n\n\n<p>Para poder cobrar la pensi\u00f3n de<strong>&nbsp;jubilaci\u00f3n m\u00ednima<\/strong>, equivalente al 50% de la base reguladora, es necesario&nbsp;<strong>haber cotizado a la Seguridad Social durante un m\u00ednimo de 15 a\u00f1os<\/strong>, de los cuales al menos dos a\u00f1os deben ser inmediatamente anteriores al momento de la jubilaci\u00f3n. Pero si deseas obtener el&nbsp;<strong>100% de tu pensi\u00f3n<\/strong>&nbsp;en 2023, tendr\u00e1s que haber cotizado<strong>&nbsp;36 a\u00f1os y medio.<\/strong><\/p>\n\n\n\n<p class=\"has-background\" style=\"background-color:#e7f5ff\">\ud83d\udd17 <strong>Ampliar informaci\u00f3n: <\/strong>Si quieres saber m\u00e1s sobre<a href=\"https:\/\/getquipu.com\/blog\/la-jubilacion-del-trabajador-autonomo\/\"> la jubilaci\u00f3n del aut\u00f3nomo<\/a> te recomendamos que leas nuestro art\u00edculo espec\u00edfico.<\/p>\n\n\n\n<h2 class=\"wp-block-heading\" id=\"prestacion-cuidado-hijos\">Prestaci\u00f3n por cuidado de hijos con enfermedades graves<\/h2>\n\n\n\n<p>La prestaci\u00f3n por<strong> cuidado del menor con c\u00e1ncer u otra enfermedad grave<\/strong> sirve para compensar la p\u00e9rdida de ingresos de los trabajadores que reducen su jornada laboral para cuidar de sus hijos -o menores a su cargo- durante el tiempo de<strong> hospitalizaci\u00f3n y del tratamiento <\/strong>continuado de la enfermedad.<\/p>\n\n\n\n<p>La enfermedad que padezca el menor debe estar recogida en el&nbsp;<strong>listado&nbsp;de enfermedades graves<\/strong> -que incluye algunas como el c\u00e1ncer y se puede <a href=\"https:\/\/www.boe.es\/eli\/es\/rd\/2011\/07\/29\/1148\">consultar aqu\u00ed<\/a>&#8211;&nbsp;e implicar un ingreso hospitalario o tratamiento en el domicilio de larga duraci\u00f3n.<\/p>\n\n\n\n<p>En este caso, la cuant\u00eda de la prestaci\u00f3n es del<strong>&nbsp;100% de la base de cotizaci\u00f3n<\/strong>, como ocurre con la baja por maternidad o paternidad.<\/p>\n\n\n\n<p>Adem\u00e1s de cumplir algunos requisitos como estar al corriente de pago de sus obligaciones con la Seguridad Social, los aut\u00f3nomos deber\u00e1n t<strong>ambi\u00e9n cumplir otras condiciones<\/strong> como haber cotizado el periodo suficiente seg\u00fan la edad que tengan:<\/p>\n\n\n\n<ul class=\"wp-block-list\">\n<li>&nbsp;Menores de 21 a\u00f1os: no se exigir\u00e1 per\u00edodos m\u00ednimos de cotizaci\u00f3n.<\/li>\n\n\n\n<li>&nbsp;Entre 21 y 25 a\u00f1os: 90 d\u00edas cotizados en los 7 a\u00f1os inmediatamente anteriores a la solicitud de la prestaci\u00f3n, o 180 d\u00edas a lo largo de su vida laboral.<\/li>\n\n\n\n<li>&nbsp;A partir de 26 a\u00f1os: 180 d\u00edas, dentro de los 7 a\u00f1os inmediatamente anteriores, o 360 d\u00edas en el total de su vida laboral.<\/li>\n<\/ul>\n\n\n\n<p>Como novedad, desde 2023, con la entrada en vigor del<a href=\"https:\/\/getquipu.com\/blog\/nuevo-sistema-de-cotizacion-para-autonomos-en-funcion-de-ingresos-reales\/\"> sistema de cotizaci\u00f3n por ingresos reales<\/a>, se a\u00f1adi\u00f3 tambi\u00e9n<strong> una bonificaci\u00f3n del 75% de la cuota<\/strong> por contingencias comunes para estos aut\u00f3nomos que est\u00e9n percibiendo una prestaci\u00f3n por cuidado de menores con enfermedades graves.<\/p>\n","protected":false},"excerpt":{"rendered":"<p>Los aut\u00f3nomos tienen derecho, al igual que todos los dem\u00e1s trabajadores, a cobrar una serie de prestaciones que les cubren en caso de contraer una enfermedad, tener un accidente, quedarse<\/p>\n","protected":false},"author":3,"featured_media":25923,"comment_status":"closed","ping_status":"open","sticky":false,"template":"","format":"standard","meta":{"footnotes":""},"categories":[7],"tags":[],"class_list":["post-20969","post","type-post","status-publish","format-standard","has-post-thumbnail","hentry","category-autonomos","generate-columns","tablet-grid-50","mobile-grid-100","grid-parent","grid-50","resize-featured-image"],"yoast_head":"<!-- This site is optimized with the Yoast SEO plugin v23.9 - https:\/\/yoast.com\/wordpress\/plugins\/seo\/ -->\n<title>Pretaciones de la SS a aut\u00f3nomos: \u00bfcu\u00e1les son? (2026)<\/title>\n<meta name=\"description\" content=\"\u00bfTienes dudas sobre las prestaciones que ofrece la SS a los aut\u00f3nomos? Te contamos todo sobre este tema. \u00a1Entra y desc\u00fabrelo!\" \/>\n<meta name=\"robots\" content=\"index, follow, max-snippet:-1, max-image-preview:large, max-video-preview:-1\" \/>\n<link rel=\"canonical\" href=\"https:\/\/getquipu.com\/blog\/prestaciones-seguridad-social-autonomos\/\" \/>\n<meta property=\"og:locale\" content=\"es_ES\" \/>\n<meta property=\"og:type\" content=\"article\" \/>\n<meta property=\"og:title\" content=\"Pretaciones de la SS a aut\u00f3nomos: \u00bfcu\u00e1les son? (2026)\" \/>\n<meta property=\"og:description\" content=\"\u00bfTienes dudas sobre las prestaciones que ofrece la SS a los aut\u00f3nomos? Te contamos todo sobre este tema. \u00a1Entra y desc\u00fabrelo!\" \/>\n<meta property=\"og:url\" content=\"https:\/\/getquipu.com\/blog\/prestaciones-seguridad-social-autonomos\/\" \/>\n<meta property=\"og:site_name\" content=\"Aut\u00f3nomos, empresas y asesor\u00edas\" \/>\n<meta property=\"article:published_time\" content=\"2023-03-02T11:10:00+00:00\" \/>\n<meta property=\"article:modified_time\" content=\"2024-11-11T12:39:19+00:00\" \/>\n<meta property=\"og:image\" content=\"https:\/\/getquipu.com\/wp-content\/uploads\/2022\/03\/08120302\/prestaciones-seguridad-social-autonomo.png\" \/>\n\t<meta property=\"og:image:width\" content=\"768\" \/>\n\t<meta property=\"og:image:height\" content=\"295\" \/>\n\t<meta property=\"og:image:type\" content=\"image\/png\" \/>\n<meta name=\"author\" content=\"Roger Doba\u00f1o - CEO Quipu\" \/>\n<meta name=\"twitter:card\" content=\"summary_large_image\" \/>\n<meta name=\"twitter:creator\" content=\"@rogerdobano\" \/>\n<meta name=\"twitter:label1\" content=\"Escrito por\" \/>\n\t<meta name=\"twitter:data1\" content=\"Roger Doba\u00f1o - CEO Quipu\" \/>\n\t<meta name=\"twitter:label2\" content=\"Tiempo de lectura\" \/>\n\t<meta name=\"twitter:data2\" content=\"11 minutos\" \/>\n<script type=\"application\/ld+json\" class=\"yoast-schema-graph\">{\"@context\":\"https:\/\/schema.org\",\"@graph\":[{\"@type\":\"Article\",\"@id\":\"https:\/\/getquipu.com\/blog\/prestaciones-seguridad-social-autonomos\/#article\",\"isPartOf\":{\"@id\":\"https:\/\/getquipu.com\/blog\/prestaciones-seguridad-social-autonomos\/\"},\"author\":{\"name\":\"Roger Doba\u00f1o - CEO Quipu\",\"@id\":\"https:\/\/getquipu.com\/blog\/#\/schema\/person\/373ccc5d513d88aea29fc8135422fa2e\"},\"headline\":\"Prestaciones de la Seguridad Social para aut\u00f3nomos: \u00bfcu\u00e1les son?\",\"datePublished\":\"2023-03-02T11:10:00+00:00\",\"dateModified\":\"2024-11-11T12:39:19+00:00\",\"mainEntityOfPage\":{\"@id\":\"https:\/\/getquipu.com\/blog\/prestaciones-seguridad-social-autonomos\/\"},\"wordCount\":2532,\"publisher\":{\"@id\":\"https:\/\/getquipu.com\/blog\/#organization\"},\"image\":{\"@id\":\"https:\/\/getquipu.com\/blog\/prestaciones-seguridad-social-autonomos\/#primaryimage\"},\"thumbnailUrl\":\"https:\/\/getquipu.com\/wp-content\/uploads\/2022\/03\/08120302\/prestaciones-seguridad-social-autonomo.png\",\"articleSection\":[\"Aut\u00f3nomos\"],\"inLanguage\":\"es\"},{\"@type\":\"WebPage\",\"@id\":\"https:\/\/getquipu.com\/blog\/prestaciones-seguridad-social-autonomos\/\",\"url\":\"https:\/\/getquipu.com\/blog\/prestaciones-seguridad-social-autonomos\/\",\"name\":\"Pretaciones de la SS a aut\u00f3nomos: \u00bfcu\u00e1les son? (2026)\",\"isPartOf\":{\"@id\":\"https:\/\/getquipu.com\/blog\/#website\"},\"primaryImageOfPage\":{\"@id\":\"https:\/\/getquipu.com\/blog\/prestaciones-seguridad-social-autonomos\/#primaryimage\"},\"image\":{\"@id\":\"https:\/\/getquipu.com\/blog\/prestaciones-seguridad-social-autonomos\/#primaryimage\"},\"thumbnailUrl\":\"https:\/\/getquipu.com\/wp-content\/uploads\/2022\/03\/08120302\/prestaciones-seguridad-social-autonomo.png\",\"datePublished\":\"2023-03-02T11:10:00+00:00\",\"dateModified\":\"2024-11-11T12:39:19+00:00\",\"description\":\"\u00bfTienes dudas sobre las prestaciones que ofrece la SS a los aut\u00f3nomos? Te contamos todo sobre este tema. \u00a1Entra y desc\u00fabrelo!\",\"breadcrumb\":{\"@id\":\"https:\/\/getquipu.com\/blog\/prestaciones-seguridad-social-autonomos\/#breadcrumb\"},\"inLanguage\":\"es\",\"potentialAction\":[{\"@type\":\"ReadAction\",\"target\":[\"https:\/\/getquipu.com\/blog\/prestaciones-seguridad-social-autonomos\/\"]}]},{\"@type\":\"ImageObject\",\"inLanguage\":\"es\",\"@id\":\"https:\/\/getquipu.com\/blog\/prestaciones-seguridad-social-autonomos\/#primaryimage\",\"url\":\"https:\/\/getquipu.com\/wp-content\/uploads\/2022\/03\/08120302\/prestaciones-seguridad-social-autonomo.png\",\"contentUrl\":\"https:\/\/getquipu.com\/wp-content\/uploads\/2022\/03\/08120302\/prestaciones-seguridad-social-autonomo.png\",\"width\":768,\"height\":295,\"caption\":\"prestaciones autonomos seguridad socialprestaciones autonomos seguridad socialprestaciones autonomos seguridad socialprestaciones autonomos seguridad socialprestaciones autonomos seguridad socialprestaciones autonomos seguridad socialprestaciones autonomos seguridad socialprestaciones autonomos seguridad socialprestaciones autonomos seguridad socialprestaciones autonomos seguridad social\"},{\"@type\":\"BreadcrumbList\",\"@id\":\"https:\/\/getquipu.com\/blog\/prestaciones-seguridad-social-autonomos\/#breadcrumb\",\"itemListElement\":[{\"@type\":\"ListItem\",\"position\":1,\"name\":\"Blog\",\"item\":\"https:\/\/getquipu.com\/blog\/\"},{\"@type\":\"ListItem\",\"position\":2,\"name\":\"Aut\u00f3nomos\",\"item\":\"https:\/\/getquipu.com\/blog\/category\/autonomos\/\"},{\"@type\":\"ListItem\",\"position\":3,\"name\":\"Prestaciones de la Seguridad Social para aut\u00f3nomos: \u00bfcu\u00e1les son?\"}]},{\"@type\":\"WebSite\",\"@id\":\"https:\/\/getquipu.com\/blog\/#website\",\"url\":\"https:\/\/getquipu.com\/blog\/\",\"name\":\"Aut\u00f3nomos, empresas y asesor\u00edas\",\"description\":\"Informaci\u00f3n \u00fatil sobre fiscalidad y eficiencia administrativa en negocios como el tuyo.\",\"publisher\":{\"@id\":\"https:\/\/getquipu.com\/blog\/#organization\"},\"potentialAction\":[{\"@type\":\"SearchAction\",\"target\":{\"@type\":\"EntryPoint\",\"urlTemplate\":\"https:\/\/getquipu.com\/blog\/?s={search_term_string}\"},\"query-input\":{\"@type\":\"PropertyValueSpecification\",\"valueRequired\":true,\"valueName\":\"search_term_string\"}}],\"inLanguage\":\"es\"},{\"@type\":\"Organization\",\"@id\":\"https:\/\/getquipu.com\/blog\/#organization\",\"name\":\"Quipu\",\"url\":\"https:\/\/getquipu.com\/blog\/\",\"logo\":{\"@type\":\"ImageObject\",\"inLanguage\":\"es\",\"@id\":\"https:\/\/getquipu.com\/blog\/#\/schema\/logo\/image\/\",\"url\":\"https:\/\/getquipu.com\/wp-content\/uploads\/2022\/06\/20105810\/logo-quipu.png\",\"contentUrl\":\"https:\/\/getquipu.com\/wp-content\/uploads\/2022\/06\/20105810\/logo-quipu.png\",\"width\":399,\"height\":399,\"caption\":\"Quipu\"},\"image\":{\"@id\":\"https:\/\/getquipu.com\/blog\/#\/schema\/logo\/image\/\"}},{\"@type\":\"Person\",\"@id\":\"https:\/\/getquipu.com\/blog\/#\/schema\/person\/373ccc5d513d88aea29fc8135422fa2e\",\"name\":\"Roger Doba\u00f1o - CEO Quipu\",\"image\":{\"@type\":\"ImageObject\",\"inLanguage\":\"es\",\"@id\":\"https:\/\/getquipu.com\/blog\/#\/schema\/person\/image\/\",\"url\":\"https:\/\/secure.gravatar.com\/avatar\/34af94bfd8e5677657b0a2d961dc4974?s=96&d=mm&r=g\",\"contentUrl\":\"https:\/\/secure.gravatar.com\/avatar\/34af94bfd8e5677657b0a2d961dc4974?s=96&d=mm&r=g\",\"caption\":\"Roger Doba\u00f1o - CEO Quipu\"},\"description\":\"Roger es CEO y Fundador de Quipu, un software en la nube que lleva +10 a\u00f1os ayudando a aut\u00f3nomos, pymes y asesor\u00edas a digitalizar su operativa precontable. A ra\u00edz de una mala experiencia como aut\u00f3nomo, Roger se propuso crear un programa que acompa\u00f1ara a los empresarios a lidiar con la administraci\u00f3n.\",\"sameAs\":[\"https:\/\/getquipu.com\",\"https:\/\/www.linkedin.com\/in\/rogerdobano\/\",\"https:\/\/x.com\/@rogerdobano\"],\"url\":\"https:\/\/getquipu.com\/blog\/author\/roger\/\"}]}<\/script>\n<!-- \/ Yoast SEO plugin. -->","yoast_head_json":{"title":"Pretaciones de la SS a aut\u00f3nomos: \u00bfcu\u00e1les son? (2026)","description":"\u00bfTienes dudas sobre las prestaciones que ofrece la SS a los aut\u00f3nomos? Te contamos todo sobre este tema. \u00a1Entra y desc\u00fabrelo!","robots":{"index":"index","follow":"follow","max-snippet":"max-snippet:-1","max-image-preview":"max-image-preview:large","max-video-preview":"max-video-preview:-1"},"canonical":"https:\/\/getquipu.com\/blog\/prestaciones-seguridad-social-autonomos\/","og_locale":"es_ES","og_type":"article","og_title":"Pretaciones de la SS a aut\u00f3nomos: \u00bfcu\u00e1les son? (2026)","og_description":"\u00bfTienes dudas sobre las prestaciones que ofrece la SS a los aut\u00f3nomos? Te contamos todo sobre este tema. \u00a1Entra y desc\u00fabrelo!","og_url":"https:\/\/getquipu.com\/blog\/prestaciones-seguridad-social-autonomos\/","og_site_name":"Aut\u00f3nomos, empresas y asesor\u00edas","article_published_time":"2023-03-02T11:10:00+00:00","article_modified_time":"2024-11-11T12:39:19+00:00","og_image":[{"width":768,"height":295,"url":"https:\/\/getquipu.com\/wp-content\/uploads\/2022\/03\/08120302\/prestaciones-seguridad-social-autonomo.png","type":"image\/png"}],"author":"Roger Doba\u00f1o - CEO Quipu","twitter_card":"summary_large_image","twitter_creator":"@rogerdobano","twitter_misc":{"Escrito por":"Roger Doba\u00f1o - CEO Quipu","Tiempo de lectura":"11 minutos"},"schema":{"@context":"https:\/\/schema.org","@graph":[{"@type":"Article","@id":"https:\/\/getquipu.com\/blog\/prestaciones-seguridad-social-autonomos\/#article","isPartOf":{"@id":"https:\/\/getquipu.com\/blog\/prestaciones-seguridad-social-autonomos\/"},"author":{"name":"Roger Doba\u00f1o - CEO Quipu","@id":"https:\/\/getquipu.com\/blog\/#\/schema\/person\/373ccc5d513d88aea29fc8135422fa2e"},"headline":"Prestaciones de la Seguridad Social para aut\u00f3nomos: \u00bfcu\u00e1les son?","datePublished":"2023-03-02T11:10:00+00:00","dateModified":"2024-11-11T12:39:19+00:00","mainEntityOfPage":{"@id":"https:\/\/getquipu.com\/blog\/prestaciones-seguridad-social-autonomos\/"},"wordCount":2532,"publisher":{"@id":"https:\/\/getquipu.com\/blog\/#organization"},"image":{"@id":"https:\/\/getquipu.com\/blog\/prestaciones-seguridad-social-autonomos\/#primaryimage"},"thumbnailUrl":"https:\/\/getquipu.com\/wp-content\/uploads\/2022\/03\/08120302\/prestaciones-seguridad-social-autonomo.png","articleSection":["Aut\u00f3nomos"],"inLanguage":"es"},{"@type":"WebPage","@id":"https:\/\/getquipu.com\/blog\/prestaciones-seguridad-social-autonomos\/","url":"https:\/\/getquipu.com\/blog\/prestaciones-seguridad-social-autonomos\/","name":"Pretaciones de la SS a aut\u00f3nomos: \u00bfcu\u00e1les son? (2026)","isPartOf":{"@id":"https:\/\/getquipu.com\/blog\/#website"},"primaryImageOfPage":{"@id":"https:\/\/getquipu.com\/blog\/prestaciones-seguridad-social-autonomos\/#primaryimage"},"image":{"@id":"https:\/\/getquipu.com\/blog\/prestaciones-seguridad-social-autonomos\/#primaryimage"},"thumbnailUrl":"https:\/\/getquipu.com\/wp-content\/uploads\/2022\/03\/08120302\/prestaciones-seguridad-social-autonomo.png","datePublished":"2023-03-02T11:10:00+00:00","dateModified":"2024-11-11T12:39:19+00:00","description":"\u00bfTienes dudas sobre las prestaciones que ofrece la SS a los aut\u00f3nomos? Te contamos todo sobre este tema. \u00a1Entra y desc\u00fabrelo!","breadcrumb":{"@id":"https:\/\/getquipu.com\/blog\/prestaciones-seguridad-social-autonomos\/#breadcrumb"},"inLanguage":"es","potentialAction":[{"@type":"ReadAction","target":["https:\/\/getquipu.com\/blog\/prestaciones-seguridad-social-autonomos\/"]}]},{"@type":"ImageObject","inLanguage":"es","@id":"https:\/\/getquipu.com\/blog\/prestaciones-seguridad-social-autonomos\/#primaryimage","url":"https:\/\/getquipu.com\/wp-content\/uploads\/2022\/03\/08120302\/prestaciones-seguridad-social-autonomo.png","contentUrl":"https:\/\/getquipu.com\/wp-content\/uploads\/2022\/03\/08120302\/prestaciones-seguridad-social-autonomo.png","width":768,"height":295,"caption":"prestaciones autonomos seguridad socialprestaciones autonomos seguridad socialprestaciones autonomos seguridad socialprestaciones autonomos seguridad socialprestaciones autonomos seguridad socialprestaciones autonomos seguridad socialprestaciones autonomos seguridad socialprestaciones autonomos seguridad socialprestaciones autonomos seguridad socialprestaciones autonomos seguridad social"},{"@type":"BreadcrumbList","@id":"https:\/\/getquipu.com\/blog\/prestaciones-seguridad-social-autonomos\/#breadcrumb","itemListElement":[{"@type":"ListItem","position":1,"name":"Blog","item":"https:\/\/getquipu.com\/blog\/"},{"@type":"ListItem","position":2,"name":"Aut\u00f3nomos","item":"https:\/\/getquipu.com\/blog\/category\/autonomos\/"},{"@type":"ListItem","position":3,"name":"Prestaciones de la Seguridad Social para aut\u00f3nomos: \u00bfcu\u00e1les son?"}]},{"@type":"WebSite","@id":"https:\/\/getquipu.com\/blog\/#website","url":"https:\/\/getquipu.com\/blog\/","name":"Aut\u00f3nomos, empresas y asesor\u00edas","description":"Informaci\u00f3n \u00fatil sobre fiscalidad y eficiencia administrativa en negocios como el tuyo.","publisher":{"@id":"https:\/\/getquipu.com\/blog\/#organization"},"potentialAction":[{"@type":"SearchAction","target":{"@type":"EntryPoint","urlTemplate":"https:\/\/getquipu.com\/blog\/?s={search_term_string}"},"query-input":{"@type":"PropertyValueSpecification","valueRequired":true,"valueName":"search_term_string"}}],"inLanguage":"es"},{"@type":"Organization","@id":"https:\/\/getquipu.com\/blog\/#organization","name":"Quipu","url":"https:\/\/getquipu.com\/blog\/","logo":{"@type":"ImageObject","inLanguage":"es","@id":"https:\/\/getquipu.com\/blog\/#\/schema\/logo\/image\/","url":"https:\/\/getquipu.com\/wp-content\/uploads\/2022\/06\/20105810\/logo-quipu.png","contentUrl":"https:\/\/getquipu.com\/wp-content\/uploads\/2022\/06\/20105810\/logo-quipu.png","width":399,"height":399,"caption":"Quipu"},"image":{"@id":"https:\/\/getquipu.com\/blog\/#\/schema\/logo\/image\/"}},{"@type":"Person","@id":"https:\/\/getquipu.com\/blog\/#\/schema\/person\/373ccc5d513d88aea29fc8135422fa2e","name":"Roger Doba\u00f1o - CEO Quipu","image":{"@type":"ImageObject","inLanguage":"es","@id":"https:\/\/getquipu.com\/blog\/#\/schema\/person\/image\/","url":"https:\/\/secure.gravatar.com\/avatar\/34af94bfd8e5677657b0a2d961dc4974?s=96&d=mm&r=g","contentUrl":"https:\/\/secure.gravatar.com\/avatar\/34af94bfd8e5677657b0a2d961dc4974?s=96&d=mm&r=g","caption":"Roger Doba\u00f1o - CEO Quipu"},"description":"Roger es CEO y Fundador de Quipu, un software en la nube que lleva +10 a\u00f1os ayudando a aut\u00f3nomos, pymes y asesor\u00edas a digitalizar su operativa precontable. A ra\u00edz de una mala experiencia como aut\u00f3nomo, Roger se propuso crear un programa que acompa\u00f1ara a los empresarios a lidiar con la administraci\u00f3n.","sameAs":["https:\/\/getquipu.com","https:\/\/www.linkedin.com\/in\/rogerdobano\/","https:\/\/x.com\/@rogerdobano"],"url":"https:\/\/getquipu.com\/blog\/author\/roger\/"}]}},"_links":{"self":[{"href":"https:\/\/getquipu.com\/blog\/wp-json\/wp\/v2\/posts\/20969","targetHints":{"allow":["GET"]}}],"collection":[{"href":"https:\/\/getquipu.com\/blog\/wp-json\/wp\/v2\/posts"}],"about":[{"href":"https:\/\/getquipu.com\/blog\/wp-json\/wp\/v2\/types\/post"}],"author":[{"embeddable":true,"href":"https:\/\/getquipu.com\/blog\/wp-json\/wp\/v2\/users\/3"}],"replies":[{"embeddable":true,"href":"https:\/\/getquipu.com\/blog\/wp-json\/wp\/v2\/comments?post=20969"}],"version-history":[{"count":40,"href":"https:\/\/getquipu.com\/blog\/wp-json\/wp\/v2\/posts\/20969\/revisions"}],"predecessor-version":[{"id":49722,"href":"https:\/\/getquipu.com\/blog\/wp-json\/wp\/v2\/posts\/20969\/revisions\/49722"}],"wp:featuredmedia":[{"embeddable":true,"href":"https:\/\/getquipu.com\/blog\/wp-json\/wp\/v2\/media\/25923"}],"wp:attachment":[{"href":"https:\/\/getquipu.com\/blog\/wp-json\/wp\/v2\/media?parent=20969"}],"wp:term":[{"taxonomy":"category","embeddable":true,"href":"https:\/\/getquipu.com\/blog\/wp-json\/wp\/v2\/categories?post=20969"},{"taxonomy":"post_tag","embeddable":true,"href":"https:\/\/getquipu.com\/blog\/wp-json\/wp\/v2\/tags?post=20969"}],"curies":[{"name":"wp","href":"https:\/\/api.w.org\/{rel}","templated":true}]}}