{"id":19728,"date":"2022-03-25T06:56:00","date_gmt":"2022-03-25T05:56:00","guid":{"rendered":"https:\/\/getquipu.com\/blog\/?p=19728"},"modified":"2024-11-20T12:12:43","modified_gmt":"2024-11-20T11:12:43","slug":"contratar-trabajador-siendo-autonomo","status":"publish","type":"post","link":"https:\/\/getquipu.com\/blog\/contratar-trabajador-siendo-autonomo\/","title":{"rendered":"Soy aut\u00f3nomo y quiero contratar a una persona: \u00bfC\u00f3mo lo hago?"},"content":{"rendered":"\n<p>En el blog de Quipu te ofrecemos toda la informaci\u00f3n relativa a administraci\u00f3n y fiscalidad para aut\u00f3nomos y pymes. Recientemente os hemos hablado de <a href=\"https:\/\/getquipu.com\/blog\/cuanto-cuesta-contratar-un-trabajador\/\">cu\u00e1nto le cuesta a una empresa contratar a un trabajador<\/a>. Pues bien, hoy queremos centrarnos en la perspectiva del aut\u00f3nomo:&nbsp;<strong>\u00bfC\u00f3mo puedo contratar a un trabajador si soy aut\u00f3nomo?<\/strong><\/p>\n\n\n\n<p>Como aut\u00f3nomo puede darse la necesidad de que tengas un trabajador a tu cargo aunque no est\u00e9s constituido como una empresa. Pero es importante que conozcas las implicaciones de ir m\u00e1s all\u00e1 de un simple servicio como proveedor, y contratar a un trabajador siendo aut\u00f3nomo.<\/p>\n\n\n\n<p>Adem\u00e1s,&nbsp;<strong>existen diferentes escenarios<\/strong> que debes considerar para optar por la m\u00e1s interesante o apropiada. \u00a1Te lo contamos todo a continuaci\u00f3n!<\/p>\n\n\n\n<p><strong>Leyendo este art\u00edculo aprender\u00e1s:<\/strong><\/p>\n\n\n\n<ul class=\"wp-block-list\">\n<li><a href=\"#tipos-empleado-contratar-autonomo\">Tipos de empleados que puede contratar un aut\u00f3nomo<\/a><\/li>\n\n\n\n<li><a href=\"#autonomo-contrato-comision\">Aut\u00f3nomos que contratan a empleados a comisi\u00f3n<\/a><\/li>\n\n\n\n<li><a href=\"#personas-contratar-autonomo\">\u00bfCu\u00e1ntas personas puede contratar un aut\u00f3nomo?<\/a><\/li>\n\n\n\n<li><a href=\"#contratar-autonomos-tarifa-plana\">Contrataci\u00f3n por parte de aut\u00f3nomos y la tarifa plana<\/a><\/li>\n\n\n\n<li><a href=\"#quipu-gestion-autonomo\">Quipu para gestionar tu negocio como aut\u00f3nomo<\/a><\/li>\n<\/ul>\n\n\n\n<div class=\"wp-block-group box-destacada has-background\" style=\"background-color:#fef9f5\"><div class=\"wp-block-group__inner-container is-layout-flow wp-block-group-is-layout-flow\">\n<p class=\"has-text-align-center has-medium-font-size\"><strong>\u00bfCu\u00e1nto cuesta contratar a un trabajador en Espa\u00f1a?<\/strong><\/p>\n\n\n\n<p>\ud83d\udcf9 <strong>V\u00eddeo explicativo: <\/strong>En el siguiente v\u00eddeo explicamos en detalle c\u00f3mo calcular el coste de un empleado para tu empresa y c\u00f3mo ahorrar en los gastos asociados para tener un negocio m\u00e1s rentable. <\/p>\n\n\n\n<div class=\"iframe-container\">\n\n<iframe class=\"responsive-iframe\" title=\"YouTube video player\" src=\"https:\/\/www.youtube.com\/embed\/eku_i8jCZE0?rel=0\" frameborder=\"0\" allowfullscreen=\"allowfullscreen\"><\/iframe>\n\n<\/div>\n\n\n\n<div style=\"height:25px\" aria-hidden=\"true\" class=\"wp-block-spacer\"><\/div>\n\n\n\n<div class=\"btn-div-destacado\"><a href=\"https:\/\/getquipu.com\/es\/cuentas\/registro\" class=\"btn-destacado\" target=\"_blank\" rel=\"noreferrer noopener\">Prueba Quipu Gratis<\/a><\/div>\n\n\n\n<div style=\"height:20px\" aria-hidden=\"true\" class=\"wp-block-spacer\"><\/div>\n\n\n\n<p class=\"has-text-align-center has-small-font-size\"><em>Prueba gratuita de 15 d\u00edas. Sin permanencia. Sin introducir tu tarjeta.<\/em><\/p>\n<\/div><\/div>\n\n\n\n<h2 class=\"wp-block-heading\" id=\"tipos-empleado-contratar-autonomo\"><strong>Tipos de empleados que puede contratar un aut\u00f3nomo<\/strong><\/h2>\n\n\n\n<p>Los trabajadores aut\u00f3nomos se conocen tambi\u00e9n como&nbsp;<strong>trabajadores por cuenta propia<\/strong>. Esto es, en oposici\u00f3n, diferente a los trabajadores por cuenta ajena, es decir, los que trabajan para un empresa, empresario o empleador.<\/p>\n\n\n\n<p>Sin embargo, que sean trabajadores por cuenta propia<strong> no significa que&nbsp;no puedan tener otros trabajadores que realicen una actividad para ellos<\/strong>.<\/p>\n\n\n\n<p>Las relaciones entre trabajadores en este contexto pueden ser de la siguiente forma:<\/p>\n\n\n\n<ul class=\"wp-block-list\">\n<li>Un aut\u00f3nomo que contrata a&nbsp;<strong>otro aut\u00f3nomo.<\/strong><\/li>\n\n\n\n<li>Un aut\u00f3nomo que contrata a&nbsp;<strong>un familiar.<\/strong><\/li>\n\n\n\n<li>Un aut\u00f3nomo que contrata a&nbsp;<strong>un empleado.<\/strong><\/li>\n<\/ul>\n\n\n\n<p>Adem\u00e1s de estos tres escenarios, se puede dar el caso de que un aut\u00f3nomo&nbsp;<strong>contrate a un empleado a comisi\u00f3n<\/strong>.<\/p>\n\n\n\n<h2 class=\"wp-block-heading\">Un aut\u00f3nomo que contrata a otro aut\u00f3nomo<\/h2>\n\n\n\n<p>En este primer caso, la relaci\u00f3n entre un aut\u00f3nomo que contrata a otro aut\u00f3nomo,&nbsp;<strong>no es de tipo laboral&nbsp;<\/strong>como ser\u00eda en el caso habitual (empresa-trabajador),<strong>&nbsp;sino de tipo mercantil<\/strong>. Se establece una relaci\u00f3n clientelar entre la persona que contrata (cliente) y el que provee el servicio. No existe por lo tanto una relaci\u00f3n de jefe y empleado.<\/p>\n\n\n\n<p>En esta situaci\u00f3n se da una relaci\u00f3n profesional en la que&nbsp;<strong>uno de los trabajadores brinda un determinado servicio y emite una factura por dicho servicio<\/strong>. En definitiva, es la misma situaci\u00f3n que si un aut\u00f3nomo contrata los servicios de una empresa. La retribuci\u00f3n del aut\u00f3nomo contratado ser\u00e1 completada mediante una factura con IVA, que puede ser peri\u00f3dica o puntual, en base a la actividad realizada.<\/p>\n\n\n\n<p>Si un aut\u00f3nomo contrata a otro aut\u00f3nomo, al no existir esa relaci\u00f3n laboral sino mercantil,&nbsp;<strong>no se puede exigir que se cumpla un horario de trabajo u otro tipo de requisitos<\/strong>&nbsp;de una relaci\u00f3n entre empleado y empresa. <\/p>\n\n\n\n<p class=\"box-destacada has-background\" style=\"background-color:#e3f3f3\">\u2757\ufe0f<strong>DATO CLAVE<\/strong>: Adem\u00e1s, cada trabajador aut\u00f3nomo tendr\u00e1 que hacerse cargo de sus cuotas a la Seguridad Social y dem\u00e1s responsabilidades con Hacienda.<\/p>\n\n\n\n<h2 class=\"wp-block-heading\">Un aut\u00f3nomo que contrata a un familiar<\/h2>\n\n\n\n<p>Existe una figura reconocida en el art\u00edculo 1.1 del Estatuto de los Trabajadores que se conoce como&nbsp;<a href=\"https:\/\/getquipu.com\/blog\/que-es-un-autonomo-colaborador\/\"><strong>aut\u00f3nomo colaborador<\/strong><\/a>. Los requisitos para que un familiar se convierta en aut\u00f3nomo colaborador de un trabajador aut\u00f3nomo son los siguientes:<\/p>\n\n\n\n<ul class=\"wp-block-list\">\n<li>Ser&nbsp;<strong>familiar directo por consanguinidad, afinidad o adopci\u00f3n hasta segundo grado<\/strong>.<\/li>\n\n\n\n<li>Debe tratarse de una colaboraci\u00f3n habitual. No est\u00e1 permitido en caso de situaciones puntuales.<\/li>\n\n\n\n<li>No pueden estar ya dados de alta como trabajadores aut\u00f3nomos.<\/li>\n\n\n\n<li>Deben vivir en el mismo domicilio.<\/li>\n\n\n\n<li>El aut\u00f3nomo colaborador debe<strong>&nbsp;tener m\u00e1s de 16 a\u00f1os<\/strong>.<\/li>\n<\/ul>\n\n\n\n<p>En el caso de una relaci\u00f3n laboral est\u00e1ndar, que cumple todos los requisitos habituales, el familiar puede estar contratado mediante un contrato laboral en el r\u00e9gimen general. Solo hablaremos de \u201caut\u00f3nomo colaborador\u201d en el caso de si el familiar puede <a href=\"https:\/\/getquipu.com\/blog\/como-darse-de-alta-como-autonomo-paso-a-paso\/\">darse de alta como aut\u00f3nomo<\/a> con esta figura. Hablamos, por ejemplo, de hijos a cargo no independientes que no pueden ser contratados por los cauces normales.<\/p>\n\n\n\n<div style=\"height:15px\" aria-hidden=\"true\" class=\"wp-block-spacer\"><\/div>\n\n\n\n<p>Este aut\u00f3nomo colaborador&nbsp;<strong>no est\u00e1 sujeto a las mismas responsabilidades con Hacienda que un aut\u00f3nomo est\u00e1ndar.<\/strong>&nbsp;Por ejemplo, no debe presentar las declaraciones trimestrales, ni de IVA ni de IRPF. Por el contrario, tampoco disponen de beneficios como algunas de las prestaciones de la Seguridad Social, como es la de desempleo.<\/p>\n\n\n\n<p class=\"box-destacada has-very-light-gray-background-color has-background\"><strong>\ud83d\udca1 QUIPU TIP<\/strong>: Existen beneficios para justificar la contrataci\u00f3n de estos aut\u00f3nomos colaboradores y el aut\u00f3nomo que los emplea s\u00ed tiene unas bonificaciones en sus cuotas mensuales: una bonificaci\u00f3n del<strong> 50% de la cuota durante los primeros 18 meses y un 25% los seis meses siguientes<\/strong>.<\/p>\n\n\n\n<h2 class=\"wp-block-heading\">Un aut\u00f3nomo que contrata a un empleado<\/h2>\n\n\n\n<p>Ahora s\u00ed, en el escenario de que un trabajador aut\u00f3nomo contrate a un empleado, las cuotas a la Seguridad Social s\u00ed ser\u00e1n responsabilidad del primero. La situaci\u00f3n para el aut\u00f3nomo cambiar\u00e1 y tendr\u00e1 que&nbsp;<strong>darse de alta como empresario en la Seguridad Social<\/strong>, mediante el&nbsp;<a href=\"https:\/\/www.seg-social.es\/wps\/portal\/wss\/internet\/Empresarios\/Inscripcion\/10929\/31193\/48532\" target=\"_blank\" rel=\"noreferrer noopener\">Modelo TA.6<\/a>. Adem\u00e1s, tendr\u00e1 que solicitar un&nbsp;<strong>C\u00f3digo de Cuenta de Cotizaci\u00f3n (CCC)<\/strong>, donde se abonar\u00e1n para ingresar el importe de los seguros sociales de los trabajadores que haya contratado.<\/p>\n\n\n\n<p>Una vez el aut\u00f3nomo est\u00e9 registrado como empresario, los&nbsp;<strong>pasos para contratar a un empleado<\/strong>&nbsp;son esencialmente los mismos que tendr\u00eda que dar una empresa en la misma situaci\u00f3n:<\/p>\n\n\n\n<ul class=\"wp-block-list\">\n<li>Escogido el futuro empleado,&nbsp;<strong>es necesario darles de alta en la Seguridad Social<\/strong>. En caso de ser su primer empleo, la administraci\u00f3n tendr\u00e1 que asignarle un n\u00famero de afiliaci\u00f3n, que se mantendr\u00e1 durante el resto de su vida laboral. En este caso, utilizaremos el&nbsp;<a href=\"https:\/\/www.seg-social.es\/wps\/portal\/wss\/internet\/Trabajadores\/Afiliacion\/10817\/31190\/572\" target=\"_blank\" rel=\"noreferrer noopener\">Modelo TA.1<\/a>. Para el alta en la Seguridad Social, en caso de que no sea su primer trabajo, se requiere rellenar y entregar el&nbsp;<a href=\"https:\/\/www.seg-social.es\/wps\/portal\/wss\/internet\/Trabajadores\/Afiliacion\/32765\/32770\" target=\"_blank\" rel=\"noreferrer noopener\">Modelo TA.2\/S<\/a>.<\/li>\n\n\n\n<li>Para contar con ese c\u00f3digo de cuenta de cotizaci\u00f3n que mencionamos arriba, es necesario cumplimentar el&nbsp;<a href=\"https:\/\/www.seg-social.es\/wps\/portal\/wss\/internet\/Empresarios\/Inscripcion\/10929\/31193\/48799\" target=\"_blank\" rel=\"noreferrer noopener\">Modelo TA.7<\/a>.<\/li>\n\n\n\n<li>A continuaci\u00f3n, el aut\u00f3nomo debe&nbsp;<strong>presentar una copia del contrato de trabajo en el Servicio P\u00fablico de Empleo Estatal (SEPE)&nbsp;<\/strong>en un plazo de 10 d\u00edas. Estos tr\u00e1mites se pueden gestionar a trav\u00e9s de su&nbsp;<a href=\"https:\/\/sede.sepe.gob.es\/portalSede\/es\/\" target=\"_blank\" rel=\"noreferrer noopener\">portal electr\u00f3nico<\/a>&nbsp;(servicio contrat@).<\/li>\n\n\n\n<li>Utilizando el Sistema Cret@ o&nbsp;<a href=\"https:\/\/www.seg-social.es\/wps\/portal\/wss\/internet\/InformacionUtil\/5300\/2837\" target=\"_blank\" rel=\"noreferrer noopener\">Sistema de Liquidaci\u00f3n de Directa<\/a>, se han de realizar los&nbsp;<strong>pagos de las cotizaciones&nbsp;<\/strong>de los empleados contratados.<\/li>\n<\/ul>\n\n\n\n<h2 class=\"wp-block-heading\" id=\"autonomo-contrato-comision\">Aut\u00f3nomos que contratan a empleados a comisi\u00f3n<\/h2>\n\n\n\n<p>Dentro de la posibilidad de que un aut\u00f3nomo contrate a un empleado, se puede dar el caso de que&nbsp;<strong>en lugar del pago del salario se retribuya al trabajador mediante comisiones<\/strong>. Estos casos se dan en determinados oficios, especialmente en los relacionados con ventas.<\/p>\n\n\n\n<p>Por un lado, en este escenario el aut\u00f3nomo ha de cumplir con todos los pasos anteriormente citados en lo relativo al contrato de un empleado: contrato en regla y siguiendo todos los requisitos. Adem\u00e1s, si el empleado a comisi\u00f3n ha de cumplir con&nbsp;<strong>una jornada laboral, el aut\u00f3nomo se ver\u00e1 obligado a pagarle el <a href=\"https:\/\/getquipu.com\/blog\/salario-minimo-interprofesional-espana\/\">Salario M\u00ednimo Interprofesional (SMI)<\/a>.<\/strong><\/p>\n\n\n\n<p>En un caso normal de contratar a un empleado a comisi\u00f3n, se tendr\u00eda que <a href=\"https:\/\/getquipu.com\/blog\/contrato-mercantil-autonomos\/\">formalizar un contrato mercantil<\/a>. Sin embargo,&nbsp;<strong>si el empleado tiene que estar f\u00edsicamente trabajando la venta en una tienda, la tipolog\u00eda del contrato ser\u00e1 laboral.<\/strong>&nbsp;Adem\u00e1s, en el contrato ha de especificarse cu\u00e1ndo cobrar\u00e1 las comisiones el empleado, si ser\u00e1 al momento de realizar la venta o en una fecha de pago mensual.<\/p>\n\n\n\n<p class=\"has-background\" style=\"background-color:#e7f5ff\">\ud83d\udd17 <strong>Ampliar informaci\u00f3n:<\/strong> Es importante se\u00f1alar que el contrato puede especificar si hay una parte fija y una a trav\u00e9s de las comisiones, las cuant\u00edas, etc. En este post puedes leer&nbsp;<a href=\"https:\/\/getquipu.com\/blog\/como-hacer-una-nomina-a-tus-trabajadores\/\">c\u00f3mo hacer las n\u00f3minas de tus trabajadores<\/a>.<\/p>\n\n\n\n<h2 class=\"wp-block-heading\" id=\"personas-contratar-autonomo\"><strong>\u00bfCu\u00e1ntas personas puede contratar un aut\u00f3nomo?<\/strong><\/h2>\n\n\n\n<p>De acuerdo con la&nbsp;<a href=\"https:\/\/www.boe.es\/diario_boe\/txt.php?id=BOE-A-2018-16340\" target=\"_blank\" rel=\"noreferrer noopener\">Orden HAC\/1264\/2018<\/a>, de 27 de noviembre, en su art\u00edculo 3.d, dependiendo de la actividad econ\u00f3mica que desarrollen estos aut\u00f3nomos,&nbsp;<strong>podr\u00e1n contratar entre dos y diez empleados.<\/strong><\/p>\n\n\n\n<p>Aqu\u00ed hablamos de los aut\u00f3nomos que tributan por el&nbsp;<strong>m\u00e9todo de <a href=\"https:\/\/getquipu.com\/blog\/regimen-de-estimacion-directa-u-objetiva-como-tributar-como-autonomo\/\">estimaci\u00f3n objetiva o sistema de m\u00f3dulos<\/a><\/strong>. A diferencia de este caso, los aut\u00f3nomos que tributan por el m\u00e9todo de estimaci\u00f3n directa simplificada del IRPF, no tienen ning\u00fan l\u00edmite de empleados a su cargo.<\/p>\n\n\n\n<p>Volviendo a las limitaciones de la Orden HAC\/1264\/2018, reflejamos aqu\u00ed&nbsp;<strong>algunos ejemplos de magnitudes espec\u00edficas<\/strong>&nbsp;o limitaciones de empleados para el aut\u00f3nomo contratante:<\/p>\n\n\n\n<ul class=\"wp-block-list\">\n<li>Industrias del pan y de la boller\u00eda \u2013 6 personas empleadas.<\/li>\n\n\n\n<li>Comercio al por menor de carne y despojos; de productos y derivados c\u00e1rnicos elaborados \u2013 5 personas empleadas.<\/li>\n\n\n\n<li>Comercio al por menor de toda clase de prendas para el vestido y tocado \u2013 5 personas empleadas.<\/li>\n\n\n\n<li>Comercio al por menor de muebles \u2013 4 personas empleadas.<\/li>\n\n\n\n<li>Comercio al por menor de semillas, abonos, flores y plantas y peque\u00f1os animales \u2013 4 personas empleadas.<\/li>\n\n\n\n<li>Comercio al por menor fuera de un establecimiento comercial permanente de art\u00edculos textiles y de confecci\u00f3n \u2013 2 personas empleadas.<\/li>\n\n\n\n<li>Cafeter\u00edas \u2013 8 personas empleadas.<\/li>\n\n\n\n<li>Servicios de peluquer\u00eda de se\u00f1ora y caballero \u2013 6 personas empleadas.<\/li>\n<\/ul>\n\n\n\n<p>En el supuesto caso de que la actividad de un aut\u00f3nomo crezca y requiera contratar m\u00e1s empleados, el paso m\u00e1s l\u00f3gico ser\u00e1 el de cambiar la <a href=\"https:\/\/getquipu.com\/blog\/forma-juridica-empresa\/\">forma jur\u00eddica<\/a> y convertirse en una <a href=\"https:\/\/getquipu.com\/blog\/sociedad-limitada\/\">Sociedad Limitada<\/a>.<\/p>\n\n\n\n<p class=\"has-background\" style=\"background-color:#e7f5ff\">\ud83d\udd17 <strong>Ampliar informaci\u00f3n:<\/strong> En tal caso, la situaci\u00f3n frente a la contrataci\u00f3n cambia por completo y te damos m\u00e1s detalles en nuestro art\u00edculo sobre&nbsp;<a href=\"https:\/\/getquipu.com\/blog\/autonomo-o-sociedad-limitada\/\">cu\u00e1ndo y c\u00f3mo pasar de aut\u00f3nomo a sociedad limitada<\/a>.<\/p>\n\n\n\n<h2 class=\"wp-block-heading\" id=\"contratar-autonomos-tarifa-plana\"><strong>Contrataci\u00f3n por parte de aut\u00f3nomos y la tarifa plana<\/strong><\/h2>\n\n\n\n<p>Los aut\u00f3nomos cuentan desde hace relativamente poco con un aliciente para incentivar el emprendimiento, especialmente entre los j\u00f3venes. Hablamos de la&nbsp;<strong><a href=\"https:\/\/getquipu.com\/blog\/tarifa-plana-autonomos\/\">tarifa plana<\/a> que consiste en una cuota reducida durante los 18 primeros meses, de tan solo 60 euros al mes.<\/strong><\/p>\n\n\n\n<p>Este incentivo de una cuota de 60 euros cuenta con requisitos que, de no cumplirlos, har\u00e1n que el aut\u00f3nomo pierda este privilegio. Antes de contratar personal al cargo, muchos aut\u00f3nomos pueden tener el miedo de perder esta cuota especial, pero no es el caso:&nbsp;<strong>que un aut\u00f3nomo contrate empleados no tiene ning\u00fan efecto sobre los derechos a recibir este tipo de bonificaci\u00f3n<\/strong>. Tal y como se recoge en la \u00faltima modificaci\u00f3n de agosto de 2015, los contratos de empleados no tienen incidencia sobre esta u otras bonificaciones para aut\u00f3nomos.<\/p>\n","protected":false},"excerpt":{"rendered":"<p>En el blog de Quipu te ofrecemos toda la informaci\u00f3n relativa a administraci\u00f3n y fiscalidad para aut\u00f3nomos y pymes. Recientemente os hemos hablado de cu\u00e1nto le cuesta a una empresa<\/p>\n","protected":false},"author":3,"featured_media":25969,"comment_status":"closed","ping_status":"open","sticky":false,"template":"","format":"standard","meta":{"footnotes":""},"categories":[7],"tags":[],"class_list":["post-19728","post","type-post","status-publish","format-standard","has-post-thumbnail","hentry","category-autonomos","generate-columns","tablet-grid-50","mobile-grid-100","grid-parent","grid-50","resize-featured-image"],"yoast_head":"<!-- This site is optimized with the Yoast SEO plugin v23.9 - https:\/\/yoast.com\/wordpress\/plugins\/seo\/ -->\n<title>Soy aut\u00f3nomo y quiero contratar a una persona: \u00bfc\u00f3mo lo hago?<\/title>\n<meta name=\"description\" content=\"Es importante que conozcas las implicaciones de ir m\u00e1s all\u00e1 de un simple servicio como proveedor, y contratar a un trabajador.\" \/>\n<meta name=\"robots\" content=\"index, follow, max-snippet:-1, max-image-preview:large, max-video-preview:-1\" \/>\n<link rel=\"canonical\" href=\"https:\/\/getquipu.com\/blog\/contratar-trabajador-siendo-autonomo\/\" \/>\n<meta property=\"og:locale\" content=\"es_ES\" \/>\n<meta property=\"og:type\" content=\"article\" \/>\n<meta property=\"og:title\" content=\"Soy aut\u00f3nomo y quiero contratar a una persona: \u00bfc\u00f3mo lo hago?\" \/>\n<meta property=\"og:description\" content=\"Es importante que conozcas las implicaciones de ir m\u00e1s all\u00e1 de un simple servicio como proveedor, y contratar a un trabajador.\" \/>\n<meta property=\"og:url\" content=\"https:\/\/getquipu.com\/blog\/contratar-trabajador-siendo-autonomo\/\" \/>\n<meta property=\"og:site_name\" content=\"Aut\u00f3nomos, empresas y asesor\u00edas\" \/>\n<meta property=\"article:published_time\" content=\"2022-03-25T05:56:00+00:00\" \/>\n<meta property=\"article:modified_time\" content=\"2024-11-20T11:12:43+00:00\" \/>\n<meta property=\"og:image\" content=\"https:\/\/getquipu.com\/wp-content\/uploads\/2021\/07\/08135852\/contratar-trabajador-autonomo.png\" \/>\n\t<meta property=\"og:image:width\" content=\"768\" \/>\n\t<meta property=\"og:image:height\" content=\"295\" \/>\n\t<meta property=\"og:image:type\" content=\"image\/png\" \/>\n<meta name=\"author\" content=\"Roger Doba\u00f1o - CEO Quipu\" \/>\n<meta name=\"twitter:card\" content=\"summary_large_image\" \/>\n<meta name=\"twitter:creator\" content=\"@rogerdobano\" \/>\n<meta name=\"twitter:label1\" content=\"Escrito por\" \/>\n\t<meta name=\"twitter:data1\" content=\"Roger Doba\u00f1o - CEO Quipu\" \/>\n\t<meta name=\"twitter:label2\" content=\"Tiempo de lectura\" \/>\n\t<meta name=\"twitter:data2\" content=\"8 minutos\" \/>\n<script type=\"application\/ld+json\" class=\"yoast-schema-graph\">{\"@context\":\"https:\/\/schema.org\",\"@graph\":[{\"@type\":\"Article\",\"@id\":\"https:\/\/getquipu.com\/blog\/contratar-trabajador-siendo-autonomo\/#article\",\"isPartOf\":{\"@id\":\"https:\/\/getquipu.com\/blog\/contratar-trabajador-siendo-autonomo\/\"},\"author\":{\"name\":\"Roger Doba\u00f1o - CEO Quipu\",\"@id\":\"https:\/\/getquipu.com\/blog\/#\/schema\/person\/373ccc5d513d88aea29fc8135422fa2e\"},\"headline\":\"Soy aut\u00f3nomo y quiero contratar a una persona: \u00bfC\u00f3mo lo hago?\",\"datePublished\":\"2022-03-25T05:56:00+00:00\",\"dateModified\":\"2024-11-20T11:12:43+00:00\",\"mainEntityOfPage\":{\"@id\":\"https:\/\/getquipu.com\/blog\/contratar-trabajador-siendo-autonomo\/\"},\"wordCount\":1887,\"publisher\":{\"@id\":\"https:\/\/getquipu.com\/blog\/#organization\"},\"image\":{\"@id\":\"https:\/\/getquipu.com\/blog\/contratar-trabajador-siendo-autonomo\/#primaryimage\"},\"thumbnailUrl\":\"https:\/\/getquipu.com\/wp-content\/uploads\/2021\/07\/08135852\/contratar-trabajador-autonomo.png\",\"articleSection\":[\"Aut\u00f3nomos\"],\"inLanguage\":\"es\"},{\"@type\":\"WebPage\",\"@id\":\"https:\/\/getquipu.com\/blog\/contratar-trabajador-siendo-autonomo\/\",\"url\":\"https:\/\/getquipu.com\/blog\/contratar-trabajador-siendo-autonomo\/\",\"name\":\"Soy aut\u00f3nomo y quiero contratar a una persona: \u00bfc\u00f3mo lo hago?\",\"isPartOf\":{\"@id\":\"https:\/\/getquipu.com\/blog\/#website\"},\"primaryImageOfPage\":{\"@id\":\"https:\/\/getquipu.com\/blog\/contratar-trabajador-siendo-autonomo\/#primaryimage\"},\"image\":{\"@id\":\"https:\/\/getquipu.com\/blog\/contratar-trabajador-siendo-autonomo\/#primaryimage\"},\"thumbnailUrl\":\"https:\/\/getquipu.com\/wp-content\/uploads\/2021\/07\/08135852\/contratar-trabajador-autonomo.png\",\"datePublished\":\"2022-03-25T05:56:00+00:00\",\"dateModified\":\"2024-11-20T11:12:43+00:00\",\"description\":\"Es importante que conozcas las implicaciones de ir m\u00e1s all\u00e1 de un simple servicio como proveedor, y contratar a un trabajador.\",\"breadcrumb\":{\"@id\":\"https:\/\/getquipu.com\/blog\/contratar-trabajador-siendo-autonomo\/#breadcrumb\"},\"inLanguage\":\"es\",\"potentialAction\":[{\"@type\":\"ReadAction\",\"target\":[\"https:\/\/getquipu.com\/blog\/contratar-trabajador-siendo-autonomo\/\"]}]},{\"@type\":\"ImageObject\",\"inLanguage\":\"es\",\"@id\":\"https:\/\/getquipu.com\/blog\/contratar-trabajador-siendo-autonomo\/#primaryimage\",\"url\":\"https:\/\/getquipu.com\/wp-content\/uploads\/2021\/07\/08135852\/contratar-trabajador-autonomo.png\",\"contentUrl\":\"https:\/\/getquipu.com\/wp-content\/uploads\/2021\/07\/08135852\/contratar-trabajador-autonomo.png\",\"width\":768,\"height\":295,\"caption\":\"contratar a una persona siendo aut\u00f3nomo\"},{\"@type\":\"BreadcrumbList\",\"@id\":\"https:\/\/getquipu.com\/blog\/contratar-trabajador-siendo-autonomo\/#breadcrumb\",\"itemListElement\":[{\"@type\":\"ListItem\",\"position\":1,\"name\":\"Blog\",\"item\":\"https:\/\/getquipu.com\/blog\/\"},{\"@type\":\"ListItem\",\"position\":2,\"name\":\"Aut\u00f3nomos\",\"item\":\"https:\/\/getquipu.com\/blog\/category\/autonomos\/\"},{\"@type\":\"ListItem\",\"position\":3,\"name\":\"Soy aut\u00f3nomo y quiero contratar a una persona: \u00bfC\u00f3mo lo hago?\"}]},{\"@type\":\"WebSite\",\"@id\":\"https:\/\/getquipu.com\/blog\/#website\",\"url\":\"https:\/\/getquipu.com\/blog\/\",\"name\":\"Aut\u00f3nomos, empresas y asesor\u00edas\",\"description\":\"Informaci\u00f3n \u00fatil sobre fiscalidad y eficiencia administrativa en negocios como el tuyo.\",\"publisher\":{\"@id\":\"https:\/\/getquipu.com\/blog\/#organization\"},\"potentialAction\":[{\"@type\":\"SearchAction\",\"target\":{\"@type\":\"EntryPoint\",\"urlTemplate\":\"https:\/\/getquipu.com\/blog\/?s={search_term_string}\"},\"query-input\":{\"@type\":\"PropertyValueSpecification\",\"valueRequired\":true,\"valueName\":\"search_term_string\"}}],\"inLanguage\":\"es\"},{\"@type\":\"Organization\",\"@id\":\"https:\/\/getquipu.com\/blog\/#organization\",\"name\":\"Quipu\",\"url\":\"https:\/\/getquipu.com\/blog\/\",\"logo\":{\"@type\":\"ImageObject\",\"inLanguage\":\"es\",\"@id\":\"https:\/\/getquipu.com\/blog\/#\/schema\/logo\/image\/\",\"url\":\"https:\/\/getquipu.com\/wp-content\/uploads\/2022\/06\/20105810\/logo-quipu.png\",\"contentUrl\":\"https:\/\/getquipu.com\/wp-content\/uploads\/2022\/06\/20105810\/logo-quipu.png\",\"width\":399,\"height\":399,\"caption\":\"Quipu\"},\"image\":{\"@id\":\"https:\/\/getquipu.com\/blog\/#\/schema\/logo\/image\/\"}},{\"@type\":\"Person\",\"@id\":\"https:\/\/getquipu.com\/blog\/#\/schema\/person\/373ccc5d513d88aea29fc8135422fa2e\",\"name\":\"Roger Doba\u00f1o - CEO Quipu\",\"image\":{\"@type\":\"ImageObject\",\"inLanguage\":\"es\",\"@id\":\"https:\/\/getquipu.com\/blog\/#\/schema\/person\/image\/\",\"url\":\"https:\/\/secure.gravatar.com\/avatar\/34af94bfd8e5677657b0a2d961dc4974?s=96&d=mm&r=g\",\"contentUrl\":\"https:\/\/secure.gravatar.com\/avatar\/34af94bfd8e5677657b0a2d961dc4974?s=96&d=mm&r=g\",\"caption\":\"Roger Doba\u00f1o - CEO Quipu\"},\"description\":\"Roger es CEO y Fundador de Quipu, un software en la nube que lleva +10 a\u00f1os ayudando a aut\u00f3nomos, pymes y asesor\u00edas a digitalizar su operativa precontable. A ra\u00edz de una mala experiencia como aut\u00f3nomo, Roger se propuso crear un programa que acompa\u00f1ara a los empresarios a lidiar con la administraci\u00f3n.\",\"sameAs\":[\"https:\/\/getquipu.com\",\"https:\/\/www.linkedin.com\/in\/rogerdobano\/\",\"https:\/\/x.com\/@rogerdobano\"],\"url\":\"https:\/\/getquipu.com\/blog\/author\/roger\/\"}]}<\/script>\n<!-- \/ Yoast SEO plugin. -->","yoast_head_json":{"title":"Soy aut\u00f3nomo y quiero contratar a una persona: \u00bfc\u00f3mo lo hago?","description":"Es importante que conozcas las implicaciones de ir m\u00e1s all\u00e1 de un simple servicio como proveedor, y contratar a un trabajador.","robots":{"index":"index","follow":"follow","max-snippet":"max-snippet:-1","max-image-preview":"max-image-preview:large","max-video-preview":"max-video-preview:-1"},"canonical":"https:\/\/getquipu.com\/blog\/contratar-trabajador-siendo-autonomo\/","og_locale":"es_ES","og_type":"article","og_title":"Soy aut\u00f3nomo y quiero contratar a una persona: \u00bfc\u00f3mo lo hago?","og_description":"Es importante que conozcas las implicaciones de ir m\u00e1s all\u00e1 de un simple servicio como proveedor, y contratar a un trabajador.","og_url":"https:\/\/getquipu.com\/blog\/contratar-trabajador-siendo-autonomo\/","og_site_name":"Aut\u00f3nomos, empresas y asesor\u00edas","article_published_time":"2022-03-25T05:56:00+00:00","article_modified_time":"2024-11-20T11:12:43+00:00","og_image":[{"width":768,"height":295,"url":"https:\/\/getquipu.com\/wp-content\/uploads\/2021\/07\/08135852\/contratar-trabajador-autonomo.png","type":"image\/png"}],"author":"Roger Doba\u00f1o - CEO Quipu","twitter_card":"summary_large_image","twitter_creator":"@rogerdobano","twitter_misc":{"Escrito por":"Roger Doba\u00f1o - CEO Quipu","Tiempo de lectura":"8 minutos"},"schema":{"@context":"https:\/\/schema.org","@graph":[{"@type":"Article","@id":"https:\/\/getquipu.com\/blog\/contratar-trabajador-siendo-autonomo\/#article","isPartOf":{"@id":"https:\/\/getquipu.com\/blog\/contratar-trabajador-siendo-autonomo\/"},"author":{"name":"Roger Doba\u00f1o - CEO Quipu","@id":"https:\/\/getquipu.com\/blog\/#\/schema\/person\/373ccc5d513d88aea29fc8135422fa2e"},"headline":"Soy aut\u00f3nomo y quiero contratar a una persona: \u00bfC\u00f3mo lo hago?","datePublished":"2022-03-25T05:56:00+00:00","dateModified":"2024-11-20T11:12:43+00:00","mainEntityOfPage":{"@id":"https:\/\/getquipu.com\/blog\/contratar-trabajador-siendo-autonomo\/"},"wordCount":1887,"publisher":{"@id":"https:\/\/getquipu.com\/blog\/#organization"},"image":{"@id":"https:\/\/getquipu.com\/blog\/contratar-trabajador-siendo-autonomo\/#primaryimage"},"thumbnailUrl":"https:\/\/getquipu.com\/wp-content\/uploads\/2021\/07\/08135852\/contratar-trabajador-autonomo.png","articleSection":["Aut\u00f3nomos"],"inLanguage":"es"},{"@type":"WebPage","@id":"https:\/\/getquipu.com\/blog\/contratar-trabajador-siendo-autonomo\/","url":"https:\/\/getquipu.com\/blog\/contratar-trabajador-siendo-autonomo\/","name":"Soy aut\u00f3nomo y quiero contratar a una persona: \u00bfc\u00f3mo lo hago?","isPartOf":{"@id":"https:\/\/getquipu.com\/blog\/#website"},"primaryImageOfPage":{"@id":"https:\/\/getquipu.com\/blog\/contratar-trabajador-siendo-autonomo\/#primaryimage"},"image":{"@id":"https:\/\/getquipu.com\/blog\/contratar-trabajador-siendo-autonomo\/#primaryimage"},"thumbnailUrl":"https:\/\/getquipu.com\/wp-content\/uploads\/2021\/07\/08135852\/contratar-trabajador-autonomo.png","datePublished":"2022-03-25T05:56:00+00:00","dateModified":"2024-11-20T11:12:43+00:00","description":"Es importante que conozcas las implicaciones de ir m\u00e1s all\u00e1 de un simple servicio como proveedor, y contratar a un trabajador.","breadcrumb":{"@id":"https:\/\/getquipu.com\/blog\/contratar-trabajador-siendo-autonomo\/#breadcrumb"},"inLanguage":"es","potentialAction":[{"@type":"ReadAction","target":["https:\/\/getquipu.com\/blog\/contratar-trabajador-siendo-autonomo\/"]}]},{"@type":"ImageObject","inLanguage":"es","@id":"https:\/\/getquipu.com\/blog\/contratar-trabajador-siendo-autonomo\/#primaryimage","url":"https:\/\/getquipu.com\/wp-content\/uploads\/2021\/07\/08135852\/contratar-trabajador-autonomo.png","contentUrl":"https:\/\/getquipu.com\/wp-content\/uploads\/2021\/07\/08135852\/contratar-trabajador-autonomo.png","width":768,"height":295,"caption":"contratar a una persona siendo aut\u00f3nomo"},{"@type":"BreadcrumbList","@id":"https:\/\/getquipu.com\/blog\/contratar-trabajador-siendo-autonomo\/#breadcrumb","itemListElement":[{"@type":"ListItem","position":1,"name":"Blog","item":"https:\/\/getquipu.com\/blog\/"},{"@type":"ListItem","position":2,"name":"Aut\u00f3nomos","item":"https:\/\/getquipu.com\/blog\/category\/autonomos\/"},{"@type":"ListItem","position":3,"name":"Soy aut\u00f3nomo y quiero contratar a una persona: \u00bfC\u00f3mo lo hago?"}]},{"@type":"WebSite","@id":"https:\/\/getquipu.com\/blog\/#website","url":"https:\/\/getquipu.com\/blog\/","name":"Aut\u00f3nomos, empresas y asesor\u00edas","description":"Informaci\u00f3n \u00fatil sobre fiscalidad y eficiencia administrativa en negocios como el tuyo.","publisher":{"@id":"https:\/\/getquipu.com\/blog\/#organization"},"potentialAction":[{"@type":"SearchAction","target":{"@type":"EntryPoint","urlTemplate":"https:\/\/getquipu.com\/blog\/?s={search_term_string}"},"query-input":{"@type":"PropertyValueSpecification","valueRequired":true,"valueName":"search_term_string"}}],"inLanguage":"es"},{"@type":"Organization","@id":"https:\/\/getquipu.com\/blog\/#organization","name":"Quipu","url":"https:\/\/getquipu.com\/blog\/","logo":{"@type":"ImageObject","inLanguage":"es","@id":"https:\/\/getquipu.com\/blog\/#\/schema\/logo\/image\/","url":"https:\/\/getquipu.com\/wp-content\/uploads\/2022\/06\/20105810\/logo-quipu.png","contentUrl":"https:\/\/getquipu.com\/wp-content\/uploads\/2022\/06\/20105810\/logo-quipu.png","width":399,"height":399,"caption":"Quipu"},"image":{"@id":"https:\/\/getquipu.com\/blog\/#\/schema\/logo\/image\/"}},{"@type":"Person","@id":"https:\/\/getquipu.com\/blog\/#\/schema\/person\/373ccc5d513d88aea29fc8135422fa2e","name":"Roger Doba\u00f1o - CEO Quipu","image":{"@type":"ImageObject","inLanguage":"es","@id":"https:\/\/getquipu.com\/blog\/#\/schema\/person\/image\/","url":"https:\/\/secure.gravatar.com\/avatar\/34af94bfd8e5677657b0a2d961dc4974?s=96&d=mm&r=g","contentUrl":"https:\/\/secure.gravatar.com\/avatar\/34af94bfd8e5677657b0a2d961dc4974?s=96&d=mm&r=g","caption":"Roger Doba\u00f1o - CEO Quipu"},"description":"Roger es CEO y Fundador de Quipu, un software en la nube que lleva +10 a\u00f1os ayudando a aut\u00f3nomos, pymes y asesor\u00edas a digitalizar su operativa precontable. A ra\u00edz de una mala experiencia como aut\u00f3nomo, Roger se propuso crear un programa que acompa\u00f1ara a los empresarios a lidiar con la administraci\u00f3n.","sameAs":["https:\/\/getquipu.com","https:\/\/www.linkedin.com\/in\/rogerdobano\/","https:\/\/x.com\/@rogerdobano"],"url":"https:\/\/getquipu.com\/blog\/author\/roger\/"}]}},"_links":{"self":[{"href":"https:\/\/getquipu.com\/blog\/wp-json\/wp\/v2\/posts\/19728","targetHints":{"allow":["GET"]}}],"collection":[{"href":"https:\/\/getquipu.com\/blog\/wp-json\/wp\/v2\/posts"}],"about":[{"href":"https:\/\/getquipu.com\/blog\/wp-json\/wp\/v2\/types\/post"}],"author":[{"embeddable":true,"href":"https:\/\/getquipu.com\/blog\/wp-json\/wp\/v2\/users\/3"}],"replies":[{"embeddable":true,"href":"https:\/\/getquipu.com\/blog\/wp-json\/wp\/v2\/comments?post=19728"}],"version-history":[{"count":35,"href":"https:\/\/getquipu.com\/blog\/wp-json\/wp\/v2\/posts\/19728\/revisions"}],"predecessor-version":[{"id":50047,"href":"https:\/\/getquipu.com\/blog\/wp-json\/wp\/v2\/posts\/19728\/revisions\/50047"}],"wp:featuredmedia":[{"embeddable":true,"href":"https:\/\/getquipu.com\/blog\/wp-json\/wp\/v2\/media\/25969"}],"wp:attachment":[{"href":"https:\/\/getquipu.com\/blog\/wp-json\/wp\/v2\/media?parent=19728"}],"wp:term":[{"taxonomy":"category","embeddable":true,"href":"https:\/\/getquipu.com\/blog\/wp-json\/wp\/v2\/categories?post=19728"},{"taxonomy":"post_tag","embeddable":true,"href":"https:\/\/getquipu.com\/blog\/wp-json\/wp\/v2\/tags?post=19728"}],"curies":[{"name":"wp","href":"https:\/\/api.w.org\/{rel}","templated":true}]}}