{"id":19380,"date":"2023-03-06T15:20:00","date_gmt":"2023-03-06T14:20:00","guid":{"rendered":"https:\/\/getquipu.com\/blog\/?p=19380"},"modified":"2026-01-21T10:55:25","modified_gmt":"2026-01-21T09:55:25","slug":"pluriactividad-autonomos","status":"publish","type":"post","link":"https:\/\/getquipu.com\/blog\/pluriactividad-autonomos\/","title":{"rendered":"Pluriactividad de los aut\u00f3nomos: todo lo que debes saber"},"content":{"rendered":"\n<p>Has decidido dar el paso y vas a combinar tu trabajo como asalariado con tu trabajo como aut\u00f3nomo. Ya te has metido de lleno en <strong>la pluriactividad de los aut\u00f3nomos<\/strong>, pero no tienes del todo claro c\u00f3mo funciona, qu\u00e9 ayudas est\u00e1n a tu disposici\u00f3n o qu\u00e9 pasa exactamente con la cuota o tus cotizaciones.<\/p>\n\n\n\n<p>Es l\u00f3gico, dado que hablamos de una situaci\u00f3n con ciertas peculiaridades que pueden ser bastante beneficiosas. Si quieres exprimir al m\u00e1ximo tu pluriactividad,<strong> aqu\u00ed tienes todo lo que debes saber al respecto<\/strong>. Sigue leyendo, porque esta gu\u00eda te va a ser \u00fatil para ver cu\u00e1les son las mejores bonificaciones a las que te debes acoger, como tambi\u00e9n cu\u00e1les son tus derechos.<\/p>\n\n\n\n<p><strong>En este art\u00edculo aprender\u00e1s:<\/strong><\/p>\n\n\n\n<ul class=\"wp-block-list\">\n<li><a href=\"#que-es\">\u00bfQu\u00e9 es la pluriactividad?<\/a><\/li>\n\n\n\n<li><a href=\"#pluriactividad-vs-pluriempleo\">\u00bfEs lo mismo pluriactividad que pluriempleo?<\/a><\/li>\n\n\n\n<li><a href=\"#ayudas-pluriactividad\">\u00bfExisten ayudas para pagar menos de aut\u00f3nomos por pluriactividad?<\/a><\/li>\n\n\n\n<li><a href=\"#tarifa-plana-vs-pluriactividad\">\u00bfTarifa plana o bonificaciones por pluriactividad?<\/a><\/li>\n\n\n\n<li><a href=\"#alta-autonomo-pluriactividad\">\u00bfC\u00f3mo darse de alta en aut\u00f3nomos por pluriactividad?<\/a><\/li>\n\n\n\n<li><a href=\"#cotizacion-incapacidad-temporal\">\u00bfEs necesario cotizar doblemente por incapacidad temporal?<\/a><\/li>\n\n\n\n<li><a href=\"#devolucion-exceso-cotizacion\">Devoluci\u00f3n de exceso de cotizaciones en pluriactividad<\/a><\/li>\n\n\n\n<li><a href=\"#preguntas-frecuentes\">Otras preguntas frecuentes sobre la pluriactividad de los aut\u00f3nomos<\/a><\/li>\n<\/ul>\n\n\n\n<div class=\"wp-block-group box-destacada has-background\" style=\"background-color:#fef9f5\"><div class=\"wp-block-group__inner-container is-layout-flow wp-block-group-is-layout-flow\">\n<p class=\"has-text-align-center has-medium-font-size\"><strong>\u00bfAut\u00f3nomo y empleado al mismo tiempo?<\/strong><\/p>\n\n\n\n<p>En este v\u00eddeo te damos las claves para entender la <strong>pluriactividad<\/strong> de forma clara, pr\u00e1ctica y sin rodeos, para que sepas c\u00f3mo afecta a tus impuestos y a tu facturaci\u00f3n si te encuentras en esta situaci\u00f3n.<\/p>\n\n\n\n<div class=\"iframe-container\">\n\n<iframe class=\"responsive-iframe\" title=\"YouTube video player\" src=\"https:\/\/www.youtube.com\/embed\/w3HStuV10M8\" frameborder=\"0\" allowfullscreen=\"allowfullscreen\"><\/iframe>\n\n<\/div>\n\n\n\n<div style=\"height:25px\" aria-hidden=\"true\" class=\"wp-block-spacer\"><\/div>\n\n\n\n<div class=\"btn-div-destacado\"><a href=\"https:\/\/getquipu.com\/es\/cuentas\/registro\" class=\"btn-destacado\" target=\"_blank\" rel=\"noreferrer noopener\">Prueba Quipu Gratis<\/a><\/div>\n\n\n\n<div style=\"height:20px\" aria-hidden=\"true\" class=\"wp-block-spacer\"><\/div>\n\n\n\n<p class=\"has-text-align-center has-small-font-size\"><em>Prueba gratuita de 15 d\u00edas. Sin permanencia. Sin introducir tu tarjeta.<\/em><\/p>\n<\/div><\/div>\n\n\n\n<h2 class=\"wp-block-heading\" id=\"que-es\">\u00bfQu\u00e9 es la pluriactividad?<\/h2>\n\n\n\n<p>La pluriactividad es la situaci\u00f3n en la que un trabajador asalariado, que trabaja para una empresa cobrando una n\u00f3mina por ello,<strong> compagina dicha actividad con su trabajo como aut\u00f3nomo<\/strong> por cuenta propia.<\/p>\n\n\n\n<p>Es algo totalmente <strong>contemplado por la Ley en Espa\u00f1a<\/strong>, que adem\u00e1s da derecho a ciertas bonificaciones en cotizaciones, adem\u00e1s de facilitar tambi\u00e9n acceso a mejores prestaciones por la combinaci\u00f3n de la cotizaci\u00f3n como aut\u00f3nomo y como asalariado.<\/p>\n\n\n\n<h2 class=\"wp-block-heading\" id=\"pluriactividad-vs-pluriempleo\">\u00bfEs lo mismo pluriactividad que pluriempleo?<\/h2>\n\n\n\n<p>Suenan muy parecidos, y lo cierto es que suele haber <strong>mucha confusi\u00f3n entre lo que significa estar en pluriempleo y estar en pluriactividad<\/strong>. Sin embargo, son dos situaciones muy diferentes.<\/p>\n\n\n\n<p><strong>Pluriactividad <\/strong>significa estar dado de alta c\u00f3mo asalariado y tambi\u00e9n como aut\u00f3nomo.<strong> Pluriempleo <\/strong>significa trabajar para dos o m\u00e1s empresas como asalariado, pero sin estar dado de alta como aut\u00f3nomo.<\/p>\n\n\n\n<p>\u00bfY qu\u00e9 diferencia hay? La primera y m\u00e1s importante es que el pluriempleado solo est\u00e1 en un r\u00e9gimen, el R\u00e9gimen General de la Seguridad Social (RGSS). Sin embargo, en la pluriactividad se est\u00e1 en dos, el RGSS y el R\u00e9gimen Especial de Trabajadores Aut\u00f3nomos (RETA), con todo lo que eso implica a la hora de pagar cuotas, cotizar y tener obligaciones fiscales.<\/p>\n\n\n\n<p><strong>Tabla R\u00e1pida: \u00bfEn qu\u00e9 situaci\u00f3n est\u00e1s t\u00fa?<\/strong><\/p>\n\n\n\n<figure class=\"wp-block-table\"><table class=\"has-fixed-layout\"><tbody><tr><td><strong>Concepto<\/strong><\/td><td><strong>Pluriempleo (2 N\u00f3minas)<\/strong><\/td><td><strong>Pluriactividad (N\u00f3mina + Factura)<\/strong><\/td><\/tr><tr><td><strong>Tu situaci\u00f3n<\/strong><\/td><td>Trabajas para 2 empresas distintas (ej. ma\u00f1anas y tardes).<\/td><td>Trabajas en una empresa y tienes tu propio negocio.<\/td><\/tr><tr><td><strong>Seguridad Social<\/strong><\/td><td>Solo cotizas en el <strong>R\u00e9gimen General<\/strong>.<\/td><td>Cotizas en <strong>R\u00e9gimen General<\/strong> + <strong>RETA<\/strong> (Aut\u00f3nomos).<\/td><\/tr><tr><td><strong>Tus impuestos<\/strong><\/td><td>IRPF (Rendimientos del trabajo).<\/td><td>IRPF (Trabajo + Actividad Econ\u00f3mica) + IVA.<\/td><\/tr><tr><td><strong>\u00bfTienes bonificaci\u00f3n?<\/strong><\/td><td>No.<\/td><td><strong>S\u00ed<\/strong> (en tu cuota de aut\u00f3nomo).<\/td><\/tr><\/tbody><\/table><\/figure>\n\n\n\n<p class=\"has-background\" style=\"background-color:#e7f5ff\">\ud83d\udd17 <strong>Ampliar informaci\u00f3n:<\/strong> Si quieres saber m\u00e1s sobre<a href=\"https:\/\/getquipu.com\/blog\/puedo-trabajar-como-autonomo-y-asalariado-al-mismo-tiempo\/\"> la posibilidad de ser asalariado y aut\u00f3nomo a la vez <\/a>te recomendamos que leas nuestro art\u00edculo espec\u00edfico.<\/p>\n\n\n\n<h2 class=\"wp-block-heading\" id=\"ayudas-pluriactividad\">\u00bfExisten ayudas para pagar menos de aut\u00f3nomos por pluriactividad?<\/h2>\n\n\n\n<p>Gracias a la <a href=\"https:\/\/www.boe.es\/buscar\/act.php?id=BOE-A-2013-10074\" target=\"_blank\" rel=\"noreferrer noopener\">Ley de Emprendedores de 2013<\/a>, existen ayudas para pagar menos de aut\u00f3nomos estando en pluriactividad. Ahora bien, las opciones que hay no son complementarias. Toda persona debe elegir entre una u otra en funci\u00f3n de lo que m\u00e1s le convenga. Vamos a ver cu\u00e1les son:<\/p>\n\n\n\n<h3 class=\"wp-block-heading\">Tarifa plana por pluriactividad<\/h3>\n\n\n\n<p>En el caso de ser un trabajador por cuenta ajena que decide darse de alta para ser aut\u00f3nomo por primera vez, o pasados 2 a\u00f1os desde el \u00faltimo alta en el RETA, <strong>tienes la posibilidad de disfrutar de la tarifa plana<\/strong> en la cuota de aut\u00f3nomos. Solo si no hay deudas con la AEAT o la TGSS y no vas a ser aut\u00f3nomo colaborador.<\/p>\n\n\n\n<p>En 2025, eso significa <strong>pagar 80\u20ac al mes<\/strong> en lugar de pagar una cuota integra seg\u00fan los ingresos reales. Esta cuota ser\u00eda, de al menos, 205 euros al mes en 2025. La tarifa est\u00e1 disponible durante los 12 primeros meses de actividad, y se puede ampliar a los 12 siguientes en caso de no generar unos ingresos netos superiores al SMI.  El<strong> SMI para el 2025 <\/strong>a\u00fan no est\u00e1 publicado, pero se espera que suba a 1.375 euros al mes por doce pagas y con efectos retroactivos desde enero. <\/p>\n\n\n\n<p>Adem\u00e1s, tienes la posibilidad de acogerte a <a href=\"https:\/\/getquipu.com\/blog\/cuota-cero-de-autonomos\/\">la cuota cero de aut\u00f3nomos<\/a>, aunque solo en determinadas partes de Espa\u00f1a y con algunos requisitos adicionales.<\/p>\n\n\n\n<p class=\"has-background\" style=\"background-color:#e7f5ff\">\ud83d\udd17<strong> Ampliar informaci\u00f3n: <\/strong>Si quieres saber m\u00e1s sobre<a href=\"https:\/\/getquipu.com\/blog\/tarifa-plana-autonomos\/\"> la tarifa plana de aut\u00f3nomos<\/a> te recomendamos que leas nuestro art\u00edculo espec\u00edfico.<\/p>\n\n\n\n<h3 class=\"wp-block-heading\">Bonificaciones especiales por pluriactividad<\/h3>\n\n\n\n<p>La bonificaci\u00f3n especial por pluriactividad es la otra opci\u00f3n disponible en esta situaci\u00f3n. Gracias a esta, puedes<strong> disfrutar de una reducci\u00f3n en tu base de cotizaci\u00f3n<\/strong> que depende principalmente del tipo de contrato que tengas como asalariado.<\/p>\n\n\n\n<p>Si eres asalariado a tiempo completo, tendr\u00e1s un descuento del<strong> 50% en la base m\u00ednima de cotizaci\u00f3n <\/strong>como aut\u00f3nomo durante los 18 primeros meses de actividad. Del mes 19 al 36, el descuento es del 25%.<\/p>\n\n\n\n<p>En caso de ser asalariado a tiempo parcial, el descuento es del<strong> 25% y del 15% siguiendo los mismos plazos<\/strong>.<\/p>\n\n\n\n<p>Eso s\u00ed, si accedes a esta bonificaci\u00f3n debes tener en cuenta que perder\u00e1s el derecho a la Tarifa Plana, por lo que conviene que valores cu\u00e1l te compensa m\u00e1s.<\/p>\n\n\n\n<h3 class=\"wp-block-heading\"><strong>\u00bfEres Emprendedor Digital? \u00a1Bonificaci\u00f3n del 100%!<\/strong><\/h3>\n\n\n\n<p>Ojo, porque hay una excepci\u00f3n que casi nadie cuenta. Si tu proyecto encaja en la definici\u00f3n de \u00abEmpresa Emergente\u00bb (Startup) seg\u00fan la nueva Ley, y mantienes tu trabajo por cuenta ajena:<\/p>\n\n\n\n<ul class=\"wp-block-list\">\n<li>El beneficio: Tienes una bonificaci\u00f3n del 100% de la cuota (Cuota Cero real) durante 3 a\u00f1os.<\/li>\n\n\n\n<li>El requisito: Debes tener la certificaci\u00f3n de ENISA como empresa innovadora y escalable.<\/li>\n\n\n\n<li>La diferencia: Mientras la bonificaci\u00f3n normal solo te quita el 50%, esta te elimina el pago completo a la Seguridad Social.<\/li>\n<\/ul>\n\n\n<div class=\"gb-container gb-container-b2fecea6 new-banner\">\n<div class=\"gb-grid-wrapper gb-grid-wrapper-0fc70046\">\n<div class=\"gb-grid-column gb-grid-column-6f7203a6\"><div class=\"gb-container gb-container-6f7203a6 text-div\">\n\n<p class=\"title-banner has-text-color\" style=\"color:#003829;font-size:19px\">Comprende c\u00f3mo va tu negocio<\/p>\n\n\n\n<p class=\"text-banner\">La soluci\u00f3n para gestionar tu facturaci\u00f3n de forma digital, sin papel y desde un \u00fanico lugar.<\/p>\n\n\n\n<p class=\"btn-p-banner\"><a href=\"https:\/\/getquipu.com\/es\/programa-facturacion\" data-type=\"URL\" data-id=\"https:\/\/getquipu.com\/es\/programa-facturacion\">Ver m\u00e1s<\/a><\/p>\n\n<\/div><\/div>\n\n<div class=\"gb-grid-column gb-grid-column-c144d8bb\"><div class=\"gb-container gb-container-c144d8bb img-banner\">\n\n<figure class=\"wp-block-image size-large\"><a href=\"https:\/\/getquipu.com\/es\/programa-facturacion\"><img decoding=\"async\" width=\"1024\" height=\"573\" src=\"https:\/\/getquipu.com\/wp-content\/uploads\/2023\/04\/17162817\/banner-quipu-1024x573.webp\" alt=\"quipu\" class=\"wp-image-37193\" srcset=\"https:\/\/getquipu.com\/wp-content\/uploads\/2023\/04\/17162817\/banner-quipu-1024x573.webp 1024w, https:\/\/getquipu.com\/wp-content\/uploads\/2023\/04\/17162817\/banner-quipu-300x168.webp 300w, https:\/\/getquipu.com\/wp-content\/uploads\/2023\/04\/17162817\/banner-quipu-768x430.webp 768w, https:\/\/getquipu.com\/wp-content\/uploads\/2023\/04\/17162817\/banner-quipu.webp 1169w\" sizes=\"(max-width: 1024px) 100vw, 1024px\" \/><\/a><\/figure>\n\n<\/div><\/div>\n<\/div>\n<\/div>\n\n\n<h2 class=\"wp-block-heading\" id=\"tarifa-plana-vs-pluriactividad\">\u00bfTarifa plana o bonificaciones por pluriactividad?<\/h2>\n\n\n\n<p>Teniendo en cuenta lo que hemos explicado hasta ahora, es l\u00f3gico que te asalte la duda: <strong>\u00bfqu\u00e9 hay que escoger, la tarifa plana o las bonificaciones por pluriactividad?<\/strong><\/p>\n\n\n\n<p>Lo cierto es que la respuesta depende. Si trabajas a jornada completa y tienes pensado mantener tu actividad como aut\u00f3nomo durante 3 a\u00f1os como m\u00ednimo, puede que la la bonificaci\u00f3n por pluriactividad se una mejor opci\u00f3n. Por contra, si es para algo puntual y limitado, lo mejor es escoger la tarifa plana. En los casos en los que se prevea una facturaci\u00f3n superior al SMI podr\u00eda ser m\u00e1s interesante la bonificaci\u00f3n por pluriactividad. <\/p>\n\n\n\n<p>Adem\u00e1s, si vas a ser aut\u00f3nomo menor de 30 a\u00f1os, o aut\u00f3noma menor de 35 a\u00f1os, la tarifa plana tambi\u00e9n es posible que sea tu mejor opci\u00f3n. Lo mismo se puede decir si te has dado de alta en el RGSS por encima del 50% de horas. En ese caso, la tarifa plana tambi\u00e9n es tu mejor opci\u00f3n.<\/p>\n\n\n\n<p>Aun as\u00ed, <strong>la mejor respuesta es que debes elegir en base a tu situaci\u00f3n<\/strong>, hacer las cuentas y consultar con gestores y\/o asesores para que analicen tu caso.<\/p>\n\n\n\n<p class=\"has-background\" style=\"background-color:#e7f5ff\">\ud83d\udd17<strong> Ampliar informaci\u00f3n:<\/strong> Si quieres saber m\u00e1s sobre qu\u00e9 elegir:<a href=\"https:\/\/getquipu.com\/blog\/tarifa-plana-o-bonificacion-por-pluriactividad\/\"> tarifa plana o bonificaci\u00f3n por pluriactividad <\/a>te recomendamos que leas nuestro art\u00edculo espec\u00edfico.<\/p>\n\n\n\n<h2 class=\"wp-block-heading\" id=\"alta-autonomo-pluriactividad\">\u00bfC\u00f3mo darse de alta en aut\u00f3nomos por pluriactividad?<\/h2>\n\n\n\n<p>Para darse de alta en aut\u00f3nomos por pluriactividad, tienes que seguir un proceso la mar de sencillo. Estos son los pasos:<\/p>\n\n\n\n<ul class=\"wp-block-list\">\n<li>Darte de <strong>alta en Hacienda <\/strong>con el ep\u00edgrafe correspondiente en el IAE presentando <a href=\"https:\/\/getquipu.com\/blog\/modelo-036-aeat\/\">el modelo 036<\/a> o <a href=\"https:\/\/getquipu.com\/blog\/modelo-037-hacienda\/\">el modelo 037<\/a>.<\/li>\n\n\n\n<li>Darte de <strong>alta en el RETA <\/strong>presentando <a href=\"https:\/\/getquipu.com\/blog\/modelo-ta-0521\/\">el modelo TA.0521<\/a>.<\/li>\n\n\n\n<li>Indicar que quieres la <strong>bonificaci\u00f3n de cotizaci\u00f3n <\/strong>por pluriactividad en el RETA (opcional).<\/li>\n<\/ul>\n\n\n\n<h2 class=\"wp-block-heading\" id=\"cotizacion-incapacidad-temporal\">\u00bfEs necesario cotizar doblemente por incapacidad temporal?<\/h2>\n\n\n\n<p>Aunque los aut\u00f3nomos est\u00e1n obligados a cotizar por<a href=\"https:\/\/getquipu.com\/blog\/incapacidad-temporal-autonomos\/\"> incapacidad temporal<\/a>, cuando se da situaci\u00f3n de pluriactividad <strong>es posible convertir dicha cotizaci\u00f3n en algo opcional<\/strong>. \u00bfPor qu\u00e9? Porque la prestaci\u00f3n ya estar\u00e1 cubierta por la cotizaci\u00f3n en el RGSS al ser trabajador asalariado.<\/p>\n\n\n\n<p>Es importante recalcar que es algo opcional, como tambi\u00e9n que, si se renuncia a cotizar doblemente, tambi\u00e9n se pierde el acceso a la doble prestaci\u00f3n. Si cotizas por incapacidad temporal como aut\u00f3nomo y asalariado en pluriactividad, tendr\u00e1s<strong> derecho a obtener las prestaciones por cada r\u00e9gimen <\/strong>en caso de cumplir los requisitos correspondientes.<\/p>\n\n\n\n<h2 class=\"wp-block-heading\" id=\"devolucion-exceso-cotizacion\">Devoluci\u00f3n de exceso de cotizaciones en pluriactividad<\/h2>\n\n\n\n<p>Desde que se implant\u00f3 la Ley de Reformas Urgentes del Trabajo Aut\u00f3nomo en octubre de 2017, la Seguridad Social devuelve de manera autom\u00e1tica el <a href=\"https:\/\/getquipu.com\/blog\/devolucion-exceso-cotizacion-pluriactividad\/\">exceso de cotizaciones en pluriactividad<\/a> sin que el trabajador tenga que presentar una solicitud.<\/p>\n\n\n\n<p>En situaci\u00f3n de pluriactividad, es algo mucho m\u00e1s posible que estando solo en uno de los dos reg\u00edmenes. \u00bfY cu\u00e1l es la cuant\u00eda de la devoluci\u00f3n? Seg\u00fan lo establecido por la orden de bases de cotizaci\u00f3n para 2025, la SS devolver\u00e1 el 50% del excedente de cotizaci\u00f3n a partir de los 16.672,66 euros, siempre y cuando dicho valor no sea superior al 50% de las cuotas de aut\u00f3nomo abonadas.<\/p>\n\n\n\n<h3 class=\"wp-block-heading\"><strong>NOVEDAD 2025: La Cuota de Solidaridad (Si ganas mucho)<\/strong><\/h3>\n\n\n\n<p>Si la suma de tu sueldo de asalariado y tus rendimientos netos de aut\u00f3nomo supera la Base M\u00e1xima de Cotizaci\u00f3n (aprox. 4.720\u20ac\/mes), este a\u00f1o hay cambios.<\/p>\n\n\n\n<p>Lejos de devolverte dinero, se activa la nueva Cuota de Solidaridad.<\/p>\n\n\n\n<p>\u00bfQu\u00e9 es? Un recargo extra (de entre el 5,5% y el 7%) que se aplicar\u00e1 sobre la parte de tus ingresos que exceda esa base m\u00e1xima.<\/p>\n\n\n\n<p>\u00bfA qui\u00e9n afecta? A perfiles senior (Directivos, Consultores IT, M\u00e9dicos) que combinan altos sueldos con facturaci\u00f3n freelance. Tenlo en cuenta en tu planificaci\u00f3n financiera porque no genera derechos de pensi\u00f3n.<\/p>\n\n\n\n<h2 class=\"wp-block-heading\" id=\"preguntas-frecuentes\">Otras preguntas frecuentes sobre la pluriactividad de los aut\u00f3nomos<\/h2>\n\n\n\n<p>Dado que se trata de una situaci\u00f3n un tanto inusual, es l\u00f3gico que surjan ciertas preguntas frecuentes sobre la pluriactividad en caso de ser aut\u00f3nomo. Vamos a responderlas a continuaci\u00f3n:<\/p>\n\n\n\n<h3 class=\"wp-block-heading\">\u00bfSe tienen derecho a dos pensiones por pluriactividad?<\/h3>\n\n\n\n<p>S\u00ed, se tiene derecho a dos pensiones en caso de pluriactividad, pero es obligatorio haber cotizado al menos 15 a\u00f1os como asalariado y como aut\u00f3nomo al mismo tiempo. Si se cumple esto, se tienen las dos pensiones de jubilaci\u00f3n correspondiente a lo cotizado en cada r\u00e9gimen. Si no se cumple, al menos se suma a <a href=\"https:\/\/getquipu.com\/blog\/que-es-la-base-reguladora-y-como-funciona\/\">la base reguladora<\/a> correspondiente lo cotizado en el otro r\u00e9gimen.<\/p>\n\n\n\n<h3 class=\"wp-block-heading\">\u00bfSe tiene derecho a paro por pluriactividad?<\/h3>\n\n\n\n<p>S\u00ed y no. Si te despiden de tu empresa mientras mantienes tu actividad por cuenta propia, no consta que figures como desempleado y no podr\u00e1s recibir el subsidio correspondiente. La \u00fanica forma de tener derecho a paro por pluriactividad es si cesas toda tu actividad. Es decir, primero como asalariado y luego como aut\u00f3nomo <\/p>\n\n\n\n<p>\u00bfY qu\u00e9 prestaci\u00f3n se recibe en ese caso? Depende. Si cesas primero como aut\u00f3nomo y luego como asalariado, tendr\u00e1s derecho al desempleo. Si fuera a la inversa, tendr\u00edas derecho al cese de actividad.<\/p>\n\n\n\n<p>Al optar por la prestaci\u00f3n por cese de actividad de trabajadores aut\u00f3nomos es necesario acreditar numerosos requisitos lo que dificulta en la pr\u00e1ctica la obtenci\u00f3n de la misma, por lo que puede resultar conveniente optar por el subsidio de desempleo por cuenta ajena. No obstante, se recomienda el asesoramiento profesional para el estudio y viabilidad de cada caso en particular.<\/p>\n\n\n\n<h3 class=\"wp-block-heading\">\u00bfC\u00f3mo afecta la pluriactividad en la declaraci\u00f3n de la renta?<\/h3>\n\n\n\n<p>La parte positiva de la declaraci\u00f3n de la renta en pluriactividad es que solo tienes que hacer una presentaci\u00f3n. La parte menos positiva es que tienes que declarar tus rendimientos del trabajo como asalariado (normalmente automatizado) y tus rendimientos por actividades econ\u00f3micas como aut\u00f3nomo, teniendo en cuenta los gastos de dicha actividad. <\/p>\n\n\n\n<div class=\"wp-block-group has-background\" style=\"background-color:#fef9f5\"><div class=\"wp-block-group__inner-container is-layout-flow wp-block-group-is-layout-flow\">\n<p class=\"has-text-align-center has-medium-font-size\"><strong><strong>\u00bfPuedo facturar sin ser aut\u00f3nomo?<\/strong><\/strong><\/p>\n\n\n\n<p>\ud83d\udcf9 En este v\u00eddeo explicamos <strong>c\u00f3mo hacer una factura sin estar dado de alta como aut\u00f3nomo<\/strong>, en qu\u00e9 casos es legal y cu\u00e1ndo puedes tener problemas con Hacienda o la Seguridad Social. Analizamos qu\u00e9 se considera facturaci\u00f3n espor\u00e1dica, por qu\u00e9 no existe una regla clara basada en el SMI y cu\u00e1ndo una actividad pasa a ser habitual.<\/p>\n\n\n\n<div class=\"iframe-container\">\n\n<iframe class=\"responsive-iframe\" title=\"YouTube video player\" src=\"https:\/\/www.youtube.com\/embed\/8YRS9KQG9Ps\" frameborder=\"0\" allowfullscreen=\"allowfullscreen\"><\/iframe>\n\n<\/div>\n\n\n\n<div style=\"height:20px\" aria-hidden=\"true\" class=\"wp-block-spacer\"><\/div>\n\n\n\n<div class=\"btn-div-destacado\"><a href=\"https:\/\/getquipu.com\/es\/cuentas\/registro\" class=\"btn-destacado\" target=\"_blank\" rel=\"noreferrer noopener\">Prueba Quipu Gratis<\/a><\/div>\n\n\n\n<div style=\"height:15px\" aria-hidden=\"true\" class=\"wp-block-spacer\"><\/div>\n\n\n\n<p class=\"has-text-align-center has-small-font-size\">Prueba gratuita de 15 d\u00edas. Sin permanencia. Sin introducir tu tarjeta.<\/p>\n<\/div><\/div>\n","protected":false},"excerpt":{"rendered":"<p>Has decidido dar el paso y vas a combinar tu trabajo como asalariado con tu trabajo como aut\u00f3nomo. Ya te has metido de lleno en la pluriactividad de los aut\u00f3nomos,<\/p>\n","protected":false},"author":56,"featured_media":25986,"comment_status":"closed","ping_status":"open","sticky":false,"template":"","format":"standard","meta":{"footnotes":""},"categories":[480],"tags":[],"class_list":["post-19380","post","type-post","status-publish","format-standard","has-post-thumbnail","hentry","category-nuevos-autonomos","generate-columns","tablet-grid-50","mobile-grid-100","grid-parent","grid-50","resize-featured-image"],"yoast_head":"<!-- This site is optimized with the Yoast SEO plugin v23.9 - https:\/\/yoast.com\/wordpress\/plugins\/seo\/ -->\n<title>Pluriactividad de los aut\u00f3nomos: todo lo que debes saber<\/title>\n<meta name=\"description\" content=\"\u00bfEres trabajador por cuenta ajena y est\u00e1s pensando en darte de alta como aut\u00f3nomo? Te explicamos todo lo que tienes que saber. \u00a1Desc\u00fabrelo!\" \/>\n<meta name=\"robots\" content=\"index, follow, max-snippet:-1, max-image-preview:large, max-video-preview:-1\" \/>\n<link rel=\"canonical\" href=\"https:\/\/getquipu.com\/blog\/pluriactividad-autonomos\/\" \/>\n<meta property=\"og:locale\" content=\"es_ES\" \/>\n<meta property=\"og:type\" content=\"article\" \/>\n<meta property=\"og:title\" content=\"Pluriactividad de los aut\u00f3nomos: todo lo que debes saber\" \/>\n<meta property=\"og:description\" content=\"\u00bfEres trabajador por cuenta ajena y est\u00e1s pensando en darte de alta como aut\u00f3nomo? Te explicamos todo lo que tienes que saber. \u00a1Desc\u00fabrelo!\" \/>\n<meta property=\"og:url\" content=\"https:\/\/getquipu.com\/blog\/pluriactividad-autonomos\/\" \/>\n<meta property=\"og:site_name\" content=\"Aut\u00f3nomos, empresas y asesor\u00edas\" \/>\n<meta property=\"article:published_time\" content=\"2023-03-06T14:20:00+00:00\" \/>\n<meta property=\"article:modified_time\" content=\"2026-01-21T09:55:25+00:00\" \/>\n<meta property=\"og:image\" content=\"https:\/\/getquipu.com\/wp-content\/uploads\/2022\/03\/08142001\/pluriactividad-autonomos.png\" \/>\n\t<meta property=\"og:image:width\" content=\"768\" \/>\n\t<meta property=\"og:image:height\" content=\"295\" \/>\n\t<meta property=\"og:image:type\" content=\"image\/png\" \/>\n<meta name=\"author\" content=\"Rub\u00e9n Garc\u00eda - Contasult\" \/>\n<meta name=\"twitter:card\" content=\"summary_large_image\" \/>\n<meta name=\"twitter:label1\" content=\"Escrito por\" \/>\n\t<meta name=\"twitter:data1\" content=\"Rub\u00e9n Garc\u00eda - Contasult\" \/>\n\t<meta name=\"twitter:label2\" content=\"Tiempo de lectura\" \/>\n\t<meta name=\"twitter:data2\" content=\"9 minutos\" \/>\n<script type=\"application\/ld+json\" class=\"yoast-schema-graph\">{\"@context\":\"https:\/\/schema.org\",\"@graph\":[{\"@type\":\"Article\",\"@id\":\"https:\/\/getquipu.com\/blog\/pluriactividad-autonomos\/#article\",\"isPartOf\":{\"@id\":\"https:\/\/getquipu.com\/blog\/pluriactividad-autonomos\/\"},\"author\":{\"name\":\"Rub\u00e9n Garc\u00eda - Contasult\",\"@id\":\"https:\/\/getquipu.com\/blog\/#\/schema\/person\/5298ffeaaaa019c45010197415c196ec\"},\"headline\":\"Pluriactividad de los aut\u00f3nomos: todo lo que debes saber\",\"datePublished\":\"2023-03-06T14:20:00+00:00\",\"dateModified\":\"2026-01-21T09:55:25+00:00\",\"mainEntityOfPage\":{\"@id\":\"https:\/\/getquipu.com\/blog\/pluriactividad-autonomos\/\"},\"wordCount\":2179,\"publisher\":{\"@id\":\"https:\/\/getquipu.com\/blog\/#organization\"},\"image\":{\"@id\":\"https:\/\/getquipu.com\/blog\/pluriactividad-autonomos\/#primaryimage\"},\"thumbnailUrl\":\"https:\/\/getquipu.com\/wp-content\/uploads\/2022\/03\/08142001\/pluriactividad-autonomos.png\",\"articleSection\":[\"Nuevos Aut\u00f3nomos\"],\"inLanguage\":\"es\"},{\"@type\":\"WebPage\",\"@id\":\"https:\/\/getquipu.com\/blog\/pluriactividad-autonomos\/\",\"url\":\"https:\/\/getquipu.com\/blog\/pluriactividad-autonomos\/\",\"name\":\"Pluriactividad de los aut\u00f3nomos: todo lo que debes saber\",\"isPartOf\":{\"@id\":\"https:\/\/getquipu.com\/blog\/#website\"},\"primaryImageOfPage\":{\"@id\":\"https:\/\/getquipu.com\/blog\/pluriactividad-autonomos\/#primaryimage\"},\"image\":{\"@id\":\"https:\/\/getquipu.com\/blog\/pluriactividad-autonomos\/#primaryimage\"},\"thumbnailUrl\":\"https:\/\/getquipu.com\/wp-content\/uploads\/2022\/03\/08142001\/pluriactividad-autonomos.png\",\"datePublished\":\"2023-03-06T14:20:00+00:00\",\"dateModified\":\"2026-01-21T09:55:25+00:00\",\"description\":\"\u00bfEres trabajador por cuenta ajena y est\u00e1s pensando en darte de alta como aut\u00f3nomo? Te explicamos todo lo que tienes que saber. \u00a1Desc\u00fabrelo!\",\"breadcrumb\":{\"@id\":\"https:\/\/getquipu.com\/blog\/pluriactividad-autonomos\/#breadcrumb\"},\"inLanguage\":\"es\",\"potentialAction\":[{\"@type\":\"ReadAction\",\"target\":[\"https:\/\/getquipu.com\/blog\/pluriactividad-autonomos\/\"]}]},{\"@type\":\"ImageObject\",\"inLanguage\":\"es\",\"@id\":\"https:\/\/getquipu.com\/blog\/pluriactividad-autonomos\/#primaryimage\",\"url\":\"https:\/\/getquipu.com\/wp-content\/uploads\/2022\/03\/08142001\/pluriactividad-autonomos.png\",\"contentUrl\":\"https:\/\/getquipu.com\/wp-content\/uploads\/2022\/03\/08142001\/pluriactividad-autonomos.png\",\"width\":768,\"height\":295,\"caption\":\"pluriactividad autonomos por cuenta ajena y cuenta propia\"},{\"@type\":\"BreadcrumbList\",\"@id\":\"https:\/\/getquipu.com\/blog\/pluriactividad-autonomos\/#breadcrumb\",\"itemListElement\":[{\"@type\":\"ListItem\",\"position\":1,\"name\":\"Blog\",\"item\":\"https:\/\/getquipu.com\/blog\/\"},{\"@type\":\"ListItem\",\"position\":2,\"name\":\"Nuevos Aut\u00f3nomos\",\"item\":\"https:\/\/getquipu.com\/blog\/category\/nuevos-autonomos\/\"},{\"@type\":\"ListItem\",\"position\":3,\"name\":\"Pluriactividad de los aut\u00f3nomos: todo lo que debes saber\"}]},{\"@type\":\"WebSite\",\"@id\":\"https:\/\/getquipu.com\/blog\/#website\",\"url\":\"https:\/\/getquipu.com\/blog\/\",\"name\":\"Aut\u00f3nomos, empresas y asesor\u00edas\",\"description\":\"Informaci\u00f3n \u00fatil sobre fiscalidad y eficiencia administrativa en negocios como el tuyo.\",\"publisher\":{\"@id\":\"https:\/\/getquipu.com\/blog\/#organization\"},\"potentialAction\":[{\"@type\":\"SearchAction\",\"target\":{\"@type\":\"EntryPoint\",\"urlTemplate\":\"https:\/\/getquipu.com\/blog\/?s={search_term_string}\"},\"query-input\":{\"@type\":\"PropertyValueSpecification\",\"valueRequired\":true,\"valueName\":\"search_term_string\"}}],\"inLanguage\":\"es\"},{\"@type\":\"Organization\",\"@id\":\"https:\/\/getquipu.com\/blog\/#organization\",\"name\":\"Quipu\",\"url\":\"https:\/\/getquipu.com\/blog\/\",\"logo\":{\"@type\":\"ImageObject\",\"inLanguage\":\"es\",\"@id\":\"https:\/\/getquipu.com\/blog\/#\/schema\/logo\/image\/\",\"url\":\"https:\/\/getquipu.com\/wp-content\/uploads\/2022\/06\/20105810\/logo-quipu.png\",\"contentUrl\":\"https:\/\/getquipu.com\/wp-content\/uploads\/2022\/06\/20105810\/logo-quipu.png\",\"width\":399,\"height\":399,\"caption\":\"Quipu\"},\"image\":{\"@id\":\"https:\/\/getquipu.com\/blog\/#\/schema\/logo\/image\/\"}},{\"@type\":\"Person\",\"@id\":\"https:\/\/getquipu.com\/blog\/#\/schema\/person\/5298ffeaaaa019c45010197415c196ec\",\"name\":\"Rub\u00e9n Garc\u00eda - Contasult\",\"image\":{\"@type\":\"ImageObject\",\"inLanguage\":\"es\",\"@id\":\"https:\/\/getquipu.com\/blog\/#\/schema\/person\/image\/\",\"url\":\"https:\/\/secure.gravatar.com\/avatar\/0d8f6768b8d079a1da3e8aad06ea63f9?s=96&d=mm&r=g\",\"contentUrl\":\"https:\/\/secure.gravatar.com\/avatar\/0d8f6768b8d079a1da3e8aad06ea63f9?s=96&d=mm&r=g\",\"caption\":\"Rub\u00e9n Garc\u00eda - Contasult\"},\"description\":\"Rub\u00e9n es director del departamento laboral de Contasult y especialista en RRHH. Graduado en Comercio internacional y Socio Fundador Artyco Media, S.L\",\"url\":\"https:\/\/getquipu.com\/blog\/author\/rubencontasult\/\"}]}<\/script>\n<!-- \/ Yoast SEO plugin. -->","yoast_head_json":{"title":"Pluriactividad de los aut\u00f3nomos: todo lo que debes saber","description":"\u00bfEres trabajador por cuenta ajena y est\u00e1s pensando en darte de alta como aut\u00f3nomo? Te explicamos todo lo que tienes que saber. \u00a1Desc\u00fabrelo!","robots":{"index":"index","follow":"follow","max-snippet":"max-snippet:-1","max-image-preview":"max-image-preview:large","max-video-preview":"max-video-preview:-1"},"canonical":"https:\/\/getquipu.com\/blog\/pluriactividad-autonomos\/","og_locale":"es_ES","og_type":"article","og_title":"Pluriactividad de los aut\u00f3nomos: todo lo que debes saber","og_description":"\u00bfEres trabajador por cuenta ajena y est\u00e1s pensando en darte de alta como aut\u00f3nomo? Te explicamos todo lo que tienes que saber. \u00a1Desc\u00fabrelo!","og_url":"https:\/\/getquipu.com\/blog\/pluriactividad-autonomos\/","og_site_name":"Aut\u00f3nomos, empresas y asesor\u00edas","article_published_time":"2023-03-06T14:20:00+00:00","article_modified_time":"2026-01-21T09:55:25+00:00","og_image":[{"width":768,"height":295,"url":"https:\/\/getquipu.com\/wp-content\/uploads\/2022\/03\/08142001\/pluriactividad-autonomos.png","type":"image\/png"}],"author":"Rub\u00e9n Garc\u00eda - Contasult","twitter_card":"summary_large_image","twitter_misc":{"Escrito por":"Rub\u00e9n Garc\u00eda - Contasult","Tiempo de lectura":"9 minutos"},"schema":{"@context":"https:\/\/schema.org","@graph":[{"@type":"Article","@id":"https:\/\/getquipu.com\/blog\/pluriactividad-autonomos\/#article","isPartOf":{"@id":"https:\/\/getquipu.com\/blog\/pluriactividad-autonomos\/"},"author":{"name":"Rub\u00e9n Garc\u00eda - Contasult","@id":"https:\/\/getquipu.com\/blog\/#\/schema\/person\/5298ffeaaaa019c45010197415c196ec"},"headline":"Pluriactividad de los aut\u00f3nomos: todo lo que debes saber","datePublished":"2023-03-06T14:20:00+00:00","dateModified":"2026-01-21T09:55:25+00:00","mainEntityOfPage":{"@id":"https:\/\/getquipu.com\/blog\/pluriactividad-autonomos\/"},"wordCount":2179,"publisher":{"@id":"https:\/\/getquipu.com\/blog\/#organization"},"image":{"@id":"https:\/\/getquipu.com\/blog\/pluriactividad-autonomos\/#primaryimage"},"thumbnailUrl":"https:\/\/getquipu.com\/wp-content\/uploads\/2022\/03\/08142001\/pluriactividad-autonomos.png","articleSection":["Nuevos Aut\u00f3nomos"],"inLanguage":"es"},{"@type":"WebPage","@id":"https:\/\/getquipu.com\/blog\/pluriactividad-autonomos\/","url":"https:\/\/getquipu.com\/blog\/pluriactividad-autonomos\/","name":"Pluriactividad de los aut\u00f3nomos: todo lo que debes saber","isPartOf":{"@id":"https:\/\/getquipu.com\/blog\/#website"},"primaryImageOfPage":{"@id":"https:\/\/getquipu.com\/blog\/pluriactividad-autonomos\/#primaryimage"},"image":{"@id":"https:\/\/getquipu.com\/blog\/pluriactividad-autonomos\/#primaryimage"},"thumbnailUrl":"https:\/\/getquipu.com\/wp-content\/uploads\/2022\/03\/08142001\/pluriactividad-autonomos.png","datePublished":"2023-03-06T14:20:00+00:00","dateModified":"2026-01-21T09:55:25+00:00","description":"\u00bfEres trabajador por cuenta ajena y est\u00e1s pensando en darte de alta como aut\u00f3nomo? Te explicamos todo lo que tienes que saber. \u00a1Desc\u00fabrelo!","breadcrumb":{"@id":"https:\/\/getquipu.com\/blog\/pluriactividad-autonomos\/#breadcrumb"},"inLanguage":"es","potentialAction":[{"@type":"ReadAction","target":["https:\/\/getquipu.com\/blog\/pluriactividad-autonomos\/"]}]},{"@type":"ImageObject","inLanguage":"es","@id":"https:\/\/getquipu.com\/blog\/pluriactividad-autonomos\/#primaryimage","url":"https:\/\/getquipu.com\/wp-content\/uploads\/2022\/03\/08142001\/pluriactividad-autonomos.png","contentUrl":"https:\/\/getquipu.com\/wp-content\/uploads\/2022\/03\/08142001\/pluriactividad-autonomos.png","width":768,"height":295,"caption":"pluriactividad autonomos por cuenta ajena y cuenta propia"},{"@type":"BreadcrumbList","@id":"https:\/\/getquipu.com\/blog\/pluriactividad-autonomos\/#breadcrumb","itemListElement":[{"@type":"ListItem","position":1,"name":"Blog","item":"https:\/\/getquipu.com\/blog\/"},{"@type":"ListItem","position":2,"name":"Nuevos Aut\u00f3nomos","item":"https:\/\/getquipu.com\/blog\/category\/nuevos-autonomos\/"},{"@type":"ListItem","position":3,"name":"Pluriactividad de los aut\u00f3nomos: todo lo que debes saber"}]},{"@type":"WebSite","@id":"https:\/\/getquipu.com\/blog\/#website","url":"https:\/\/getquipu.com\/blog\/","name":"Aut\u00f3nomos, empresas y asesor\u00edas","description":"Informaci\u00f3n \u00fatil sobre fiscalidad y eficiencia administrativa en negocios como el tuyo.","publisher":{"@id":"https:\/\/getquipu.com\/blog\/#organization"},"potentialAction":[{"@type":"SearchAction","target":{"@type":"EntryPoint","urlTemplate":"https:\/\/getquipu.com\/blog\/?s={search_term_string}"},"query-input":{"@type":"PropertyValueSpecification","valueRequired":true,"valueName":"search_term_string"}}],"inLanguage":"es"},{"@type":"Organization","@id":"https:\/\/getquipu.com\/blog\/#organization","name":"Quipu","url":"https:\/\/getquipu.com\/blog\/","logo":{"@type":"ImageObject","inLanguage":"es","@id":"https:\/\/getquipu.com\/blog\/#\/schema\/logo\/image\/","url":"https:\/\/getquipu.com\/wp-content\/uploads\/2022\/06\/20105810\/logo-quipu.png","contentUrl":"https:\/\/getquipu.com\/wp-content\/uploads\/2022\/06\/20105810\/logo-quipu.png","width":399,"height":399,"caption":"Quipu"},"image":{"@id":"https:\/\/getquipu.com\/blog\/#\/schema\/logo\/image\/"}},{"@type":"Person","@id":"https:\/\/getquipu.com\/blog\/#\/schema\/person\/5298ffeaaaa019c45010197415c196ec","name":"Rub\u00e9n Garc\u00eda - Contasult","image":{"@type":"ImageObject","inLanguage":"es","@id":"https:\/\/getquipu.com\/blog\/#\/schema\/person\/image\/","url":"https:\/\/secure.gravatar.com\/avatar\/0d8f6768b8d079a1da3e8aad06ea63f9?s=96&d=mm&r=g","contentUrl":"https:\/\/secure.gravatar.com\/avatar\/0d8f6768b8d079a1da3e8aad06ea63f9?s=96&d=mm&r=g","caption":"Rub\u00e9n Garc\u00eda - Contasult"},"description":"Rub\u00e9n es director del departamento laboral de Contasult y especialista en RRHH. Graduado en Comercio internacional y Socio Fundador Artyco Media, S.L","url":"https:\/\/getquipu.com\/blog\/author\/rubencontasult\/"}]}},"_links":{"self":[{"href":"https:\/\/getquipu.com\/blog\/wp-json\/wp\/v2\/posts\/19380","targetHints":{"allow":["GET"]}}],"collection":[{"href":"https:\/\/getquipu.com\/blog\/wp-json\/wp\/v2\/posts"}],"about":[{"href":"https:\/\/getquipu.com\/blog\/wp-json\/wp\/v2\/types\/post"}],"author":[{"embeddable":true,"href":"https:\/\/getquipu.com\/blog\/wp-json\/wp\/v2\/users\/56"}],"replies":[{"embeddable":true,"href":"https:\/\/getquipu.com\/blog\/wp-json\/wp\/v2\/comments?post=19380"}],"version-history":[{"count":38,"href":"https:\/\/getquipu.com\/blog\/wp-json\/wp\/v2\/posts\/19380\/revisions"}],"predecessor-version":[{"id":52866,"href":"https:\/\/getquipu.com\/blog\/wp-json\/wp\/v2\/posts\/19380\/revisions\/52866"}],"wp:featuredmedia":[{"embeddable":true,"href":"https:\/\/getquipu.com\/blog\/wp-json\/wp\/v2\/media\/25986"}],"wp:attachment":[{"href":"https:\/\/getquipu.com\/blog\/wp-json\/wp\/v2\/media?parent=19380"}],"wp:term":[{"taxonomy":"category","embeddable":true,"href":"https:\/\/getquipu.com\/blog\/wp-json\/wp\/v2\/categories?post=19380"},{"taxonomy":"post_tag","embeddable":true,"href":"https:\/\/getquipu.com\/blog\/wp-json\/wp\/v2\/tags?post=19380"}],"curies":[{"name":"wp","href":"https:\/\/api.w.org\/{rel}","templated":true}]}}