{"id":19162,"date":"2022-01-17T13:00:00","date_gmt":"2022-01-17T12:00:00","guid":{"rendered":"https:\/\/getquipu.com\/blog\/?p=19162"},"modified":"2026-01-23T11:49:28","modified_gmt":"2026-01-23T10:49:28","slug":"tablas-y-tramos-irpf","status":"publish","type":"post","link":"https:\/\/getquipu.com\/blog\/tablas-y-tramos-irpf\/","title":{"rendered":"Tablas y tramos de IRPF en 2026: \u00bfcu\u00e1les son?"},"content":{"rendered":"\n<p>Con el comienzo del a\u00f1o<strong> arranca tambi\u00e9n un nuevo ejercicio fiscal<\/strong>. Dado que el per\u00edodo impositivo del Impuesto sobre la Renta de las Personas F\u00edsicas (IRPF) abarca todo el a\u00f1o natural, desde el 1 de enero hasta el 31 de diciembre de 2025, todas las rentas obtenidas en este per\u00edodo se tributar\u00e1n en la campa\u00f1a de la Renta de 2026. <\/p>\n\n\n\n<p>En todo caso, a efectos de declarar el IRPF 2025, es importante que conozcamos los tramos que se van a aplicar en este per\u00edodo. A fin de que puedas tener un poco m\u00e1s claro c\u00f3mo tendr\u00e1s que declarar los ingresos que obtengas este a\u00f1o.<\/p>\n\n\n\n<p><strong>IMPORTANTE: <\/strong>estas tablas de IRPF para el 2025 afectar\u00e1n a la renta del a\u00f1o 2025, cuya presentaci\u00f3n se realizar\u00e1 entre Abril y Junio del 2026. Para la declaraci\u00f3n de la renta del a\u00f1o 2024, la cual se presentar\u00e1 en Abril y Junio 2025, se utilizan las tablas del a\u00f1o 2024.<\/p>\n\n\n\n<p><strong>En este art\u00edculo aprender\u00e1s:<\/strong><\/p>\n\n\n\n<ul class=\"wp-block-list\">\n<li><a href=\"#que-son\">\u00bfQu\u00e9 son las tablas de IRPF?<\/a><\/li>\n\n\n\n<li><a href=\"#estatal-vs-autonomico\">Tablas de IRPF estatal vs. tablas de IRPF auton\u00f3mico<\/a><\/li>\n\n\n\n<li><a href=\"#estatales\">Tablas estatales de IRPF para 2025<\/a><\/li>\n\n\n\n<li><a href=\"#como-funcionan\">\u00bfC\u00f3mo funcionan los tramos de IRPF?<\/a><\/li>\n\n\n\n<li><a href=\"#ejemplo\">Ejemplo de aplicaci\u00f3n de los tramos de IRPF<\/a><\/li>\n<\/ul>\n\n\n\n<h2 class=\"wp-block-heading\" id=\"que-son\">\u00bfQu\u00e9 son las tablas de IRPF?<\/h2>\n\n\n\n<p>Una de las caracter\u00edsticas del IRPF es que es un <strong>impuesto progresivo<\/strong>. Es decir, que la cantidad que tenemos que pagar a Hacienda va <strong>increment\u00e1ndose a media que lo hace el importe de las rentas que grava este tributo.<\/strong><\/p>\n\n\n\n<p>En este sentido, es importante que tengas en cuenta que las cantidades van cambiando a lo largo del tiempo. De ah\u00ed la necesidad de tener siempre las tablas actualizadas.<\/p>\n\n\n\n<p>En cualquier caso, existe un m\u00ednimo exento de tributaci\u00f3n. Si las rentas que obtenemos en el ejercicio fiscal est\u00e1n por debajo de esa cantidad, no tendremos obligaci\u00f3n de presentar la declaraci\u00f3n de la Renta. Superado ese m\u00ednimo, a nuestras rentas se les va a aplicar el tramo que corresponda en funci\u00f3n de su importe.<\/p>\n\n\n\n<p>Esto te resultar\u00e1 m\u00e1s sencillo de entender con el ejemplo que veremos un poco m\u00e1s tarde.<\/p>\n\n\n\n<h2 class=\"wp-block-heading\" id=\"estatal-vs-autonomico\">Tablas de IRPF estatal vs. tablas de IRPF auton\u00f3mico<\/h2>\n\n\n\n<p>Otra de las particularidades el IRPF es que es un <strong>impuesto cedido al 50% a las comunidades aut\u00f3nomas<\/strong>. Estas no solo reciben una parte de la recaudaci\u00f3n, sino que tienen competencias legislativas con respecto al impuesto. Lo que les permite establecer algunas deducciones, y tambi\u00e9n regular el tipo de gravamen aplicado a las rentas obtenidas por quienes residen en su territorio.<\/p>\n\n\n\n<p>En la liquidaci\u00f3n del IRPF, <strong>tanto la <\/strong><a href=\"https:\/\/getquipu.com\/blog\/calculadora-de-base-imponible\/\"><strong>base liquidable<\/strong><\/a><strong> general como la base liquidable del ahorro se someten a grav\u00e1menes estatales y auton\u00f3micos<\/strong>. Esto da lugar a una cuota \u00edntegra estatal y a una cuota \u00edntegra auton\u00f3mica, y a las correspondientes cuotas l\u00edquidas estatal y auton\u00f3mica, que son las que determinan si la declaraci\u00f3n de la Renta sale a pagar o a devolver.<\/p>\n\n\n\n<p>En definitiva, para calcular nuestro IRPF, tenemos que <strong>aplicar tanto la tabla estatal como la tabla que corresponde a la autonom\u00eda en la que residimos.<\/strong><\/p>\n\n\n\n<h2 class=\"wp-block-heading\"><strong>Diferencia entre Salario Bruto y Salario Neto<\/strong><\/h2>\n\n\n\n<p>Es fundamental distinguir entre estos dos conceptos. El <strong>salario bruto<\/strong> es la cantidad total que la empresa paga al trabajador antes de aplicar cualquier descuento o retenci\u00f3n. Por el contrario, el <strong>salario neto<\/strong> es el importe real (l\u00edquido) que el empleado recibe en su cuenta bancaria.<\/p>\n\n\n\n<p>Las tablas de IRPF se aplican progresivamente sobre la base imponible (derivada del salario bruto), determinando as\u00ed la retenci\u00f3n que reduce el importe final a percibir.<\/p>\n\n\n\n<h2 class=\"wp-block-heading\"><strong>Retenciones del IRPF en la n\u00f3mina<\/strong><\/h2>\n\n\n\n<p>Aunque la declaraci\u00f3n de la Renta es el ajuste final con Hacienda, el pago del impuesto se adelanta mes a mes a trav\u00e9s de las <strong>retenciones en n\u00f3mina<\/strong>. Estas retenciones son un anticipo obligatorio que la empresa ingresa en nombre del trabajador a cuenta de su futura declaraci\u00f3n.<\/p>\n\n\n\n<p>El porcentaje de retenci\u00f3n debe ajustarse a la situaci\u00f3n personal y familiar del empleado, datos que se comunican a la empresa mediante el <a href=\"https:\/\/getquipu.com\/blog\/modelo-145-irpf-rendimientos-del-trabajo\/\">Modelo 145<\/a>. Si las retenciones se han calculado correctamente, el resultado de la declaraci\u00f3n anual ser\u00e1 neutro o con variaciones m\u00ednimas.<\/p>\n\n\n\n<h2 class=\"wp-block-heading\" id=\"estatales\">Tablas estatales de IRPF para 2026<\/h2>\n\n\n\n<p>Los tramos estatales se regulan a trav\u00e9s de la <strong>Ley de Presupuestos Generales del Estado<\/strong>. Para el presente ejercicio, estos son los tramos y tipos impositivos que se encuentran confirmados y en vigor para 2026:<\/p>\n\n\n\n<figure class=\"wp-block-table\"><table><tbody><tr><td class=\"has-text-align-center\" data-align=\"center\"><strong>Tramos IRPF<\/strong><\/td><td class=\"has-text-align-center\" data-align=\"center\"><strong>Tipo estatal<\/strong><\/td><\/tr><tr><td class=\"has-text-align-center\" data-align=\"center\">De 0 a 12.450 \u20ac<\/td><td class=\"has-text-align-center\" data-align=\"center\">9,5%<\/td><\/tr><tr><td class=\"has-text-align-center\" data-align=\"center\">Desde 12.450 \u20ac a 20.200 \u20ac<\/td><td class=\"has-text-align-center\" data-align=\"center\">12%<\/td><\/tr><tr><td class=\"has-text-align-center\" data-align=\"center\">Desde 20.200 \u20ac a 35.200 \u20ac<\/td><td class=\"has-text-align-center\" data-align=\"center\">15%<\/td><\/tr><tr><td class=\"has-text-align-center\" data-align=\"center\">Desde 35.200 \u20ac a 60.000 \u20ac<\/td><td class=\"has-text-align-center\" data-align=\"center\">18,5%<\/td><\/tr><tr><td class=\"has-text-align-center\" data-align=\"center\">Desde 60.000 a 300.000 \u20ac<\/td><td class=\"has-text-align-center\" data-align=\"center\">22,5%<\/td><\/tr><tr><td class=\"has-text-align-center\" data-align=\"center\">M\u00e1s de 300.000 \u20ac<\/td><td class=\"has-text-align-center\" data-align=\"center\">24,5%<\/td><\/tr><\/tbody><\/table><\/figure>\n\n\n\n<p>A los tramos estatales tenemos que sumarles los auton\u00f3micos, esto da lugar a un<strong>gravamen total<\/strong> que se reparte en los siguientes tramos:<\/p>\n\n\n\n<figure class=\"wp-block-table\"><table class=\"has-fixed-layout\"><thead><tr><th>Tramos IRPF<\/th><th>Tipo total<\/th><\/tr><\/thead><tbody><tr><td>De 0 a 12.450 \u20ac<\/td><td>19%<\/td><\/tr><tr><td>Desde 12.450 \u20ac a 20.200 \u20ac<\/td><td>24%<\/td><\/tr><tr><td>Desde 20.200 \u20ac a 35.200 \u20ac<\/td><td>30%<\/td><\/tr><tr><td>Desde 35.200 \u20ac a 60.000 \u20ac<\/td><td>37%<\/td><\/tr><tr><td>Desde 60.000 \u20ac a 300.000 \u20ac<\/td><td>45%<\/td><\/tr><tr><td>M\u00e1s de 300.000 \u20ac<\/td><td>47%<\/td><\/tr><\/tbody><\/table><\/figure>\n\n\n\n<h2 class=\"wp-block-heading\" id=\"como-funcionan\"><strong>\u00bfC\u00f3mo funcionan los tramos de IRPF?<\/strong><\/h2>\n\n\n\n<p>El hecho de que el impuesto sea progresivo quiere decir que nos vamos a ir <strong>\u201cdesplazando\u201d de tramo en tramo a media que nuestras rentas crecen<\/strong>. Cuanto menores son los ingresos, menos porcentaje se lleva al Estado. Por el contrario, cuanto m\u00e1s ganamos, m\u00e1s parte de nuestras ganancias quedan gravadas por este impuesto.<\/p>\n\n\n\n<p>Por ejemplo, si un contribuyente ha generado 37.000\u20ac de rentas de trabajo <strong>no quiere decir que se le vaya a aplicar el 37% de IRPF<\/strong>, sino que se ir\u00e1 aplicando el % correspondiente de forma progresiva y por tramos.<\/p>\n\n\n\n<p>Aunque en principio parece un poco complejo, vamos a verlo de forma m\u00e1s sencilla con un ejemplo pr\u00e1ctico.<\/p>\n\n\n\n<h2 class=\"wp-block-heading\" id=\"ejemplo\">Ejemplo de aplicaci\u00f3n de los tramos de IRPF<\/h2>\n\n\n\n<p>Ana es abogada y trabaja como asalariada en un despacho de abogados. Por el ejercicio de su actividad, durante 2025 obtuvo unos ingresos de 65.000 \u20ac. Como el IRPF es progresivo, el c\u00e1lculo de lo que tiene que pagar por este impuesto se calcula as\u00ed:<\/p>\n\n\n\n<figure class=\"wp-block-table\"><table class=\"has-fixed-layout\"><thead><tr><th>Tramos de IRPF<\/th><th>Explicaci\u00f3n<\/th><th>Total de IRPF<\/th><\/tr><\/thead><tbody><tr><td>Primer tramo de IRPF<\/td><td>19% de 12.450 \u20ac<\/td><td>2.365,50 \u20ac<\/td><\/tr><tr><td>Segundo tramo de IRPF<\/td><td>24% de 7.750 \u20ac (diferencia entre 12.450 \u20ac y 20.200 \u20ac)<\/td><td>1.860,00 \u20ac<\/td><\/tr><tr><td>Tercer tramo de IRPF<\/td><td>30% de 15.000 \u20ac (diferencia entre 20.200 \u20ac y 35.200 \u20ac)<\/td><td>4.500,00 \u20ac<\/td><\/tr><tr><td>Cuarto tramo de IRPF<\/td><td>37% de 24.800 \u20ac (diferencia entre 35.200 \u20ac y 60.000 \u20ac)<\/td><td>9.176,00 \u20ac<\/td><\/tr><tr><td>Quinto tramo de IRPF<\/td><td>45% de 5.000 \u20ac (parte del tramo entre 60.000 \u20ac y 300.000 \u20ac efectivamente cobrada)<\/td><td>2.250,00 \u20ac<\/td><\/tr><\/tbody><\/table><\/figure>\n\n\n\n<p>Esto quiere decir que Ana tendr\u00e1 una <strong>base fiscal de 20.151,5\u20ac<\/strong>. En ning\u00fan caso tiene que pagar el 45% de los 65.000 \u20ac que ha ganado. Y esta es la diferencia entre que un impuesto sea progresivo o no lo sea.<\/p>\n\n\n\n<p>En \u00faltima instancia, para conocer cu\u00e1l es la cuant\u00eda de IRPF 2025 que nos corresponde abonar, tambi\u00e9n debemos tener en cuenta las deducciones y reducciones a las que tenemos derecho como contribuyentes. Tan importante es aplicar bien los tramos como aplicar las medidas que nos permiten un ahorro fiscal.<\/p>\n","protected":false},"excerpt":{"rendered":"<p>Con el comienzo del a\u00f1o arranca tambi\u00e9n un nuevo ejercicio fiscal. Dado que el per\u00edodo impositivo del Impuesto sobre la Renta de las Personas F\u00edsicas (IRPF) abarca todo el a\u00f1o<\/p>\n","protected":false},"author":3,"featured_media":24968,"comment_status":"closed","ping_status":"open","sticky":false,"template":"","format":"standard","meta":{"footnotes":""},"categories":[467],"tags":[],"class_list":["post-19162","post","type-post","status-publish","format-standard","has-post-thumbnail","hentry","category-irpf","generate-columns","tablet-grid-50","mobile-grid-100","grid-parent","grid-50","resize-featured-image"],"yoast_head":"<!-- This site is optimized with the Yoast SEO plugin v23.9 - https:\/\/yoast.com\/wordpress\/plugins\/seo\/ -->\n<title>Tablas y tramos de IRPF en 2026: \u00bfcu\u00e1les son? [Actualizado]<\/title>\n<meta name=\"description\" content=\"\u00bfNo sabes cu\u00e1les son las tablas de IRPF del 2026? En el siguiente art\u00edculo te explicamos las trabas de IRPF para el 2026. \u00a1Desc\u00fabrelo!\" \/>\n<meta name=\"robots\" content=\"index, follow, max-snippet:-1, max-image-preview:large, max-video-preview:-1\" \/>\n<link rel=\"canonical\" href=\"https:\/\/getquipu.com\/blog\/tablas-y-tramos-irpf\/\" \/>\n<meta property=\"og:locale\" content=\"es_ES\" \/>\n<meta property=\"og:type\" content=\"article\" \/>\n<meta property=\"og:title\" content=\"Tablas y tramos de IRPF en 2026: \u00bfcu\u00e1les son? [Actualizado]\" \/>\n<meta property=\"og:description\" content=\"\u00bfNo sabes cu\u00e1les son las tablas de IRPF del 2026? En el siguiente art\u00edculo te explicamos las trabas de IRPF para el 2026. \u00a1Desc\u00fabrelo!\" \/>\n<meta property=\"og:url\" content=\"https:\/\/getquipu.com\/blog\/tablas-y-tramos-irpf\/\" \/>\n<meta property=\"og:site_name\" content=\"Aut\u00f3nomos, empresas y asesor\u00edas\" \/>\n<meta property=\"article:published_time\" content=\"2022-01-17T12:00:00+00:00\" \/>\n<meta property=\"article:modified_time\" content=\"2026-01-23T10:49:28+00:00\" \/>\n<meta property=\"og:image\" content=\"https:\/\/getquipu.com\/wp-content\/uploads\/2022\/01\/02150324\/tramos-tablas-irpf-2022-portada1.png\" \/>\n\t<meta property=\"og:image:width\" content=\"768\" \/>\n\t<meta property=\"og:image:height\" content=\"295\" \/>\n\t<meta property=\"og:image:type\" content=\"image\/png\" \/>\n<meta name=\"author\" content=\"Roger Doba\u00f1o - CEO Quipu\" \/>\n<meta name=\"twitter:card\" content=\"summary_large_image\" \/>\n<meta name=\"twitter:creator\" content=\"@rogerdobano\" \/>\n<meta name=\"twitter:label1\" content=\"Escrito por\" \/>\n\t<meta name=\"twitter:data1\" content=\"Roger Doba\u00f1o - CEO Quipu\" \/>\n\t<meta name=\"twitter:label2\" content=\"Tiempo de lectura\" \/>\n\t<meta name=\"twitter:data2\" content=\"6 minutos\" \/>\n<script type=\"application\/ld+json\" class=\"yoast-schema-graph\">{\"@context\":\"https:\/\/schema.org\",\"@graph\":[{\"@type\":\"Article\",\"@id\":\"https:\/\/getquipu.com\/blog\/tablas-y-tramos-irpf\/#article\",\"isPartOf\":{\"@id\":\"https:\/\/getquipu.com\/blog\/tablas-y-tramos-irpf\/\"},\"author\":{\"name\":\"Roger Doba\u00f1o - CEO Quipu\",\"@id\":\"https:\/\/getquipu.com\/blog\/#\/schema\/person\/373ccc5d513d88aea29fc8135422fa2e\"},\"headline\":\"Tablas y tramos de IRPF en 2026: \u00bfcu\u00e1les son?\",\"datePublished\":\"2022-01-17T12:00:00+00:00\",\"dateModified\":\"2026-01-23T10:49:28+00:00\",\"mainEntityOfPage\":{\"@id\":\"https:\/\/getquipu.com\/blog\/tablas-y-tramos-irpf\/\"},\"wordCount\":1131,\"publisher\":{\"@id\":\"https:\/\/getquipu.com\/blog\/#organization\"},\"image\":{\"@id\":\"https:\/\/getquipu.com\/blog\/tablas-y-tramos-irpf\/#primaryimage\"},\"thumbnailUrl\":\"https:\/\/getquipu.com\/wp-content\/uploads\/2022\/01\/02150324\/tramos-tablas-irpf-2022-portada1.png\",\"articleSection\":[\"IRPF\"],\"inLanguage\":\"es\"},{\"@type\":\"WebPage\",\"@id\":\"https:\/\/getquipu.com\/blog\/tablas-y-tramos-irpf\/\",\"url\":\"https:\/\/getquipu.com\/blog\/tablas-y-tramos-irpf\/\",\"name\":\"Tablas y tramos de IRPF en 2026: \u00bfcu\u00e1les son? [Actualizado]\",\"isPartOf\":{\"@id\":\"https:\/\/getquipu.com\/blog\/#website\"},\"primaryImageOfPage\":{\"@id\":\"https:\/\/getquipu.com\/blog\/tablas-y-tramos-irpf\/#primaryimage\"},\"image\":{\"@id\":\"https:\/\/getquipu.com\/blog\/tablas-y-tramos-irpf\/#primaryimage\"},\"thumbnailUrl\":\"https:\/\/getquipu.com\/wp-content\/uploads\/2022\/01\/02150324\/tramos-tablas-irpf-2022-portada1.png\",\"datePublished\":\"2022-01-17T12:00:00+00:00\",\"dateModified\":\"2026-01-23T10:49:28+00:00\",\"description\":\"\u00bfNo sabes cu\u00e1les son las tablas de IRPF del 2026? En el siguiente art\u00edculo te explicamos las trabas de IRPF para el 2026. \u00a1Desc\u00fabrelo!\",\"breadcrumb\":{\"@id\":\"https:\/\/getquipu.com\/blog\/tablas-y-tramos-irpf\/#breadcrumb\"},\"inLanguage\":\"es\",\"potentialAction\":[{\"@type\":\"ReadAction\",\"target\":[\"https:\/\/getquipu.com\/blog\/tablas-y-tramos-irpf\/\"]}]},{\"@type\":\"ImageObject\",\"inLanguage\":\"es\",\"@id\":\"https:\/\/getquipu.com\/blog\/tablas-y-tramos-irpf\/#primaryimage\",\"url\":\"https:\/\/getquipu.com\/wp-content\/uploads\/2022\/01\/02150324\/tramos-tablas-irpf-2022-portada1.png\",\"contentUrl\":\"https:\/\/getquipu.com\/wp-content\/uploads\/2022\/01\/02150324\/tramos-tablas-irpf-2022-portada1.png\",\"width\":768,\"height\":295,\"caption\":\"tablas y tramos del Irpf\"},{\"@type\":\"BreadcrumbList\",\"@id\":\"https:\/\/getquipu.com\/blog\/tablas-y-tramos-irpf\/#breadcrumb\",\"itemListElement\":[{\"@type\":\"ListItem\",\"position\":1,\"name\":\"Blog\",\"item\":\"https:\/\/getquipu.com\/blog\/\"},{\"@type\":\"ListItem\",\"position\":2,\"name\":\"IRPF\",\"item\":\"https:\/\/getquipu.com\/blog\/category\/irpf\/\"},{\"@type\":\"ListItem\",\"position\":3,\"name\":\"Tablas y tramos de IRPF en 2026: \u00bfcu\u00e1les son?\"}]},{\"@type\":\"WebSite\",\"@id\":\"https:\/\/getquipu.com\/blog\/#website\",\"url\":\"https:\/\/getquipu.com\/blog\/\",\"name\":\"Aut\u00f3nomos, empresas y asesor\u00edas\",\"description\":\"Informaci\u00f3n \u00fatil sobre fiscalidad y eficiencia administrativa en negocios como el tuyo.\",\"publisher\":{\"@id\":\"https:\/\/getquipu.com\/blog\/#organization\"},\"potentialAction\":[{\"@type\":\"SearchAction\",\"target\":{\"@type\":\"EntryPoint\",\"urlTemplate\":\"https:\/\/getquipu.com\/blog\/?s={search_term_string}\"},\"query-input\":{\"@type\":\"PropertyValueSpecification\",\"valueRequired\":true,\"valueName\":\"search_term_string\"}}],\"inLanguage\":\"es\"},{\"@type\":\"Organization\",\"@id\":\"https:\/\/getquipu.com\/blog\/#organization\",\"name\":\"Quipu\",\"url\":\"https:\/\/getquipu.com\/blog\/\",\"logo\":{\"@type\":\"ImageObject\",\"inLanguage\":\"es\",\"@id\":\"https:\/\/getquipu.com\/blog\/#\/schema\/logo\/image\/\",\"url\":\"https:\/\/getquipu.com\/wp-content\/uploads\/2022\/06\/20105810\/logo-quipu.png\",\"contentUrl\":\"https:\/\/getquipu.com\/wp-content\/uploads\/2022\/06\/20105810\/logo-quipu.png\",\"width\":399,\"height\":399,\"caption\":\"Quipu\"},\"image\":{\"@id\":\"https:\/\/getquipu.com\/blog\/#\/schema\/logo\/image\/\"}},{\"@type\":\"Person\",\"@id\":\"https:\/\/getquipu.com\/blog\/#\/schema\/person\/373ccc5d513d88aea29fc8135422fa2e\",\"name\":\"Roger Doba\u00f1o - CEO Quipu\",\"image\":{\"@type\":\"ImageObject\",\"inLanguage\":\"es\",\"@id\":\"https:\/\/getquipu.com\/blog\/#\/schema\/person\/image\/\",\"url\":\"https:\/\/secure.gravatar.com\/avatar\/34af94bfd8e5677657b0a2d961dc4974?s=96&d=mm&r=g\",\"contentUrl\":\"https:\/\/secure.gravatar.com\/avatar\/34af94bfd8e5677657b0a2d961dc4974?s=96&d=mm&r=g\",\"caption\":\"Roger Doba\u00f1o - CEO Quipu\"},\"description\":\"Roger es CEO y Fundador de Quipu, un software en la nube que lleva +10 a\u00f1os ayudando a aut\u00f3nomos, pymes y asesor\u00edas a digitalizar su operativa precontable. A ra\u00edz de una mala experiencia como aut\u00f3nomo, Roger se propuso crear un programa que acompa\u00f1ara a los empresarios a lidiar con la administraci\u00f3n.\",\"sameAs\":[\"https:\/\/getquipu.com\",\"https:\/\/www.linkedin.com\/in\/rogerdobano\/\",\"https:\/\/x.com\/@rogerdobano\"],\"url\":\"https:\/\/getquipu.com\/blog\/author\/roger\/\"}]}<\/script>\n<!-- \/ Yoast SEO plugin. -->","yoast_head_json":{"title":"Tablas y tramos de IRPF en 2026: \u00bfcu\u00e1les son? [Actualizado]","description":"\u00bfNo sabes cu\u00e1les son las tablas de IRPF del 2026? En el siguiente art\u00edculo te explicamos las trabas de IRPF para el 2026. \u00a1Desc\u00fabrelo!","robots":{"index":"index","follow":"follow","max-snippet":"max-snippet:-1","max-image-preview":"max-image-preview:large","max-video-preview":"max-video-preview:-1"},"canonical":"https:\/\/getquipu.com\/blog\/tablas-y-tramos-irpf\/","og_locale":"es_ES","og_type":"article","og_title":"Tablas y tramos de IRPF en 2026: \u00bfcu\u00e1les son? [Actualizado]","og_description":"\u00bfNo sabes cu\u00e1les son las tablas de IRPF del 2026? En el siguiente art\u00edculo te explicamos las trabas de IRPF para el 2026. \u00a1Desc\u00fabrelo!","og_url":"https:\/\/getquipu.com\/blog\/tablas-y-tramos-irpf\/","og_site_name":"Aut\u00f3nomos, empresas y asesor\u00edas","article_published_time":"2022-01-17T12:00:00+00:00","article_modified_time":"2026-01-23T10:49:28+00:00","og_image":[{"width":768,"height":295,"url":"https:\/\/getquipu.com\/wp-content\/uploads\/2022\/01\/02150324\/tramos-tablas-irpf-2022-portada1.png","type":"image\/png"}],"author":"Roger Doba\u00f1o - CEO Quipu","twitter_card":"summary_large_image","twitter_creator":"@rogerdobano","twitter_misc":{"Escrito por":"Roger Doba\u00f1o - CEO Quipu","Tiempo de lectura":"6 minutos"},"schema":{"@context":"https:\/\/schema.org","@graph":[{"@type":"Article","@id":"https:\/\/getquipu.com\/blog\/tablas-y-tramos-irpf\/#article","isPartOf":{"@id":"https:\/\/getquipu.com\/blog\/tablas-y-tramos-irpf\/"},"author":{"name":"Roger Doba\u00f1o - CEO Quipu","@id":"https:\/\/getquipu.com\/blog\/#\/schema\/person\/373ccc5d513d88aea29fc8135422fa2e"},"headline":"Tablas y tramos de IRPF en 2026: \u00bfcu\u00e1les son?","datePublished":"2022-01-17T12:00:00+00:00","dateModified":"2026-01-23T10:49:28+00:00","mainEntityOfPage":{"@id":"https:\/\/getquipu.com\/blog\/tablas-y-tramos-irpf\/"},"wordCount":1131,"publisher":{"@id":"https:\/\/getquipu.com\/blog\/#organization"},"image":{"@id":"https:\/\/getquipu.com\/blog\/tablas-y-tramos-irpf\/#primaryimage"},"thumbnailUrl":"https:\/\/getquipu.com\/wp-content\/uploads\/2022\/01\/02150324\/tramos-tablas-irpf-2022-portada1.png","articleSection":["IRPF"],"inLanguage":"es"},{"@type":"WebPage","@id":"https:\/\/getquipu.com\/blog\/tablas-y-tramos-irpf\/","url":"https:\/\/getquipu.com\/blog\/tablas-y-tramos-irpf\/","name":"Tablas y tramos de IRPF en 2026: \u00bfcu\u00e1les son? [Actualizado]","isPartOf":{"@id":"https:\/\/getquipu.com\/blog\/#website"},"primaryImageOfPage":{"@id":"https:\/\/getquipu.com\/blog\/tablas-y-tramos-irpf\/#primaryimage"},"image":{"@id":"https:\/\/getquipu.com\/blog\/tablas-y-tramos-irpf\/#primaryimage"},"thumbnailUrl":"https:\/\/getquipu.com\/wp-content\/uploads\/2022\/01\/02150324\/tramos-tablas-irpf-2022-portada1.png","datePublished":"2022-01-17T12:00:00+00:00","dateModified":"2026-01-23T10:49:28+00:00","description":"\u00bfNo sabes cu\u00e1les son las tablas de IRPF del 2026? En el siguiente art\u00edculo te explicamos las trabas de IRPF para el 2026. \u00a1Desc\u00fabrelo!","breadcrumb":{"@id":"https:\/\/getquipu.com\/blog\/tablas-y-tramos-irpf\/#breadcrumb"},"inLanguage":"es","potentialAction":[{"@type":"ReadAction","target":["https:\/\/getquipu.com\/blog\/tablas-y-tramos-irpf\/"]}]},{"@type":"ImageObject","inLanguage":"es","@id":"https:\/\/getquipu.com\/blog\/tablas-y-tramos-irpf\/#primaryimage","url":"https:\/\/getquipu.com\/wp-content\/uploads\/2022\/01\/02150324\/tramos-tablas-irpf-2022-portada1.png","contentUrl":"https:\/\/getquipu.com\/wp-content\/uploads\/2022\/01\/02150324\/tramos-tablas-irpf-2022-portada1.png","width":768,"height":295,"caption":"tablas y tramos del Irpf"},{"@type":"BreadcrumbList","@id":"https:\/\/getquipu.com\/blog\/tablas-y-tramos-irpf\/#breadcrumb","itemListElement":[{"@type":"ListItem","position":1,"name":"Blog","item":"https:\/\/getquipu.com\/blog\/"},{"@type":"ListItem","position":2,"name":"IRPF","item":"https:\/\/getquipu.com\/blog\/category\/irpf\/"},{"@type":"ListItem","position":3,"name":"Tablas y tramos de IRPF en 2026: \u00bfcu\u00e1les son?"}]},{"@type":"WebSite","@id":"https:\/\/getquipu.com\/blog\/#website","url":"https:\/\/getquipu.com\/blog\/","name":"Aut\u00f3nomos, empresas y asesor\u00edas","description":"Informaci\u00f3n \u00fatil sobre fiscalidad y eficiencia administrativa en negocios como el tuyo.","publisher":{"@id":"https:\/\/getquipu.com\/blog\/#organization"},"potentialAction":[{"@type":"SearchAction","target":{"@type":"EntryPoint","urlTemplate":"https:\/\/getquipu.com\/blog\/?s={search_term_string}"},"query-input":{"@type":"PropertyValueSpecification","valueRequired":true,"valueName":"search_term_string"}}],"inLanguage":"es"},{"@type":"Organization","@id":"https:\/\/getquipu.com\/blog\/#organization","name":"Quipu","url":"https:\/\/getquipu.com\/blog\/","logo":{"@type":"ImageObject","inLanguage":"es","@id":"https:\/\/getquipu.com\/blog\/#\/schema\/logo\/image\/","url":"https:\/\/getquipu.com\/wp-content\/uploads\/2022\/06\/20105810\/logo-quipu.png","contentUrl":"https:\/\/getquipu.com\/wp-content\/uploads\/2022\/06\/20105810\/logo-quipu.png","width":399,"height":399,"caption":"Quipu"},"image":{"@id":"https:\/\/getquipu.com\/blog\/#\/schema\/logo\/image\/"}},{"@type":"Person","@id":"https:\/\/getquipu.com\/blog\/#\/schema\/person\/373ccc5d513d88aea29fc8135422fa2e","name":"Roger Doba\u00f1o - CEO Quipu","image":{"@type":"ImageObject","inLanguage":"es","@id":"https:\/\/getquipu.com\/blog\/#\/schema\/person\/image\/","url":"https:\/\/secure.gravatar.com\/avatar\/34af94bfd8e5677657b0a2d961dc4974?s=96&d=mm&r=g","contentUrl":"https:\/\/secure.gravatar.com\/avatar\/34af94bfd8e5677657b0a2d961dc4974?s=96&d=mm&r=g","caption":"Roger Doba\u00f1o - CEO Quipu"},"description":"Roger es CEO y Fundador de Quipu, un software en la nube que lleva +10 a\u00f1os ayudando a aut\u00f3nomos, pymes y asesor\u00edas a digitalizar su operativa precontable. A ra\u00edz de una mala experiencia como aut\u00f3nomo, Roger se propuso crear un programa que acompa\u00f1ara a los empresarios a lidiar con la administraci\u00f3n.","sameAs":["https:\/\/getquipu.com","https:\/\/www.linkedin.com\/in\/rogerdobano\/","https:\/\/x.com\/@rogerdobano"],"url":"https:\/\/getquipu.com\/blog\/author\/roger\/"}]}},"_links":{"self":[{"href":"https:\/\/getquipu.com\/blog\/wp-json\/wp\/v2\/posts\/19162","targetHints":{"allow":["GET"]}}],"collection":[{"href":"https:\/\/getquipu.com\/blog\/wp-json\/wp\/v2\/posts"}],"about":[{"href":"https:\/\/getquipu.com\/blog\/wp-json\/wp\/v2\/types\/post"}],"author":[{"embeddable":true,"href":"https:\/\/getquipu.com\/blog\/wp-json\/wp\/v2\/users\/3"}],"replies":[{"embeddable":true,"href":"https:\/\/getquipu.com\/blog\/wp-json\/wp\/v2\/comments?post=19162"}],"version-history":[{"count":48,"href":"https:\/\/getquipu.com\/blog\/wp-json\/wp\/v2\/posts\/19162\/revisions"}],"predecessor-version":[{"id":52885,"href":"https:\/\/getquipu.com\/blog\/wp-json\/wp\/v2\/posts\/19162\/revisions\/52885"}],"wp:featuredmedia":[{"embeddable":true,"href":"https:\/\/getquipu.com\/blog\/wp-json\/wp\/v2\/media\/24968"}],"wp:attachment":[{"href":"https:\/\/getquipu.com\/blog\/wp-json\/wp\/v2\/media?parent=19162"}],"wp:term":[{"taxonomy":"category","embeddable":true,"href":"https:\/\/getquipu.com\/blog\/wp-json\/wp\/v2\/categories?post=19162"},{"taxonomy":"post_tag","embeddable":true,"href":"https:\/\/getquipu.com\/blog\/wp-json\/wp\/v2\/tags?post=19162"}],"curies":[{"name":"wp","href":"https:\/\/api.w.org\/{rel}","templated":true}]}}