{"id":16603,"date":"2021-04-15T12:33:22","date_gmt":"2021-04-15T10:33:22","guid":{"rendered":"https:\/\/getquipu.com\/blog\/?p=16603"},"modified":"2024-12-18T19:16:17","modified_gmt":"2024-12-18T18:16:17","slug":"como-jubilarse-y-facturar-como-autonomo","status":"publish","type":"post","link":"https:\/\/getquipu.com\/blog\/como-jubilarse-y-facturar-como-autonomo\/","title":{"rendered":"\u00bfC\u00f3mo jubilarse y seguir facturando como aut\u00f3nomo en 2025?"},"content":{"rendered":"\n<p>La Seguridad Social proh\u00edbe, por norma general, a los aut\u00f3nomos y empleados trabajar mientras est\u00e1n jubilados. De hecho, una de las causas de extinci\u00f3n de la pensi\u00f3n es darse de alta en cualquie r\u00e9gimen para tener otra fuente de ingresos.<\/p>\n\n\n\n<p>Sin embargo, desde 2013,<strong> se introdujo una excepci\u00f3n a esta norma <\/strong>espec\u00edficamente para los aut\u00f3nomos. Desde aquel momento los trabajadores por cuenta propia pueden seguir cobrando una pensi\u00f3n mientras facturan con un negocio a trav\u00e9s de la modalidad de jubilaci\u00f3n activa. <\/p>\n\n\n\n<p>Si todav\u00eda no sabes <strong>qu\u00e9 es la jubilaci\u00f3n activa<\/strong>, c\u00f3mo puede facturar un aut\u00f3nomo mientras est\u00e1 jubilado y que requisitos debe cumplir, sigue leyendo. <\/p>\n\n\n\n<p><strong>En este art\u00edculo aprender\u00e1s: <\/strong><\/p>\n\n\n\n<ul class=\"wp-block-list\">\n<li><a href=\"#autonomos-trabajar-jubilados\">\u00bfPueden los aut\u00f3nomos trabajar si est\u00e1n jubilados?<\/a><\/li>\n\n\n\n<li><a href=\"#requisitos-facturar-jubilacion\">Requisitos para jubilarse y seguir facturando como aut\u00f3nomo<\/a><\/li>\n\n\n\n<li><a href=\"#jubilacion-activa-autonomos\">Jubilaci\u00f3n activa para compatibilizar negocio y pensi\u00f3n   <\/a>                                                                <\/li>\n\n\n\n<li><a href=\"#compatibilizar-trabajo-pension\">Otras f\u00f3rmulas para compatibilizar trabajo y pensi\u00f3n<\/a><\/li>\n\n\n\n<li><a href=\"#solicitar-compatibilidad-pension\">\u00bfC\u00f3mo solicitar la compatibilidad entre negocio y pensi\u00f3n?<\/a><\/li>\n\n\n\n<li><a href=\"#novedades-jubilacion-activa\">Posibles novedades para los aut\u00f3nomos en jubilaci\u00f3n activa<\/a><\/li>\n<\/ul>\n\n\n\n<h2 class=\"wp-block-heading\" id=\"autonomos-trabajar-jubilados\">\u00bfPueden los aut\u00f3nomos trabajar si est\u00e1n jubilados?<\/h2>\n\n\n\n<p>En principio, la Seguridad Social proh\u00edbe a los jubilados darse de alta en cualquier r\u00e9gimen de la Seguridad Social, ya sea en el general o en el de aut\u00f3nomos. De hecho, cotizar como trabajador por cuenta propia o ajena ser\u00eda uno de los principales motivos para retirar la pensi\u00f3n.<\/p>\n\n\n\n<p>No obstante, en la \u00faltima d\u00e9cada, distintas normas han venido regulando el conocido <strong>\u00ab<em>envejecimiento activo<\/em>\u00ab<\/strong>, una serie de medidas encaminadas a fomentar que las personas que alcanzan la edad legal de jubilaci\u00f3n <strong>puedan seguir trabajand<\/strong>o, ya sea a trav\u00e9s de un contrato o teniendo su propio negocio.<\/p>\n\n\n\n<p>A d\u00eda de hoy los aut\u00f3nomos tienen distintas posibilidades para seguir trabajando y teniendo una fuente de ingresos mientras est\u00e1n jubilados y cobran su pensi\u00f3n. Algunas de estas modalidades de jubilaci\u00f3n que se han ido creando van destinadas al trabajo por cuenta ajena, a trav\u00e9s de un contrato, pero otras van <strong>dirigidas directamente a los trabajadores por cuenta propia<\/strong>.<\/p>\n\n\n\n<h2 class=\"wp-block-heading\" id=\"requisitos-facturar-jubilacion\">Requisitos para jubilarse y seguir facturando como aut\u00f3nomo<\/h2>\n\n\n\n<p>Los aut\u00f3nomos que quieran jubilarse y, a la vez, seguir facturando con su negocio tienen que cumplir <strong>algunos requisitos b\u00e1sicos<\/strong>. La mayor\u00eda de ellos coinciden con las condiciones que se exigen para jubilarse o para trabajar como aut\u00f3nomo.<\/p>\n\n\n\n<ul class=\"wp-block-list\">\n<li>Estar de<strong> alta <\/strong>en el R\u00e9gimen Especial de Trabajadores Aut\u00f3nomos (RETA)<\/li>\n\n\n\n<li>Pagar una<strong> cuota de solidaridad <\/strong>(entorno al 11,89% de la base de cotizaci\u00f3n que corresponda)<\/li>\n\n\n\n<li><strong>Ser aut\u00f3nomo persona f\u00edsica<\/strong> y tener al menos un empleado a cargo si se quiere cobrar el 100%. Los aut\u00f3nomos societarios s\u00f3lo tienen derecho a cobrar un 50% de su pensi\u00f3n en esta modalidad.<\/li>\n\n\n\n<li>Haber alcanzado la&nbsp;<strong>edad de jubilaci\u00f3n,<\/strong>&nbsp;que en 2025 es de 65 a\u00f1os si se han cotizado m\u00e1s de 38 a\u00f1os y 3 meses o de 66 a\u00f1os y ocho meses si se ha cotizado menos.<\/li>\n\n\n\n<li>Tener<strong> cotizados todos los a\u00f1os necesarios para cobrar el 100% <\/strong>de la pensi\u00f3n. En 2023 son 36 a\u00f1os.<\/li>\n\n\n\n<li>No haber solicitado la jubilaci\u00f3n anticipada.&nbsp;<\/li>\n<\/ul>\n\n\n\n<h2 class=\"wp-block-heading\" id=\"jubilacion-activa-autonomos\">Jubilaci\u00f3n activa para compatibilizar negocio y pensi\u00f3n<\/h2>\n\n\n\n<p>La <a href=\"https:\/\/getquipu.com\/blog\/jubilacion-activa-de-los-autonomos\/\">jubilaci\u00f3n activa<\/a> es la modalidad espec\u00edficamente destinada para que un <strong>aut\u00f3nomo <\/strong>que alcanza la edad legal de jubilaci\u00f3n pueda <strong>cobrar la pensi\u00f3n<\/strong> que le corresponde<strong> sin tener que dejar su negocio.<\/strong><\/p>\n\n\n\n<p>Esta modalidad se regul\u00f3 por primera vez a trav\u00e9s del <a href=\"https:\/\/www.boe.es\/diario_boe\/txt.php?id=BOE-A-2013-2874\" target=\"_blank\" rel=\"noreferrer noopener\">Real Decreto-ley 5\/2013<\/a>, de 15 de Marzo, de medidas para favorecer la continuidad de la vida laboral de los trabajadores de mayor edad y promover el envejecimiento activo.<\/p>\n\n\n\n<p>Esta norma regula la posibilidad de que un aut\u00f3nomo, una vez cumplida la edad legal, pueda <strong>beneficiarse de hasta el 100% de su pensi\u00f3n<\/strong> -cumpliendo algunos requisitos- y seguir facturando con su negocio. <\/p>\n\n\n\n<p>A cambio, tendr\u00e1 que pagar una cuota de solidaridad mucho m\u00e1s baja que la del resto de aut\u00f3nomos, que en 2025 es de alrededor de un 11,8% de la base de cotizaci\u00f3n que le corresponda seg\u00fan sus ingreso reales.<\/p>\n\n\n\n<p>Por lo tanto, si un aut\u00f3nomo estuviera ingresando 3.000 euros al mes en 2025 y cumpliera este a\u00f1o 65 a\u00f1os, teniendo la cotizaci\u00f3n exigida, podr\u00eda pasar a cobrar tambi\u00e9n una pensi\u00f3n que se le sumar\u00eda a estos ingresos. Si estuviera cotizando por una base de unos 1.500 euros -que ser\u00eda la que le corresponder\u00eda este a\u00f1o por sus ingresos-, podr\u00eda llegar a cobrar un<strong> &#8216;extra&#8217; de 1.285 euros de pensi\u00f3n, por 14 pagas.<\/strong><\/p>\n\n\n\n<p>En cuanto a la cuota, al cotizar por esos 1.500 euros, tendr\u00eda que pagar unos 177 euros al mes de \u00absolidaridad\u00bb<\/p>\n\n\n\n<h2 class=\"wp-block-heading\" id=\"pension-jubilacion-activa\">\u00bfQu\u00e9 pensi\u00f3n cobran los aut\u00f3nomos en jubilaci\u00f3n activa?<\/h2>\n\n\n\n<p>La jubilaci\u00f3n activa permite a los aut\u00f3nomos seguir trabajando mientras est\u00e1n jubilados. En este caso, <strong>la pensi\u00f3n que cobrar\u00e1n <\/strong>a trav\u00e9s de esta modalidad depender\u00e1, por un lado, de <strong>si tienen o no trabajadores a su cargo.<\/strong><\/p>\n\n\n\n<p>Adem\u00e1s, el porcentaje de pensi\u00f3n que les corresponder\u00e1 a trav\u00e9s de la jubilaci\u00f3n activa <strong>tambi\u00e9n depender\u00e1 de si son aut\u00f3nomos persona f\u00edsica<\/strong> o si, por el contrario, <strong>son societarios<\/strong>, ya que estos \u00faltimos no pueden disfrutar de todas las ventajas de esta modalidad.<\/p>\n\n\n\n<h3 class=\"wp-block-heading\" id=\"autonomos-con-trabajadores\">Aut\u00f3nomos con trabajadores a su cargo<\/h3>\n\n\n\n<p>Una de las condiciones para que los aut\u00f3nomos cobren una<strong> pensi\u00f3n del 100%<\/strong> de su base reguladora mientras facturan con su negocio es <strong>tener trabajadores a su cargo. <\/strong><\/p>\n\n\n\n<p>De este modo, los aut\u00f3nomos que tengan, al menos, un trabajador contratado en su negocio podr\u00e1n <strong>beneficiarse por completo<\/strong> de la jubilaci\u00f3n activa y cobrar toda la base reguladora que les corresponda en su pensi\u00f3n.<\/p>\n\n\n\n<p>Si por ejemplo, al acceder a la jubilaci\u00f3n activa ten\u00edan una base reguladora de 1.500  euros, cobrar\u00edan una pensi\u00f3n mensual de 1.285 euros repartida en 14 pagas.<\/p>\n\n\n\n<h3 class=\"wp-block-heading\" id=\"autonomos-sin-trabajadores\">Aut\u00f3nomo sin trabajadores a su cargo<\/h3>\n\n\n\n<p>En el caso de que el aut\u00f3nomo <strong>no cumpla con el requisito <\/strong>de tener al menos un trabajador contratado en su negocio,<strong> no podr\u00e1 beneficiarse al completo de la jubilaci\u00f3n activa.<\/strong><\/p>\n\n\n\n<p>En este supuesto, el trabajador por cuenta propia podr\u00e1 facturar estando jubilado pero<strong> s\u00f3lo le corresponder\u00e1 un 50% <\/strong>de su base reguladora para la pensi\u00f3n mientras est\u00e9 en jubilaci\u00f3n activa.<\/p>\n\n\n\n<p>Por lo tanto este aut\u00f3nomo sin trabajadores, en caso de tener una base reguladora de 1.500 euros, cobrar\u00eda una pensi\u00f3n mensual de 642,5 euros repartida en 14 pagas.<\/p>\n\n\n\n<h3 class=\"wp-block-heading\" id=\"autonomos-societarios\">Aut\u00f3nomos societarios<\/h3>\n\n\n\n<p>Una tercera opci\u00f3n es que el aut\u00f3nomo que accede a la jubilaci\u00f3n activa no sea persona f\u00edsica sino que opere a trav\u00e9s de una sociedad mercantil, es decir, que <strong>sea societario. <\/strong><\/p>\n\n\n\n<p>En este caso, los tribunales han venido determinando en los \u00faltimos a\u00f1os que los aut\u00f3nomos societarios, tengan o no trabajadores a su cargo, <strong>no tienen derecho a cobrar el 100% <\/strong>de su base reguladora en jubilaci\u00f3n activa, ya que quien corre el riesgo al contratar a un empleado no son ellos sino la propia sociedad.<\/p>\n\n\n\n<p>Por lo tanto, los aut\u00f3nomos societarios en cualquier caso <strong>s\u00f3lo podr\u00e1n acceder a un 50%<\/strong> de su base reguladora en jubilaci\u00f3n activa. Si tuvieran una base de 1.500 euros, cobrar\u00edan una pensi\u00f3n mensual de 642,5 euros repartida en 14 pagas.<\/p>\n\n\n\n<h2 class=\"wp-block-heading\" id=\"compatibilizar-trabajo-pension\">Otras f\u00f3rmulas para compatibilizar trabajo y pensi\u00f3n<\/h2>\n\n\n\n<p>Si bien la jubilaci\u00f3n activa permite a los aut\u00f3nomos compatibilizar negocio y pensi\u00f3n, la Seguridad Social ofrece <strong>otras modalidades<\/strong> que permiten <strong>compaginar un trabajo como asalariado a tiempo parcial con la jubilaci\u00f3n<\/strong>.<\/p>\n\n\n\n<p>Por un lado, para los <strong>trabajadores que ya son asalariados<\/strong> y est\u00e1n en una empresa a tiempo completo existe la posibilidad de acceder a la <a href=\"https:\/\/getquipu.com\/blog\/jubilacion-parcial-de-autonomos\/\">jubilaci\u00f3n parcial<\/a>, una modalidad que permite adelantar el cobro de una parte de la pensi\u00f3n a cambio de pasar a una jornada a tiempo parcial. <\/p>\n\n\n\n<p>Este tipo de jubilaci\u00f3n est\u00e1 s\u00f3lo disponible para asalariados, por lo que el aut\u00f3nomo que quisiera acceder tendr\u00eda que dejar su negocio y firmar un contrato con una empresa.<\/p>\n\n\n\n<p>Por otro lado, para las<strong> personas que ya est\u00e1n jubiladas<\/strong> existe la<a href=\"https:\/\/getquipu.com\/blog\/jubilacion-flexible-de-los-autonomos\/\"> jubilaci\u00f3n flexible<\/a>, una modalidad que permite a los jubilados reincorporarse al mercado laboral a trav\u00e9s de un contrato a tiempo parcial, a cambio de renunciar a una parte de su pensi\u00f3n. <\/p>\n\n\n\n<p>Esta modalidad tambi\u00e9n est\u00e1 destinada s\u00f3lo para asalariados, por los que los jubilados, aunque hayan sido aut\u00f3nomos antes, tendr\u00edan que pasar a trabajar por cuenta ajena con una empresa.<\/p>\n\n\n\n<h2 class=\"wp-block-heading\" id=\"novedades-jubilacion-activa\">Posibles novedades para los aut\u00f3nomos en jubilaci\u00f3n activa<\/h2>\n\n\n\n<p>A finales de julio de 2024, la patronal de empresarios CEOE alcanz\u00f3 un&nbsp;<strong>acuerdo con la Seguridad Social y los sindicatos&nbsp;<\/strong>para una reforma de las pensiones que mejorar\u00e1 las condiciones de jubilaci\u00f3n de los aut\u00f3nomos.<\/p>\n\n\n\n<p>Dentro de este acuerdo, que se espera que se apruebe y desarrolle por ley este a\u00f1o, se incluyen varias novedades que cambiar\u00e1n tanto las&nbsp;<strong>condiciones de acceso<\/strong>&nbsp;como las<strong>&nbsp;cuant\u00edas de la jubilaci\u00f3n activa.<\/strong><\/p>\n\n\n\n<p>A expensas de la aprobaci\u00f3n de la ley, las novedades que se esperan son:<\/p>\n\n\n\n<ul class=\"wp-block-list\">\n<li><strong>S\u00f3lo se exigir\u00e1n 15 a\u00f1os de cotizaci\u00f3n para la jubilaci\u00f3n activa.<\/strong><\/li>\n<\/ul>\n\n\n\n<p>Al parecer una de las medidas del acuerdo es que&nbsp;<strong>ya&nbsp;no ser\u00e1 necesaria la carrera completa de cotizaci\u00f3n y alcanzar el 100% de la base reguladora para acceder a esta modalidad&nbsp;<\/strong>y poder compatibilizar pensi\u00f3n e ingresos del negocio.<\/p>\n\n\n\n<p>Hasta hace poco era requisito tener, al menos, 36 a\u00f1os y medio cotizados y haber cumplido la edad legal para poder beneficiarse de esta modalidad. Ahora podr\u00eda&nbsp;<strong>bastar con haber cumplido la edad legal y&nbsp;<a href=\"https:\/\/getquipu.com\/blog\/jubilacion-autonomos-15-anos-cotizados\/\">tener 15 a\u00f1os cotizados<\/a><\/strong>, que es lo m\u00ednimo para poder cobrar una pensi\u00f3n contributiva.<\/p>\n\n\n\n<ul class=\"wp-block-list\">\n<li><strong>Cambios en las cuant\u00edas de la jubilaci\u00f3n activa<\/strong><\/li>\n<\/ul>\n\n\n\n<p>El acuerdo tambi\u00e9n&nbsp;<strong>modifica las cuant\u00edas a cobrar&nbsp;<\/strong>en jubilaci\u00f3n activa. Hasta ahora s\u00f3lo los aut\u00f3nomos persona f\u00edsica con empleados pod\u00edan cobrar un 100% y el resto cobraban un 50% de su pensi\u00f3n.<\/p>\n\n\n\n<p>Con el nuevo acuerdo,&nbsp;<strong>las cuant\u00edas depender\u00e1n de los a\u00f1os que lleve el aut\u00f3nomo en jubilaci\u00f3n activa<\/strong>, sin importar los dem\u00e1s factores<\/p>\n\n\n\n<ul class=\"wp-block-list\">\n<li>1 a\u00f1o de demora: 45% de pensi\u00f3n.<\/li>\n\n\n\n<li>2 a\u00f1os de demora:&nbsp;55%<\/li>\n\n\n\n<li>3 a\u00f1os de demora: 65%<\/li>\n\n\n\n<li>4 a\u00f1os de demora:&nbsp;80%<\/li>\n\n\n\n<li>5 a\u00f1os de demora: 100%<\/li>\n\n\n\n<li><strong>Los aut\u00f3nomos societarios podr\u00edan acceder al 100% de su pensi\u00f3n<\/strong><\/li>\n<\/ul>\n\n\n\n<p>Por otro lado, se valora incluir en la norma que los aut\u00f3nomos societarios puedan acceder al 100%, cosa que hasta ahora no es posible. Es probable que&nbsp;<strong>se eliminen las trabas de acceso a la jubilaci\u00f3n activa para aut\u00f3nomos societarios,&nbsp;<\/strong>y por primera vez podr\u00edan percibir toda su pensi\u00f3n.<\/p>\n\n\n\n<ul class=\"wp-block-list\">\n<li><strong>Compatibilidad entre jubilaci\u00f3n demorada y activa<\/strong><\/li>\n<\/ul>\n\n\n\n<p>Hasta ahora la&nbsp;<a href=\"https:\/\/getquipu.com\/blog\/jubilacion-demorada-de-los-autonomos\/\">jubilaci\u00f3n demorada<\/a>&nbsp;y la activa son incompatibles. Es decir, el aut\u00f3nomo tiene que elegir entre los incentivos por retrasar su jubilaci\u00f3n y el cobro de la pensi\u00f3n mientras trabaja.<\/p>\n\n\n\n<p>Una de las grandes medidas ser\u00eda la posibilidad de&nbsp;que los aut\u00f3nomos puedan subir su pensi\u00f3n con estos incentivos y tambi\u00e9n&nbsp;<strong>compatibilizarla con los ingresos de su negocio.<\/strong><\/p>\n\n\n\n<h2 class=\"wp-block-heading\" id=\"solicitar-compatibilidad-pension\">\u00bfC\u00f3mo solicitar la compatibilidad entre negocio y pensi\u00f3n?<\/h2>\n\n\n\n<p>Para solicitar la jubilaci\u00f3n activa como trabajador aut\u00f3nomo, lo primero que hay que hacer es comprobar que se&nbsp;<strong>cumplen los requisitos establecidos<\/strong>&nbsp;y descritos l\u00edneas arriba. Adem\u00e1s, habr\u00e1 que estar al corriente de pago de las cuotas de la Seguridad Social.<\/p>\n\n\n\n<p>Una vez que el aut\u00f3nomo tenga claro que cumple con los requisitos y conozca el importe de su pensi\u00f3n, hay que rellenar el siguiente<a href=\"https:\/\/www.seg-social.es\/wps\/wcm\/connect\/wss\/8d957fbe-7f5d-41fd-9d71-8405e7dbc492\/6-067_Castellano_13.pdf?MOD=AJPERES\" target=\"_blank\" rel=\"noreferrer noopener\"> formulario<\/a> de inicio de actividad laboral simult\u00e1nea a la pensi\u00f3n. Este documento es el mismo que para pedir la jubilaci\u00f3n flexible. Es necesario completar la identificaci\u00f3n del pensionista y seleccionar la casilla \u00abJubilaci\u00f3n Activa\u00bb. (en la web o app)<\/p>\n\n\n\n<p>En la solicitud, habr\u00e1 que incluir el n\u00famero de afiliaci\u00f3n a la Seguridad Social, los datos personales y la informaci\u00f3n necesaria para calcular la pensi\u00f3n. Una vez presentada la solicitud, la Seguridad Social estudiar\u00e1 el caso y determinar\u00e1 si se cumplen los requisitos para acceder a la jubilaci\u00f3n activa. <\/p>\n\n\n\n<p>Si todo est\u00e1 en orden, el aut\u00f3nomo recibir\u00e1 una resoluci\u00f3n con la cuant\u00eda de la pensi\u00f3n y la fecha en que comenzar\u00e1 a ser efectiva.<\/p>\n","protected":false},"excerpt":{"rendered":"<p>Muchos trabajadores independientes prefieren no abandonar del todo su carrera profesional cuando les llega el momento de jubilarse. Para ello existen alternativas que los aut\u00f3nomos deben tener en cuenta si desean continuar trabajando. <\/p>\n","protected":false},"author":3,"featured_media":16985,"comment_status":"closed","ping_status":"open","sticky":false,"template":"","format":"standard","meta":{"footnotes":""},"categories":[7],"tags":[],"class_list":["post-16603","post","type-post","status-publish","format-standard","has-post-thumbnail","hentry","category-autonomos","generate-columns","tablet-grid-50","mobile-grid-100","grid-parent","grid-50","resize-featured-image"],"yoast_head":"<!-- This site is optimized with the Yoast SEO plugin v23.9 - https:\/\/yoast.com\/wordpress\/plugins\/seo\/ -->\n<title>\u00bfC\u00f3mo jubilarse y seguir facturando c\u00f3mo aut\u00f3nomo en 2025?<\/title>\n<meta name=\"description\" content=\"\u00bfNo sabes si es posible ser aut\u00f3nomo estando jubilado? Te contamos todo lo que tienes que saber sobre ello. \u00a1Entra y desc\u00fabrelo!\" \/>\n<meta name=\"robots\" content=\"index, follow, max-snippet:-1, max-image-preview:large, max-video-preview:-1\" \/>\n<link rel=\"canonical\" href=\"https:\/\/getquipu.com\/blog\/como-jubilarse-y-facturar-como-autonomo\/\" \/>\n<meta property=\"og:locale\" content=\"es_ES\" \/>\n<meta property=\"og:type\" content=\"article\" \/>\n<meta property=\"og:title\" content=\"\u00bfC\u00f3mo jubilarse y seguir facturando c\u00f3mo aut\u00f3nomo en 2025?\" \/>\n<meta property=\"og:description\" content=\"\u00bfNo sabes si es posible ser aut\u00f3nomo estando jubilado? Te contamos todo lo que tienes que saber sobre ello. \u00a1Entra y desc\u00fabrelo!\" \/>\n<meta property=\"og:url\" content=\"https:\/\/getquipu.com\/blog\/como-jubilarse-y-facturar-como-autonomo\/\" \/>\n<meta property=\"og:site_name\" content=\"Aut\u00f3nomos, empresas y asesor\u00edas\" \/>\n<meta property=\"article:published_time\" content=\"2021-04-15T10:33:22+00:00\" \/>\n<meta property=\"article:modified_time\" content=\"2024-12-18T18:16:17+00:00\" \/>\n<meta property=\"og:image\" content=\"https:\/\/getquipu.com\/wp-content\/uploads\/2021\/04\/15181800\/facturar-como-jubilado.png\" \/>\n\t<meta property=\"og:image:width\" content=\"768\" \/>\n\t<meta property=\"og:image:height\" content=\"295\" \/>\n\t<meta property=\"og:image:type\" content=\"image\/png\" \/>\n<meta name=\"author\" content=\"Roger Doba\u00f1o - CEO Quipu\" \/>\n<meta name=\"twitter:card\" content=\"summary_large_image\" \/>\n<meta name=\"twitter:creator\" content=\"@rogerdobano\" \/>\n<meta name=\"twitter:label1\" content=\"Escrito por\" \/>\n\t<meta name=\"twitter:data1\" content=\"Roger Doba\u00f1o - CEO Quipu\" \/>\n\t<meta name=\"twitter:label2\" content=\"Tiempo de lectura\" \/>\n\t<meta name=\"twitter:data2\" content=\"9 minutos\" \/>\n<script type=\"application\/ld+json\" class=\"yoast-schema-graph\">{\"@context\":\"https:\/\/schema.org\",\"@graph\":[{\"@type\":\"Article\",\"@id\":\"https:\/\/getquipu.com\/blog\/como-jubilarse-y-facturar-como-autonomo\/#article\",\"isPartOf\":{\"@id\":\"https:\/\/getquipu.com\/blog\/como-jubilarse-y-facturar-como-autonomo\/\"},\"author\":{\"name\":\"Roger Doba\u00f1o - CEO Quipu\",\"@id\":\"https:\/\/getquipu.com\/blog\/#\/schema\/person\/373ccc5d513d88aea29fc8135422fa2e\"},\"headline\":\"\u00bfC\u00f3mo jubilarse y seguir facturando como aut\u00f3nomo en 2025?\",\"datePublished\":\"2021-04-15T10:33:22+00:00\",\"dateModified\":\"2024-12-18T18:16:17+00:00\",\"mainEntityOfPage\":{\"@id\":\"https:\/\/getquipu.com\/blog\/como-jubilarse-y-facturar-como-autonomo\/\"},\"wordCount\":2143,\"publisher\":{\"@id\":\"https:\/\/getquipu.com\/blog\/#organization\"},\"image\":{\"@id\":\"https:\/\/getquipu.com\/blog\/como-jubilarse-y-facturar-como-autonomo\/#primaryimage\"},\"thumbnailUrl\":\"https:\/\/getquipu.com\/wp-content\/uploads\/2021\/04\/15181800\/facturar-como-jubilado.png\",\"articleSection\":[\"Aut\u00f3nomos\"],\"inLanguage\":\"es\"},{\"@type\":\"WebPage\",\"@id\":\"https:\/\/getquipu.com\/blog\/como-jubilarse-y-facturar-como-autonomo\/\",\"url\":\"https:\/\/getquipu.com\/blog\/como-jubilarse-y-facturar-como-autonomo\/\",\"name\":\"\u00bfC\u00f3mo jubilarse y seguir facturando c\u00f3mo aut\u00f3nomo en 2025?\",\"isPartOf\":{\"@id\":\"https:\/\/getquipu.com\/blog\/#website\"},\"primaryImageOfPage\":{\"@id\":\"https:\/\/getquipu.com\/blog\/como-jubilarse-y-facturar-como-autonomo\/#primaryimage\"},\"image\":{\"@id\":\"https:\/\/getquipu.com\/blog\/como-jubilarse-y-facturar-como-autonomo\/#primaryimage\"},\"thumbnailUrl\":\"https:\/\/getquipu.com\/wp-content\/uploads\/2021\/04\/15181800\/facturar-como-jubilado.png\",\"datePublished\":\"2021-04-15T10:33:22+00:00\",\"dateModified\":\"2024-12-18T18:16:17+00:00\",\"description\":\"\u00bfNo sabes si es posible ser aut\u00f3nomo estando jubilado? Te contamos todo lo que tienes que saber sobre ello. \u00a1Entra y desc\u00fabrelo!\",\"breadcrumb\":{\"@id\":\"https:\/\/getquipu.com\/blog\/como-jubilarse-y-facturar-como-autonomo\/#breadcrumb\"},\"inLanguage\":\"es\",\"potentialAction\":[{\"@type\":\"ReadAction\",\"target\":[\"https:\/\/getquipu.com\/blog\/como-jubilarse-y-facturar-como-autonomo\/\"]}]},{\"@type\":\"ImageObject\",\"inLanguage\":\"es\",\"@id\":\"https:\/\/getquipu.com\/blog\/como-jubilarse-y-facturar-como-autonomo\/#primaryimage\",\"url\":\"https:\/\/getquipu.com\/wp-content\/uploads\/2021\/04\/15181800\/facturar-como-jubilado.png\",\"contentUrl\":\"https:\/\/getquipu.com\/wp-content\/uploads\/2021\/04\/15181800\/facturar-como-jubilado.png\",\"width\":768,\"height\":295,\"caption\":\"como facturar siendo jubilado\"},{\"@type\":\"BreadcrumbList\",\"@id\":\"https:\/\/getquipu.com\/blog\/como-jubilarse-y-facturar-como-autonomo\/#breadcrumb\",\"itemListElement\":[{\"@type\":\"ListItem\",\"position\":1,\"name\":\"Blog\",\"item\":\"https:\/\/getquipu.com\/blog\/\"},{\"@type\":\"ListItem\",\"position\":2,\"name\":\"Aut\u00f3nomos\",\"item\":\"https:\/\/getquipu.com\/blog\/category\/autonomos\/\"},{\"@type\":\"ListItem\",\"position\":3,\"name\":\"\u00bfC\u00f3mo jubilarse y seguir facturando como aut\u00f3nomo en 2025?\"}]},{\"@type\":\"WebSite\",\"@id\":\"https:\/\/getquipu.com\/blog\/#website\",\"url\":\"https:\/\/getquipu.com\/blog\/\",\"name\":\"Aut\u00f3nomos, empresas y asesor\u00edas\",\"description\":\"Informaci\u00f3n \u00fatil sobre fiscalidad y eficiencia administrativa en negocios como el tuyo.\",\"publisher\":{\"@id\":\"https:\/\/getquipu.com\/blog\/#organization\"},\"potentialAction\":[{\"@type\":\"SearchAction\",\"target\":{\"@type\":\"EntryPoint\",\"urlTemplate\":\"https:\/\/getquipu.com\/blog\/?s={search_term_string}\"},\"query-input\":{\"@type\":\"PropertyValueSpecification\",\"valueRequired\":true,\"valueName\":\"search_term_string\"}}],\"inLanguage\":\"es\"},{\"@type\":\"Organization\",\"@id\":\"https:\/\/getquipu.com\/blog\/#organization\",\"name\":\"Quipu\",\"url\":\"https:\/\/getquipu.com\/blog\/\",\"logo\":{\"@type\":\"ImageObject\",\"inLanguage\":\"es\",\"@id\":\"https:\/\/getquipu.com\/blog\/#\/schema\/logo\/image\/\",\"url\":\"https:\/\/getquipu.com\/wp-content\/uploads\/2022\/06\/20105810\/logo-quipu.png\",\"contentUrl\":\"https:\/\/getquipu.com\/wp-content\/uploads\/2022\/06\/20105810\/logo-quipu.png\",\"width\":399,\"height\":399,\"caption\":\"Quipu\"},\"image\":{\"@id\":\"https:\/\/getquipu.com\/blog\/#\/schema\/logo\/image\/\"}},{\"@type\":\"Person\",\"@id\":\"https:\/\/getquipu.com\/blog\/#\/schema\/person\/373ccc5d513d88aea29fc8135422fa2e\",\"name\":\"Roger Doba\u00f1o - CEO Quipu\",\"image\":{\"@type\":\"ImageObject\",\"inLanguage\":\"es\",\"@id\":\"https:\/\/getquipu.com\/blog\/#\/schema\/person\/image\/\",\"url\":\"https:\/\/secure.gravatar.com\/avatar\/34af94bfd8e5677657b0a2d961dc4974?s=96&d=mm&r=g\",\"contentUrl\":\"https:\/\/secure.gravatar.com\/avatar\/34af94bfd8e5677657b0a2d961dc4974?s=96&d=mm&r=g\",\"caption\":\"Roger Doba\u00f1o - CEO Quipu\"},\"description\":\"Roger es CEO y Fundador de Quipu, un software en la nube que lleva +10 a\u00f1os ayudando a aut\u00f3nomos, pymes y asesor\u00edas a digitalizar su operativa precontable. A ra\u00edz de una mala experiencia como aut\u00f3nomo, Roger se propuso crear un programa que acompa\u00f1ara a los empresarios a lidiar con la administraci\u00f3n.\",\"sameAs\":[\"https:\/\/getquipu.com\",\"https:\/\/www.linkedin.com\/in\/rogerdobano\/\",\"https:\/\/x.com\/@rogerdobano\"],\"url\":\"https:\/\/getquipu.com\/blog\/author\/roger\/\"}]}<\/script>\n<!-- \/ Yoast SEO plugin. -->","yoast_head_json":{"title":"\u00bfC\u00f3mo jubilarse y seguir facturando c\u00f3mo aut\u00f3nomo en 2025?","description":"\u00bfNo sabes si es posible ser aut\u00f3nomo estando jubilado? Te contamos todo lo que tienes que saber sobre ello. \u00a1Entra y desc\u00fabrelo!","robots":{"index":"index","follow":"follow","max-snippet":"max-snippet:-1","max-image-preview":"max-image-preview:large","max-video-preview":"max-video-preview:-1"},"canonical":"https:\/\/getquipu.com\/blog\/como-jubilarse-y-facturar-como-autonomo\/","og_locale":"es_ES","og_type":"article","og_title":"\u00bfC\u00f3mo jubilarse y seguir facturando c\u00f3mo aut\u00f3nomo en 2025?","og_description":"\u00bfNo sabes si es posible ser aut\u00f3nomo estando jubilado? Te contamos todo lo que tienes que saber sobre ello. \u00a1Entra y desc\u00fabrelo!","og_url":"https:\/\/getquipu.com\/blog\/como-jubilarse-y-facturar-como-autonomo\/","og_site_name":"Aut\u00f3nomos, empresas y asesor\u00edas","article_published_time":"2021-04-15T10:33:22+00:00","article_modified_time":"2024-12-18T18:16:17+00:00","og_image":[{"width":768,"height":295,"url":"https:\/\/getquipu.com\/wp-content\/uploads\/2021\/04\/15181800\/facturar-como-jubilado.png","type":"image\/png"}],"author":"Roger Doba\u00f1o - CEO Quipu","twitter_card":"summary_large_image","twitter_creator":"@rogerdobano","twitter_misc":{"Escrito por":"Roger Doba\u00f1o - CEO Quipu","Tiempo de lectura":"9 minutos"},"schema":{"@context":"https:\/\/schema.org","@graph":[{"@type":"Article","@id":"https:\/\/getquipu.com\/blog\/como-jubilarse-y-facturar-como-autonomo\/#article","isPartOf":{"@id":"https:\/\/getquipu.com\/blog\/como-jubilarse-y-facturar-como-autonomo\/"},"author":{"name":"Roger Doba\u00f1o - CEO Quipu","@id":"https:\/\/getquipu.com\/blog\/#\/schema\/person\/373ccc5d513d88aea29fc8135422fa2e"},"headline":"\u00bfC\u00f3mo jubilarse y seguir facturando como aut\u00f3nomo en 2025?","datePublished":"2021-04-15T10:33:22+00:00","dateModified":"2024-12-18T18:16:17+00:00","mainEntityOfPage":{"@id":"https:\/\/getquipu.com\/blog\/como-jubilarse-y-facturar-como-autonomo\/"},"wordCount":2143,"publisher":{"@id":"https:\/\/getquipu.com\/blog\/#organization"},"image":{"@id":"https:\/\/getquipu.com\/blog\/como-jubilarse-y-facturar-como-autonomo\/#primaryimage"},"thumbnailUrl":"https:\/\/getquipu.com\/wp-content\/uploads\/2021\/04\/15181800\/facturar-como-jubilado.png","articleSection":["Aut\u00f3nomos"],"inLanguage":"es"},{"@type":"WebPage","@id":"https:\/\/getquipu.com\/blog\/como-jubilarse-y-facturar-como-autonomo\/","url":"https:\/\/getquipu.com\/blog\/como-jubilarse-y-facturar-como-autonomo\/","name":"\u00bfC\u00f3mo jubilarse y seguir facturando c\u00f3mo aut\u00f3nomo en 2025?","isPartOf":{"@id":"https:\/\/getquipu.com\/blog\/#website"},"primaryImageOfPage":{"@id":"https:\/\/getquipu.com\/blog\/como-jubilarse-y-facturar-como-autonomo\/#primaryimage"},"image":{"@id":"https:\/\/getquipu.com\/blog\/como-jubilarse-y-facturar-como-autonomo\/#primaryimage"},"thumbnailUrl":"https:\/\/getquipu.com\/wp-content\/uploads\/2021\/04\/15181800\/facturar-como-jubilado.png","datePublished":"2021-04-15T10:33:22+00:00","dateModified":"2024-12-18T18:16:17+00:00","description":"\u00bfNo sabes si es posible ser aut\u00f3nomo estando jubilado? Te contamos todo lo que tienes que saber sobre ello. \u00a1Entra y desc\u00fabrelo!","breadcrumb":{"@id":"https:\/\/getquipu.com\/blog\/como-jubilarse-y-facturar-como-autonomo\/#breadcrumb"},"inLanguage":"es","potentialAction":[{"@type":"ReadAction","target":["https:\/\/getquipu.com\/blog\/como-jubilarse-y-facturar-como-autonomo\/"]}]},{"@type":"ImageObject","inLanguage":"es","@id":"https:\/\/getquipu.com\/blog\/como-jubilarse-y-facturar-como-autonomo\/#primaryimage","url":"https:\/\/getquipu.com\/wp-content\/uploads\/2021\/04\/15181800\/facturar-como-jubilado.png","contentUrl":"https:\/\/getquipu.com\/wp-content\/uploads\/2021\/04\/15181800\/facturar-como-jubilado.png","width":768,"height":295,"caption":"como facturar siendo jubilado"},{"@type":"BreadcrumbList","@id":"https:\/\/getquipu.com\/blog\/como-jubilarse-y-facturar-como-autonomo\/#breadcrumb","itemListElement":[{"@type":"ListItem","position":1,"name":"Blog","item":"https:\/\/getquipu.com\/blog\/"},{"@type":"ListItem","position":2,"name":"Aut\u00f3nomos","item":"https:\/\/getquipu.com\/blog\/category\/autonomos\/"},{"@type":"ListItem","position":3,"name":"\u00bfC\u00f3mo jubilarse y seguir facturando como aut\u00f3nomo en 2025?"}]},{"@type":"WebSite","@id":"https:\/\/getquipu.com\/blog\/#website","url":"https:\/\/getquipu.com\/blog\/","name":"Aut\u00f3nomos, empresas y asesor\u00edas","description":"Informaci\u00f3n \u00fatil sobre fiscalidad y eficiencia administrativa en negocios como el tuyo.","publisher":{"@id":"https:\/\/getquipu.com\/blog\/#organization"},"potentialAction":[{"@type":"SearchAction","target":{"@type":"EntryPoint","urlTemplate":"https:\/\/getquipu.com\/blog\/?s={search_term_string}"},"query-input":{"@type":"PropertyValueSpecification","valueRequired":true,"valueName":"search_term_string"}}],"inLanguage":"es"},{"@type":"Organization","@id":"https:\/\/getquipu.com\/blog\/#organization","name":"Quipu","url":"https:\/\/getquipu.com\/blog\/","logo":{"@type":"ImageObject","inLanguage":"es","@id":"https:\/\/getquipu.com\/blog\/#\/schema\/logo\/image\/","url":"https:\/\/getquipu.com\/wp-content\/uploads\/2022\/06\/20105810\/logo-quipu.png","contentUrl":"https:\/\/getquipu.com\/wp-content\/uploads\/2022\/06\/20105810\/logo-quipu.png","width":399,"height":399,"caption":"Quipu"},"image":{"@id":"https:\/\/getquipu.com\/blog\/#\/schema\/logo\/image\/"}},{"@type":"Person","@id":"https:\/\/getquipu.com\/blog\/#\/schema\/person\/373ccc5d513d88aea29fc8135422fa2e","name":"Roger Doba\u00f1o - CEO Quipu","image":{"@type":"ImageObject","inLanguage":"es","@id":"https:\/\/getquipu.com\/blog\/#\/schema\/person\/image\/","url":"https:\/\/secure.gravatar.com\/avatar\/34af94bfd8e5677657b0a2d961dc4974?s=96&d=mm&r=g","contentUrl":"https:\/\/secure.gravatar.com\/avatar\/34af94bfd8e5677657b0a2d961dc4974?s=96&d=mm&r=g","caption":"Roger Doba\u00f1o - CEO Quipu"},"description":"Roger es CEO y Fundador de Quipu, un software en la nube que lleva +10 a\u00f1os ayudando a aut\u00f3nomos, pymes y asesor\u00edas a digitalizar su operativa precontable. A ra\u00edz de una mala experiencia como aut\u00f3nomo, Roger se propuso crear un programa que acompa\u00f1ara a los empresarios a lidiar con la administraci\u00f3n.","sameAs":["https:\/\/getquipu.com","https:\/\/www.linkedin.com\/in\/rogerdobano\/","https:\/\/x.com\/@rogerdobano"],"url":"https:\/\/getquipu.com\/blog\/author\/roger\/"}]}},"_links":{"self":[{"href":"https:\/\/getquipu.com\/blog\/wp-json\/wp\/v2\/posts\/16603","targetHints":{"allow":["GET"]}}],"collection":[{"href":"https:\/\/getquipu.com\/blog\/wp-json\/wp\/v2\/posts"}],"about":[{"href":"https:\/\/getquipu.com\/blog\/wp-json\/wp\/v2\/types\/post"}],"author":[{"embeddable":true,"href":"https:\/\/getquipu.com\/blog\/wp-json\/wp\/v2\/users\/3"}],"replies":[{"embeddable":true,"href":"https:\/\/getquipu.com\/blog\/wp-json\/wp\/v2\/comments?post=16603"}],"version-history":[{"count":33,"href":"https:\/\/getquipu.com\/blog\/wp-json\/wp\/v2\/posts\/16603\/revisions"}],"predecessor-version":[{"id":50685,"href":"https:\/\/getquipu.com\/blog\/wp-json\/wp\/v2\/posts\/16603\/revisions\/50685"}],"wp:featuredmedia":[{"embeddable":true,"href":"https:\/\/getquipu.com\/blog\/wp-json\/wp\/v2\/media\/16985"}],"wp:attachment":[{"href":"https:\/\/getquipu.com\/blog\/wp-json\/wp\/v2\/media?parent=16603"}],"wp:term":[{"taxonomy":"category","embeddable":true,"href":"https:\/\/getquipu.com\/blog\/wp-json\/wp\/v2\/categories?post=16603"},{"taxonomy":"post_tag","embeddable":true,"href":"https:\/\/getquipu.com\/blog\/wp-json\/wp\/v2\/tags?post=16603"}],"curies":[{"name":"wp","href":"https:\/\/api.w.org\/{rel}","templated":true}]}}